{"id":309836,"date":"2023-07-29T00:00:50","date_gmt":"2023-07-29T03:00:50","guid":{"rendered":"https:\/\/www.notibras.com\/site\/?p=309836"},"modified":"2023-07-29T08:25:07","modified_gmt":"2023-07-29T11:25:07","slug":"arruda-perde-direitos-politicos-e-15-mi-da-sua-conta","status":"publish","type":"post","link":"https:\/\/www.notibras.com\/site\/arruda-perde-direitos-politicos-e-15-mi-da-sua-conta\/","title":{"rendered":"Arruda perde direitos pol\u00edticos e 1,5 mi da sua conta"},"content":{"rendered":"<p>O Tribunal de Justi\u00e7a do Distrito Federal condenou o ex-governador Jos\u00e9 Roberto Arruda e outros quatro r\u00e9us em um processo judicial relacionado \u00e0 chamada Opera\u00e7\u00e3o Caixa de Pandora, deflagrada pela Pol\u00edcia Federal (PF) em novembro de 2009.<\/p>\n<p>Chefe do Poder Executivo distrital na \u00e9poca em que a PF investigava a suposta distribui\u00e7\u00e3o de recursos ilegais \u00e0 base aliada do governo distrital, Arruda foi condenado \u00e0 suspens\u00e3o de seus direitos p\u00fablicos por 12 anos e ainda ter\u00e1 que pagar, sozinho, uma multa de R$ 1,5 milh\u00e3o.<\/p>\n<p>Al\u00e9m das puni\u00e7\u00f5es individuais, o juiz titular da 2\u00aa Vara da Fazenda P\u00fablica, Daniel Eduardo Branco Carnacchioni, condenou Arruda a pagar, junto com os outros quatro r\u00e9us, uma segunda multa de R$ 1,5 milh\u00e3o, a t\u00edtulo de repara\u00e7\u00e3o dos danos aos cofres p\u00fablicos. Este valor, contudo, ainda dever\u00e1 ser corrigido pela infla\u00e7\u00e3o, mais juros de 1% ao m\u00eas.<\/p>\n<p>Arruda ainda pode recorrer da decis\u00e3o judicial. Desta forma, pela lei, a suspens\u00e3o de seus direitos pol\u00edticos s\u00f3 passar\u00e1 a vigorar ap\u00f3s a senten\u00e7a condenat\u00f3ria definitiva, ou seja, ap\u00f3s a defesa do ex-governador esgotar todos os recursos legais. Se, ao fim, a senten\u00e7a do juiz Carnacchioni for mantida, Arruda tamb\u00e9m ser\u00e1 proibido de contratar com o Poder P\u00fablico, bem como de receber incentivos fiscais ou credit\u00edcios, por dez anos.<\/p>\n<p>Arruda governou o Distrito Federal entre janeiro de 2007 e mar\u00e7o de 2010, quando teve o mandado cassado. Um m\u00eas antes, ele j\u00e1 tinha sido preso preventivamente, tornando-se o primeiro governador do Brasil a ser encarcerado ainda durante o mandato. O ex-governador s\u00f3 deixou a pris\u00e3o em abril de 2010.<\/p>\n<p>Os outros r\u00e9us condenados na mesma a\u00e7\u00e3o, a pedido do Minist\u00e9rio P\u00fablico do Distrito Federal e Territ\u00f3rios (MPDFT), s\u00e3o Jos\u00e9 Geraldo Maciel, Durval Barbosa Rodrigues, Adailton Barreto Rodrigues e Alexandre Tavares de Assis.<\/p>\n<p>Maciel foi chefe da Casa Civil da gest\u00e3o de Arruda (2007-2010). No per\u00edodo, Barbosa comandava a secretaria distrital de Rela\u00e7\u00f5es Institucionais, e Barreto era subsecret\u00e1rio de Educa\u00e7\u00e3o B\u00e1sica. J\u00e1 Tavares era s\u00f3cio propriet\u00e1rio da Info Educacional, contratada pela Secretaria de Educa\u00e7\u00e3o para fornecer a escolas p\u00fablicas de ensino fundamental do Distrito Federal uma \u201cplataforma digital\u201d que, segundo a empresa, \u201cestimularia a aprendizagem colaborativa em ambiente digital\u201d.<\/p>\n<p>Em sua decis\u00e3o, Carnacchioni cita a manifesta\u00e7\u00e3o inicial do Minist\u00e9rio P\u00fablico, para explicar parte das acusa\u00e7\u00f5es. \u201cAs provas produzidas durante a instru\u00e7\u00e3o processual evidenciam que Alexandre Tavares e a Info Educacional concorreram diretamente e se beneficiaram do ato de improbidade praticado pelos demais r\u00e9us, agentes p\u00fablicos.\u201d<\/p>\n<p>Em nota, o escrit\u00f3rio Catta Preta Advogados Associados, que representa Arruda e Jos\u00e9 Geraldo Maciel, informa que recebeu a senten\u00e7a judicial \u201ccom irresigna\u00e7\u00e3o e descontentamento\u201d. \u201cO \u00fanico elemento de prova utilizado para a condena\u00e7\u00e3o ostenta nulidade insuper\u00e1vel decorrente da quebra de cadeia de cust\u00f3dia pela Pol\u00edcia a permitir a sua demonstrada manipula\u00e7\u00e3o\u201d, sustenta a defesa, afirmando que elementos usados para condenar os cinco r\u00e9us n\u00e3o poderiam ter sido utilizados por ainda n\u00e3o terem sido validados.<\/p>\n<p>\u201cAluda-se tamb\u00e9m que o caso concreto cuidava de contrata\u00e7\u00e3o realizada por meio de licita\u00e7\u00e3o e sujeita a todos os regulares controles administrativos\u201d, acrescentou o escrit\u00f3rio, justificando a contrata\u00e7\u00e3o da Info Educacional para fornecer o j\u00e1 citado produto pedag\u00f3gico.<\/p>\n<p>A reportagem ainda n\u00e3o conseguiu contato com os advogados de Durval Barbosa Rodrigues, Adailton Barreto Rodrigues e Alexandre Tavares de Assis.<\/p>\n","protected":false},"excerpt":{"rendered":"<p>O Tribunal de Justi\u00e7a do Distrito Federal condenou o ex-governador Jos\u00e9 Roberto Arruda e outros quatro r\u00e9us em um processo judicial relacionado \u00e0 chamada Opera\u00e7\u00e3o Caixa de Pandora, deflagrada pela Pol\u00edcia Federal (PF) em novembro de 2009. Chefe do Poder Executivo distrital na \u00e9poca em que a PF investigava a suposta distribui\u00e7\u00e3o de recursos ilegais [&hellip;]<\/p>\n","protected":false},"author":2,"featured_media":309837,"comment_status":"closed","ping_status":"closed","sticky":false,"template":"","format":"standard","meta":{"_acf_changed":false,"footnotes":""},"categories":[161],"tags":[95],"class_list":["post-309836","post","type-post","status-publish","format-standard","has-post-thumbnail","hentry","category-quadradinho-em-foco","tag-capa"],"acf":[],"yoast_head":"<!-- This site is optimized with the Yoast SEO plugin v27.2 - https:\/\/yoast.com\/product\/yoast-seo-wordpress\/ -->\n<title>Arruda perde direitos pol\u00edticos e 1,5 mi da sua conta - Notibras<\/title>\n<meta name=\"robots\" content=\"index, follow, max-snippet:-1, max-image-preview:large, max-video-preview:-1\" \/>\n<link rel=\"canonical\" href=\"https:\/\/www.notibras.com\/site\/arruda-perde-direitos-politicos-e-15-mi-da-sua-conta\/\" \/>\n<meta property=\"og:locale\" content=\"pt_BR\" \/>\n<meta property=\"og:type\" content=\"article\" \/>\n<meta property=\"og:title\" content=\"Arruda perde direitos pol\u00edticos e 1,5 mi da sua conta - Notibras\" \/>\n<meta property=\"og:description\" content=\"O Tribunal de Justi\u00e7a do Distrito Federal condenou o ex-governador Jos\u00e9 Roberto Arruda e outros quatro r\u00e9us em um processo judicial relacionado \u00e0 chamada Opera\u00e7\u00e3o Caixa de Pandora, deflagrada pela Pol\u00edcia Federal (PF) em novembro de 2009. Chefe do Poder Executivo distrital na \u00e9poca em que a PF investigava a suposta distribui\u00e7\u00e3o de recursos ilegais [&hellip;]\" \/>\n<meta property=\"og:url\" content=\"https:\/\/www.notibras.com\/site\/arruda-perde-direitos-politicos-e-15-mi-da-sua-conta\/\" \/>\n<meta property=\"og:site_name\" content=\"Notibras\" \/>\n<meta property=\"article:publisher\" content=\"https:\/\/www.facebook.com\/notibras\/\" \/>\n<meta property=\"article:published_time\" content=\"2023-07-29T03:00:50+00:00\" \/>\n<meta property=\"article:modified_time\" content=\"2023-07-29T11:25:07+00:00\" \/>\n<meta property=\"og:image\" content=\"https:\/\/www.notibras.com\/site\/wp-content\/uploads\/2023\/07\/51956331751_4c83025604_o.jpg\" \/>\n\t<meta property=\"og:image:width\" content=\"1170\" \/>\n\t<meta property=\"og:image:height\" content=\"700\" \/>\n\t<meta property=\"og:image:type\" content=\"image\/jpeg\" \/>\n<meta name=\"author\" content=\"Reda\u00e7\u00e3o\" \/>\n<meta name=\"twitter:card\" content=\"summary_large_image\" \/>\n<meta name=\"twitter:creator\" content=\"@Notibras\" \/>\n<meta name=\"twitter:site\" content=\"@Notibras\" \/>\n<meta name=\"twitter:label1\" content=\"Escrito por\" \/>\n\t<meta name=\"twitter:data1\" content=\"Reda\u00e7\u00e3o\" \/>\n\t<meta name=\"twitter:label2\" content=\"Est. tempo de leitura\" \/>\n\t<meta name=\"twitter:data2\" content=\"3 minutos\" \/>\n<script type=\"application\/ld+json\" class=\"yoast-schema-graph\">{\"@context\":\"https:\/\/schema.org\",\"@graph\":[{\"@type\":\"Article\",\"@id\":\"https:\/\/www.notibras.com\/site\/arruda-perde-direitos-politicos-e-15-mi-da-sua-conta\/#article\",\"isPartOf\":{\"@id\":\"https:\/\/www.notibras.com\/site\/arruda-perde-direitos-politicos-e-15-mi-da-sua-conta\/\"},\"author\":{\"name\":\"Reda\u00e7\u00e3o\",\"@id\":\"https:\/\/www.notibras.com\/site\/#\/schema\/person\/36ab0979449956132d3e5b517ea76ac8\"},\"headline\":\"Arruda perde direitos pol\u00edticos e 1,5 mi da sua conta\",\"datePublished\":\"2023-07-29T03:00:50+00:00\",\"dateModified\":\"2023-07-29T11:25:07+00:00\",\"mainEntityOfPage\":{\"@id\":\"https:\/\/www.notibras.com\/site\/arruda-perde-direitos-politicos-e-15-mi-da-sua-conta\/\"},\"wordCount\":613,\"publisher\":{\"@id\":\"https:\/\/www.notibras.com\/site\/#organization\"},\"image\":{\"@id\":\"https:\/\/www.notibras.com\/site\/arruda-perde-direitos-politicos-e-15-mi-da-sua-conta\/#primaryimage\"},\"thumbnailUrl\":\"https:\/\/www.notibras.com\/site\/wp-content\/uploads\/2023\/07\/51956331751_4c83025604_o.jpg\",\"keywords\":[\"capa\"],\"articleSection\":[\"Quadradinho em Foco\"],\"inLanguage\":\"pt-BR\"},{\"@type\":\"WebPage\",\"@id\":\"https:\/\/www.notibras.com\/site\/arruda-perde-direitos-politicos-e-15-mi-da-sua-conta\/\",\"url\":\"https:\/\/www.notibras.com\/site\/arruda-perde-direitos-politicos-e-15-mi-da-sua-conta\/\",\"name\":\"Arruda perde direitos pol\u00edticos e 1,5 mi da sua conta - Notibras\",\"isPartOf\":{\"@id\":\"https:\/\/www.notibras.com\/site\/#website\"},\"primaryImageOfPage\":{\"@id\":\"https:\/\/www.notibras.com\/site\/arruda-perde-direitos-politicos-e-15-mi-da-sua-conta\/#primaryimage\"},\"image\":{\"@id\":\"https:\/\/www.notibras.com\/site\/arruda-perde-direitos-politicos-e-15-mi-da-sua-conta\/#primaryimage\"},\"thumbnailUrl\":\"https:\/\/www.notibras.com\/site\/wp-content\/uploads\/2023\/07\/51956331751_4c83025604_o.jpg\",\"datePublished\":\"2023-07-29T03:00:50+00:00\",\"dateModified\":\"2023-07-29T11:25:07+00:00\",\"breadcrumb\":{\"@id\":\"https:\/\/www.notibras.com\/site\/arruda-perde-direitos-politicos-e-15-mi-da-sua-conta\/#breadcrumb\"},\"inLanguage\":\"pt-BR\",\"potentialAction\":[{\"@type\":\"ReadAction\",\"target\":[\"https:\/\/www.notibras.com\/site\/arruda-perde-direitos-politicos-e-15-mi-da-sua-conta\/\"]}]},{\"@type\":\"ImageObject\",\"inLanguage\":\"pt-BR\",\"@id\":\"https:\/\/www.notibras.com\/site\/arruda-perde-direitos-politicos-e-15-mi-da-sua-conta\/#primaryimage\",\"url\":\"https:\/\/www.notibras.com\/site\/wp-content\/uploads\/2023\/07\/51956331751_4c83025604_o.jpg\",\"contentUrl\":\"https:\/\/www.notibras.com\/site\/wp-content\/uploads\/2023\/07\/51956331751_4c83025604_o.jpg\",\"width\":1170,\"height\":700,\"caption\":\"EDILSON RODRIGUES\/AGENCIA SENADO\"},{\"@type\":\"BreadcrumbList\",\"@id\":\"https:\/\/www.notibras.com\/site\/arruda-perde-direitos-politicos-e-15-mi-da-sua-conta\/#breadcrumb\",\"itemListElement\":[{\"@type\":\"ListItem\",\"position\":1,\"name\":\"In\u00edcio\",\"item\":\"https:\/\/www.notibras.com\/site\/\"},{\"@type\":\"ListItem\",\"position\":2,\"name\":\"Arruda perde direitos pol\u00edticos e 1,5 mi da sua conta\"}]},{\"@type\":\"WebSite\",\"@id\":\"https:\/\/www.notibras.com\/site\/#website\",\"url\":\"https:\/\/www.notibras.com\/site\/\",\"name\":\"Notibras\",\"description\":\"Not\u00edcias de Bras\u00edlia, do Brasil e do Mundo\",\"publisher\":{\"@id\":\"https:\/\/www.notibras.com\/site\/#organization\"},\"potentialAction\":[{\"@type\":\"SearchAction\",\"target\":{\"@type\":\"EntryPoint\",\"urlTemplate\":\"https:\/\/www.notibras.com\/site\/?s={search_term_string}\"},\"query-input\":{\"@type\":\"PropertyValueSpecification\",\"valueRequired\":true,\"valueName\":\"search_term_string\"}}],\"inLanguage\":\"pt-BR\"},{\"@type\":\"Organization\",\"@id\":\"https:\/\/www.notibras.com\/site\/#organization\",\"name\":\"Grupo Notibras de Comunica\u00e7\u00e3o\",\"url\":\"https:\/\/www.notibras.com\/site\/\",\"logo\":{\"@type\":\"ImageObject\",\"inLanguage\":\"pt-BR\",\"@id\":\"https:\/\/www.notibras.com\/site\/#\/schema\/logo\/image\/\",\"url\":\"https:\/\/www.notibras.com\/site\/wp-content\/uploads\/2023\/01\/notibras23.png\",\"contentUrl\":\"https:\/\/www.notibras.com\/site\/wp-content\/uploads\/2023\/01\/notibras23.png\",\"width\":350,\"height\":87,\"caption\":\"Grupo Notibras de Comunica\u00e7\u00e3o\"},\"image\":{\"@id\":\"https:\/\/www.notibras.com\/site\/#\/schema\/logo\/image\/\"},\"sameAs\":[\"https:\/\/www.facebook.com\/notibras\/\",\"https:\/\/x.com\/Notibras\",\"https:\/\/www.instagram.com\/notibras\/\"]},{\"@type\":\"Person\",\"@id\":\"https:\/\/www.notibras.com\/site\/#\/schema\/person\/36ab0979449956132d3e5b517ea76ac8\",\"name\":\"Reda\u00e7\u00e3o\",\"image\":{\"@type\":\"ImageObject\",\"inLanguage\":\"pt-BR\",\"@id\":\"https:\/\/secure.gravatar.com\/avatar\/e0a867bdedb85fd243eadf09663511f96fc81e0720a4a42581f334ad4303aa6b?s=96&d=mm&r=g\",\"url\":\"https:\/\/secure.gravatar.com\/avatar\/e0a867bdedb85fd243eadf09663511f96fc81e0720a4a42581f334ad4303aa6b?s=96&d=mm&r=g\",\"contentUrl\":\"https:\/\/secure.gravatar.com\/avatar\/e0a867bdedb85fd243eadf09663511f96fc81e0720a4a42581f334ad4303aa6b?s=96&d=mm&r=g\",\"caption\":\"Reda\u00e7\u00e3o\"}}]}<\/script>\n<!-- \/ Yoast SEO plugin. -->","yoast_head_json":{"title":"Arruda perde direitos pol\u00edticos e 1,5 mi da sua conta - Notibras","robots":{"index":"index","follow":"follow","max-snippet":"max-snippet:-1","max-image-preview":"max-image-preview:large","max-video-preview":"max-video-preview:-1"},"canonical":"https:\/\/www.notibras.com\/site\/arruda-perde-direitos-politicos-e-15-mi-da-sua-conta\/","og_locale":"pt_BR","og_type":"article","og_title":"Arruda perde direitos pol\u00edticos e 1,5 mi da sua conta - Notibras","og_description":"O Tribunal de Justi\u00e7a do Distrito Federal condenou o ex-governador Jos\u00e9 Roberto Arruda e outros quatro r\u00e9us em um processo judicial relacionado \u00e0 chamada Opera\u00e7\u00e3o Caixa de Pandora, deflagrada pela Pol\u00edcia Federal (PF) em novembro de 2009. Chefe do Poder Executivo distrital na \u00e9poca em que a PF investigava a suposta distribui\u00e7\u00e3o de recursos ilegais [&hellip;]","og_url":"https:\/\/www.notibras.com\/site\/arruda-perde-direitos-politicos-e-15-mi-da-sua-conta\/","og_site_name":"Notibras","article_publisher":"https:\/\/www.facebook.com\/notibras\/","article_published_time":"2023-07-29T03:00:50+00:00","article_modified_time":"2023-07-29T11:25:07+00:00","og_image":[{"width":1170,"height":700,"url":"https:\/\/www.notibras.com\/site\/wp-content\/uploads\/2023\/07\/51956331751_4c83025604_o.jpg","type":"image\/jpeg"}],"author":"Reda\u00e7\u00e3o","twitter_card":"summary_large_image","twitter_creator":"@Notibras","twitter_site":"@Notibras","twitter_misc":{"Escrito por":"Reda\u00e7\u00e3o","Est. tempo de leitura":"3 minutos"},"schema":{"@context":"https:\/\/schema.org","@graph":[{"@type":"Article","@id":"https:\/\/www.notibras.com\/site\/arruda-perde-direitos-politicos-e-15-mi-da-sua-conta\/#article","isPartOf":{"@id":"https:\/\/www.notibras.com\/site\/arruda-perde-direitos-politicos-e-15-mi-da-sua-conta\/"},"author":{"name":"Reda\u00e7\u00e3o","@id":"https:\/\/www.notibras.com\/site\/#\/schema\/person\/36ab0979449956132d3e5b517ea76ac8"},"headline":"Arruda perde direitos pol\u00edticos e 1,5 mi da sua conta","datePublished":"2023-07-29T03:00:50+00:00","dateModified":"2023-07-29T11:25:07+00:00","mainEntityOfPage":{"@id":"https:\/\/www.notibras.com\/site\/arruda-perde-direitos-politicos-e-15-mi-da-sua-conta\/"},"wordCount":613,"publisher":{"@id":"https:\/\/www.notibras.com\/site\/#organization"},"image":{"@id":"https:\/\/www.notibras.com\/site\/arruda-perde-direitos-politicos-e-15-mi-da-sua-conta\/#primaryimage"},"thumbnailUrl":"https:\/\/www.notibras.com\/site\/wp-content\/uploads\/2023\/07\/51956331751_4c83025604_o.jpg","keywords":["capa"],"articleSection":["Quadradinho em Foco"],"inLanguage":"pt-BR"},{"@type":"WebPage","@id":"https:\/\/www.notibras.com\/site\/arruda-perde-direitos-politicos-e-15-mi-da-sua-conta\/","url":"https:\/\/www.notibras.com\/site\/arruda-perde-direitos-politicos-e-15-mi-da-sua-conta\/","name":"Arruda perde direitos pol\u00edticos e 1,5 mi da sua conta - Notibras","isPartOf":{"@id":"https:\/\/www.notibras.com\/site\/#website"},"primaryImageOfPage":{"@id":"https:\/\/www.notibras.com\/site\/arruda-perde-direitos-politicos-e-15-mi-da-sua-conta\/#primaryimage"},"image":{"@id":"https:\/\/www.notibras.com\/site\/arruda-perde-direitos-politicos-e-15-mi-da-sua-conta\/#primaryimage"},"thumbnailUrl":"https:\/\/www.notibras.com\/site\/wp-content\/uploads\/2023\/07\/51956331751_4c83025604_o.jpg","datePublished":"2023-07-29T03:00:50+00:00","dateModified":"2023-07-29T11:25:07+00:00","breadcrumb":{"@id":"https:\/\/www.notibras.com\/site\/arruda-perde-direitos-politicos-e-15-mi-da-sua-conta\/#breadcrumb"},"inLanguage":"pt-BR","potentialAction":[{"@type":"ReadAction","target":["https:\/\/www.notibras.com\/site\/arruda-perde-direitos-politicos-e-15-mi-da-sua-conta\/"]}]},{"@type":"ImageObject","inLanguage":"pt-BR","@id":"https:\/\/www.notibras.com\/site\/arruda-perde-direitos-politicos-e-15-mi-da-sua-conta\/#primaryimage","url":"https:\/\/www.notibras.com\/site\/wp-content\/uploads\/2023\/07\/51956331751_4c83025604_o.jpg","contentUrl":"https:\/\/www.notibras.com\/site\/wp-content\/uploads\/2023\/07\/51956331751_4c83025604_o.jpg","width":1170,"height":700,"caption":"EDILSON RODRIGUES\/AGENCIA SENADO"},{"@type":"BreadcrumbList","@id":"https:\/\/www.notibras.com\/site\/arruda-perde-direitos-politicos-e-15-mi-da-sua-conta\/#breadcrumb","itemListElement":[{"@type":"ListItem","position":1,"name":"In\u00edcio","item":"https:\/\/www.notibras.com\/site\/"},{"@type":"ListItem","position":2,"name":"Arruda perde direitos pol\u00edticos e 1,5 mi da sua conta"}]},{"@type":"WebSite","@id":"https:\/\/www.notibras.com\/site\/#website","url":"https:\/\/www.notibras.com\/site\/","name":"Notibras","description":"Not\u00edcias de Bras\u00edlia, do Brasil e do Mundo","publisher":{"@id":"https:\/\/www.notibras.com\/site\/#organization"},"potentialAction":[{"@type":"SearchAction","target":{"@type":"EntryPoint","urlTemplate":"https:\/\/www.notibras.com\/site\/?s={search_term_string}"},"query-input":{"@type":"PropertyValueSpecification","valueRequired":true,"valueName":"search_term_string"}}],"inLanguage":"pt-BR"},{"@type":"Organization","@id":"https:\/\/www.notibras.com\/site\/#organization","name":"Grupo Notibras de Comunica\u00e7\u00e3o","url":"https:\/\/www.notibras.com\/site\/","logo":{"@type":"ImageObject","inLanguage":"pt-BR","@id":"https:\/\/www.notibras.com\/site\/#\/schema\/logo\/image\/","url":"https:\/\/www.notibras.com\/site\/wp-content\/uploads\/2023\/01\/notibras23.png","contentUrl":"https:\/\/www.notibras.com\/site\/wp-content\/uploads\/2023\/01\/notibras23.png","width":350,"height":87,"caption":"Grupo Notibras de Comunica\u00e7\u00e3o"},"image":{"@id":"https:\/\/www.notibras.com\/site\/#\/schema\/logo\/image\/"},"sameAs":["https:\/\/www.facebook.com\/notibras\/","https:\/\/x.com\/Notibras","https:\/\/www.instagram.com\/notibras\/"]},{"@type":"Person","@id":"https:\/\/www.notibras.com\/site\/#\/schema\/person\/36ab0979449956132d3e5b517ea76ac8","name":"Reda\u00e7\u00e3o","image":{"@type":"ImageObject","inLanguage":"pt-BR","@id":"https:\/\/secure.gravatar.com\/avatar\/e0a867bdedb85fd243eadf09663511f96fc81e0720a4a42581f334ad4303aa6b?s=96&d=mm&r=g","url":"https:\/\/secure.gravatar.com\/avatar\/e0a867bdedb85fd243eadf09663511f96fc81e0720a4a42581f334ad4303aa6b?s=96&d=mm&r=g","contentUrl":"https:\/\/secure.gravatar.com\/avatar\/e0a867bdedb85fd243eadf09663511f96fc81e0720a4a42581f334ad4303aa6b?s=96&d=mm&r=g","caption":"Reda\u00e7\u00e3o"}}]}},"amp_enabled":true,"_links":{"self":[{"href":"https:\/\/www.notibras.com\/site\/wp-json\/wp\/v2\/posts\/309836","targetHints":{"allow":["GET"]}}],"collection":[{"href":"https:\/\/www.notibras.com\/site\/wp-json\/wp\/v2\/posts"}],"about":[{"href":"https:\/\/www.notibras.com\/site\/wp-json\/wp\/v2\/types\/post"}],"author":[{"embeddable":true,"href":"https:\/\/www.notibras.com\/site\/wp-json\/wp\/v2\/users\/2"}],"replies":[{"embeddable":true,"href":"https:\/\/www.notibras.com\/site\/wp-json\/wp\/v2\/comments?post=309836"}],"version-history":[{"count":1,"href":"https:\/\/www.notibras.com\/site\/wp-json\/wp\/v2\/posts\/309836\/revisions"}],"predecessor-version":[{"id":309838,"href":"https:\/\/www.notibras.com\/site\/wp-json\/wp\/v2\/posts\/309836\/revisions\/309838"}],"wp:featuredmedia":[{"embeddable":true,"href":"https:\/\/www.notibras.com\/site\/wp-json\/wp\/v2\/media\/309837"}],"wp:attachment":[{"href":"https:\/\/www.notibras.com\/site\/wp-json\/wp\/v2\/media?parent=309836"}],"wp:term":[{"taxonomy":"category","embeddable":true,"href":"https:\/\/www.notibras.com\/site\/wp-json\/wp\/v2\/categories?post=309836"},{"taxonomy":"post_tag","embeddable":true,"href":"https:\/\/www.notibras.com\/site\/wp-json\/wp\/v2\/tags?post=309836"}],"curies":[{"name":"wp","href":"https:\/\/api.w.org\/{rel}","templated":true}]}}