{"id":309842,"date":"2023-07-29T00:06:50","date_gmt":"2023-07-29T03:06:50","guid":{"rendered":"https:\/\/www.notibras.com\/site\/?p=309842"},"modified":"2023-07-29T09:10:53","modified_gmt":"2023-07-29T12:10:53","slug":"novas-medidas-vao-combater-o-assedio-moral","status":"publish","type":"post","link":"https:\/\/www.notibras.com\/site\/novas-medidas-vao-combater-o-assedio-moral\/","title":{"rendered":"Novas medidas v\u00e3o combater o ass\u00e9dio moral"},"content":{"rendered":"<p>Criado por decreto presidencial, acaba de entrar em funcionamento o grupo de trabalho coordenado pelo Minist\u00e9rio da Gest\u00e3o e da Inova\u00e7\u00e3o em Servi\u00e7os P\u00fablicos, para elaborar o Plano de Enfrentamento ao Ass\u00e9dio e Discrimina\u00e7\u00e3o na Administra\u00e7\u00e3o P\u00fablica Federal.<\/p>\n<p>O colegiado vai ter 180 dias para propor medidas aos \u00f3rg\u00e3os, entidades e empresas estatais do pa\u00eds.\u00a0Presente no lan\u00e7amento do GT como representante das entidades sindicais, Maria Lucia da Silva considera o ass\u00e9dio moral um grave problema social, e que, segundo ela, \u00e9 praticado, muitas vezes, por quem exerce cargos de chefia.<\/p>\n<p>\u201cMuitas vezes, quando ocorrem as den\u00fancias, as comiss\u00f5es que analisam as situa\u00e7\u00f5es denunciadas s\u00e3o constitu\u00eddas a mando dos assediadores, quase sempre os que ocupam cargos de chefia. Ademais, n\u00e3o existem estruturas adequadas de acolhimento \u00e0s v\u00edtimas nem pol\u00edticas para o restabelecimento de suas condi\u00e7\u00f5es de sa\u00fade. A viol\u00eancia e o ass\u00e9dio tamb\u00e9m afetam a qualidade dos servi\u00e7os p\u00fablicos e tem impedido trabalhadores e trabalhadoras, sobretudo pretos e pretas, de progredirem em suas carreiras\u201d.<\/p>\n<p>O GT \u00e9 coordenado pelo Minist\u00e9rio da Gest\u00e3o e da Inova\u00e7\u00e3o em Servi\u00e7os P\u00fablicos e j\u00e1 teve a primeira reuni\u00e3o. A titular da pasta, Esther Dweck, tamb\u00e9m lembrou do ass\u00e9dio institucional, quando empresas ou \u00f3rg\u00e3os p\u00fablicos criam regras que dificultam o trabalho dos empregados. A ministra destacou ainda que o governo assume a responsabilidade de combater essa pr\u00e1tica, n\u00e3o somente nos \u00f3rg\u00e3os p\u00fablicos.<\/p>\n<p>\u201cVinte e tr\u00eas estatais se juntaram para formar um grupo sobre \u00e9tica, que discute a quest\u00e3o do ass\u00e9dio. A gente na Secretaria de Estatais est\u00e1 montando um grupo com todas as empresas estatais para que seja consolidado o grupo nas estatais, onde tamb\u00e9m \u00e9 um ambiente onde muitas vezes n\u00e3o \u00e9 o ideal para se trabalhar\u201d.<\/p>\n<p>O Tribunal Superior do Trabalho define o ass\u00e9dio moral no servi\u00e7o p\u00fablico como condutas repetitivas do agente p\u00fablico, por meio de a\u00e7\u00e3o, omiss\u00e3o, gestos ou palavras, que atingem a autoestima, a evolu\u00e7\u00e3o na carreira ou a estabilidade emocional de outro agente p\u00fablico.<\/p>\n<p>De acordo com a Corte, o ass\u00e9dio pode ocorrer por meio de a\u00e7\u00f5es diretas, como acusa\u00e7\u00f5es, insultos, gritos, humilha\u00e7\u00f5es p\u00fablicas, ou indiretas, com a propaga\u00e7\u00e3o de boatos, isolamento, recusa na comunica\u00e7\u00e3o, fofocas e exclus\u00e3o social.<\/p>\n<p>Fazem parte do Grupo de Trabalho Interministerial oito minist\u00e9rios, mais a Controladoria-Geral da Uni\u00e3o e Advocacia-Geral da Uni\u00e3o. Juntas, as pastas devem pensar nas orienta\u00e7\u00f5es que previnam o ass\u00e9dio moral e a discrimina\u00e7\u00e3o, por meio de rela\u00e7\u00f5es saud\u00e1veis e respeitosas no ambiente de trabalho p\u00fablico, seja presencial ou remoto.<\/p>\n<p>Quem passar por situa\u00e7\u00f5es que configurem ass\u00e9dio moral, ou presenciar situa\u00e7\u00f5es do tipo, deve denunciar no sindicato da categoria, na Justi\u00e7a do Trabalho ou ao Minist\u00e9rio P\u00fablico do Trabalho.<\/p>\n","protected":false},"excerpt":{"rendered":"<p>Criado por decreto presidencial, acaba de entrar em funcionamento o grupo de trabalho coordenado pelo Minist\u00e9rio da Gest\u00e3o e da Inova\u00e7\u00e3o em Servi\u00e7os P\u00fablicos, para elaborar o Plano de Enfrentamento ao Ass\u00e9dio e Discrimina\u00e7\u00e3o na Administra\u00e7\u00e3o P\u00fablica Federal. O colegiado vai ter 180 dias para propor medidas aos \u00f3rg\u00e3os, entidades e empresas estatais do pa\u00eds.\u00a0Presente [&hellip;]<\/p>\n","protected":false},"author":2,"featured_media":309843,"comment_status":"closed","ping_status":"closed","sticky":false,"template":"","format":"standard","meta":{"_acf_changed":false,"footnotes":""},"categories":[161],"tags":[],"class_list":["post-309842","post","type-post","status-publish","format-standard","has-post-thumbnail","hentry","category-quadradinho-em-foco"],"acf":[],"yoast_head":"<!-- This site is optimized with the Yoast SEO plugin v27.2 - https:\/\/yoast.com\/product\/yoast-seo-wordpress\/ -->\n<title>Novas medidas v\u00e3o combater o ass\u00e9dio moral - Notibras<\/title>\n<meta name=\"robots\" content=\"index, follow, max-snippet:-1, max-image-preview:large, max-video-preview:-1\" \/>\n<link rel=\"canonical\" href=\"https:\/\/www.notibras.com\/site\/novas-medidas-vao-combater-o-assedio-moral\/\" \/>\n<meta property=\"og:locale\" content=\"pt_BR\" \/>\n<meta property=\"og:type\" content=\"article\" \/>\n<meta property=\"og:title\" content=\"Novas medidas v\u00e3o combater o ass\u00e9dio moral - Notibras\" \/>\n<meta property=\"og:description\" content=\"Criado por decreto presidencial, acaba de entrar em funcionamento o grupo de trabalho coordenado pelo Minist\u00e9rio da Gest\u00e3o e da Inova\u00e7\u00e3o em Servi\u00e7os P\u00fablicos, para elaborar o Plano de Enfrentamento ao Ass\u00e9dio e Discrimina\u00e7\u00e3o na Administra\u00e7\u00e3o P\u00fablica Federal. O colegiado vai ter 180 dias para propor medidas aos \u00f3rg\u00e3os, entidades e empresas estatais do pa\u00eds.\u00a0Presente [&hellip;]\" \/>\n<meta property=\"og:url\" content=\"https:\/\/www.notibras.com\/site\/novas-medidas-vao-combater-o-assedio-moral\/\" \/>\n<meta property=\"og:site_name\" content=\"Notibras\" \/>\n<meta property=\"article:publisher\" content=\"https:\/\/www.facebook.com\/notibras\/\" \/>\n<meta property=\"article:published_time\" content=\"2023-07-29T03:06:50+00:00\" \/>\n<meta property=\"article:modified_time\" content=\"2023-07-29T12:10:53+00:00\" \/>\n<meta property=\"og:image\" content=\"https:\/\/www.notibras.com\/site\/wp-content\/uploads\/2023\/07\/ja_5330.jpg\" \/>\n\t<meta property=\"og:image:width\" content=\"1170\" \/>\n\t<meta property=\"og:image:height\" content=\"700\" \/>\n\t<meta property=\"og:image:type\" content=\"image\/jpeg\" \/>\n<meta name=\"author\" content=\"Reda\u00e7\u00e3o\" \/>\n<meta name=\"twitter:card\" content=\"summary_large_image\" \/>\n<meta name=\"twitter:creator\" content=\"@Notibras\" \/>\n<meta name=\"twitter:site\" content=\"@Notibras\" \/>\n<meta name=\"twitter:label1\" content=\"Escrito por\" \/>\n\t<meta name=\"twitter:data1\" content=\"Reda\u00e7\u00e3o\" \/>\n\t<meta name=\"twitter:label2\" content=\"Est. tempo de leitura\" \/>\n\t<meta name=\"twitter:data2\" content=\"3 minutos\" \/>\n<script type=\"application\/ld+json\" class=\"yoast-schema-graph\">{\"@context\":\"https:\/\/schema.org\",\"@graph\":[{\"@type\":\"Article\",\"@id\":\"https:\/\/www.notibras.com\/site\/novas-medidas-vao-combater-o-assedio-moral\/#article\",\"isPartOf\":{\"@id\":\"https:\/\/www.notibras.com\/site\/novas-medidas-vao-combater-o-assedio-moral\/\"},\"author\":{\"name\":\"Reda\u00e7\u00e3o\",\"@id\":\"https:\/\/www.notibras.com\/site\/#\/schema\/person\/36ab0979449956132d3e5b517ea76ac8\"},\"headline\":\"Novas medidas v\u00e3o combater o ass\u00e9dio moral\",\"datePublished\":\"2023-07-29T03:06:50+00:00\",\"dateModified\":\"2023-07-29T12:10:53+00:00\",\"mainEntityOfPage\":{\"@id\":\"https:\/\/www.notibras.com\/site\/novas-medidas-vao-combater-o-assedio-moral\/\"},\"wordCount\":520,\"publisher\":{\"@id\":\"https:\/\/www.notibras.com\/site\/#organization\"},\"image\":{\"@id\":\"https:\/\/www.notibras.com\/site\/novas-medidas-vao-combater-o-assedio-moral\/#primaryimage\"},\"thumbnailUrl\":\"https:\/\/www.notibras.com\/site\/wp-content\/uploads\/2023\/07\/ja_5330.jpg\",\"articleSection\":[\"Quadradinho em Foco\"],\"inLanguage\":\"pt-BR\"},{\"@type\":\"WebPage\",\"@id\":\"https:\/\/www.notibras.com\/site\/novas-medidas-vao-combater-o-assedio-moral\/\",\"url\":\"https:\/\/www.notibras.com\/site\/novas-medidas-vao-combater-o-assedio-moral\/\",\"name\":\"Novas medidas v\u00e3o combater o ass\u00e9dio moral - Notibras\",\"isPartOf\":{\"@id\":\"https:\/\/www.notibras.com\/site\/#website\"},\"primaryImageOfPage\":{\"@id\":\"https:\/\/www.notibras.com\/site\/novas-medidas-vao-combater-o-assedio-moral\/#primaryimage\"},\"image\":{\"@id\":\"https:\/\/www.notibras.com\/site\/novas-medidas-vao-combater-o-assedio-moral\/#primaryimage\"},\"thumbnailUrl\":\"https:\/\/www.notibras.com\/site\/wp-content\/uploads\/2023\/07\/ja_5330.jpg\",\"datePublished\":\"2023-07-29T03:06:50+00:00\",\"dateModified\":\"2023-07-29T12:10:53+00:00\",\"breadcrumb\":{\"@id\":\"https:\/\/www.notibras.com\/site\/novas-medidas-vao-combater-o-assedio-moral\/#breadcrumb\"},\"inLanguage\":\"pt-BR\",\"potentialAction\":[{\"@type\":\"ReadAction\",\"target\":[\"https:\/\/www.notibras.com\/site\/novas-medidas-vao-combater-o-assedio-moral\/\"]}]},{\"@type\":\"ImageObject\",\"inLanguage\":\"pt-BR\",\"@id\":\"https:\/\/www.notibras.com\/site\/novas-medidas-vao-combater-o-assedio-moral\/#primaryimage\",\"url\":\"https:\/\/www.notibras.com\/site\/wp-content\/uploads\/2023\/07\/ja_5330.jpg\",\"contentUrl\":\"https:\/\/www.notibras.com\/site\/wp-content\/uploads\/2023\/07\/ja_5330.jpg\",\"width\":1170,\"height\":700},{\"@type\":\"BreadcrumbList\",\"@id\":\"https:\/\/www.notibras.com\/site\/novas-medidas-vao-combater-o-assedio-moral\/#breadcrumb\",\"itemListElement\":[{\"@type\":\"ListItem\",\"position\":1,\"name\":\"In\u00edcio\",\"item\":\"https:\/\/www.notibras.com\/site\/\"},{\"@type\":\"ListItem\",\"position\":2,\"name\":\"Novas medidas v\u00e3o combater o ass\u00e9dio moral\"}]},{\"@type\":\"WebSite\",\"@id\":\"https:\/\/www.notibras.com\/site\/#website\",\"url\":\"https:\/\/www.notibras.com\/site\/\",\"name\":\"Notibras\",\"description\":\"Not\u00edcias de Bras\u00edlia, do Brasil e do Mundo\",\"publisher\":{\"@id\":\"https:\/\/www.notibras.com\/site\/#organization\"},\"potentialAction\":[{\"@type\":\"SearchAction\",\"target\":{\"@type\":\"EntryPoint\",\"urlTemplate\":\"https:\/\/www.notibras.com\/site\/?s={search_term_string}\"},\"query-input\":{\"@type\":\"PropertyValueSpecification\",\"valueRequired\":true,\"valueName\":\"search_term_string\"}}],\"inLanguage\":\"pt-BR\"},{\"@type\":\"Organization\",\"@id\":\"https:\/\/www.notibras.com\/site\/#organization\",\"name\":\"Grupo Notibras de Comunica\u00e7\u00e3o\",\"url\":\"https:\/\/www.notibras.com\/site\/\",\"logo\":{\"@type\":\"ImageObject\",\"inLanguage\":\"pt-BR\",\"@id\":\"https:\/\/www.notibras.com\/site\/#\/schema\/logo\/image\/\",\"url\":\"https:\/\/www.notibras.com\/site\/wp-content\/uploads\/2023\/01\/notibras23.png\",\"contentUrl\":\"https:\/\/www.notibras.com\/site\/wp-content\/uploads\/2023\/01\/notibras23.png\",\"width\":350,\"height\":87,\"caption\":\"Grupo Notibras de Comunica\u00e7\u00e3o\"},\"image\":{\"@id\":\"https:\/\/www.notibras.com\/site\/#\/schema\/logo\/image\/\"},\"sameAs\":[\"https:\/\/www.facebook.com\/notibras\/\",\"https:\/\/x.com\/Notibras\",\"https:\/\/www.instagram.com\/notibras\/\"]},{\"@type\":\"Person\",\"@id\":\"https:\/\/www.notibras.com\/site\/#\/schema\/person\/36ab0979449956132d3e5b517ea76ac8\",\"name\":\"Reda\u00e7\u00e3o\",\"image\":{\"@type\":\"ImageObject\",\"inLanguage\":\"pt-BR\",\"@id\":\"https:\/\/secure.gravatar.com\/avatar\/e0a867bdedb85fd243eadf09663511f96fc81e0720a4a42581f334ad4303aa6b?s=96&d=mm&r=g\",\"url\":\"https:\/\/secure.gravatar.com\/avatar\/e0a867bdedb85fd243eadf09663511f96fc81e0720a4a42581f334ad4303aa6b?s=96&d=mm&r=g\",\"contentUrl\":\"https:\/\/secure.gravatar.com\/avatar\/e0a867bdedb85fd243eadf09663511f96fc81e0720a4a42581f334ad4303aa6b?s=96&d=mm&r=g\",\"caption\":\"Reda\u00e7\u00e3o\"}}]}<\/script>\n<!-- \/ Yoast SEO plugin. -->","yoast_head_json":{"title":"Novas medidas v\u00e3o combater o ass\u00e9dio moral - Notibras","robots":{"index":"index","follow":"follow","max-snippet":"max-snippet:-1","max-image-preview":"max-image-preview:large","max-video-preview":"max-video-preview:-1"},"canonical":"https:\/\/www.notibras.com\/site\/novas-medidas-vao-combater-o-assedio-moral\/","og_locale":"pt_BR","og_type":"article","og_title":"Novas medidas v\u00e3o combater o ass\u00e9dio moral - Notibras","og_description":"Criado por decreto presidencial, acaba de entrar em funcionamento o grupo de trabalho coordenado pelo Minist\u00e9rio da Gest\u00e3o e da Inova\u00e7\u00e3o em Servi\u00e7os P\u00fablicos, para elaborar o Plano de Enfrentamento ao Ass\u00e9dio e Discrimina\u00e7\u00e3o na Administra\u00e7\u00e3o P\u00fablica Federal. O colegiado vai ter 180 dias para propor medidas aos \u00f3rg\u00e3os, entidades e empresas estatais do pa\u00eds.\u00a0Presente [&hellip;]","og_url":"https:\/\/www.notibras.com\/site\/novas-medidas-vao-combater-o-assedio-moral\/","og_site_name":"Notibras","article_publisher":"https:\/\/www.facebook.com\/notibras\/","article_published_time":"2023-07-29T03:06:50+00:00","article_modified_time":"2023-07-29T12:10:53+00:00","og_image":[{"width":1170,"height":700,"url":"https:\/\/www.notibras.com\/site\/wp-content\/uploads\/2023\/07\/ja_5330.jpg","type":"image\/jpeg"}],"author":"Reda\u00e7\u00e3o","twitter_card":"summary_large_image","twitter_creator":"@Notibras","twitter_site":"@Notibras","twitter_misc":{"Escrito por":"Reda\u00e7\u00e3o","Est. tempo de leitura":"3 minutos"},"schema":{"@context":"https:\/\/schema.org","@graph":[{"@type":"Article","@id":"https:\/\/www.notibras.com\/site\/novas-medidas-vao-combater-o-assedio-moral\/#article","isPartOf":{"@id":"https:\/\/www.notibras.com\/site\/novas-medidas-vao-combater-o-assedio-moral\/"},"author":{"name":"Reda\u00e7\u00e3o","@id":"https:\/\/www.notibras.com\/site\/#\/schema\/person\/36ab0979449956132d3e5b517ea76ac8"},"headline":"Novas medidas v\u00e3o combater o ass\u00e9dio moral","datePublished":"2023-07-29T03:06:50+00:00","dateModified":"2023-07-29T12:10:53+00:00","mainEntityOfPage":{"@id":"https:\/\/www.notibras.com\/site\/novas-medidas-vao-combater-o-assedio-moral\/"},"wordCount":520,"publisher":{"@id":"https:\/\/www.notibras.com\/site\/#organization"},"image":{"@id":"https:\/\/www.notibras.com\/site\/novas-medidas-vao-combater-o-assedio-moral\/#primaryimage"},"thumbnailUrl":"https:\/\/www.notibras.com\/site\/wp-content\/uploads\/2023\/07\/ja_5330.jpg","articleSection":["Quadradinho em Foco"],"inLanguage":"pt-BR"},{"@type":"WebPage","@id":"https:\/\/www.notibras.com\/site\/novas-medidas-vao-combater-o-assedio-moral\/","url":"https:\/\/www.notibras.com\/site\/novas-medidas-vao-combater-o-assedio-moral\/","name":"Novas medidas v\u00e3o combater o ass\u00e9dio moral - Notibras","isPartOf":{"@id":"https:\/\/www.notibras.com\/site\/#website"},"primaryImageOfPage":{"@id":"https:\/\/www.notibras.com\/site\/novas-medidas-vao-combater-o-assedio-moral\/#primaryimage"},"image":{"@id":"https:\/\/www.notibras.com\/site\/novas-medidas-vao-combater-o-assedio-moral\/#primaryimage"},"thumbnailUrl":"https:\/\/www.notibras.com\/site\/wp-content\/uploads\/2023\/07\/ja_5330.jpg","datePublished":"2023-07-29T03:06:50+00:00","dateModified":"2023-07-29T12:10:53+00:00","breadcrumb":{"@id":"https:\/\/www.notibras.com\/site\/novas-medidas-vao-combater-o-assedio-moral\/#breadcrumb"},"inLanguage":"pt-BR","potentialAction":[{"@type":"ReadAction","target":["https:\/\/www.notibras.com\/site\/novas-medidas-vao-combater-o-assedio-moral\/"]}]},{"@type":"ImageObject","inLanguage":"pt-BR","@id":"https:\/\/www.notibras.com\/site\/novas-medidas-vao-combater-o-assedio-moral\/#primaryimage","url":"https:\/\/www.notibras.com\/site\/wp-content\/uploads\/2023\/07\/ja_5330.jpg","contentUrl":"https:\/\/www.notibras.com\/site\/wp-content\/uploads\/2023\/07\/ja_5330.jpg","width":1170,"height":700},{"@type":"BreadcrumbList","@id":"https:\/\/www.notibras.com\/site\/novas-medidas-vao-combater-o-assedio-moral\/#breadcrumb","itemListElement":[{"@type":"ListItem","position":1,"name":"In\u00edcio","item":"https:\/\/www.notibras.com\/site\/"},{"@type":"ListItem","position":2,"name":"Novas medidas v\u00e3o combater o ass\u00e9dio moral"}]},{"@type":"WebSite","@id":"https:\/\/www.notibras.com\/site\/#website","url":"https:\/\/www.notibras.com\/site\/","name":"Notibras","description":"Not\u00edcias de Bras\u00edlia, do Brasil e do Mundo","publisher":{"@id":"https:\/\/www.notibras.com\/site\/#organization"},"potentialAction":[{"@type":"SearchAction","target":{"@type":"EntryPoint","urlTemplate":"https:\/\/www.notibras.com\/site\/?s={search_term_string}"},"query-input":{"@type":"PropertyValueSpecification","valueRequired":true,"valueName":"search_term_string"}}],"inLanguage":"pt-BR"},{"@type":"Organization","@id":"https:\/\/www.notibras.com\/site\/#organization","name":"Grupo Notibras de Comunica\u00e7\u00e3o","url":"https:\/\/www.notibras.com\/site\/","logo":{"@type":"ImageObject","inLanguage":"pt-BR","@id":"https:\/\/www.notibras.com\/site\/#\/schema\/logo\/image\/","url":"https:\/\/www.notibras.com\/site\/wp-content\/uploads\/2023\/01\/notibras23.png","contentUrl":"https:\/\/www.notibras.com\/site\/wp-content\/uploads\/2023\/01\/notibras23.png","width":350,"height":87,"caption":"Grupo Notibras de Comunica\u00e7\u00e3o"},"image":{"@id":"https:\/\/www.notibras.com\/site\/#\/schema\/logo\/image\/"},"sameAs":["https:\/\/www.facebook.com\/notibras\/","https:\/\/x.com\/Notibras","https:\/\/www.instagram.com\/notibras\/"]},{"@type":"Person","@id":"https:\/\/www.notibras.com\/site\/#\/schema\/person\/36ab0979449956132d3e5b517ea76ac8","name":"Reda\u00e7\u00e3o","image":{"@type":"ImageObject","inLanguage":"pt-BR","@id":"https:\/\/secure.gravatar.com\/avatar\/e0a867bdedb85fd243eadf09663511f96fc81e0720a4a42581f334ad4303aa6b?s=96&d=mm&r=g","url":"https:\/\/secure.gravatar.com\/avatar\/e0a867bdedb85fd243eadf09663511f96fc81e0720a4a42581f334ad4303aa6b?s=96&d=mm&r=g","contentUrl":"https:\/\/secure.gravatar.com\/avatar\/e0a867bdedb85fd243eadf09663511f96fc81e0720a4a42581f334ad4303aa6b?s=96&d=mm&r=g","caption":"Reda\u00e7\u00e3o"}}]}},"amp_enabled":true,"_links":{"self":[{"href":"https:\/\/www.notibras.com\/site\/wp-json\/wp\/v2\/posts\/309842","targetHints":{"allow":["GET"]}}],"collection":[{"href":"https:\/\/www.notibras.com\/site\/wp-json\/wp\/v2\/posts"}],"about":[{"href":"https:\/\/www.notibras.com\/site\/wp-json\/wp\/v2\/types\/post"}],"author":[{"embeddable":true,"href":"https:\/\/www.notibras.com\/site\/wp-json\/wp\/v2\/users\/2"}],"replies":[{"embeddable":true,"href":"https:\/\/www.notibras.com\/site\/wp-json\/wp\/v2\/comments?post=309842"}],"version-history":[{"count":1,"href":"https:\/\/www.notibras.com\/site\/wp-json\/wp\/v2\/posts\/309842\/revisions"}],"predecessor-version":[{"id":309844,"href":"https:\/\/www.notibras.com\/site\/wp-json\/wp\/v2\/posts\/309842\/revisions\/309844"}],"wp:featuredmedia":[{"embeddable":true,"href":"https:\/\/www.notibras.com\/site\/wp-json\/wp\/v2\/media\/309843"}],"wp:attachment":[{"href":"https:\/\/www.notibras.com\/site\/wp-json\/wp\/v2\/media?parent=309842"}],"wp:term":[{"taxonomy":"category","embeddable":true,"href":"https:\/\/www.notibras.com\/site\/wp-json\/wp\/v2\/categories?post=309842"},{"taxonomy":"post_tag","embeddable":true,"href":"https:\/\/www.notibras.com\/site\/wp-json\/wp\/v2\/tags?post=309842"}],"curies":[{"name":"wp","href":"https:\/\/api.w.org\/{rel}","templated":true}]}}