{"id":309907,"date":"2023-07-30T09:54:58","date_gmt":"2023-07-30T12:54:58","guid":{"rendered":"https:\/\/www.notibras.com\/site\/?p=309907"},"modified":"2023-07-31T06:50:16","modified_gmt":"2023-07-31T09:50:16","slug":"ibrahim-teve-quase-tudo-menos-vida-de-mathuzalem","status":"publish","type":"post","link":"https:\/\/www.notibras.com\/site\/ibrahim-teve-quase-tudo-menos-vida-de-mathuzalem\/","title":{"rendered":"Ibrahim teve quase tudo, menos vida de Mathuzal\u00e9m"},"content":{"rendered":"<p>Ao ler, aqui no <strong>Notibras<\/strong>, a excelente mat\u00e9ria do Mathuzal\u00e9m J\u00fanior sobre Vitoriosos no Poder, ele utilizou uma famosa frase dita todas as vezes poss\u00edveis e mais um punhado pelo saudoso Ibrahim Sued: &#8220;O c\u00e3es ladram e a caravana passa&#8221;. Ali\u00e1s, gostei tanto do que li, que fiz quest\u00e3o de telefonar pro Mathuzal\u00e9m e parabeniz\u00e1-lo por mais essa mat\u00e9ria, ao mesmo tempo em que lhe contei que conheci o Ibrahim nos meus tempos de funcion\u00e1rio do Banco do Brasil, l\u00e1 no Rio de Janeiro. O Mathuzal\u00e9m, curioso como ele s\u00f3, foi logo me chantageando: &#8220;Dudu, ou conta ou, ent\u00e3o, n\u00e3o tem mais caf\u00e9 gourmet!&#8221; Tive que contar.<\/p>\n<p>Aqueles que me conhecem sabem que eu trabalhei no Banco do Brasil durante 17 anos, sendo que tomei posse numa antiga ag\u00eancia chamada Figueiredo Magalh\u00e3es, em Copacabana. Pois foi justamente nessa minha primeira lota\u00e7\u00e3o que passei a atender o Ibrahim Sued, que foi praticamente o inventor da antes badalada coluna social.<\/p>\n<p>O cara era grand\u00e3o, passadas largas, sorriso f\u00e1cil. Os cabelos azulados, os olhos maiores que a pr\u00f3pria face. Ele, como de costume, sempre ia ao banco ap\u00f3s a ag\u00eancia estar fechada. Afinal, alguns clientes possuem certas regalias. E, muitas vezes, eu o recebia, pois, nesse tempo, era um dos \u00faltimos funcion\u00e1rios a ir embora.<\/p>\n<p>De tanto atender o Ibrahim, acabou havendo uma intimidade pouco al\u00e9m da normalmente existente entre clientes que se dirigem a um banco e os funcion\u00e1rios. Tanto \u00e9 que, n\u00e3o raro, ele me contava sobre algumas perspectivas da pr\u00f3pria exist\u00eancia. De todas essas conversas, uma em especial me marcou.<\/p>\n<p>&#8211; Dudu, a velhice \u00e9 uma merda!<\/p>\n<p>&#8211; Que isso! Voc\u00ea est\u00e1 muito bem!<\/p>\n<p>&#8211; Que nada! T\u00e1 tudo ca\u00eddo por aqui!<\/p>\n<p>Eu apenas o observava, talvez sorrindo, enquanto ele prosseguia.<\/p>\n<p>&#8211; Dudu, voc\u00ea sabe que eu tenho muita grana, n\u00e9?<\/p>\n<p>&#8211; \u00c9, sei sim.<\/p>\n<p>&#8211; Pois \u00e9, Dudu, se eu pudesse, trocaria toda essa grana pela sua juventude.<\/p>\n<p>Pois \u00e9. Fosse hoje, e sendo poss\u00edvel, diria ao Ibrahim que, para onde quer que Al\u00e1 o tenha levado, tamb\u00e9m l\u00e1 dinheiro n\u00e3o compra tudo. E que nem todos nascemos Mathuzal\u00e9m. Nem o neto.<\/p>\n","protected":false},"excerpt":{"rendered":"<p>Ao ler, aqui no Notibras, a excelente mat\u00e9ria do Mathuzal\u00e9m J\u00fanior sobre Vitoriosos no Poder, ele utilizou uma famosa frase dita todas as vezes poss\u00edveis e mais um punhado pelo saudoso Ibrahim Sued: &#8220;O c\u00e3es ladram e a caravana passa&#8221;. Ali\u00e1s, gostei tanto do que li, que fiz quest\u00e3o de telefonar pro Mathuzal\u00e9m e parabeniz\u00e1-lo [&hellip;]<\/p>\n","protected":false},"author":2,"featured_media":309908,"comment_status":"closed","ping_status":"closed","sticky":false,"template":"","format":"standard","meta":{"_acf_changed":false,"footnotes":""},"categories":[161],"tags":[],"class_list":["post-309907","post","type-post","status-publish","format-standard","has-post-thumbnail","hentry","category-quadradinho-em-foco"],"acf":[],"yoast_head":"<!-- This site is optimized with the Yoast SEO plugin v27.2 - https:\/\/yoast.com\/product\/yoast-seo-wordpress\/ -->\n<title>Ibrahim teve quase tudo, menos vida de Mathuzal\u00e9m - Notibras<\/title>\n<meta name=\"robots\" content=\"index, follow, max-snippet:-1, max-image-preview:large, max-video-preview:-1\" \/>\n<link rel=\"canonical\" href=\"https:\/\/www.notibras.com\/site\/ibrahim-teve-quase-tudo-menos-vida-de-mathuzalem\/\" \/>\n<meta property=\"og:locale\" content=\"pt_BR\" \/>\n<meta property=\"og:type\" content=\"article\" \/>\n<meta property=\"og:title\" content=\"Ibrahim teve quase tudo, menos vida de Mathuzal\u00e9m - Notibras\" \/>\n<meta property=\"og:description\" content=\"Ao ler, aqui no Notibras, a excelente mat\u00e9ria do Mathuzal\u00e9m J\u00fanior sobre Vitoriosos no Poder, ele utilizou uma famosa frase dita todas as vezes poss\u00edveis e mais um punhado pelo saudoso Ibrahim Sued: &#8220;O c\u00e3es ladram e a caravana passa&#8221;. Ali\u00e1s, gostei tanto do que li, que fiz quest\u00e3o de telefonar pro Mathuzal\u00e9m e parabeniz\u00e1-lo [&hellip;]\" \/>\n<meta property=\"og:url\" content=\"https:\/\/www.notibras.com\/site\/ibrahim-teve-quase-tudo-menos-vida-de-mathuzalem\/\" \/>\n<meta property=\"og:site_name\" content=\"Notibras\" \/>\n<meta property=\"article:publisher\" content=\"https:\/\/www.facebook.com\/notibras\/\" \/>\n<meta property=\"article:published_time\" content=\"2023-07-30T12:54:58+00:00\" \/>\n<meta property=\"article:modified_time\" content=\"2023-07-31T09:50:16+00:00\" \/>\n<meta property=\"og:image\" content=\"https:\/\/www.notibras.com\/site\/wp-content\/uploads\/2023\/07\/2001-067075-_19850215.jpg\" \/>\n\t<meta property=\"og:image:width\" content=\"620\" \/>\n\t<meta property=\"og:image:height\" content=\"357\" \/>\n\t<meta property=\"og:image:type\" content=\"image\/jpeg\" \/>\n<meta name=\"author\" content=\"Reda\u00e7\u00e3o\" \/>\n<meta name=\"twitter:card\" content=\"summary_large_image\" \/>\n<meta name=\"twitter:creator\" content=\"@Notibras\" \/>\n<meta name=\"twitter:site\" content=\"@Notibras\" \/>\n<meta name=\"twitter:label1\" content=\"Escrito por\" \/>\n\t<meta name=\"twitter:data1\" content=\"Reda\u00e7\u00e3o\" \/>\n\t<meta name=\"twitter:label2\" content=\"Est. tempo de leitura\" \/>\n\t<meta name=\"twitter:data2\" content=\"2 minutos\" \/>\n<script type=\"application\/ld+json\" class=\"yoast-schema-graph\">{\"@context\":\"https:\/\/schema.org\",\"@graph\":[{\"@type\":\"Article\",\"@id\":\"https:\/\/www.notibras.com\/site\/ibrahim-teve-quase-tudo-menos-vida-de-mathuzalem\/#article\",\"isPartOf\":{\"@id\":\"https:\/\/www.notibras.com\/site\/ibrahim-teve-quase-tudo-menos-vida-de-mathuzalem\/\"},\"author\":{\"name\":\"Reda\u00e7\u00e3o\",\"@id\":\"https:\/\/www.notibras.com\/site\/#\/schema\/person\/36ab0979449956132d3e5b517ea76ac8\"},\"headline\":\"Ibrahim teve quase tudo, menos vida de Mathuzal\u00e9m\",\"datePublished\":\"2023-07-30T12:54:58+00:00\",\"dateModified\":\"2023-07-31T09:50:16+00:00\",\"mainEntityOfPage\":{\"@id\":\"https:\/\/www.notibras.com\/site\/ibrahim-teve-quase-tudo-menos-vida-de-mathuzalem\/\"},\"wordCount\":389,\"publisher\":{\"@id\":\"https:\/\/www.notibras.com\/site\/#organization\"},\"image\":{\"@id\":\"https:\/\/www.notibras.com\/site\/ibrahim-teve-quase-tudo-menos-vida-de-mathuzalem\/#primaryimage\"},\"thumbnailUrl\":\"https:\/\/www.notibras.com\/site\/wp-content\/uploads\/2023\/07\/2001-067075-_19850215.jpg\",\"articleSection\":[\"Quadradinho em Foco\"],\"inLanguage\":\"pt-BR\"},{\"@type\":\"WebPage\",\"@id\":\"https:\/\/www.notibras.com\/site\/ibrahim-teve-quase-tudo-menos-vida-de-mathuzalem\/\",\"url\":\"https:\/\/www.notibras.com\/site\/ibrahim-teve-quase-tudo-menos-vida-de-mathuzalem\/\",\"name\":\"Ibrahim teve quase tudo, menos vida de Mathuzal\u00e9m - Notibras\",\"isPartOf\":{\"@id\":\"https:\/\/www.notibras.com\/site\/#website\"},\"primaryImageOfPage\":{\"@id\":\"https:\/\/www.notibras.com\/site\/ibrahim-teve-quase-tudo-menos-vida-de-mathuzalem\/#primaryimage\"},\"image\":{\"@id\":\"https:\/\/www.notibras.com\/site\/ibrahim-teve-quase-tudo-menos-vida-de-mathuzalem\/#primaryimage\"},\"thumbnailUrl\":\"https:\/\/www.notibras.com\/site\/wp-content\/uploads\/2023\/07\/2001-067075-_19850215.jpg\",\"datePublished\":\"2023-07-30T12:54:58+00:00\",\"dateModified\":\"2023-07-31T09:50:16+00:00\",\"breadcrumb\":{\"@id\":\"https:\/\/www.notibras.com\/site\/ibrahim-teve-quase-tudo-menos-vida-de-mathuzalem\/#breadcrumb\"},\"inLanguage\":\"pt-BR\",\"potentialAction\":[{\"@type\":\"ReadAction\",\"target\":[\"https:\/\/www.notibras.com\/site\/ibrahim-teve-quase-tudo-menos-vida-de-mathuzalem\/\"]}]},{\"@type\":\"ImageObject\",\"inLanguage\":\"pt-BR\",\"@id\":\"https:\/\/www.notibras.com\/site\/ibrahim-teve-quase-tudo-menos-vida-de-mathuzalem\/#primaryimage\",\"url\":\"https:\/\/www.notibras.com\/site\/wp-content\/uploads\/2023\/07\/2001-067075-_19850215.jpg\",\"contentUrl\":\"https:\/\/www.notibras.com\/site\/wp-content\/uploads\/2023\/07\/2001-067075-_19850215.jpg\",\"width\":620,\"height\":357},{\"@type\":\"BreadcrumbList\",\"@id\":\"https:\/\/www.notibras.com\/site\/ibrahim-teve-quase-tudo-menos-vida-de-mathuzalem\/#breadcrumb\",\"itemListElement\":[{\"@type\":\"ListItem\",\"position\":1,\"name\":\"In\u00edcio\",\"item\":\"https:\/\/www.notibras.com\/site\/\"},{\"@type\":\"ListItem\",\"position\":2,\"name\":\"Ibrahim teve quase tudo, menos vida de Mathuzal\u00e9m\"}]},{\"@type\":\"WebSite\",\"@id\":\"https:\/\/www.notibras.com\/site\/#website\",\"url\":\"https:\/\/www.notibras.com\/site\/\",\"name\":\"Notibras\",\"description\":\"Not\u00edcias de Bras\u00edlia, do Brasil e do Mundo\",\"publisher\":{\"@id\":\"https:\/\/www.notibras.com\/site\/#organization\"},\"potentialAction\":[{\"@type\":\"SearchAction\",\"target\":{\"@type\":\"EntryPoint\",\"urlTemplate\":\"https:\/\/www.notibras.com\/site\/?s={search_term_string}\"},\"query-input\":{\"@type\":\"PropertyValueSpecification\",\"valueRequired\":true,\"valueName\":\"search_term_string\"}}],\"inLanguage\":\"pt-BR\"},{\"@type\":\"Organization\",\"@id\":\"https:\/\/www.notibras.com\/site\/#organization\",\"name\":\"Grupo Notibras de Comunica\u00e7\u00e3o\",\"url\":\"https:\/\/www.notibras.com\/site\/\",\"logo\":{\"@type\":\"ImageObject\",\"inLanguage\":\"pt-BR\",\"@id\":\"https:\/\/www.notibras.com\/site\/#\/schema\/logo\/image\/\",\"url\":\"https:\/\/www.notibras.com\/site\/wp-content\/uploads\/2023\/01\/notibras23.png\",\"contentUrl\":\"https:\/\/www.notibras.com\/site\/wp-content\/uploads\/2023\/01\/notibras23.png\",\"width\":350,\"height\":87,\"caption\":\"Grupo Notibras de Comunica\u00e7\u00e3o\"},\"image\":{\"@id\":\"https:\/\/www.notibras.com\/site\/#\/schema\/logo\/image\/\"},\"sameAs\":[\"https:\/\/www.facebook.com\/notibras\/\",\"https:\/\/x.com\/Notibras\",\"https:\/\/www.instagram.com\/notibras\/\"]},{\"@type\":\"Person\",\"@id\":\"https:\/\/www.notibras.com\/site\/#\/schema\/person\/36ab0979449956132d3e5b517ea76ac8\",\"name\":\"Reda\u00e7\u00e3o\",\"image\":{\"@type\":\"ImageObject\",\"inLanguage\":\"pt-BR\",\"@id\":\"https:\/\/secure.gravatar.com\/avatar\/e0a867bdedb85fd243eadf09663511f96fc81e0720a4a42581f334ad4303aa6b?s=96&d=mm&r=g\",\"url\":\"https:\/\/secure.gravatar.com\/avatar\/e0a867bdedb85fd243eadf09663511f96fc81e0720a4a42581f334ad4303aa6b?s=96&d=mm&r=g\",\"contentUrl\":\"https:\/\/secure.gravatar.com\/avatar\/e0a867bdedb85fd243eadf09663511f96fc81e0720a4a42581f334ad4303aa6b?s=96&d=mm&r=g\",\"caption\":\"Reda\u00e7\u00e3o\"}}]}<\/script>\n<!-- \/ Yoast SEO plugin. -->","yoast_head_json":{"title":"Ibrahim teve quase tudo, menos vida de Mathuzal\u00e9m - Notibras","robots":{"index":"index","follow":"follow","max-snippet":"max-snippet:-1","max-image-preview":"max-image-preview:large","max-video-preview":"max-video-preview:-1"},"canonical":"https:\/\/www.notibras.com\/site\/ibrahim-teve-quase-tudo-menos-vida-de-mathuzalem\/","og_locale":"pt_BR","og_type":"article","og_title":"Ibrahim teve quase tudo, menos vida de Mathuzal\u00e9m - Notibras","og_description":"Ao ler, aqui no Notibras, a excelente mat\u00e9ria do Mathuzal\u00e9m J\u00fanior sobre Vitoriosos no Poder, ele utilizou uma famosa frase dita todas as vezes poss\u00edveis e mais um punhado pelo saudoso Ibrahim Sued: &#8220;O c\u00e3es ladram e a caravana passa&#8221;. Ali\u00e1s, gostei tanto do que li, que fiz quest\u00e3o de telefonar pro Mathuzal\u00e9m e parabeniz\u00e1-lo [&hellip;]","og_url":"https:\/\/www.notibras.com\/site\/ibrahim-teve-quase-tudo-menos-vida-de-mathuzalem\/","og_site_name":"Notibras","article_publisher":"https:\/\/www.facebook.com\/notibras\/","article_published_time":"2023-07-30T12:54:58+00:00","article_modified_time":"2023-07-31T09:50:16+00:00","og_image":[{"width":620,"height":357,"url":"https:\/\/www.notibras.com\/site\/wp-content\/uploads\/2023\/07\/2001-067075-_19850215.jpg","type":"image\/jpeg"}],"author":"Reda\u00e7\u00e3o","twitter_card":"summary_large_image","twitter_creator":"@Notibras","twitter_site":"@Notibras","twitter_misc":{"Escrito por":"Reda\u00e7\u00e3o","Est. tempo de leitura":"2 minutos"},"schema":{"@context":"https:\/\/schema.org","@graph":[{"@type":"Article","@id":"https:\/\/www.notibras.com\/site\/ibrahim-teve-quase-tudo-menos-vida-de-mathuzalem\/#article","isPartOf":{"@id":"https:\/\/www.notibras.com\/site\/ibrahim-teve-quase-tudo-menos-vida-de-mathuzalem\/"},"author":{"name":"Reda\u00e7\u00e3o","@id":"https:\/\/www.notibras.com\/site\/#\/schema\/person\/36ab0979449956132d3e5b517ea76ac8"},"headline":"Ibrahim teve quase tudo, menos vida de Mathuzal\u00e9m","datePublished":"2023-07-30T12:54:58+00:00","dateModified":"2023-07-31T09:50:16+00:00","mainEntityOfPage":{"@id":"https:\/\/www.notibras.com\/site\/ibrahim-teve-quase-tudo-menos-vida-de-mathuzalem\/"},"wordCount":389,"publisher":{"@id":"https:\/\/www.notibras.com\/site\/#organization"},"image":{"@id":"https:\/\/www.notibras.com\/site\/ibrahim-teve-quase-tudo-menos-vida-de-mathuzalem\/#primaryimage"},"thumbnailUrl":"https:\/\/www.notibras.com\/site\/wp-content\/uploads\/2023\/07\/2001-067075-_19850215.jpg","articleSection":["Quadradinho em Foco"],"inLanguage":"pt-BR"},{"@type":"WebPage","@id":"https:\/\/www.notibras.com\/site\/ibrahim-teve-quase-tudo-menos-vida-de-mathuzalem\/","url":"https:\/\/www.notibras.com\/site\/ibrahim-teve-quase-tudo-menos-vida-de-mathuzalem\/","name":"Ibrahim teve quase tudo, menos vida de Mathuzal\u00e9m - Notibras","isPartOf":{"@id":"https:\/\/www.notibras.com\/site\/#website"},"primaryImageOfPage":{"@id":"https:\/\/www.notibras.com\/site\/ibrahim-teve-quase-tudo-menos-vida-de-mathuzalem\/#primaryimage"},"image":{"@id":"https:\/\/www.notibras.com\/site\/ibrahim-teve-quase-tudo-menos-vida-de-mathuzalem\/#primaryimage"},"thumbnailUrl":"https:\/\/www.notibras.com\/site\/wp-content\/uploads\/2023\/07\/2001-067075-_19850215.jpg","datePublished":"2023-07-30T12:54:58+00:00","dateModified":"2023-07-31T09:50:16+00:00","breadcrumb":{"@id":"https:\/\/www.notibras.com\/site\/ibrahim-teve-quase-tudo-menos-vida-de-mathuzalem\/#breadcrumb"},"inLanguage":"pt-BR","potentialAction":[{"@type":"ReadAction","target":["https:\/\/www.notibras.com\/site\/ibrahim-teve-quase-tudo-menos-vida-de-mathuzalem\/"]}]},{"@type":"ImageObject","inLanguage":"pt-BR","@id":"https:\/\/www.notibras.com\/site\/ibrahim-teve-quase-tudo-menos-vida-de-mathuzalem\/#primaryimage","url":"https:\/\/www.notibras.com\/site\/wp-content\/uploads\/2023\/07\/2001-067075-_19850215.jpg","contentUrl":"https:\/\/www.notibras.com\/site\/wp-content\/uploads\/2023\/07\/2001-067075-_19850215.jpg","width":620,"height":357},{"@type":"BreadcrumbList","@id":"https:\/\/www.notibras.com\/site\/ibrahim-teve-quase-tudo-menos-vida-de-mathuzalem\/#breadcrumb","itemListElement":[{"@type":"ListItem","position":1,"name":"In\u00edcio","item":"https:\/\/www.notibras.com\/site\/"},{"@type":"ListItem","position":2,"name":"Ibrahim teve quase tudo, menos vida de Mathuzal\u00e9m"}]},{"@type":"WebSite","@id":"https:\/\/www.notibras.com\/site\/#website","url":"https:\/\/www.notibras.com\/site\/","name":"Notibras","description":"Not\u00edcias de Bras\u00edlia, do Brasil e do Mundo","publisher":{"@id":"https:\/\/www.notibras.com\/site\/#organization"},"potentialAction":[{"@type":"SearchAction","target":{"@type":"EntryPoint","urlTemplate":"https:\/\/www.notibras.com\/site\/?s={search_term_string}"},"query-input":{"@type":"PropertyValueSpecification","valueRequired":true,"valueName":"search_term_string"}}],"inLanguage":"pt-BR"},{"@type":"Organization","@id":"https:\/\/www.notibras.com\/site\/#organization","name":"Grupo Notibras de Comunica\u00e7\u00e3o","url":"https:\/\/www.notibras.com\/site\/","logo":{"@type":"ImageObject","inLanguage":"pt-BR","@id":"https:\/\/www.notibras.com\/site\/#\/schema\/logo\/image\/","url":"https:\/\/www.notibras.com\/site\/wp-content\/uploads\/2023\/01\/notibras23.png","contentUrl":"https:\/\/www.notibras.com\/site\/wp-content\/uploads\/2023\/01\/notibras23.png","width":350,"height":87,"caption":"Grupo Notibras de Comunica\u00e7\u00e3o"},"image":{"@id":"https:\/\/www.notibras.com\/site\/#\/schema\/logo\/image\/"},"sameAs":["https:\/\/www.facebook.com\/notibras\/","https:\/\/x.com\/Notibras","https:\/\/www.instagram.com\/notibras\/"]},{"@type":"Person","@id":"https:\/\/www.notibras.com\/site\/#\/schema\/person\/36ab0979449956132d3e5b517ea76ac8","name":"Reda\u00e7\u00e3o","image":{"@type":"ImageObject","inLanguage":"pt-BR","@id":"https:\/\/secure.gravatar.com\/avatar\/e0a867bdedb85fd243eadf09663511f96fc81e0720a4a42581f334ad4303aa6b?s=96&d=mm&r=g","url":"https:\/\/secure.gravatar.com\/avatar\/e0a867bdedb85fd243eadf09663511f96fc81e0720a4a42581f334ad4303aa6b?s=96&d=mm&r=g","contentUrl":"https:\/\/secure.gravatar.com\/avatar\/e0a867bdedb85fd243eadf09663511f96fc81e0720a4a42581f334ad4303aa6b?s=96&d=mm&r=g","caption":"Reda\u00e7\u00e3o"}}]}},"amp_enabled":true,"_links":{"self":[{"href":"https:\/\/www.notibras.com\/site\/wp-json\/wp\/v2\/posts\/309907","targetHints":{"allow":["GET"]}}],"collection":[{"href":"https:\/\/www.notibras.com\/site\/wp-json\/wp\/v2\/posts"}],"about":[{"href":"https:\/\/www.notibras.com\/site\/wp-json\/wp\/v2\/types\/post"}],"author":[{"embeddable":true,"href":"https:\/\/www.notibras.com\/site\/wp-json\/wp\/v2\/users\/2"}],"replies":[{"embeddable":true,"href":"https:\/\/www.notibras.com\/site\/wp-json\/wp\/v2\/comments?post=309907"}],"version-history":[{"count":5,"href":"https:\/\/www.notibras.com\/site\/wp-json\/wp\/v2\/posts\/309907\/revisions"}],"predecessor-version":[{"id":309913,"href":"https:\/\/www.notibras.com\/site\/wp-json\/wp\/v2\/posts\/309907\/revisions\/309913"}],"wp:featuredmedia":[{"embeddable":true,"href":"https:\/\/www.notibras.com\/site\/wp-json\/wp\/v2\/media\/309908"}],"wp:attachment":[{"href":"https:\/\/www.notibras.com\/site\/wp-json\/wp\/v2\/media?parent=309907"}],"wp:term":[{"taxonomy":"category","embeddable":true,"href":"https:\/\/www.notibras.com\/site\/wp-json\/wp\/v2\/categories?post=309907"},{"taxonomy":"post_tag","embeddable":true,"href":"https:\/\/www.notibras.com\/site\/wp-json\/wp\/v2\/tags?post=309907"}],"curies":[{"name":"wp","href":"https:\/\/api.w.org\/{rel}","templated":true}]}}