{"id":309920,"date":"2023-07-31T00:09:38","date_gmt":"2023-07-31T03:09:38","guid":{"rendered":"https:\/\/www.notibras.com\/site\/?p=309920"},"modified":"2023-07-31T07:32:58","modified_gmt":"2023-07-31T10:32:58","slug":"309920-2","status":"publish","type":"post","link":"https:\/\/www.notibras.com\/site\/309920-2\/","title":{"rendered":"Manifesta\u00e7\u00e3o pede fim de abate de jumentos no Brasil"},"content":{"rendered":"<p>Uma manifesta\u00e7\u00e3o na Avenida Paulista, em S\u00e3o Paulo, neste domingo (30), denunciou o abatimento desmedido de jumentos no Brasil. O ato, chamado Quinta A\u00e7\u00e3o Nacional Contra o Abate de Jumentos, estava previsto para ocorrer tamb\u00e9m em mais 14 capitais do pa\u00eds e pede o fim da permiss\u00e3o do governo federal e do governo do estado da Bahia para o abate desses animais. Em Bras\u00edlia, o ato ocorreu no Eix\u00e3o do Lazer.<\/p>\n<p>De acordo com a Frente Nacional de Defesa dos Jumentos, que organizou a manifesta\u00e7\u00e3o, os animais correm o risco de serem extintos para atender a uma demanda comercial: a produ\u00e7\u00e3o do ejiao, produto extra\u00eddo do col\u00e1geno da pele do animal e utilizado na China como medicamento.<\/p>\n<p>Segundo o coordenador jur\u00eddico da Frente Nacional de Defesa do Jumentos, Yuri Fernandes Lima, o abate est\u00e1 concentrado em tr\u00eas abatedouros no estado da Bahia.<\/p>\n<p>&#8220;Esses abatedouros t\u00eam autoriza\u00e7\u00e3o federal para exporta\u00e7\u00e3o, o SIF [Servi\u00e7o de Inspe\u00e7\u00e3o Federal]. E a gente pede o fim [da autoriza\u00e7\u00e3o para] o abate, porque essa atividade est\u00e1 levando o jumento \u00e0 extin\u00e7\u00e3o\u201d, destaca.<\/p>\n<p>De acordo com o advogado, n\u00e3o h\u00e1 uma cadeia produtiva organizada para o abate do animal. \u201cA atividade \u00e9 extrativista. N\u00e3o tem cria\u00e7\u00e3o, n\u00e3o tem cadeia produtiva, eles simplesmente coletam, compram, \u00e0s vezes at\u00e9 furtam, e levam os animais para fazendas de espera. Depois para os abatedouros. A\u00ed eles abatem e exportam a pele pra China\u201d, ressalta.<\/p>\n<p><strong>Hist\u00f3rico<\/strong><br \/>\nEm 2018, a frente que atua defesa dos jumentos ajuizou uma a\u00e7\u00e3o civil p\u00fablica na Justi\u00e7a Federal em Salvador e conseguiu suspender liminarmente os abates. Em 2019, no entanto, a liminar foi cassada por decis\u00e3o do vice-presidente do Tribunal Regional Federal da Primeira Regi\u00e3o (TRF-1). Em 2022, a frente conseguiu restabelecer a liminar no TRF-1.<\/p>\n<p>\u201cS\u00f3 que havia uma decis\u00e3o anterior, de setembro de 2021, do mesmo \u00f3rg\u00e3o, em sentido contr\u00e1rio. Ent\u00e3o a Uni\u00e3o, principalmente, est\u00e1 comentando que vale a primeira decis\u00e3o, a mais antiga, no sentido de manter a suspens\u00e3o da liminar, ou seja, manter os abates. E a gente est\u00e1 alegando que vale a segunda decis\u00e3o, mais recente, de fevereiro de 2022, que pro\u00edbe o abate. Estamos agora nessa celeuma jur\u00eddica\u201d, diz Lima.<\/p>\n<p>De acordo com a Frente, apenas em abatedouros sob o Servi\u00e7o de Inspe\u00e7\u00e3o Federal no estado da Bahia, 78.964 jumentos foram abatidos entre fevereiro de 2021 e junho de 2022, n\u00fameros que n\u00e3o abrangem as mortes que ocorrem durante o transporte nem as causadas por doen\u00e7as. J\u00e1 a queda do n\u00famero desses animais no pa\u00eds pode chegar a 38%, de 2011 a 2017, segundo dados citados pela frente.<\/p>\n","protected":false},"excerpt":{"rendered":"<p>Uma manifesta\u00e7\u00e3o na Avenida Paulista, em S\u00e3o Paulo, neste domingo (30), denunciou o abatimento desmedido de jumentos no Brasil. O ato, chamado Quinta A\u00e7\u00e3o Nacional Contra o Abate de Jumentos, estava previsto para ocorrer tamb\u00e9m em mais 14 capitais do pa\u00eds e pede o fim da permiss\u00e3o do governo federal e do governo do estado [&hellip;]<\/p>\n","protected":false},"author":2,"featured_media":309921,"comment_status":"closed","ping_status":"closed","sticky":false,"template":"","format":"standard","meta":{"_acf_changed":false,"footnotes":""},"categories":[161],"tags":[95],"class_list":["post-309920","post","type-post","status-publish","format-standard","has-post-thumbnail","hentry","category-quadradinho-em-foco","tag-capa"],"acf":[],"yoast_head":"<!-- This site is optimized with the Yoast SEO plugin v27.2 - https:\/\/yoast.com\/product\/yoast-seo-wordpress\/ -->\n<title>Manifesta\u00e7\u00e3o pede fim de abate de jumentos no Brasil - Notibras<\/title>\n<meta name=\"robots\" content=\"index, follow, max-snippet:-1, max-image-preview:large, max-video-preview:-1\" \/>\n<link rel=\"canonical\" href=\"https:\/\/www.notibras.com\/site\/309920-2\/\" \/>\n<meta property=\"og:locale\" content=\"pt_BR\" \/>\n<meta property=\"og:type\" content=\"article\" \/>\n<meta property=\"og:title\" content=\"Manifesta\u00e7\u00e3o pede fim de abate de jumentos no Brasil - Notibras\" \/>\n<meta property=\"og:description\" content=\"Uma manifesta\u00e7\u00e3o na Avenida Paulista, em S\u00e3o Paulo, neste domingo (30), denunciou o abatimento desmedido de jumentos no Brasil. O ato, chamado Quinta A\u00e7\u00e3o Nacional Contra o Abate de Jumentos, estava previsto para ocorrer tamb\u00e9m em mais 14 capitais do pa\u00eds e pede o fim da permiss\u00e3o do governo federal e do governo do estado [&hellip;]\" \/>\n<meta property=\"og:url\" content=\"https:\/\/www.notibras.com\/site\/309920-2\/\" \/>\n<meta property=\"og:site_name\" content=\"Notibras\" \/>\n<meta property=\"article:publisher\" content=\"https:\/\/www.facebook.com\/notibras\/\" \/>\n<meta property=\"article:published_time\" content=\"2023-07-31T03:09:38+00:00\" \/>\n<meta property=\"article:modified_time\" content=\"2023-07-31T10:32:58+00:00\" \/>\n<meta property=\"og:image\" content=\"https:\/\/www.notibras.com\/site\/wp-content\/uploads\/2023\/07\/manifestacao-abate-jumentos_mcamgo_abr_30072023-3.jpg\" \/>\n\t<meta property=\"og:image:width\" content=\"1170\" \/>\n\t<meta property=\"og:image:height\" content=\"700\" \/>\n\t<meta property=\"og:image:type\" content=\"image\/jpeg\" \/>\n<meta name=\"author\" content=\"Reda\u00e7\u00e3o\" \/>\n<meta name=\"twitter:card\" content=\"summary_large_image\" \/>\n<meta name=\"twitter:creator\" content=\"@Notibras\" \/>\n<meta name=\"twitter:site\" content=\"@Notibras\" \/>\n<meta name=\"twitter:label1\" content=\"Escrito por\" \/>\n\t<meta name=\"twitter:data1\" content=\"Reda\u00e7\u00e3o\" \/>\n\t<meta name=\"twitter:label2\" content=\"Est. tempo de leitura\" \/>\n\t<meta name=\"twitter:data2\" content=\"3 minutos\" \/>\n<script type=\"application\/ld+json\" class=\"yoast-schema-graph\">{\"@context\":\"https:\/\/schema.org\",\"@graph\":[{\"@type\":\"Article\",\"@id\":\"https:\/\/www.notibras.com\/site\/309920-2\/#article\",\"isPartOf\":{\"@id\":\"https:\/\/www.notibras.com\/site\/309920-2\/\"},\"author\":{\"name\":\"Reda\u00e7\u00e3o\",\"@id\":\"https:\/\/www.notibras.com\/site\/#\/schema\/person\/36ab0979449956132d3e5b517ea76ac8\"},\"headline\":\"Manifesta\u00e7\u00e3o pede fim de abate de jumentos no Brasil\",\"datePublished\":\"2023-07-31T03:09:38+00:00\",\"dateModified\":\"2023-07-31T10:32:58+00:00\",\"mainEntityOfPage\":{\"@id\":\"https:\/\/www.notibras.com\/site\/309920-2\/\"},\"wordCount\":470,\"publisher\":{\"@id\":\"https:\/\/www.notibras.com\/site\/#organization\"},\"image\":{\"@id\":\"https:\/\/www.notibras.com\/site\/309920-2\/#primaryimage\"},\"thumbnailUrl\":\"https:\/\/www.notibras.com\/site\/wp-content\/uploads\/2023\/07\/manifestacao-abate-jumentos_mcamgo_abr_30072023-3.jpg\",\"keywords\":[\"capa\"],\"articleSection\":[\"Quadradinho em Foco\"],\"inLanguage\":\"pt-BR\"},{\"@type\":\"WebPage\",\"@id\":\"https:\/\/www.notibras.com\/site\/309920-2\/\",\"url\":\"https:\/\/www.notibras.com\/site\/309920-2\/\",\"name\":\"Manifesta\u00e7\u00e3o pede fim de abate de jumentos no Brasil - Notibras\",\"isPartOf\":{\"@id\":\"https:\/\/www.notibras.com\/site\/#website\"},\"primaryImageOfPage\":{\"@id\":\"https:\/\/www.notibras.com\/site\/309920-2\/#primaryimage\"},\"image\":{\"@id\":\"https:\/\/www.notibras.com\/site\/309920-2\/#primaryimage\"},\"thumbnailUrl\":\"https:\/\/www.notibras.com\/site\/wp-content\/uploads\/2023\/07\/manifestacao-abate-jumentos_mcamgo_abr_30072023-3.jpg\",\"datePublished\":\"2023-07-31T03:09:38+00:00\",\"dateModified\":\"2023-07-31T10:32:58+00:00\",\"breadcrumb\":{\"@id\":\"https:\/\/www.notibras.com\/site\/309920-2\/#breadcrumb\"},\"inLanguage\":\"pt-BR\",\"potentialAction\":[{\"@type\":\"ReadAction\",\"target\":[\"https:\/\/www.notibras.com\/site\/309920-2\/\"]}]},{\"@type\":\"ImageObject\",\"inLanguage\":\"pt-BR\",\"@id\":\"https:\/\/www.notibras.com\/site\/309920-2\/#primaryimage\",\"url\":\"https:\/\/www.notibras.com\/site\/wp-content\/uploads\/2023\/07\/manifestacao-abate-jumentos_mcamgo_abr_30072023-3.jpg\",\"contentUrl\":\"https:\/\/www.notibras.com\/site\/wp-content\/uploads\/2023\/07\/manifestacao-abate-jumentos_mcamgo_abr_30072023-3.jpg\",\"width\":1170,\"height\":700,\"caption\":\"Bras\u00edlia (DF), 30\/07\/2023 - Entidades de prote\u00e7\u00e3o dos animais, ativistas e advogados realizam manifesta\u00e7\u00e3o contra o abate de jumentos no Brasil. Foto: Marcelo Camargo\/Ag\u00eancia Brasil\"},{\"@type\":\"BreadcrumbList\",\"@id\":\"https:\/\/www.notibras.com\/site\/309920-2\/#breadcrumb\",\"itemListElement\":[{\"@type\":\"ListItem\",\"position\":1,\"name\":\"In\u00edcio\",\"item\":\"https:\/\/www.notibras.com\/site\/\"},{\"@type\":\"ListItem\",\"position\":2,\"name\":\"Manifesta\u00e7\u00e3o pede fim de abate de jumentos no Brasil\"}]},{\"@type\":\"WebSite\",\"@id\":\"https:\/\/www.notibras.com\/site\/#website\",\"url\":\"https:\/\/www.notibras.com\/site\/\",\"name\":\"Notibras\",\"description\":\"Not\u00edcias de Bras\u00edlia, do Brasil e do Mundo\",\"publisher\":{\"@id\":\"https:\/\/www.notibras.com\/site\/#organization\"},\"potentialAction\":[{\"@type\":\"SearchAction\",\"target\":{\"@type\":\"EntryPoint\",\"urlTemplate\":\"https:\/\/www.notibras.com\/site\/?s={search_term_string}\"},\"query-input\":{\"@type\":\"PropertyValueSpecification\",\"valueRequired\":true,\"valueName\":\"search_term_string\"}}],\"inLanguage\":\"pt-BR\"},{\"@type\":\"Organization\",\"@id\":\"https:\/\/www.notibras.com\/site\/#organization\",\"name\":\"Grupo Notibras de Comunica\u00e7\u00e3o\",\"url\":\"https:\/\/www.notibras.com\/site\/\",\"logo\":{\"@type\":\"ImageObject\",\"inLanguage\":\"pt-BR\",\"@id\":\"https:\/\/www.notibras.com\/site\/#\/schema\/logo\/image\/\",\"url\":\"https:\/\/www.notibras.com\/site\/wp-content\/uploads\/2023\/01\/notibras23.png\",\"contentUrl\":\"https:\/\/www.notibras.com\/site\/wp-content\/uploads\/2023\/01\/notibras23.png\",\"width\":350,\"height\":87,\"caption\":\"Grupo Notibras de Comunica\u00e7\u00e3o\"},\"image\":{\"@id\":\"https:\/\/www.notibras.com\/site\/#\/schema\/logo\/image\/\"},\"sameAs\":[\"https:\/\/www.facebook.com\/notibras\/\",\"https:\/\/x.com\/Notibras\",\"https:\/\/www.instagram.com\/notibras\/\"]},{\"@type\":\"Person\",\"@id\":\"https:\/\/www.notibras.com\/site\/#\/schema\/person\/36ab0979449956132d3e5b517ea76ac8\",\"name\":\"Reda\u00e7\u00e3o\",\"image\":{\"@type\":\"ImageObject\",\"inLanguage\":\"pt-BR\",\"@id\":\"https:\/\/secure.gravatar.com\/avatar\/e0a867bdedb85fd243eadf09663511f96fc81e0720a4a42581f334ad4303aa6b?s=96&d=mm&r=g\",\"url\":\"https:\/\/secure.gravatar.com\/avatar\/e0a867bdedb85fd243eadf09663511f96fc81e0720a4a42581f334ad4303aa6b?s=96&d=mm&r=g\",\"contentUrl\":\"https:\/\/secure.gravatar.com\/avatar\/e0a867bdedb85fd243eadf09663511f96fc81e0720a4a42581f334ad4303aa6b?s=96&d=mm&r=g\",\"caption\":\"Reda\u00e7\u00e3o\"}}]}<\/script>\n<!-- \/ Yoast SEO plugin. -->","yoast_head_json":{"title":"Manifesta\u00e7\u00e3o pede fim de abate de jumentos no Brasil - Notibras","robots":{"index":"index","follow":"follow","max-snippet":"max-snippet:-1","max-image-preview":"max-image-preview:large","max-video-preview":"max-video-preview:-1"},"canonical":"https:\/\/www.notibras.com\/site\/309920-2\/","og_locale":"pt_BR","og_type":"article","og_title":"Manifesta\u00e7\u00e3o pede fim de abate de jumentos no Brasil - Notibras","og_description":"Uma manifesta\u00e7\u00e3o na Avenida Paulista, em S\u00e3o Paulo, neste domingo (30), denunciou o abatimento desmedido de jumentos no Brasil. O ato, chamado Quinta A\u00e7\u00e3o Nacional Contra o Abate de Jumentos, estava previsto para ocorrer tamb\u00e9m em mais 14 capitais do pa\u00eds e pede o fim da permiss\u00e3o do governo federal e do governo do estado [&hellip;]","og_url":"https:\/\/www.notibras.com\/site\/309920-2\/","og_site_name":"Notibras","article_publisher":"https:\/\/www.facebook.com\/notibras\/","article_published_time":"2023-07-31T03:09:38+00:00","article_modified_time":"2023-07-31T10:32:58+00:00","og_image":[{"width":1170,"height":700,"url":"https:\/\/www.notibras.com\/site\/wp-content\/uploads\/2023\/07\/manifestacao-abate-jumentos_mcamgo_abr_30072023-3.jpg","type":"image\/jpeg"}],"author":"Reda\u00e7\u00e3o","twitter_card":"summary_large_image","twitter_creator":"@Notibras","twitter_site":"@Notibras","twitter_misc":{"Escrito por":"Reda\u00e7\u00e3o","Est. tempo de leitura":"3 minutos"},"schema":{"@context":"https:\/\/schema.org","@graph":[{"@type":"Article","@id":"https:\/\/www.notibras.com\/site\/309920-2\/#article","isPartOf":{"@id":"https:\/\/www.notibras.com\/site\/309920-2\/"},"author":{"name":"Reda\u00e7\u00e3o","@id":"https:\/\/www.notibras.com\/site\/#\/schema\/person\/36ab0979449956132d3e5b517ea76ac8"},"headline":"Manifesta\u00e7\u00e3o pede fim de abate de jumentos no Brasil","datePublished":"2023-07-31T03:09:38+00:00","dateModified":"2023-07-31T10:32:58+00:00","mainEntityOfPage":{"@id":"https:\/\/www.notibras.com\/site\/309920-2\/"},"wordCount":470,"publisher":{"@id":"https:\/\/www.notibras.com\/site\/#organization"},"image":{"@id":"https:\/\/www.notibras.com\/site\/309920-2\/#primaryimage"},"thumbnailUrl":"https:\/\/www.notibras.com\/site\/wp-content\/uploads\/2023\/07\/manifestacao-abate-jumentos_mcamgo_abr_30072023-3.jpg","keywords":["capa"],"articleSection":["Quadradinho em Foco"],"inLanguage":"pt-BR"},{"@type":"WebPage","@id":"https:\/\/www.notibras.com\/site\/309920-2\/","url":"https:\/\/www.notibras.com\/site\/309920-2\/","name":"Manifesta\u00e7\u00e3o pede fim de abate de jumentos no Brasil - Notibras","isPartOf":{"@id":"https:\/\/www.notibras.com\/site\/#website"},"primaryImageOfPage":{"@id":"https:\/\/www.notibras.com\/site\/309920-2\/#primaryimage"},"image":{"@id":"https:\/\/www.notibras.com\/site\/309920-2\/#primaryimage"},"thumbnailUrl":"https:\/\/www.notibras.com\/site\/wp-content\/uploads\/2023\/07\/manifestacao-abate-jumentos_mcamgo_abr_30072023-3.jpg","datePublished":"2023-07-31T03:09:38+00:00","dateModified":"2023-07-31T10:32:58+00:00","breadcrumb":{"@id":"https:\/\/www.notibras.com\/site\/309920-2\/#breadcrumb"},"inLanguage":"pt-BR","potentialAction":[{"@type":"ReadAction","target":["https:\/\/www.notibras.com\/site\/309920-2\/"]}]},{"@type":"ImageObject","inLanguage":"pt-BR","@id":"https:\/\/www.notibras.com\/site\/309920-2\/#primaryimage","url":"https:\/\/www.notibras.com\/site\/wp-content\/uploads\/2023\/07\/manifestacao-abate-jumentos_mcamgo_abr_30072023-3.jpg","contentUrl":"https:\/\/www.notibras.com\/site\/wp-content\/uploads\/2023\/07\/manifestacao-abate-jumentos_mcamgo_abr_30072023-3.jpg","width":1170,"height":700,"caption":"Bras\u00edlia (DF), 30\/07\/2023 - Entidades de prote\u00e7\u00e3o dos animais, ativistas e advogados realizam manifesta\u00e7\u00e3o contra o abate de jumentos no Brasil. Foto: Marcelo Camargo\/Ag\u00eancia Brasil"},{"@type":"BreadcrumbList","@id":"https:\/\/www.notibras.com\/site\/309920-2\/#breadcrumb","itemListElement":[{"@type":"ListItem","position":1,"name":"In\u00edcio","item":"https:\/\/www.notibras.com\/site\/"},{"@type":"ListItem","position":2,"name":"Manifesta\u00e7\u00e3o pede fim de abate de jumentos no Brasil"}]},{"@type":"WebSite","@id":"https:\/\/www.notibras.com\/site\/#website","url":"https:\/\/www.notibras.com\/site\/","name":"Notibras","description":"Not\u00edcias de Bras\u00edlia, do Brasil e do Mundo","publisher":{"@id":"https:\/\/www.notibras.com\/site\/#organization"},"potentialAction":[{"@type":"SearchAction","target":{"@type":"EntryPoint","urlTemplate":"https:\/\/www.notibras.com\/site\/?s={search_term_string}"},"query-input":{"@type":"PropertyValueSpecification","valueRequired":true,"valueName":"search_term_string"}}],"inLanguage":"pt-BR"},{"@type":"Organization","@id":"https:\/\/www.notibras.com\/site\/#organization","name":"Grupo Notibras de Comunica\u00e7\u00e3o","url":"https:\/\/www.notibras.com\/site\/","logo":{"@type":"ImageObject","inLanguage":"pt-BR","@id":"https:\/\/www.notibras.com\/site\/#\/schema\/logo\/image\/","url":"https:\/\/www.notibras.com\/site\/wp-content\/uploads\/2023\/01\/notibras23.png","contentUrl":"https:\/\/www.notibras.com\/site\/wp-content\/uploads\/2023\/01\/notibras23.png","width":350,"height":87,"caption":"Grupo Notibras de Comunica\u00e7\u00e3o"},"image":{"@id":"https:\/\/www.notibras.com\/site\/#\/schema\/logo\/image\/"},"sameAs":["https:\/\/www.facebook.com\/notibras\/","https:\/\/x.com\/Notibras","https:\/\/www.instagram.com\/notibras\/"]},{"@type":"Person","@id":"https:\/\/www.notibras.com\/site\/#\/schema\/person\/36ab0979449956132d3e5b517ea76ac8","name":"Reda\u00e7\u00e3o","image":{"@type":"ImageObject","inLanguage":"pt-BR","@id":"https:\/\/secure.gravatar.com\/avatar\/e0a867bdedb85fd243eadf09663511f96fc81e0720a4a42581f334ad4303aa6b?s=96&d=mm&r=g","url":"https:\/\/secure.gravatar.com\/avatar\/e0a867bdedb85fd243eadf09663511f96fc81e0720a4a42581f334ad4303aa6b?s=96&d=mm&r=g","contentUrl":"https:\/\/secure.gravatar.com\/avatar\/e0a867bdedb85fd243eadf09663511f96fc81e0720a4a42581f334ad4303aa6b?s=96&d=mm&r=g","caption":"Reda\u00e7\u00e3o"}}]}},"amp_enabled":true,"_links":{"self":[{"href":"https:\/\/www.notibras.com\/site\/wp-json\/wp\/v2\/posts\/309920","targetHints":{"allow":["GET"]}}],"collection":[{"href":"https:\/\/www.notibras.com\/site\/wp-json\/wp\/v2\/posts"}],"about":[{"href":"https:\/\/www.notibras.com\/site\/wp-json\/wp\/v2\/types\/post"}],"author":[{"embeddable":true,"href":"https:\/\/www.notibras.com\/site\/wp-json\/wp\/v2\/users\/2"}],"replies":[{"embeddable":true,"href":"https:\/\/www.notibras.com\/site\/wp-json\/wp\/v2\/comments?post=309920"}],"version-history":[{"count":2,"href":"https:\/\/www.notibras.com\/site\/wp-json\/wp\/v2\/posts\/309920\/revisions"}],"predecessor-version":[{"id":309923,"href":"https:\/\/www.notibras.com\/site\/wp-json\/wp\/v2\/posts\/309920\/revisions\/309923"}],"wp:featuredmedia":[{"embeddable":true,"href":"https:\/\/www.notibras.com\/site\/wp-json\/wp\/v2\/media\/309921"}],"wp:attachment":[{"href":"https:\/\/www.notibras.com\/site\/wp-json\/wp\/v2\/media?parent=309920"}],"wp:term":[{"taxonomy":"category","embeddable":true,"href":"https:\/\/www.notibras.com\/site\/wp-json\/wp\/v2\/categories?post=309920"},{"taxonomy":"post_tag","embeddable":true,"href":"https:\/\/www.notibras.com\/site\/wp-json\/wp\/v2\/tags?post=309920"}],"curies":[{"name":"wp","href":"https:\/\/api.w.org\/{rel}","templated":true}]}}