{"id":309947,"date":"2023-07-31T08:41:16","date_gmt":"2023-07-31T11:41:16","guid":{"rendered":"https:\/\/www.notibras.com\/site\/?p=309947"},"modified":"2023-07-31T08:41:16","modified_gmt":"2023-07-31T11:41:16","slug":"conto-de-terror-contado-com-pastel-e-caldo-de-cana","status":"publish","type":"post","link":"https:\/\/www.notibras.com\/site\/conto-de-terror-contado-com-pastel-e-caldo-de-cana\/","title":{"rendered":"Conto de terror contado com pastel e caldo de cana"},"content":{"rendered":"<p>Apesar de n\u00e3o ser propriamente um escritor de hist\u00f3rias de terror, sempre que me encontro com o Jos\u00e9 Seabra, editor do <strong>Notibras<\/strong>, ele me instiga a lhe contar um conto desse g\u00eanero. O \u00faltimo foi &#8220;Gorrinhos coloridos&#8221;, enquanto degust\u00e1vamos pastel com caldo de cana na rodovi\u00e1ria do Plano Piloto.<\/p>\n<p>Aline, que nascera aventureira, permaneceu com esse \u00edmpeto durante toda a sua vida. Toda a sua vida pode dar a falsa impress\u00e3o de que tenha vivido muito, algo que n\u00e3o \u00e9 verdade. Ou, ao menos, n\u00e3o se tem certeza. Isso porque, no auge dos seus quase 20, desapareceu na floresta da Tijuca, para onde havia ido com amigos para uma caminhada, provavelmente a sua \u00faltima.<\/p>\n<p>Essa d\u00favida, apesar de pairar sobre a mente de parentes, amigos e at\u00e9 desconhecidos, que leram a triste not\u00edcia do desaparecimento da garota, cuja foto foi estampada nas capas dos principais jornais da cidade, n\u00e3o ecoava na de sua av\u00f3, Ceci, que insistia em tecer gorrinhos coloridos para a neta preferida. A velha, como toda velha que era at\u00e9 velha para todos os outros velhos, vivia por ali sem ser percebida. Dia e noite, l\u00e1 estava Ceci tecendo infinitos gorrinhos, alguns at\u00e9 com pompom no cocuruto, como Aline gostava.<\/p>\n<p>Pelo que contavam os que estiveram com Aline no dia do sumi\u00e7o, a garota havia cismado em seguir por uma trilha antiga, talvez usada por tribos que ali andaram h\u00e1 centenas de anos ou, ent\u00e3o, por seres humanos escravizados em busca da liberdade. Aline, segundo diziam, sempre fora muito sensitiva para essas coisas, mesmo que a raz\u00e3o apontasse para o lado oposto.<\/p>\n<p>Talvez por isso, Aline era t\u00e3o pr\u00f3xima da sua av\u00f3, que, dizem, era bruxa. Mas n\u00e3o dessas de nariz adunco com verruga na ponta. N\u00e3o mesmo! Ceci, bela at\u00e9 na velhice mais avan\u00e7ada, encantava a todos ao redor. Tal feiti\u00e7o, ali\u00e1s, corria a cidade inteira, que, volta e meia, trazia aflitos \u00e0 procura de amparo.<\/p>\n<p>Ceci, a despeito de nunca cobrar, sempre era muito bem remunerada. Isso lhe proporcionou uma vida terrena muito pra l\u00e1 de confort\u00e1vel, beirando o luxo. Ela, no entanto, nunca se deixou iludir por tais mimos, a n\u00e3o ser por uma bela x\u00edcara de ch\u00e1 de ervas. Sem a\u00e7\u00facar, ela dizia, j\u00e1 que a vida tratou de adocicar seus l\u00e1bios desde bem cedo.<\/p>\n<p>N\u00e3o se sabe ao certo se foi numa ter\u00e7a ou quarta-feira. Talvez tenha sido mesmo numa sexta, quando todos estavam mais preocupados com o que iriam fazer no final do dia. Isso n\u00e3o importa! Seja como for, foi a Maricota, filha mais nova de Ceci, tia mais querida de Aline, que percebeu a aus\u00eancia da velha. Cad\u00ea? Ningu\u00e9m mais a viu! Procuraram por um tempo, mas logo trataram de se preocupar com os afazeres pr\u00f3prios de cada um.<\/p>\n<p>Quase no mesmo instante, l\u00e1 no meio da floresta da Tijuca, algo chamou a aten\u00e7\u00e3o daquela garota. Logo atr\u00e1s de si, as folhas come\u00e7aram a se mexer, como se algu\u00e9m estive se aproximando. Curiosa, ela olhou para tr\u00e1s e sorriu. Era sua av\u00f3, que trazia em uma das m\u00e3os uma x\u00edcara de ch\u00e1 de ervas bem quentinho. Na outra, uma sacola cheia de gorrinhos coloridos, todos com um pompom no cocuruto.<\/p>\n","protected":false},"excerpt":{"rendered":"<p>Apesar de n\u00e3o ser propriamente um escritor de hist\u00f3rias de terror, sempre que me encontro com o Jos\u00e9 Seabra, editor do Notibras, ele me instiga a lhe contar um conto desse g\u00eanero. O \u00faltimo foi &#8220;Gorrinhos coloridos&#8221;, enquanto degust\u00e1vamos pastel com caldo de cana na rodovi\u00e1ria do Plano Piloto. Aline, que nascera aventureira, permaneceu com [&hellip;]<\/p>\n","protected":false},"author":2,"featured_media":309948,"comment_status":"closed","ping_status":"closed","sticky":false,"template":"","format":"standard","meta":{"_acf_changed":false,"footnotes":""},"categories":[161],"tags":[],"class_list":["post-309947","post","type-post","status-publish","format-standard","has-post-thumbnail","hentry","category-quadradinho-em-foco"],"acf":[],"yoast_head":"<!-- This site is optimized with the Yoast SEO plugin v27.2 - https:\/\/yoast.com\/product\/yoast-seo-wordpress\/ -->\n<title>Conto de terror contado com pastel e caldo de cana - Notibras<\/title>\n<meta name=\"robots\" content=\"index, follow, max-snippet:-1, max-image-preview:large, max-video-preview:-1\" \/>\n<link rel=\"canonical\" href=\"https:\/\/www.notibras.com\/site\/conto-de-terror-contado-com-pastel-e-caldo-de-cana\/\" \/>\n<meta property=\"og:locale\" content=\"pt_BR\" \/>\n<meta property=\"og:type\" content=\"article\" \/>\n<meta property=\"og:title\" content=\"Conto de terror contado com pastel e caldo de cana - Notibras\" \/>\n<meta property=\"og:description\" content=\"Apesar de n\u00e3o ser propriamente um escritor de hist\u00f3rias de terror, sempre que me encontro com o Jos\u00e9 Seabra, editor do Notibras, ele me instiga a lhe contar um conto desse g\u00eanero. O \u00faltimo foi &#8220;Gorrinhos coloridos&#8221;, enquanto degust\u00e1vamos pastel com caldo de cana na rodovi\u00e1ria do Plano Piloto. Aline, que nascera aventureira, permaneceu com [&hellip;]\" \/>\n<meta property=\"og:url\" content=\"https:\/\/www.notibras.com\/site\/conto-de-terror-contado-com-pastel-e-caldo-de-cana\/\" \/>\n<meta property=\"og:site_name\" content=\"Notibras\" \/>\n<meta property=\"article:publisher\" content=\"https:\/\/www.facebook.com\/notibras\/\" \/>\n<meta property=\"article:published_time\" content=\"2023-07-31T11:41:16+00:00\" \/>\n<meta property=\"og:image\" content=\"https:\/\/www.notibras.com\/site\/wp-content\/uploads\/2023\/07\/ccd579ab-0a03-4a03-bd01-676f83f63b91.jpg\" \/>\n\t<meta property=\"og:image:width\" content=\"768\" \/>\n\t<meta property=\"og:image:height\" content=\"1024\" \/>\n\t<meta property=\"og:image:type\" content=\"image\/jpeg\" \/>\n<meta name=\"author\" content=\"Reda\u00e7\u00e3o\" \/>\n<meta name=\"twitter:card\" content=\"summary_large_image\" \/>\n<meta name=\"twitter:creator\" content=\"@Notibras\" \/>\n<meta name=\"twitter:site\" content=\"@Notibras\" \/>\n<meta name=\"twitter:label1\" content=\"Escrito por\" \/>\n\t<meta name=\"twitter:data1\" content=\"Reda\u00e7\u00e3o\" \/>\n\t<meta name=\"twitter:label2\" content=\"Est. tempo de leitura\" \/>\n\t<meta name=\"twitter:data2\" content=\"3 minutos\" \/>\n<script type=\"application\/ld+json\" class=\"yoast-schema-graph\">{\"@context\":\"https:\/\/schema.org\",\"@graph\":[{\"@type\":\"Article\",\"@id\":\"https:\/\/www.notibras.com\/site\/conto-de-terror-contado-com-pastel-e-caldo-de-cana\/#article\",\"isPartOf\":{\"@id\":\"https:\/\/www.notibras.com\/site\/conto-de-terror-contado-com-pastel-e-caldo-de-cana\/\"},\"author\":{\"name\":\"Reda\u00e7\u00e3o\",\"@id\":\"https:\/\/www.notibras.com\/site\/#\/schema\/person\/36ab0979449956132d3e5b517ea76ac8\"},\"headline\":\"Conto de terror contado com pastel e caldo de cana\",\"datePublished\":\"2023-07-31T11:41:16+00:00\",\"mainEntityOfPage\":{\"@id\":\"https:\/\/www.notibras.com\/site\/conto-de-terror-contado-com-pastel-e-caldo-de-cana\/\"},\"wordCount\":577,\"publisher\":{\"@id\":\"https:\/\/www.notibras.com\/site\/#organization\"},\"image\":{\"@id\":\"https:\/\/www.notibras.com\/site\/conto-de-terror-contado-com-pastel-e-caldo-de-cana\/#primaryimage\"},\"thumbnailUrl\":\"https:\/\/www.notibras.com\/site\/wp-content\/uploads\/2023\/07\/ccd579ab-0a03-4a03-bd01-676f83f63b91.jpg\",\"articleSection\":[\"Quadradinho em Foco\"],\"inLanguage\":\"pt-BR\"},{\"@type\":\"WebPage\",\"@id\":\"https:\/\/www.notibras.com\/site\/conto-de-terror-contado-com-pastel-e-caldo-de-cana\/\",\"url\":\"https:\/\/www.notibras.com\/site\/conto-de-terror-contado-com-pastel-e-caldo-de-cana\/\",\"name\":\"Conto de terror contado com pastel e caldo de cana - Notibras\",\"isPartOf\":{\"@id\":\"https:\/\/www.notibras.com\/site\/#website\"},\"primaryImageOfPage\":{\"@id\":\"https:\/\/www.notibras.com\/site\/conto-de-terror-contado-com-pastel-e-caldo-de-cana\/#primaryimage\"},\"image\":{\"@id\":\"https:\/\/www.notibras.com\/site\/conto-de-terror-contado-com-pastel-e-caldo-de-cana\/#primaryimage\"},\"thumbnailUrl\":\"https:\/\/www.notibras.com\/site\/wp-content\/uploads\/2023\/07\/ccd579ab-0a03-4a03-bd01-676f83f63b91.jpg\",\"datePublished\":\"2023-07-31T11:41:16+00:00\",\"breadcrumb\":{\"@id\":\"https:\/\/www.notibras.com\/site\/conto-de-terror-contado-com-pastel-e-caldo-de-cana\/#breadcrumb\"},\"inLanguage\":\"pt-BR\",\"potentialAction\":[{\"@type\":\"ReadAction\",\"target\":[\"https:\/\/www.notibras.com\/site\/conto-de-terror-contado-com-pastel-e-caldo-de-cana\/\"]}]},{\"@type\":\"ImageObject\",\"inLanguage\":\"pt-BR\",\"@id\":\"https:\/\/www.notibras.com\/site\/conto-de-terror-contado-com-pastel-e-caldo-de-cana\/#primaryimage\",\"url\":\"https:\/\/www.notibras.com\/site\/wp-content\/uploads\/2023\/07\/ccd579ab-0a03-4a03-bd01-676f83f63b91.jpg\",\"contentUrl\":\"https:\/\/www.notibras.com\/site\/wp-content\/uploads\/2023\/07\/ccd579ab-0a03-4a03-bd01-676f83f63b91.jpg\",\"width\":768,\"height\":1024},{\"@type\":\"BreadcrumbList\",\"@id\":\"https:\/\/www.notibras.com\/site\/conto-de-terror-contado-com-pastel-e-caldo-de-cana\/#breadcrumb\",\"itemListElement\":[{\"@type\":\"ListItem\",\"position\":1,\"name\":\"In\u00edcio\",\"item\":\"https:\/\/www.notibras.com\/site\/\"},{\"@type\":\"ListItem\",\"position\":2,\"name\":\"Conto de terror contado com pastel e caldo de cana\"}]},{\"@type\":\"WebSite\",\"@id\":\"https:\/\/www.notibras.com\/site\/#website\",\"url\":\"https:\/\/www.notibras.com\/site\/\",\"name\":\"Notibras\",\"description\":\"Not\u00edcias de Bras\u00edlia, do Brasil e do Mundo\",\"publisher\":{\"@id\":\"https:\/\/www.notibras.com\/site\/#organization\"},\"potentialAction\":[{\"@type\":\"SearchAction\",\"target\":{\"@type\":\"EntryPoint\",\"urlTemplate\":\"https:\/\/www.notibras.com\/site\/?s={search_term_string}\"},\"query-input\":{\"@type\":\"PropertyValueSpecification\",\"valueRequired\":true,\"valueName\":\"search_term_string\"}}],\"inLanguage\":\"pt-BR\"},{\"@type\":\"Organization\",\"@id\":\"https:\/\/www.notibras.com\/site\/#organization\",\"name\":\"Grupo Notibras de Comunica\u00e7\u00e3o\",\"url\":\"https:\/\/www.notibras.com\/site\/\",\"logo\":{\"@type\":\"ImageObject\",\"inLanguage\":\"pt-BR\",\"@id\":\"https:\/\/www.notibras.com\/site\/#\/schema\/logo\/image\/\",\"url\":\"https:\/\/www.notibras.com\/site\/wp-content\/uploads\/2023\/01\/notibras23.png\",\"contentUrl\":\"https:\/\/www.notibras.com\/site\/wp-content\/uploads\/2023\/01\/notibras23.png\",\"width\":350,\"height\":87,\"caption\":\"Grupo Notibras de Comunica\u00e7\u00e3o\"},\"image\":{\"@id\":\"https:\/\/www.notibras.com\/site\/#\/schema\/logo\/image\/\"},\"sameAs\":[\"https:\/\/www.facebook.com\/notibras\/\",\"https:\/\/x.com\/Notibras\",\"https:\/\/www.instagram.com\/notibras\/\"]},{\"@type\":\"Person\",\"@id\":\"https:\/\/www.notibras.com\/site\/#\/schema\/person\/36ab0979449956132d3e5b517ea76ac8\",\"name\":\"Reda\u00e7\u00e3o\",\"image\":{\"@type\":\"ImageObject\",\"inLanguage\":\"pt-BR\",\"@id\":\"https:\/\/secure.gravatar.com\/avatar\/e0a867bdedb85fd243eadf09663511f96fc81e0720a4a42581f334ad4303aa6b?s=96&d=mm&r=g\",\"url\":\"https:\/\/secure.gravatar.com\/avatar\/e0a867bdedb85fd243eadf09663511f96fc81e0720a4a42581f334ad4303aa6b?s=96&d=mm&r=g\",\"contentUrl\":\"https:\/\/secure.gravatar.com\/avatar\/e0a867bdedb85fd243eadf09663511f96fc81e0720a4a42581f334ad4303aa6b?s=96&d=mm&r=g\",\"caption\":\"Reda\u00e7\u00e3o\"}}]}<\/script>\n<!-- \/ Yoast SEO plugin. -->","yoast_head_json":{"title":"Conto de terror contado com pastel e caldo de cana - Notibras","robots":{"index":"index","follow":"follow","max-snippet":"max-snippet:-1","max-image-preview":"max-image-preview:large","max-video-preview":"max-video-preview:-1"},"canonical":"https:\/\/www.notibras.com\/site\/conto-de-terror-contado-com-pastel-e-caldo-de-cana\/","og_locale":"pt_BR","og_type":"article","og_title":"Conto de terror contado com pastel e caldo de cana - Notibras","og_description":"Apesar de n\u00e3o ser propriamente um escritor de hist\u00f3rias de terror, sempre que me encontro com o Jos\u00e9 Seabra, editor do Notibras, ele me instiga a lhe contar um conto desse g\u00eanero. O \u00faltimo foi &#8220;Gorrinhos coloridos&#8221;, enquanto degust\u00e1vamos pastel com caldo de cana na rodovi\u00e1ria do Plano Piloto. Aline, que nascera aventureira, permaneceu com [&hellip;]","og_url":"https:\/\/www.notibras.com\/site\/conto-de-terror-contado-com-pastel-e-caldo-de-cana\/","og_site_name":"Notibras","article_publisher":"https:\/\/www.facebook.com\/notibras\/","article_published_time":"2023-07-31T11:41:16+00:00","og_image":[{"width":768,"height":1024,"url":"https:\/\/www.notibras.com\/site\/wp-content\/uploads\/2023\/07\/ccd579ab-0a03-4a03-bd01-676f83f63b91.jpg","type":"image\/jpeg"}],"author":"Reda\u00e7\u00e3o","twitter_card":"summary_large_image","twitter_creator":"@Notibras","twitter_site":"@Notibras","twitter_misc":{"Escrito por":"Reda\u00e7\u00e3o","Est. tempo de leitura":"3 minutos"},"schema":{"@context":"https:\/\/schema.org","@graph":[{"@type":"Article","@id":"https:\/\/www.notibras.com\/site\/conto-de-terror-contado-com-pastel-e-caldo-de-cana\/#article","isPartOf":{"@id":"https:\/\/www.notibras.com\/site\/conto-de-terror-contado-com-pastel-e-caldo-de-cana\/"},"author":{"name":"Reda\u00e7\u00e3o","@id":"https:\/\/www.notibras.com\/site\/#\/schema\/person\/36ab0979449956132d3e5b517ea76ac8"},"headline":"Conto de terror contado com pastel e caldo de cana","datePublished":"2023-07-31T11:41:16+00:00","mainEntityOfPage":{"@id":"https:\/\/www.notibras.com\/site\/conto-de-terror-contado-com-pastel-e-caldo-de-cana\/"},"wordCount":577,"publisher":{"@id":"https:\/\/www.notibras.com\/site\/#organization"},"image":{"@id":"https:\/\/www.notibras.com\/site\/conto-de-terror-contado-com-pastel-e-caldo-de-cana\/#primaryimage"},"thumbnailUrl":"https:\/\/www.notibras.com\/site\/wp-content\/uploads\/2023\/07\/ccd579ab-0a03-4a03-bd01-676f83f63b91.jpg","articleSection":["Quadradinho em Foco"],"inLanguage":"pt-BR"},{"@type":"WebPage","@id":"https:\/\/www.notibras.com\/site\/conto-de-terror-contado-com-pastel-e-caldo-de-cana\/","url":"https:\/\/www.notibras.com\/site\/conto-de-terror-contado-com-pastel-e-caldo-de-cana\/","name":"Conto de terror contado com pastel e caldo de cana - Notibras","isPartOf":{"@id":"https:\/\/www.notibras.com\/site\/#website"},"primaryImageOfPage":{"@id":"https:\/\/www.notibras.com\/site\/conto-de-terror-contado-com-pastel-e-caldo-de-cana\/#primaryimage"},"image":{"@id":"https:\/\/www.notibras.com\/site\/conto-de-terror-contado-com-pastel-e-caldo-de-cana\/#primaryimage"},"thumbnailUrl":"https:\/\/www.notibras.com\/site\/wp-content\/uploads\/2023\/07\/ccd579ab-0a03-4a03-bd01-676f83f63b91.jpg","datePublished":"2023-07-31T11:41:16+00:00","breadcrumb":{"@id":"https:\/\/www.notibras.com\/site\/conto-de-terror-contado-com-pastel-e-caldo-de-cana\/#breadcrumb"},"inLanguage":"pt-BR","potentialAction":[{"@type":"ReadAction","target":["https:\/\/www.notibras.com\/site\/conto-de-terror-contado-com-pastel-e-caldo-de-cana\/"]}]},{"@type":"ImageObject","inLanguage":"pt-BR","@id":"https:\/\/www.notibras.com\/site\/conto-de-terror-contado-com-pastel-e-caldo-de-cana\/#primaryimage","url":"https:\/\/www.notibras.com\/site\/wp-content\/uploads\/2023\/07\/ccd579ab-0a03-4a03-bd01-676f83f63b91.jpg","contentUrl":"https:\/\/www.notibras.com\/site\/wp-content\/uploads\/2023\/07\/ccd579ab-0a03-4a03-bd01-676f83f63b91.jpg","width":768,"height":1024},{"@type":"BreadcrumbList","@id":"https:\/\/www.notibras.com\/site\/conto-de-terror-contado-com-pastel-e-caldo-de-cana\/#breadcrumb","itemListElement":[{"@type":"ListItem","position":1,"name":"In\u00edcio","item":"https:\/\/www.notibras.com\/site\/"},{"@type":"ListItem","position":2,"name":"Conto de terror contado com pastel e caldo de cana"}]},{"@type":"WebSite","@id":"https:\/\/www.notibras.com\/site\/#website","url":"https:\/\/www.notibras.com\/site\/","name":"Notibras","description":"Not\u00edcias de Bras\u00edlia, do Brasil e do Mundo","publisher":{"@id":"https:\/\/www.notibras.com\/site\/#organization"},"potentialAction":[{"@type":"SearchAction","target":{"@type":"EntryPoint","urlTemplate":"https:\/\/www.notibras.com\/site\/?s={search_term_string}"},"query-input":{"@type":"PropertyValueSpecification","valueRequired":true,"valueName":"search_term_string"}}],"inLanguage":"pt-BR"},{"@type":"Organization","@id":"https:\/\/www.notibras.com\/site\/#organization","name":"Grupo Notibras de Comunica\u00e7\u00e3o","url":"https:\/\/www.notibras.com\/site\/","logo":{"@type":"ImageObject","inLanguage":"pt-BR","@id":"https:\/\/www.notibras.com\/site\/#\/schema\/logo\/image\/","url":"https:\/\/www.notibras.com\/site\/wp-content\/uploads\/2023\/01\/notibras23.png","contentUrl":"https:\/\/www.notibras.com\/site\/wp-content\/uploads\/2023\/01\/notibras23.png","width":350,"height":87,"caption":"Grupo Notibras de Comunica\u00e7\u00e3o"},"image":{"@id":"https:\/\/www.notibras.com\/site\/#\/schema\/logo\/image\/"},"sameAs":["https:\/\/www.facebook.com\/notibras\/","https:\/\/x.com\/Notibras","https:\/\/www.instagram.com\/notibras\/"]},{"@type":"Person","@id":"https:\/\/www.notibras.com\/site\/#\/schema\/person\/36ab0979449956132d3e5b517ea76ac8","name":"Reda\u00e7\u00e3o","image":{"@type":"ImageObject","inLanguage":"pt-BR","@id":"https:\/\/secure.gravatar.com\/avatar\/e0a867bdedb85fd243eadf09663511f96fc81e0720a4a42581f334ad4303aa6b?s=96&d=mm&r=g","url":"https:\/\/secure.gravatar.com\/avatar\/e0a867bdedb85fd243eadf09663511f96fc81e0720a4a42581f334ad4303aa6b?s=96&d=mm&r=g","contentUrl":"https:\/\/secure.gravatar.com\/avatar\/e0a867bdedb85fd243eadf09663511f96fc81e0720a4a42581f334ad4303aa6b?s=96&d=mm&r=g","caption":"Reda\u00e7\u00e3o"}}]}},"amp_enabled":true,"_links":{"self":[{"href":"https:\/\/www.notibras.com\/site\/wp-json\/wp\/v2\/posts\/309947","targetHints":{"allow":["GET"]}}],"collection":[{"href":"https:\/\/www.notibras.com\/site\/wp-json\/wp\/v2\/posts"}],"about":[{"href":"https:\/\/www.notibras.com\/site\/wp-json\/wp\/v2\/types\/post"}],"author":[{"embeddable":true,"href":"https:\/\/www.notibras.com\/site\/wp-json\/wp\/v2\/users\/2"}],"replies":[{"embeddable":true,"href":"https:\/\/www.notibras.com\/site\/wp-json\/wp\/v2\/comments?post=309947"}],"version-history":[{"count":1,"href":"https:\/\/www.notibras.com\/site\/wp-json\/wp\/v2\/posts\/309947\/revisions"}],"predecessor-version":[{"id":309949,"href":"https:\/\/www.notibras.com\/site\/wp-json\/wp\/v2\/posts\/309947\/revisions\/309949"}],"wp:featuredmedia":[{"embeddable":true,"href":"https:\/\/www.notibras.com\/site\/wp-json\/wp\/v2\/media\/309948"}],"wp:attachment":[{"href":"https:\/\/www.notibras.com\/site\/wp-json\/wp\/v2\/media?parent=309947"}],"wp:term":[{"taxonomy":"category","embeddable":true,"href":"https:\/\/www.notibras.com\/site\/wp-json\/wp\/v2\/categories?post=309947"},{"taxonomy":"post_tag","embeddable":true,"href":"https:\/\/www.notibras.com\/site\/wp-json\/wp\/v2\/tags?post=309947"}],"curies":[{"name":"wp","href":"https:\/\/api.w.org\/{rel}","templated":true}]}}