{"id":309952,"date":"2023-07-31T11:16:26","date_gmt":"2023-07-31T14:16:26","guid":{"rendered":"https:\/\/www.notibras.com\/site\/?p=309952"},"modified":"2023-07-31T11:16:26","modified_gmt":"2023-07-31T14:16:26","slug":"tribunal-cobra-do-buriti-grana-de-programa-de-higiene-feminina","status":"publish","type":"post","link":"https:\/\/www.notibras.com\/site\/tribunal-cobra-do-buriti-grana-de-programa-de-higiene-feminina\/","title":{"rendered":"Tribunal cobra do Buriti grana de programa de higiene feminina"},"content":{"rendered":"<p>O Tribunal de Contas deu um prazo de 120 dias para que a Secretaria de Sa\u00fade informe sobre as medidas adotadas para a disponibiliza\u00e7\u00e3o gratuita de absorventes higi\u00eanicos e coletores menstruais a mulheres em situa\u00e7\u00e3o de vulnerabilidade econ\u00f4mica e social.<\/p>\n<p>A decis\u00e3o foi tomada ap\u00f3s o TCDF analisar uma representa\u00e7\u00e3o, no \u00e2mbito do processo 00600-00010846\/2022-01-e, questionando o suposto descumprimento da Lei n\u00ba 6.569\/20, que institui a Pol\u00edtica de Aten\u00e7\u00e3o Integral \u00e0 Sa\u00fade da Mulher.<\/p>\n<p>Essa norma prev\u00ea, entre outras coisas, a\u202fdistribui\u00e7\u00e3o gratuita, na capital da Rep\u00fablica, de produtos que possibilitem condi\u00e7\u00f5es adequadas de higiene \u00edntima para adolescentes da rede p\u00fablica de ensino e mulheres em situa\u00e7\u00e3o de pobreza.<\/p>\n<p>Segundo a den\u00fancia, na Lei Or\u00e7ament\u00e1ria Anual (LOA), foram previstos cerca de R$ 7 milh\u00f5es para aquisi\u00e7\u00e3o de insumos e absorventes higi\u00eanicos. No entanto, n\u00e3o houve execu\u00e7\u00e3o or\u00e7ament\u00e1ria para esse fim.<\/p>\n<p>O documento ainda ressalta que a aus\u00eancia de condi\u00e7\u00f5es sanit\u00e1rias m\u00ednimas, conhecida como pobreza menstrual, &#8220;\u00e9 uma viola\u00e7\u00e3o de direitos humanos que distancia o pa\u00eds do alcance dos Objetivos de Desenvolvimento Sustent\u00e1vel da Organiza\u00e7\u00e3o das Na\u00e7\u00f5es Unidas (ONU)&#8221;. Segundo a representa\u00e7\u00e3o, passados dois anos da aprova\u00e7\u00e3o da Lei n\u00ba 6.569\/20, as mulheres em situa\u00e7\u00e3o de pobreza menstrual continuam desassistidas no DF.<\/p>\n<p>Em outubro de 2022, o TCDF j\u00e1 havia pedido esclarecimentos para a Secretaria de Sa\u00fade para o descumprimento da legisla\u00e7\u00e3o sobre o tema. Na ocasi\u00e3o, a Secretaraia informou que tomou provid\u00eancias junto a outras \u00e1reas do governo a fim de fazer um levantamento do n\u00famero de mulheres em idade f\u00e9rtil que vivem em situa\u00e7\u00e3o de vulnerabilidade econ\u00f4mica e social, separado por faixa et\u00e1ria (adolescentes, jovens e adultas), entre outras a\u00e7\u00f5es, para efetiva implementa\u00e7\u00e3o da Pol\u00edtica de Aten\u00e7\u00e3o \u00e0 Sa\u00fade da Mulher.<\/p>\n<p>Agora, a Secretaria de Sa\u00fade do Distrito Federal ter\u00e1 um novo prazo, de 120 dias, para informar as medidas concretas adotadas a fim de implementar a Pol\u00edtica de Aten\u00e7\u00e3o Integral \u00e0 Sa\u00fade da Mulher e distribuir gratuitamente absorventes higi\u00eanicos e coletores menstruais a mulheres e meninas em situa\u00e7\u00e3o de vulnerabilidade.<\/p>\n","protected":false},"excerpt":{"rendered":"<p>O Tribunal de Contas deu um prazo de 120 dias para que a Secretaria de Sa\u00fade informe sobre as medidas adotadas para a disponibiliza\u00e7\u00e3o gratuita de absorventes higi\u00eanicos e coletores menstruais a mulheres em situa\u00e7\u00e3o de vulnerabilidade econ\u00f4mica e social. A decis\u00e3o foi tomada ap\u00f3s o TCDF analisar uma representa\u00e7\u00e3o, no \u00e2mbito do processo 00600-00010846\/2022-01-e, [&hellip;]<\/p>\n","protected":false},"author":2,"featured_media":309953,"comment_status":"closed","ping_status":"closed","sticky":false,"template":"","format":"standard","meta":{"_acf_changed":false,"footnotes":""},"categories":[161],"tags":[95],"class_list":["post-309952","post","type-post","status-publish","format-standard","has-post-thumbnail","hentry","category-quadradinho-em-foco","tag-capa"],"acf":[],"yoast_head":"<!-- This site is optimized with the Yoast SEO plugin v27.2 - https:\/\/yoast.com\/product\/yoast-seo-wordpress\/ -->\n<title>Tribunal cobra do Buriti grana de programa de higiene feminina - Notibras<\/title>\n<meta name=\"robots\" content=\"index, follow, max-snippet:-1, max-image-preview:large, max-video-preview:-1\" \/>\n<link rel=\"canonical\" href=\"https:\/\/www.notibras.com\/site\/tribunal-cobra-do-buriti-grana-de-programa-de-higiene-feminina\/\" \/>\n<meta property=\"og:locale\" content=\"pt_BR\" \/>\n<meta property=\"og:type\" content=\"article\" \/>\n<meta property=\"og:title\" content=\"Tribunal cobra do Buriti grana de programa de higiene feminina - Notibras\" \/>\n<meta property=\"og:description\" content=\"O Tribunal de Contas deu um prazo de 120 dias para que a Secretaria de Sa\u00fade informe sobre as medidas adotadas para a disponibiliza\u00e7\u00e3o gratuita de absorventes higi\u00eanicos e coletores menstruais a mulheres em situa\u00e7\u00e3o de vulnerabilidade econ\u00f4mica e social. A decis\u00e3o foi tomada ap\u00f3s o TCDF analisar uma representa\u00e7\u00e3o, no \u00e2mbito do processo 00600-00010846\/2022-01-e, [&hellip;]\" \/>\n<meta property=\"og:url\" content=\"https:\/\/www.notibras.com\/site\/tribunal-cobra-do-buriti-grana-de-programa-de-higiene-feminina\/\" \/>\n<meta property=\"og:site_name\" content=\"Notibras\" \/>\n<meta property=\"article:publisher\" content=\"https:\/\/www.facebook.com\/notibras\/\" \/>\n<meta property=\"article:published_time\" content=\"2023-07-31T14:16:26+00:00\" \/>\n<meta property=\"og:image\" content=\"https:\/\/www.notibras.com\/site\/wp-content\/uploads\/2023\/07\/mulher-de-rua.jpeg\" \/>\n\t<meta property=\"og:image:width\" content=\"960\" \/>\n\t<meta property=\"og:image:height\" content=\"720\" \/>\n\t<meta property=\"og:image:type\" content=\"image\/jpeg\" \/>\n<meta name=\"author\" content=\"Reda\u00e7\u00e3o\" \/>\n<meta name=\"twitter:card\" content=\"summary_large_image\" \/>\n<meta name=\"twitter:creator\" content=\"@Notibras\" \/>\n<meta name=\"twitter:site\" content=\"@Notibras\" \/>\n<meta name=\"twitter:label1\" content=\"Escrito por\" \/>\n\t<meta name=\"twitter:data1\" content=\"Reda\u00e7\u00e3o\" \/>\n\t<meta name=\"twitter:label2\" content=\"Est. tempo de leitura\" \/>\n\t<meta name=\"twitter:data2\" content=\"2 minutos\" \/>\n<script type=\"application\/ld+json\" class=\"yoast-schema-graph\">{\"@context\":\"https:\/\/schema.org\",\"@graph\":[{\"@type\":\"Article\",\"@id\":\"https:\/\/www.notibras.com\/site\/tribunal-cobra-do-buriti-grana-de-programa-de-higiene-feminina\/#article\",\"isPartOf\":{\"@id\":\"https:\/\/www.notibras.com\/site\/tribunal-cobra-do-buriti-grana-de-programa-de-higiene-feminina\/\"},\"author\":{\"name\":\"Reda\u00e7\u00e3o\",\"@id\":\"https:\/\/www.notibras.com\/site\/#\/schema\/person\/36ab0979449956132d3e5b517ea76ac8\"},\"headline\":\"Tribunal cobra do Buriti grana de programa de higiene feminina\",\"datePublished\":\"2023-07-31T14:16:26+00:00\",\"mainEntityOfPage\":{\"@id\":\"https:\/\/www.notibras.com\/site\/tribunal-cobra-do-buriti-grana-de-programa-de-higiene-feminina\/\"},\"wordCount\":392,\"publisher\":{\"@id\":\"https:\/\/www.notibras.com\/site\/#organization\"},\"image\":{\"@id\":\"https:\/\/www.notibras.com\/site\/tribunal-cobra-do-buriti-grana-de-programa-de-higiene-feminina\/#primaryimage\"},\"thumbnailUrl\":\"https:\/\/www.notibras.com\/site\/wp-content\/uploads\/2023\/07\/mulher-de-rua.jpeg\",\"keywords\":[\"capa\"],\"articleSection\":[\"Quadradinho em Foco\"],\"inLanguage\":\"pt-BR\"},{\"@type\":\"WebPage\",\"@id\":\"https:\/\/www.notibras.com\/site\/tribunal-cobra-do-buriti-grana-de-programa-de-higiene-feminina\/\",\"url\":\"https:\/\/www.notibras.com\/site\/tribunal-cobra-do-buriti-grana-de-programa-de-higiene-feminina\/\",\"name\":\"Tribunal cobra do Buriti grana de programa de higiene feminina - Notibras\",\"isPartOf\":{\"@id\":\"https:\/\/www.notibras.com\/site\/#website\"},\"primaryImageOfPage\":{\"@id\":\"https:\/\/www.notibras.com\/site\/tribunal-cobra-do-buriti-grana-de-programa-de-higiene-feminina\/#primaryimage\"},\"image\":{\"@id\":\"https:\/\/www.notibras.com\/site\/tribunal-cobra-do-buriti-grana-de-programa-de-higiene-feminina\/#primaryimage\"},\"thumbnailUrl\":\"https:\/\/www.notibras.com\/site\/wp-content\/uploads\/2023\/07\/mulher-de-rua.jpeg\",\"datePublished\":\"2023-07-31T14:16:26+00:00\",\"breadcrumb\":{\"@id\":\"https:\/\/www.notibras.com\/site\/tribunal-cobra-do-buriti-grana-de-programa-de-higiene-feminina\/#breadcrumb\"},\"inLanguage\":\"pt-BR\",\"potentialAction\":[{\"@type\":\"ReadAction\",\"target\":[\"https:\/\/www.notibras.com\/site\/tribunal-cobra-do-buriti-grana-de-programa-de-higiene-feminina\/\"]}]},{\"@type\":\"ImageObject\",\"inLanguage\":\"pt-BR\",\"@id\":\"https:\/\/www.notibras.com\/site\/tribunal-cobra-do-buriti-grana-de-programa-de-higiene-feminina\/#primaryimage\",\"url\":\"https:\/\/www.notibras.com\/site\/wp-content\/uploads\/2023\/07\/mulher-de-rua.jpeg\",\"contentUrl\":\"https:\/\/www.notibras.com\/site\/wp-content\/uploads\/2023\/07\/mulher-de-rua.jpeg\",\"width\":960,\"height\":720},{\"@type\":\"BreadcrumbList\",\"@id\":\"https:\/\/www.notibras.com\/site\/tribunal-cobra-do-buriti-grana-de-programa-de-higiene-feminina\/#breadcrumb\",\"itemListElement\":[{\"@type\":\"ListItem\",\"position\":1,\"name\":\"In\u00edcio\",\"item\":\"https:\/\/www.notibras.com\/site\/\"},{\"@type\":\"ListItem\",\"position\":2,\"name\":\"Tribunal cobra do Buriti grana de programa de higiene feminina\"}]},{\"@type\":\"WebSite\",\"@id\":\"https:\/\/www.notibras.com\/site\/#website\",\"url\":\"https:\/\/www.notibras.com\/site\/\",\"name\":\"Notibras\",\"description\":\"Not\u00edcias de Bras\u00edlia, do Brasil e do Mundo\",\"publisher\":{\"@id\":\"https:\/\/www.notibras.com\/site\/#organization\"},\"potentialAction\":[{\"@type\":\"SearchAction\",\"target\":{\"@type\":\"EntryPoint\",\"urlTemplate\":\"https:\/\/www.notibras.com\/site\/?s={search_term_string}\"},\"query-input\":{\"@type\":\"PropertyValueSpecification\",\"valueRequired\":true,\"valueName\":\"search_term_string\"}}],\"inLanguage\":\"pt-BR\"},{\"@type\":\"Organization\",\"@id\":\"https:\/\/www.notibras.com\/site\/#organization\",\"name\":\"Grupo Notibras de Comunica\u00e7\u00e3o\",\"url\":\"https:\/\/www.notibras.com\/site\/\",\"logo\":{\"@type\":\"ImageObject\",\"inLanguage\":\"pt-BR\",\"@id\":\"https:\/\/www.notibras.com\/site\/#\/schema\/logo\/image\/\",\"url\":\"https:\/\/www.notibras.com\/site\/wp-content\/uploads\/2023\/01\/notibras23.png\",\"contentUrl\":\"https:\/\/www.notibras.com\/site\/wp-content\/uploads\/2023\/01\/notibras23.png\",\"width\":350,\"height\":87,\"caption\":\"Grupo Notibras de Comunica\u00e7\u00e3o\"},\"image\":{\"@id\":\"https:\/\/www.notibras.com\/site\/#\/schema\/logo\/image\/\"},\"sameAs\":[\"https:\/\/www.facebook.com\/notibras\/\",\"https:\/\/x.com\/Notibras\",\"https:\/\/www.instagram.com\/notibras\/\"]},{\"@type\":\"Person\",\"@id\":\"https:\/\/www.notibras.com\/site\/#\/schema\/person\/36ab0979449956132d3e5b517ea76ac8\",\"name\":\"Reda\u00e7\u00e3o\",\"image\":{\"@type\":\"ImageObject\",\"inLanguage\":\"pt-BR\",\"@id\":\"https:\/\/secure.gravatar.com\/avatar\/e0a867bdedb85fd243eadf09663511f96fc81e0720a4a42581f334ad4303aa6b?s=96&d=mm&r=g\",\"url\":\"https:\/\/secure.gravatar.com\/avatar\/e0a867bdedb85fd243eadf09663511f96fc81e0720a4a42581f334ad4303aa6b?s=96&d=mm&r=g\",\"contentUrl\":\"https:\/\/secure.gravatar.com\/avatar\/e0a867bdedb85fd243eadf09663511f96fc81e0720a4a42581f334ad4303aa6b?s=96&d=mm&r=g\",\"caption\":\"Reda\u00e7\u00e3o\"}}]}<\/script>\n<!-- \/ Yoast SEO plugin. -->","yoast_head_json":{"title":"Tribunal cobra do Buriti grana de programa de higiene feminina - Notibras","robots":{"index":"index","follow":"follow","max-snippet":"max-snippet:-1","max-image-preview":"max-image-preview:large","max-video-preview":"max-video-preview:-1"},"canonical":"https:\/\/www.notibras.com\/site\/tribunal-cobra-do-buriti-grana-de-programa-de-higiene-feminina\/","og_locale":"pt_BR","og_type":"article","og_title":"Tribunal cobra do Buriti grana de programa de higiene feminina - Notibras","og_description":"O Tribunal de Contas deu um prazo de 120 dias para que a Secretaria de Sa\u00fade informe sobre as medidas adotadas para a disponibiliza\u00e7\u00e3o gratuita de absorventes higi\u00eanicos e coletores menstruais a mulheres em situa\u00e7\u00e3o de vulnerabilidade econ\u00f4mica e social. A decis\u00e3o foi tomada ap\u00f3s o TCDF analisar uma representa\u00e7\u00e3o, no \u00e2mbito do processo 00600-00010846\/2022-01-e, [&hellip;]","og_url":"https:\/\/www.notibras.com\/site\/tribunal-cobra-do-buriti-grana-de-programa-de-higiene-feminina\/","og_site_name":"Notibras","article_publisher":"https:\/\/www.facebook.com\/notibras\/","article_published_time":"2023-07-31T14:16:26+00:00","og_image":[{"width":960,"height":720,"url":"https:\/\/www.notibras.com\/site\/wp-content\/uploads\/2023\/07\/mulher-de-rua.jpeg","type":"image\/jpeg"}],"author":"Reda\u00e7\u00e3o","twitter_card":"summary_large_image","twitter_creator":"@Notibras","twitter_site":"@Notibras","twitter_misc":{"Escrito por":"Reda\u00e7\u00e3o","Est. tempo de leitura":"2 minutos"},"schema":{"@context":"https:\/\/schema.org","@graph":[{"@type":"Article","@id":"https:\/\/www.notibras.com\/site\/tribunal-cobra-do-buriti-grana-de-programa-de-higiene-feminina\/#article","isPartOf":{"@id":"https:\/\/www.notibras.com\/site\/tribunal-cobra-do-buriti-grana-de-programa-de-higiene-feminina\/"},"author":{"name":"Reda\u00e7\u00e3o","@id":"https:\/\/www.notibras.com\/site\/#\/schema\/person\/36ab0979449956132d3e5b517ea76ac8"},"headline":"Tribunal cobra do Buriti grana de programa de higiene feminina","datePublished":"2023-07-31T14:16:26+00:00","mainEntityOfPage":{"@id":"https:\/\/www.notibras.com\/site\/tribunal-cobra-do-buriti-grana-de-programa-de-higiene-feminina\/"},"wordCount":392,"publisher":{"@id":"https:\/\/www.notibras.com\/site\/#organization"},"image":{"@id":"https:\/\/www.notibras.com\/site\/tribunal-cobra-do-buriti-grana-de-programa-de-higiene-feminina\/#primaryimage"},"thumbnailUrl":"https:\/\/www.notibras.com\/site\/wp-content\/uploads\/2023\/07\/mulher-de-rua.jpeg","keywords":["capa"],"articleSection":["Quadradinho em Foco"],"inLanguage":"pt-BR"},{"@type":"WebPage","@id":"https:\/\/www.notibras.com\/site\/tribunal-cobra-do-buriti-grana-de-programa-de-higiene-feminina\/","url":"https:\/\/www.notibras.com\/site\/tribunal-cobra-do-buriti-grana-de-programa-de-higiene-feminina\/","name":"Tribunal cobra do Buriti grana de programa de higiene feminina - Notibras","isPartOf":{"@id":"https:\/\/www.notibras.com\/site\/#website"},"primaryImageOfPage":{"@id":"https:\/\/www.notibras.com\/site\/tribunal-cobra-do-buriti-grana-de-programa-de-higiene-feminina\/#primaryimage"},"image":{"@id":"https:\/\/www.notibras.com\/site\/tribunal-cobra-do-buriti-grana-de-programa-de-higiene-feminina\/#primaryimage"},"thumbnailUrl":"https:\/\/www.notibras.com\/site\/wp-content\/uploads\/2023\/07\/mulher-de-rua.jpeg","datePublished":"2023-07-31T14:16:26+00:00","breadcrumb":{"@id":"https:\/\/www.notibras.com\/site\/tribunal-cobra-do-buriti-grana-de-programa-de-higiene-feminina\/#breadcrumb"},"inLanguage":"pt-BR","potentialAction":[{"@type":"ReadAction","target":["https:\/\/www.notibras.com\/site\/tribunal-cobra-do-buriti-grana-de-programa-de-higiene-feminina\/"]}]},{"@type":"ImageObject","inLanguage":"pt-BR","@id":"https:\/\/www.notibras.com\/site\/tribunal-cobra-do-buriti-grana-de-programa-de-higiene-feminina\/#primaryimage","url":"https:\/\/www.notibras.com\/site\/wp-content\/uploads\/2023\/07\/mulher-de-rua.jpeg","contentUrl":"https:\/\/www.notibras.com\/site\/wp-content\/uploads\/2023\/07\/mulher-de-rua.jpeg","width":960,"height":720},{"@type":"BreadcrumbList","@id":"https:\/\/www.notibras.com\/site\/tribunal-cobra-do-buriti-grana-de-programa-de-higiene-feminina\/#breadcrumb","itemListElement":[{"@type":"ListItem","position":1,"name":"In\u00edcio","item":"https:\/\/www.notibras.com\/site\/"},{"@type":"ListItem","position":2,"name":"Tribunal cobra do Buriti grana de programa de higiene feminina"}]},{"@type":"WebSite","@id":"https:\/\/www.notibras.com\/site\/#website","url":"https:\/\/www.notibras.com\/site\/","name":"Notibras","description":"Not\u00edcias de Bras\u00edlia, do Brasil e do Mundo","publisher":{"@id":"https:\/\/www.notibras.com\/site\/#organization"},"potentialAction":[{"@type":"SearchAction","target":{"@type":"EntryPoint","urlTemplate":"https:\/\/www.notibras.com\/site\/?s={search_term_string}"},"query-input":{"@type":"PropertyValueSpecification","valueRequired":true,"valueName":"search_term_string"}}],"inLanguage":"pt-BR"},{"@type":"Organization","@id":"https:\/\/www.notibras.com\/site\/#organization","name":"Grupo Notibras de Comunica\u00e7\u00e3o","url":"https:\/\/www.notibras.com\/site\/","logo":{"@type":"ImageObject","inLanguage":"pt-BR","@id":"https:\/\/www.notibras.com\/site\/#\/schema\/logo\/image\/","url":"https:\/\/www.notibras.com\/site\/wp-content\/uploads\/2023\/01\/notibras23.png","contentUrl":"https:\/\/www.notibras.com\/site\/wp-content\/uploads\/2023\/01\/notibras23.png","width":350,"height":87,"caption":"Grupo Notibras de Comunica\u00e7\u00e3o"},"image":{"@id":"https:\/\/www.notibras.com\/site\/#\/schema\/logo\/image\/"},"sameAs":["https:\/\/www.facebook.com\/notibras\/","https:\/\/x.com\/Notibras","https:\/\/www.instagram.com\/notibras\/"]},{"@type":"Person","@id":"https:\/\/www.notibras.com\/site\/#\/schema\/person\/36ab0979449956132d3e5b517ea76ac8","name":"Reda\u00e7\u00e3o","image":{"@type":"ImageObject","inLanguage":"pt-BR","@id":"https:\/\/secure.gravatar.com\/avatar\/e0a867bdedb85fd243eadf09663511f96fc81e0720a4a42581f334ad4303aa6b?s=96&d=mm&r=g","url":"https:\/\/secure.gravatar.com\/avatar\/e0a867bdedb85fd243eadf09663511f96fc81e0720a4a42581f334ad4303aa6b?s=96&d=mm&r=g","contentUrl":"https:\/\/secure.gravatar.com\/avatar\/e0a867bdedb85fd243eadf09663511f96fc81e0720a4a42581f334ad4303aa6b?s=96&d=mm&r=g","caption":"Reda\u00e7\u00e3o"}}]}},"amp_enabled":true,"_links":{"self":[{"href":"https:\/\/www.notibras.com\/site\/wp-json\/wp\/v2\/posts\/309952","targetHints":{"allow":["GET"]}}],"collection":[{"href":"https:\/\/www.notibras.com\/site\/wp-json\/wp\/v2\/posts"}],"about":[{"href":"https:\/\/www.notibras.com\/site\/wp-json\/wp\/v2\/types\/post"}],"author":[{"embeddable":true,"href":"https:\/\/www.notibras.com\/site\/wp-json\/wp\/v2\/users\/2"}],"replies":[{"embeddable":true,"href":"https:\/\/www.notibras.com\/site\/wp-json\/wp\/v2\/comments?post=309952"}],"version-history":[{"count":1,"href":"https:\/\/www.notibras.com\/site\/wp-json\/wp\/v2\/posts\/309952\/revisions"}],"predecessor-version":[{"id":309954,"href":"https:\/\/www.notibras.com\/site\/wp-json\/wp\/v2\/posts\/309952\/revisions\/309954"}],"wp:featuredmedia":[{"embeddable":true,"href":"https:\/\/www.notibras.com\/site\/wp-json\/wp\/v2\/media\/309953"}],"wp:attachment":[{"href":"https:\/\/www.notibras.com\/site\/wp-json\/wp\/v2\/media?parent=309952"}],"wp:term":[{"taxonomy":"category","embeddable":true,"href":"https:\/\/www.notibras.com\/site\/wp-json\/wp\/v2\/categories?post=309952"},{"taxonomy":"post_tag","embeddable":true,"href":"https:\/\/www.notibras.com\/site\/wp-json\/wp\/v2\/tags?post=309952"}],"curies":[{"name":"wp","href":"https:\/\/api.w.org\/{rel}","templated":true}]}}