{"id":309961,"date":"2023-07-31T10:30:48","date_gmt":"2023-07-31T13:30:48","guid":{"rendered":"https:\/\/www.notibras.com\/site\/?p=309961"},"modified":"2023-07-31T12:35:21","modified_gmt":"2023-07-31T15:35:21","slug":"esta-acabando-prazo-para-mostrar-documentos-do-prouni","status":"publish","type":"post","link":"https:\/\/www.notibras.com\/site\/esta-acabando-prazo-para-mostrar-documentos-do-prouni\/","title":{"rendered":"Est\u00e1 acabando prazo para mostrar documentos do Prouni"},"content":{"rendered":"<p>O prazo da segunda chamada para comprova\u00e7\u00e3o de documenta\u00e7\u00e3o dos classificados para o segundo semestre, do Programa Universidade Para Todos (Prouni) 2023 terminar\u00e1 na pr\u00f3xima quinta-feira (3). Nesta etapa, os candidatos \u00e0s bolsas integrais e parciais de estudo em cursos de gradua\u00e7\u00e3o, nas institui\u00e7\u00f5es privadas de educa\u00e7\u00e3o superior, devem comprovar as informa\u00e7\u00f5es fornecidas durante a inscri\u00e7\u00e3o.<\/p>\n<p>A entrega da documenta\u00e7\u00e3o pode ser feita por meio eletr\u00f4nico no Portal de Acesso \u00danico do Minist\u00e9rio da Educa\u00e7\u00e3o (MEC), ou na pr\u00f3pria institui\u00e7\u00e3o de ensino superior. https:\/\/acessounico.mec.gov.br\/<\/p>\n<p>Os candidatos pr\u00e9-aprovados devem apresentar a documenta\u00e7\u00e3o relacionada \u00e0 forma\u00e7\u00e3o do ensino m\u00e9dio, \u00e0 comprova\u00e7\u00e3o de defici\u00eancia e \u00e0 comprova\u00e7\u00e3o de forma\u00e7\u00e3o para o magist\u00e9rio da educa\u00e7\u00e3o b\u00e1sica, conforme cada caso previsto no edital deste ano.<\/p>\n<p>\u00c9 necess\u00e1rio, tamb\u00e9m, apresentar documentos que comprovem renda familiar de at\u00e9 1,5 sal\u00e1rio m\u00ednimo, atualmente em R$ 1.980 &#8211; por pessoa &#8211; para quem concorre \u00e0s bolsas integrais. Para bolsas parciais, a renda mensal a ser comprovada \u00e9 de at\u00e9 tr\u00eas sal\u00e1rios m\u00ednimos, por pessoa, atualmente no valor de R$ 3.960.<\/p>\n<p><strong>Exig\u00eancias<\/strong><br \/>\nA segunda chamada \u00e9 uma nova chance para os estudantes classificados de acordo com as op\u00e7\u00f5es de curso e institui\u00e7\u00e3o e as notas obtidas no Exame Nacional do Ensino M\u00e9dio (Enem) cumprirem as exig\u00eancias previstas no Prouni.<\/p>\n<p>Os que perderem o prazo perdem o direito \u00e0 bolsa que ser\u00e1 destinada aos candidatos classificados na lista de espera. A divulga\u00e7\u00e3o da lista de espera e in\u00edcio dos prazos para esse grupo dever\u00e1 acontecer no dia 18 de agosto.<\/p>\n<p>Para o segundo semestre de 2023, o MEC disponibilizou 276.566 bolsas, sendo 215.530 integrais e 61.036 parciais, de 50% do valor da mensalidade, para cursos de gradua\u00e7\u00e3o, ou sequenciais de forma\u00e7\u00e3o espec\u00edfica.<\/p>\n","protected":false},"excerpt":{"rendered":"<p>O prazo da segunda chamada para comprova\u00e7\u00e3o de documenta\u00e7\u00e3o dos classificados para o segundo semestre, do Programa Universidade Para Todos (Prouni) 2023 terminar\u00e1 na pr\u00f3xima quinta-feira (3). Nesta etapa, os candidatos \u00e0s bolsas integrais e parciais de estudo em cursos de gradua\u00e7\u00e3o, nas institui\u00e7\u00f5es privadas de educa\u00e7\u00e3o superior, devem comprovar as informa\u00e7\u00f5es fornecidas durante a [&hellip;]<\/p>\n","protected":false},"author":2,"featured_media":309962,"comment_status":"closed","ping_status":"closed","sticky":false,"template":"","format":"standard","meta":{"_acf_changed":false,"footnotes":""},"categories":[161],"tags":[95],"class_list":["post-309961","post","type-post","status-publish","format-standard","has-post-thumbnail","hentry","category-quadradinho-em-foco","tag-capa"],"acf":[],"yoast_head":"<!-- This site is optimized with the Yoast SEO plugin v27.2 - https:\/\/yoast.com\/product\/yoast-seo-wordpress\/ -->\n<title>Est\u00e1 acabando prazo para mostrar documentos do Prouni - Notibras<\/title>\n<meta name=\"robots\" content=\"index, follow, max-snippet:-1, max-image-preview:large, max-video-preview:-1\" \/>\n<link rel=\"canonical\" href=\"https:\/\/www.notibras.com\/site\/esta-acabando-prazo-para-mostrar-documentos-do-prouni\/\" \/>\n<meta property=\"og:locale\" content=\"pt_BR\" \/>\n<meta property=\"og:type\" content=\"article\" \/>\n<meta property=\"og:title\" content=\"Est\u00e1 acabando prazo para mostrar documentos do Prouni - Notibras\" \/>\n<meta property=\"og:description\" content=\"O prazo da segunda chamada para comprova\u00e7\u00e3o de documenta\u00e7\u00e3o dos classificados para o segundo semestre, do Programa Universidade Para Todos (Prouni) 2023 terminar\u00e1 na pr\u00f3xima quinta-feira (3). Nesta etapa, os candidatos \u00e0s bolsas integrais e parciais de estudo em cursos de gradua\u00e7\u00e3o, nas institui\u00e7\u00f5es privadas de educa\u00e7\u00e3o superior, devem comprovar as informa\u00e7\u00f5es fornecidas durante a [&hellip;]\" \/>\n<meta property=\"og:url\" content=\"https:\/\/www.notibras.com\/site\/esta-acabando-prazo-para-mostrar-documentos-do-prouni\/\" \/>\n<meta property=\"og:site_name\" content=\"Notibras\" \/>\n<meta property=\"article:publisher\" content=\"https:\/\/www.facebook.com\/notibras\/\" \/>\n<meta property=\"article:published_time\" content=\"2023-07-31T13:30:48+00:00\" \/>\n<meta property=\"article:modified_time\" content=\"2023-07-31T15:35:21+00:00\" \/>\n<meta property=\"og:image\" content=\"https:\/\/www.notibras.com\/site\/wp-content\/uploads\/2023\/07\/20230627_123618_0.jpg\" \/>\n\t<meta property=\"og:image:width\" content=\"1170\" \/>\n\t<meta property=\"og:image:height\" content=\"700\" \/>\n\t<meta property=\"og:image:type\" content=\"image\/jpeg\" \/>\n<meta name=\"author\" content=\"Reda\u00e7\u00e3o\" \/>\n<meta name=\"twitter:card\" content=\"summary_large_image\" \/>\n<meta name=\"twitter:creator\" content=\"@Notibras\" \/>\n<meta name=\"twitter:site\" content=\"@Notibras\" \/>\n<meta name=\"twitter:label1\" content=\"Escrito por\" \/>\n\t<meta name=\"twitter:data1\" content=\"Reda\u00e7\u00e3o\" \/>\n\t<meta name=\"twitter:label2\" content=\"Est. tempo de leitura\" \/>\n\t<meta name=\"twitter:data2\" content=\"2 minutos\" \/>\n<script type=\"application\/ld+json\" class=\"yoast-schema-graph\">{\"@context\":\"https:\/\/schema.org\",\"@graph\":[{\"@type\":\"Article\",\"@id\":\"https:\/\/www.notibras.com\/site\/esta-acabando-prazo-para-mostrar-documentos-do-prouni\/#article\",\"isPartOf\":{\"@id\":\"https:\/\/www.notibras.com\/site\/esta-acabando-prazo-para-mostrar-documentos-do-prouni\/\"},\"author\":{\"name\":\"Reda\u00e7\u00e3o\",\"@id\":\"https:\/\/www.notibras.com\/site\/#\/schema\/person\/36ab0979449956132d3e5b517ea76ac8\"},\"headline\":\"Est\u00e1 acabando prazo para mostrar documentos do Prouni\",\"datePublished\":\"2023-07-31T13:30:48+00:00\",\"dateModified\":\"2023-07-31T15:35:21+00:00\",\"mainEntityOfPage\":{\"@id\":\"https:\/\/www.notibras.com\/site\/esta-acabando-prazo-para-mostrar-documentos-do-prouni\/\"},\"wordCount\":317,\"publisher\":{\"@id\":\"https:\/\/www.notibras.com\/site\/#organization\"},\"image\":{\"@id\":\"https:\/\/www.notibras.com\/site\/esta-acabando-prazo-para-mostrar-documentos-do-prouni\/#primaryimage\"},\"thumbnailUrl\":\"https:\/\/www.notibras.com\/site\/wp-content\/uploads\/2023\/07\/20230627_123618_0.jpg\",\"keywords\":[\"capa\"],\"articleSection\":[\"Quadradinho em Foco\"],\"inLanguage\":\"pt-BR\"},{\"@type\":\"WebPage\",\"@id\":\"https:\/\/www.notibras.com\/site\/esta-acabando-prazo-para-mostrar-documentos-do-prouni\/\",\"url\":\"https:\/\/www.notibras.com\/site\/esta-acabando-prazo-para-mostrar-documentos-do-prouni\/\",\"name\":\"Est\u00e1 acabando prazo para mostrar documentos do Prouni - Notibras\",\"isPartOf\":{\"@id\":\"https:\/\/www.notibras.com\/site\/#website\"},\"primaryImageOfPage\":{\"@id\":\"https:\/\/www.notibras.com\/site\/esta-acabando-prazo-para-mostrar-documentos-do-prouni\/#primaryimage\"},\"image\":{\"@id\":\"https:\/\/www.notibras.com\/site\/esta-acabando-prazo-para-mostrar-documentos-do-prouni\/#primaryimage\"},\"thumbnailUrl\":\"https:\/\/www.notibras.com\/site\/wp-content\/uploads\/2023\/07\/20230627_123618_0.jpg\",\"datePublished\":\"2023-07-31T13:30:48+00:00\",\"dateModified\":\"2023-07-31T15:35:21+00:00\",\"breadcrumb\":{\"@id\":\"https:\/\/www.notibras.com\/site\/esta-acabando-prazo-para-mostrar-documentos-do-prouni\/#breadcrumb\"},\"inLanguage\":\"pt-BR\",\"potentialAction\":[{\"@type\":\"ReadAction\",\"target\":[\"https:\/\/www.notibras.com\/site\/esta-acabando-prazo-para-mostrar-documentos-do-prouni\/\"]}]},{\"@type\":\"ImageObject\",\"inLanguage\":\"pt-BR\",\"@id\":\"https:\/\/www.notibras.com\/site\/esta-acabando-prazo-para-mostrar-documentos-do-prouni\/#primaryimage\",\"url\":\"https:\/\/www.notibras.com\/site\/wp-content\/uploads\/2023\/07\/20230627_123618_0.jpg\",\"contentUrl\":\"https:\/\/www.notibras.com\/site\/wp-content\/uploads\/2023\/07\/20230627_123618_0.jpg\",\"width\":1170,\"height\":700,\"caption\":\"Bras\u00edlia - 27\/06\/2023 - O Programa Universidade Para Todos (Prouni) oferta bolsas de estudo, integrais e parciais (50% do valor da mensalidade do curso), em cursos de gradua\u00e7\u00e3o e sequenciais de forma\u00e7\u00e3o espec\u00edfica, em institui\u00e7\u00f5es de educa\u00e7\u00e3o superior privadas. As inscri\u00e7\u00f5es podem ser feitas pelo celular ou pelo computador. Foto: Juca Varella\/Ag\u00eancia Brasil\/Ag\u00eancia Brasil\"},{\"@type\":\"BreadcrumbList\",\"@id\":\"https:\/\/www.notibras.com\/site\/esta-acabando-prazo-para-mostrar-documentos-do-prouni\/#breadcrumb\",\"itemListElement\":[{\"@type\":\"ListItem\",\"position\":1,\"name\":\"In\u00edcio\",\"item\":\"https:\/\/www.notibras.com\/site\/\"},{\"@type\":\"ListItem\",\"position\":2,\"name\":\"Est\u00e1 acabando prazo para mostrar documentos do Prouni\"}]},{\"@type\":\"WebSite\",\"@id\":\"https:\/\/www.notibras.com\/site\/#website\",\"url\":\"https:\/\/www.notibras.com\/site\/\",\"name\":\"Notibras\",\"description\":\"Not\u00edcias de Bras\u00edlia, do Brasil e do Mundo\",\"publisher\":{\"@id\":\"https:\/\/www.notibras.com\/site\/#organization\"},\"potentialAction\":[{\"@type\":\"SearchAction\",\"target\":{\"@type\":\"EntryPoint\",\"urlTemplate\":\"https:\/\/www.notibras.com\/site\/?s={search_term_string}\"},\"query-input\":{\"@type\":\"PropertyValueSpecification\",\"valueRequired\":true,\"valueName\":\"search_term_string\"}}],\"inLanguage\":\"pt-BR\"},{\"@type\":\"Organization\",\"@id\":\"https:\/\/www.notibras.com\/site\/#organization\",\"name\":\"Grupo Notibras de Comunica\u00e7\u00e3o\",\"url\":\"https:\/\/www.notibras.com\/site\/\",\"logo\":{\"@type\":\"ImageObject\",\"inLanguage\":\"pt-BR\",\"@id\":\"https:\/\/www.notibras.com\/site\/#\/schema\/logo\/image\/\",\"url\":\"https:\/\/www.notibras.com\/site\/wp-content\/uploads\/2023\/01\/notibras23.png\",\"contentUrl\":\"https:\/\/www.notibras.com\/site\/wp-content\/uploads\/2023\/01\/notibras23.png\",\"width\":350,\"height\":87,\"caption\":\"Grupo Notibras de Comunica\u00e7\u00e3o\"},\"image\":{\"@id\":\"https:\/\/www.notibras.com\/site\/#\/schema\/logo\/image\/\"},\"sameAs\":[\"https:\/\/www.facebook.com\/notibras\/\",\"https:\/\/x.com\/Notibras\",\"https:\/\/www.instagram.com\/notibras\/\"]},{\"@type\":\"Person\",\"@id\":\"https:\/\/www.notibras.com\/site\/#\/schema\/person\/36ab0979449956132d3e5b517ea76ac8\",\"name\":\"Reda\u00e7\u00e3o\",\"image\":{\"@type\":\"ImageObject\",\"inLanguage\":\"pt-BR\",\"@id\":\"https:\/\/secure.gravatar.com\/avatar\/e0a867bdedb85fd243eadf09663511f96fc81e0720a4a42581f334ad4303aa6b?s=96&d=mm&r=g\",\"url\":\"https:\/\/secure.gravatar.com\/avatar\/e0a867bdedb85fd243eadf09663511f96fc81e0720a4a42581f334ad4303aa6b?s=96&d=mm&r=g\",\"contentUrl\":\"https:\/\/secure.gravatar.com\/avatar\/e0a867bdedb85fd243eadf09663511f96fc81e0720a4a42581f334ad4303aa6b?s=96&d=mm&r=g\",\"caption\":\"Reda\u00e7\u00e3o\"}}]}<\/script>\n<!-- \/ Yoast SEO plugin. -->","yoast_head_json":{"title":"Est\u00e1 acabando prazo para mostrar documentos do Prouni - Notibras","robots":{"index":"index","follow":"follow","max-snippet":"max-snippet:-1","max-image-preview":"max-image-preview:large","max-video-preview":"max-video-preview:-1"},"canonical":"https:\/\/www.notibras.com\/site\/esta-acabando-prazo-para-mostrar-documentos-do-prouni\/","og_locale":"pt_BR","og_type":"article","og_title":"Est\u00e1 acabando prazo para mostrar documentos do Prouni - Notibras","og_description":"O prazo da segunda chamada para comprova\u00e7\u00e3o de documenta\u00e7\u00e3o dos classificados para o segundo semestre, do Programa Universidade Para Todos (Prouni) 2023 terminar\u00e1 na pr\u00f3xima quinta-feira (3). Nesta etapa, os candidatos \u00e0s bolsas integrais e parciais de estudo em cursos de gradua\u00e7\u00e3o, nas institui\u00e7\u00f5es privadas de educa\u00e7\u00e3o superior, devem comprovar as informa\u00e7\u00f5es fornecidas durante a [&hellip;]","og_url":"https:\/\/www.notibras.com\/site\/esta-acabando-prazo-para-mostrar-documentos-do-prouni\/","og_site_name":"Notibras","article_publisher":"https:\/\/www.facebook.com\/notibras\/","article_published_time":"2023-07-31T13:30:48+00:00","article_modified_time":"2023-07-31T15:35:21+00:00","og_image":[{"width":1170,"height":700,"url":"https:\/\/www.notibras.com\/site\/wp-content\/uploads\/2023\/07\/20230627_123618_0.jpg","type":"image\/jpeg"}],"author":"Reda\u00e7\u00e3o","twitter_card":"summary_large_image","twitter_creator":"@Notibras","twitter_site":"@Notibras","twitter_misc":{"Escrito por":"Reda\u00e7\u00e3o","Est. tempo de leitura":"2 minutos"},"schema":{"@context":"https:\/\/schema.org","@graph":[{"@type":"Article","@id":"https:\/\/www.notibras.com\/site\/esta-acabando-prazo-para-mostrar-documentos-do-prouni\/#article","isPartOf":{"@id":"https:\/\/www.notibras.com\/site\/esta-acabando-prazo-para-mostrar-documentos-do-prouni\/"},"author":{"name":"Reda\u00e7\u00e3o","@id":"https:\/\/www.notibras.com\/site\/#\/schema\/person\/36ab0979449956132d3e5b517ea76ac8"},"headline":"Est\u00e1 acabando prazo para mostrar documentos do Prouni","datePublished":"2023-07-31T13:30:48+00:00","dateModified":"2023-07-31T15:35:21+00:00","mainEntityOfPage":{"@id":"https:\/\/www.notibras.com\/site\/esta-acabando-prazo-para-mostrar-documentos-do-prouni\/"},"wordCount":317,"publisher":{"@id":"https:\/\/www.notibras.com\/site\/#organization"},"image":{"@id":"https:\/\/www.notibras.com\/site\/esta-acabando-prazo-para-mostrar-documentos-do-prouni\/#primaryimage"},"thumbnailUrl":"https:\/\/www.notibras.com\/site\/wp-content\/uploads\/2023\/07\/20230627_123618_0.jpg","keywords":["capa"],"articleSection":["Quadradinho em Foco"],"inLanguage":"pt-BR"},{"@type":"WebPage","@id":"https:\/\/www.notibras.com\/site\/esta-acabando-prazo-para-mostrar-documentos-do-prouni\/","url":"https:\/\/www.notibras.com\/site\/esta-acabando-prazo-para-mostrar-documentos-do-prouni\/","name":"Est\u00e1 acabando prazo para mostrar documentos do Prouni - Notibras","isPartOf":{"@id":"https:\/\/www.notibras.com\/site\/#website"},"primaryImageOfPage":{"@id":"https:\/\/www.notibras.com\/site\/esta-acabando-prazo-para-mostrar-documentos-do-prouni\/#primaryimage"},"image":{"@id":"https:\/\/www.notibras.com\/site\/esta-acabando-prazo-para-mostrar-documentos-do-prouni\/#primaryimage"},"thumbnailUrl":"https:\/\/www.notibras.com\/site\/wp-content\/uploads\/2023\/07\/20230627_123618_0.jpg","datePublished":"2023-07-31T13:30:48+00:00","dateModified":"2023-07-31T15:35:21+00:00","breadcrumb":{"@id":"https:\/\/www.notibras.com\/site\/esta-acabando-prazo-para-mostrar-documentos-do-prouni\/#breadcrumb"},"inLanguage":"pt-BR","potentialAction":[{"@type":"ReadAction","target":["https:\/\/www.notibras.com\/site\/esta-acabando-prazo-para-mostrar-documentos-do-prouni\/"]}]},{"@type":"ImageObject","inLanguage":"pt-BR","@id":"https:\/\/www.notibras.com\/site\/esta-acabando-prazo-para-mostrar-documentos-do-prouni\/#primaryimage","url":"https:\/\/www.notibras.com\/site\/wp-content\/uploads\/2023\/07\/20230627_123618_0.jpg","contentUrl":"https:\/\/www.notibras.com\/site\/wp-content\/uploads\/2023\/07\/20230627_123618_0.jpg","width":1170,"height":700,"caption":"Bras\u00edlia - 27\/06\/2023 - O Programa Universidade Para Todos (Prouni) oferta bolsas de estudo, integrais e parciais (50% do valor da mensalidade do curso), em cursos de gradua\u00e7\u00e3o e sequenciais de forma\u00e7\u00e3o espec\u00edfica, em institui\u00e7\u00f5es de educa\u00e7\u00e3o superior privadas. As inscri\u00e7\u00f5es podem ser feitas pelo celular ou pelo computador. Foto: Juca Varella\/Ag\u00eancia Brasil\/Ag\u00eancia Brasil"},{"@type":"BreadcrumbList","@id":"https:\/\/www.notibras.com\/site\/esta-acabando-prazo-para-mostrar-documentos-do-prouni\/#breadcrumb","itemListElement":[{"@type":"ListItem","position":1,"name":"In\u00edcio","item":"https:\/\/www.notibras.com\/site\/"},{"@type":"ListItem","position":2,"name":"Est\u00e1 acabando prazo para mostrar documentos do Prouni"}]},{"@type":"WebSite","@id":"https:\/\/www.notibras.com\/site\/#website","url":"https:\/\/www.notibras.com\/site\/","name":"Notibras","description":"Not\u00edcias de Bras\u00edlia, do Brasil e do Mundo","publisher":{"@id":"https:\/\/www.notibras.com\/site\/#organization"},"potentialAction":[{"@type":"SearchAction","target":{"@type":"EntryPoint","urlTemplate":"https:\/\/www.notibras.com\/site\/?s={search_term_string}"},"query-input":{"@type":"PropertyValueSpecification","valueRequired":true,"valueName":"search_term_string"}}],"inLanguage":"pt-BR"},{"@type":"Organization","@id":"https:\/\/www.notibras.com\/site\/#organization","name":"Grupo Notibras de Comunica\u00e7\u00e3o","url":"https:\/\/www.notibras.com\/site\/","logo":{"@type":"ImageObject","inLanguage":"pt-BR","@id":"https:\/\/www.notibras.com\/site\/#\/schema\/logo\/image\/","url":"https:\/\/www.notibras.com\/site\/wp-content\/uploads\/2023\/01\/notibras23.png","contentUrl":"https:\/\/www.notibras.com\/site\/wp-content\/uploads\/2023\/01\/notibras23.png","width":350,"height":87,"caption":"Grupo Notibras de Comunica\u00e7\u00e3o"},"image":{"@id":"https:\/\/www.notibras.com\/site\/#\/schema\/logo\/image\/"},"sameAs":["https:\/\/www.facebook.com\/notibras\/","https:\/\/x.com\/Notibras","https:\/\/www.instagram.com\/notibras\/"]},{"@type":"Person","@id":"https:\/\/www.notibras.com\/site\/#\/schema\/person\/36ab0979449956132d3e5b517ea76ac8","name":"Reda\u00e7\u00e3o","image":{"@type":"ImageObject","inLanguage":"pt-BR","@id":"https:\/\/secure.gravatar.com\/avatar\/e0a867bdedb85fd243eadf09663511f96fc81e0720a4a42581f334ad4303aa6b?s=96&d=mm&r=g","url":"https:\/\/secure.gravatar.com\/avatar\/e0a867bdedb85fd243eadf09663511f96fc81e0720a4a42581f334ad4303aa6b?s=96&d=mm&r=g","contentUrl":"https:\/\/secure.gravatar.com\/avatar\/e0a867bdedb85fd243eadf09663511f96fc81e0720a4a42581f334ad4303aa6b?s=96&d=mm&r=g","caption":"Reda\u00e7\u00e3o"}}]}},"amp_enabled":true,"_links":{"self":[{"href":"https:\/\/www.notibras.com\/site\/wp-json\/wp\/v2\/posts\/309961","targetHints":{"allow":["GET"]}}],"collection":[{"href":"https:\/\/www.notibras.com\/site\/wp-json\/wp\/v2\/posts"}],"about":[{"href":"https:\/\/www.notibras.com\/site\/wp-json\/wp\/v2\/types\/post"}],"author":[{"embeddable":true,"href":"https:\/\/www.notibras.com\/site\/wp-json\/wp\/v2\/users\/2"}],"replies":[{"embeddable":true,"href":"https:\/\/www.notibras.com\/site\/wp-json\/wp\/v2\/comments?post=309961"}],"version-history":[{"count":1,"href":"https:\/\/www.notibras.com\/site\/wp-json\/wp\/v2\/posts\/309961\/revisions"}],"predecessor-version":[{"id":309963,"href":"https:\/\/www.notibras.com\/site\/wp-json\/wp\/v2\/posts\/309961\/revisions\/309963"}],"wp:featuredmedia":[{"embeddable":true,"href":"https:\/\/www.notibras.com\/site\/wp-json\/wp\/v2\/media\/309962"}],"wp:attachment":[{"href":"https:\/\/www.notibras.com\/site\/wp-json\/wp\/v2\/media?parent=309961"}],"wp:term":[{"taxonomy":"category","embeddable":true,"href":"https:\/\/www.notibras.com\/site\/wp-json\/wp\/v2\/categories?post=309961"},{"taxonomy":"post_tag","embeddable":true,"href":"https:\/\/www.notibras.com\/site\/wp-json\/wp\/v2\/tags?post=309961"}],"curies":[{"name":"wp","href":"https:\/\/api.w.org\/{rel}","templated":true}]}}