{"id":309971,"date":"2023-08-01T04:10:44","date_gmt":"2023-08-01T07:10:44","guid":{"rendered":"https:\/\/www.notibras.com\/site\/?p=309971"},"modified":"2023-08-01T04:10:44","modified_gmt":"2023-08-01T07:10:44","slug":"teatro-e-a-mitologia-cerratense-de-seu-estrelo-tem-festa-geral","status":"publish","type":"post","link":"https:\/\/www.notibras.com\/site\/teatro-e-a-mitologia-cerratense-de-seu-estrelo-tem-festa-geral\/","title":{"rendered":"Teatro e a Mitologia Cerratense de Seu Estrelo tem festa geral"},"content":{"rendered":"<p>Tudo come\u00e7ou no domingo, 30, e vai at\u00e9 5 de agosto. \u00c9 o movimento promovido pelo Teatro e a Mitologia Cerratense de Seu Estrelo, apresentando obras escritas e ilustradas por Tico Magalh\u00e3es. Com direito a show de Maciel Sal\u00fa e presen\u00e7as de parlamentares e gestores do Minist\u00e9rio da Cultura.<\/p>\n<p>A motiva\u00e7\u00e3o &#8211; e a movimenta\u00e7\u00e3o &#8211; \u00e9 grande. At\u00b4pe porque, o que se faz no Centro Tradicional de Inven\u00e7\u00e3o Cultural, sede do Seu Estrelo e o Fu\u00e1 do Terreiro, tem brilho. E os dois livros do capit\u00e3o da trupe \u2014 O Teatro de Seu Estrelo e a reedi\u00e7\u00e3o de O Mito do Calango Voador e Outras hist\u00f3rias do Cerrado, n\u00e3o ficam para tr\u00e1s.<\/p>\n<p>O primeiro dia foi abrilhantado pela presen\u00e7a de Ti\u00e3o Soares, diretor de Promo\u00e7\u00e3o das Culturas Populares do Minist\u00e9rio da Cultura (MinC), al\u00e9m da deputada federal \u00c9rika Kokay e do deputado Distrital Gabriel Magno. O trio participou de uma roda de coversa, encerrada com a apresenta\u00e7\u00e3o musical intimista de Maciel Sal\u00fa e banda, que trouxe ao Distrito Federal um repert\u00f3rio cumbiero e bailante de Pernambuco.<\/p>\n<p>O evento de lan\u00e7amento, que contou com recurso de acessibilidade proporcionado pela int\u00e9rprete de libras Tatiana Elizabeth, foi o primeiro passo de uma extensa e rica programa\u00e7\u00e3o de uma semana oferecida pelo grupo candango para celebrar seu legado cultural. At\u00e9 5 de agosto, o Fu\u00e1 do Terreiro promete, al\u00e9m do primeiro ato, pe\u00e7as teatrais de terreiro, rodas de conversa, aulas-espet\u00e1culos e show musical.<\/p>\n<p>Na abertura do encontro, Tico Magalh\u00e3es exaltou a pot\u00eancia das tradi\u00e7\u00f5es populares como recurso de transforma\u00e7\u00e3o pessoal e social, ao explicar sobre o porqu\u00ea de plasmar em p\u00e1ginas escritas uma parte da produ\u00e7\u00e3o do grupo cerratense. &#8220;A cultura popular \u00e9 uma ferramenta que mestras e mestres deixaram para que a gente se reconquiste, para que a gente consiga se decoloniar um pouquinho. Ela tem esse poder de nos fazer mergulhar para dentro, de encontrar nossa ancestralidade, que muitas vezes parece estar no passado, mas que integra o presente\u201d, disse.<\/p>\n<p>J\u00e1 Ti\u00e3o Soares, felicitou o grupo pela iniciativa e por sua import\u00e2ncia para a transmiss\u00e3o dessas tradi\u00e7\u00f5es. &#8220;Quero parabenizar, em nome de Tico Magalh\u00e3es a toda essa constru\u00e7\u00e3o coletiva de fazeres e saberes populares que nos enobrecem a cada dia, por meio da cultura como \u2018desescondimento\u2019 do conhecimento\u201d, expressou.<\/p>\n<p>Seu Estrelo aposta na cria\u00e7\u00e3o, n\u00e3o espont\u00e2nea, mas propositadamente criativa, de um mito para vislumbrar o inexplic\u00e1vel no Cerrado do DF, esse bioma rico em flora, fauna e \u201cencantados\u201d. Sua rela\u00e7\u00e3o com a cidade nasce e \u00e9 festejada a cada encontro em seu terreiro. Assim, celebram tamb\u00e9m a conex\u00e3o entre a vida dos cidad\u00e3os e seus territ\u00f3rios.<\/p>\n<p>\u201cA cidade se movimenta e brinca. E ao se mover, se consolida enquanto territ\u00f3rio. Territ\u00f3rio de tran\u00e7a: tran\u00e7a de saber, de fazer, de desejos, de resist\u00eancia, de afeto. E considerando que somos muito o ch\u00e3o onde pisamos, vale citar Paulo Freire, quem defende que n\u00e3o nascemos prontos, na verdade, nem sa\u00edmos daqui prontos, vamos nos fazendo\u201d, comentou Erika Kokay, ao fazer jus a essa rela\u00e7\u00e3o dos estrelos com sua terra.<\/p>\n<p>Maciel Sal\u00fa, rabequeiro, cantor, compositor, mestre de maracatu-rural e militante das tradi\u00e7\u00f5es populares, vem de uma das fam\u00edlias mais expressivas das culturas ancestrais pernambucanas. Filho do grande Mestre Salustiano (1945-2008) e o nome mais expressivo da rabeca em sua gera\u00e7\u00e3o, \u00e9 recebido por Tico como um elo essencial entre os ensinamentos do passado e do presente. Antes da apresenta\u00e7\u00e3o musical com seu grupo, participou do bate-papo, exaltando a import\u00e2ncia de espa\u00e7os como o Centro Tradicional de Inven\u00e7\u00e3o Cultural.<\/p>\n<p>\u201cAqui se fomenta cultura, aqui se passa educa\u00e7\u00e3o. E educa\u00e7\u00e3o tamb\u00e9m \u00e9 cultura. N\u00e3o a consideramos brincadeira, mas sim investimento. Sempre acompanhei de perto o trabalho de meu pai para mant\u00ea-la viva. Ent\u00e3o, estar aqui nessa casa de cultura \u00e9 um prazer imenso, mais uma vez, porque vejo esse esfor\u00e7o de Seu Estrelo em manter nossa tradi\u00e7\u00e3o viva\u201d, afirmou Maciel..<\/p>\n","protected":false},"excerpt":{"rendered":"<p>Tudo come\u00e7ou no domingo, 30, e vai at\u00e9 5 de agosto. \u00c9 o movimento promovido pelo Teatro e a Mitologia Cerratense de Seu Estrelo, apresentando obras escritas e ilustradas por Tico Magalh\u00e3es. Com direito a show de Maciel Sal\u00fa e presen\u00e7as de parlamentares e gestores do Minist\u00e9rio da Cultura. A motiva\u00e7\u00e3o &#8211; e a movimenta\u00e7\u00e3o [&hellip;]<\/p>\n","protected":false},"author":2,"featured_media":309972,"comment_status":"closed","ping_status":"closed","sticky":false,"template":"","format":"standard","meta":{"_acf_changed":false,"footnotes":""},"categories":[161],"tags":[],"class_list":["post-309971","post","type-post","status-publish","format-standard","has-post-thumbnail","hentry","category-quadradinho-em-foco"],"acf":[],"yoast_head":"<!-- This site is optimized with the Yoast SEO plugin v27.2 - https:\/\/yoast.com\/product\/yoast-seo-wordpress\/ -->\n<title>Teatro e a Mitologia Cerratense de Seu Estrelo tem festa geral - Notibras<\/title>\n<meta name=\"robots\" content=\"index, follow, max-snippet:-1, max-image-preview:large, max-video-preview:-1\" \/>\n<link rel=\"canonical\" href=\"https:\/\/www.notibras.com\/site\/teatro-e-a-mitologia-cerratense-de-seu-estrelo-tem-festa-geral\/\" \/>\n<meta property=\"og:locale\" content=\"pt_BR\" \/>\n<meta property=\"og:type\" content=\"article\" \/>\n<meta property=\"og:title\" content=\"Teatro e a Mitologia Cerratense de Seu Estrelo tem festa geral - Notibras\" \/>\n<meta property=\"og:description\" content=\"Tudo come\u00e7ou no domingo, 30, e vai at\u00e9 5 de agosto. \u00c9 o movimento promovido pelo Teatro e a Mitologia Cerratense de Seu Estrelo, apresentando obras escritas e ilustradas por Tico Magalh\u00e3es. Com direito a show de Maciel Sal\u00fa e presen\u00e7as de parlamentares e gestores do Minist\u00e9rio da Cultura. A motiva\u00e7\u00e3o &#8211; e a movimenta\u00e7\u00e3o [&hellip;]\" \/>\n<meta property=\"og:url\" content=\"https:\/\/www.notibras.com\/site\/teatro-e-a-mitologia-cerratense-de-seu-estrelo-tem-festa-geral\/\" \/>\n<meta property=\"og:site_name\" content=\"Notibras\" \/>\n<meta property=\"article:publisher\" content=\"https:\/\/www.facebook.com\/notibras\/\" \/>\n<meta property=\"article:published_time\" content=\"2023-08-01T07:10:44+00:00\" \/>\n<meta property=\"og:image\" content=\"https:\/\/www.notibras.com\/site\/wp-content\/uploads\/2023\/08\/Show-de-Maciel-Salu_-FOTO_WEBERT_DA_CRUZ-28.jpg\" \/>\n\t<meta property=\"og:image:width\" content=\"630\" \/>\n\t<meta property=\"og:image:height\" content=\"420\" \/>\n\t<meta property=\"og:image:type\" content=\"image\/jpeg\" \/>\n<meta name=\"author\" content=\"Reda\u00e7\u00e3o\" \/>\n<meta name=\"twitter:card\" content=\"summary_large_image\" \/>\n<meta name=\"twitter:creator\" content=\"@Notibras\" \/>\n<meta name=\"twitter:site\" content=\"@Notibras\" \/>\n<meta name=\"twitter:label1\" content=\"Escrito por\" \/>\n\t<meta name=\"twitter:data1\" content=\"Reda\u00e7\u00e3o\" \/>\n\t<meta name=\"twitter:label2\" content=\"Est. tempo de leitura\" \/>\n\t<meta name=\"twitter:data2\" content=\"4 minutos\" \/>\n<script type=\"application\/ld+json\" class=\"yoast-schema-graph\">{\"@context\":\"https:\/\/schema.org\",\"@graph\":[{\"@type\":\"Article\",\"@id\":\"https:\/\/www.notibras.com\/site\/teatro-e-a-mitologia-cerratense-de-seu-estrelo-tem-festa-geral\/#article\",\"isPartOf\":{\"@id\":\"https:\/\/www.notibras.com\/site\/teatro-e-a-mitologia-cerratense-de-seu-estrelo-tem-festa-geral\/\"},\"author\":{\"name\":\"Reda\u00e7\u00e3o\",\"@id\":\"https:\/\/www.notibras.com\/site\/#\/schema\/person\/36ab0979449956132d3e5b517ea76ac8\"},\"headline\":\"Teatro e a Mitologia Cerratense de Seu Estrelo tem festa geral\",\"datePublished\":\"2023-08-01T07:10:44+00:00\",\"mainEntityOfPage\":{\"@id\":\"https:\/\/www.notibras.com\/site\/teatro-e-a-mitologia-cerratense-de-seu-estrelo-tem-festa-geral\/\"},\"wordCount\":714,\"publisher\":{\"@id\":\"https:\/\/www.notibras.com\/site\/#organization\"},\"image\":{\"@id\":\"https:\/\/www.notibras.com\/site\/teatro-e-a-mitologia-cerratense-de-seu-estrelo-tem-festa-geral\/#primaryimage\"},\"thumbnailUrl\":\"https:\/\/www.notibras.com\/site\/wp-content\/uploads\/2023\/08\/Show-de-Maciel-Salu_-FOTO_WEBERT_DA_CRUZ-28.jpg\",\"articleSection\":[\"Quadradinho em Foco\"],\"inLanguage\":\"pt-BR\"},{\"@type\":\"WebPage\",\"@id\":\"https:\/\/www.notibras.com\/site\/teatro-e-a-mitologia-cerratense-de-seu-estrelo-tem-festa-geral\/\",\"url\":\"https:\/\/www.notibras.com\/site\/teatro-e-a-mitologia-cerratense-de-seu-estrelo-tem-festa-geral\/\",\"name\":\"Teatro e a Mitologia Cerratense de Seu Estrelo tem festa geral - Notibras\",\"isPartOf\":{\"@id\":\"https:\/\/www.notibras.com\/site\/#website\"},\"primaryImageOfPage\":{\"@id\":\"https:\/\/www.notibras.com\/site\/teatro-e-a-mitologia-cerratense-de-seu-estrelo-tem-festa-geral\/#primaryimage\"},\"image\":{\"@id\":\"https:\/\/www.notibras.com\/site\/teatro-e-a-mitologia-cerratense-de-seu-estrelo-tem-festa-geral\/#primaryimage\"},\"thumbnailUrl\":\"https:\/\/www.notibras.com\/site\/wp-content\/uploads\/2023\/08\/Show-de-Maciel-Salu_-FOTO_WEBERT_DA_CRUZ-28.jpg\",\"datePublished\":\"2023-08-01T07:10:44+00:00\",\"breadcrumb\":{\"@id\":\"https:\/\/www.notibras.com\/site\/teatro-e-a-mitologia-cerratense-de-seu-estrelo-tem-festa-geral\/#breadcrumb\"},\"inLanguage\":\"pt-BR\",\"potentialAction\":[{\"@type\":\"ReadAction\",\"target\":[\"https:\/\/www.notibras.com\/site\/teatro-e-a-mitologia-cerratense-de-seu-estrelo-tem-festa-geral\/\"]}]},{\"@type\":\"ImageObject\",\"inLanguage\":\"pt-BR\",\"@id\":\"https:\/\/www.notibras.com\/site\/teatro-e-a-mitologia-cerratense-de-seu-estrelo-tem-festa-geral\/#primaryimage\",\"url\":\"https:\/\/www.notibras.com\/site\/wp-content\/uploads\/2023\/08\/Show-de-Maciel-Salu_-FOTO_WEBERT_DA_CRUZ-28.jpg\",\"contentUrl\":\"https:\/\/www.notibras.com\/site\/wp-content\/uploads\/2023\/08\/Show-de-Maciel-Salu_-FOTO_WEBERT_DA_CRUZ-28.jpg\",\"width\":630,\"height\":420},{\"@type\":\"BreadcrumbList\",\"@id\":\"https:\/\/www.notibras.com\/site\/teatro-e-a-mitologia-cerratense-de-seu-estrelo-tem-festa-geral\/#breadcrumb\",\"itemListElement\":[{\"@type\":\"ListItem\",\"position\":1,\"name\":\"In\u00edcio\",\"item\":\"https:\/\/www.notibras.com\/site\/\"},{\"@type\":\"ListItem\",\"position\":2,\"name\":\"Teatro e a Mitologia Cerratense de Seu Estrelo tem festa geral\"}]},{\"@type\":\"WebSite\",\"@id\":\"https:\/\/www.notibras.com\/site\/#website\",\"url\":\"https:\/\/www.notibras.com\/site\/\",\"name\":\"Notibras\",\"description\":\"Not\u00edcias de Bras\u00edlia, do Brasil e do Mundo\",\"publisher\":{\"@id\":\"https:\/\/www.notibras.com\/site\/#organization\"},\"potentialAction\":[{\"@type\":\"SearchAction\",\"target\":{\"@type\":\"EntryPoint\",\"urlTemplate\":\"https:\/\/www.notibras.com\/site\/?s={search_term_string}\"},\"query-input\":{\"@type\":\"PropertyValueSpecification\",\"valueRequired\":true,\"valueName\":\"search_term_string\"}}],\"inLanguage\":\"pt-BR\"},{\"@type\":\"Organization\",\"@id\":\"https:\/\/www.notibras.com\/site\/#organization\",\"name\":\"Grupo Notibras de Comunica\u00e7\u00e3o\",\"url\":\"https:\/\/www.notibras.com\/site\/\",\"logo\":{\"@type\":\"ImageObject\",\"inLanguage\":\"pt-BR\",\"@id\":\"https:\/\/www.notibras.com\/site\/#\/schema\/logo\/image\/\",\"url\":\"https:\/\/www.notibras.com\/site\/wp-content\/uploads\/2023\/01\/notibras23.png\",\"contentUrl\":\"https:\/\/www.notibras.com\/site\/wp-content\/uploads\/2023\/01\/notibras23.png\",\"width\":350,\"height\":87,\"caption\":\"Grupo Notibras de Comunica\u00e7\u00e3o\"},\"image\":{\"@id\":\"https:\/\/www.notibras.com\/site\/#\/schema\/logo\/image\/\"},\"sameAs\":[\"https:\/\/www.facebook.com\/notibras\/\",\"https:\/\/x.com\/Notibras\",\"https:\/\/www.instagram.com\/notibras\/\"]},{\"@type\":\"Person\",\"@id\":\"https:\/\/www.notibras.com\/site\/#\/schema\/person\/36ab0979449956132d3e5b517ea76ac8\",\"name\":\"Reda\u00e7\u00e3o\",\"image\":{\"@type\":\"ImageObject\",\"inLanguage\":\"pt-BR\",\"@id\":\"https:\/\/secure.gravatar.com\/avatar\/e0a867bdedb85fd243eadf09663511f96fc81e0720a4a42581f334ad4303aa6b?s=96&d=mm&r=g\",\"url\":\"https:\/\/secure.gravatar.com\/avatar\/e0a867bdedb85fd243eadf09663511f96fc81e0720a4a42581f334ad4303aa6b?s=96&d=mm&r=g\",\"contentUrl\":\"https:\/\/secure.gravatar.com\/avatar\/e0a867bdedb85fd243eadf09663511f96fc81e0720a4a42581f334ad4303aa6b?s=96&d=mm&r=g\",\"caption\":\"Reda\u00e7\u00e3o\"}}]}<\/script>\n<!-- \/ Yoast SEO plugin. -->","yoast_head_json":{"title":"Teatro e a Mitologia Cerratense de Seu Estrelo tem festa geral - Notibras","robots":{"index":"index","follow":"follow","max-snippet":"max-snippet:-1","max-image-preview":"max-image-preview:large","max-video-preview":"max-video-preview:-1"},"canonical":"https:\/\/www.notibras.com\/site\/teatro-e-a-mitologia-cerratense-de-seu-estrelo-tem-festa-geral\/","og_locale":"pt_BR","og_type":"article","og_title":"Teatro e a Mitologia Cerratense de Seu Estrelo tem festa geral - Notibras","og_description":"Tudo come\u00e7ou no domingo, 30, e vai at\u00e9 5 de agosto. \u00c9 o movimento promovido pelo Teatro e a Mitologia Cerratense de Seu Estrelo, apresentando obras escritas e ilustradas por Tico Magalh\u00e3es. Com direito a show de Maciel Sal\u00fa e presen\u00e7as de parlamentares e gestores do Minist\u00e9rio da Cultura. A motiva\u00e7\u00e3o &#8211; e a movimenta\u00e7\u00e3o [&hellip;]","og_url":"https:\/\/www.notibras.com\/site\/teatro-e-a-mitologia-cerratense-de-seu-estrelo-tem-festa-geral\/","og_site_name":"Notibras","article_publisher":"https:\/\/www.facebook.com\/notibras\/","article_published_time":"2023-08-01T07:10:44+00:00","og_image":[{"width":630,"height":420,"url":"https:\/\/www.notibras.com\/site\/wp-content\/uploads\/2023\/08\/Show-de-Maciel-Salu_-FOTO_WEBERT_DA_CRUZ-28.jpg","type":"image\/jpeg"}],"author":"Reda\u00e7\u00e3o","twitter_card":"summary_large_image","twitter_creator":"@Notibras","twitter_site":"@Notibras","twitter_misc":{"Escrito por":"Reda\u00e7\u00e3o","Est. tempo de leitura":"4 minutos"},"schema":{"@context":"https:\/\/schema.org","@graph":[{"@type":"Article","@id":"https:\/\/www.notibras.com\/site\/teatro-e-a-mitologia-cerratense-de-seu-estrelo-tem-festa-geral\/#article","isPartOf":{"@id":"https:\/\/www.notibras.com\/site\/teatro-e-a-mitologia-cerratense-de-seu-estrelo-tem-festa-geral\/"},"author":{"name":"Reda\u00e7\u00e3o","@id":"https:\/\/www.notibras.com\/site\/#\/schema\/person\/36ab0979449956132d3e5b517ea76ac8"},"headline":"Teatro e a Mitologia Cerratense de Seu Estrelo tem festa geral","datePublished":"2023-08-01T07:10:44+00:00","mainEntityOfPage":{"@id":"https:\/\/www.notibras.com\/site\/teatro-e-a-mitologia-cerratense-de-seu-estrelo-tem-festa-geral\/"},"wordCount":714,"publisher":{"@id":"https:\/\/www.notibras.com\/site\/#organization"},"image":{"@id":"https:\/\/www.notibras.com\/site\/teatro-e-a-mitologia-cerratense-de-seu-estrelo-tem-festa-geral\/#primaryimage"},"thumbnailUrl":"https:\/\/www.notibras.com\/site\/wp-content\/uploads\/2023\/08\/Show-de-Maciel-Salu_-FOTO_WEBERT_DA_CRUZ-28.jpg","articleSection":["Quadradinho em Foco"],"inLanguage":"pt-BR"},{"@type":"WebPage","@id":"https:\/\/www.notibras.com\/site\/teatro-e-a-mitologia-cerratense-de-seu-estrelo-tem-festa-geral\/","url":"https:\/\/www.notibras.com\/site\/teatro-e-a-mitologia-cerratense-de-seu-estrelo-tem-festa-geral\/","name":"Teatro e a Mitologia Cerratense de Seu Estrelo tem festa geral - Notibras","isPartOf":{"@id":"https:\/\/www.notibras.com\/site\/#website"},"primaryImageOfPage":{"@id":"https:\/\/www.notibras.com\/site\/teatro-e-a-mitologia-cerratense-de-seu-estrelo-tem-festa-geral\/#primaryimage"},"image":{"@id":"https:\/\/www.notibras.com\/site\/teatro-e-a-mitologia-cerratense-de-seu-estrelo-tem-festa-geral\/#primaryimage"},"thumbnailUrl":"https:\/\/www.notibras.com\/site\/wp-content\/uploads\/2023\/08\/Show-de-Maciel-Salu_-FOTO_WEBERT_DA_CRUZ-28.jpg","datePublished":"2023-08-01T07:10:44+00:00","breadcrumb":{"@id":"https:\/\/www.notibras.com\/site\/teatro-e-a-mitologia-cerratense-de-seu-estrelo-tem-festa-geral\/#breadcrumb"},"inLanguage":"pt-BR","potentialAction":[{"@type":"ReadAction","target":["https:\/\/www.notibras.com\/site\/teatro-e-a-mitologia-cerratense-de-seu-estrelo-tem-festa-geral\/"]}]},{"@type":"ImageObject","inLanguage":"pt-BR","@id":"https:\/\/www.notibras.com\/site\/teatro-e-a-mitologia-cerratense-de-seu-estrelo-tem-festa-geral\/#primaryimage","url":"https:\/\/www.notibras.com\/site\/wp-content\/uploads\/2023\/08\/Show-de-Maciel-Salu_-FOTO_WEBERT_DA_CRUZ-28.jpg","contentUrl":"https:\/\/www.notibras.com\/site\/wp-content\/uploads\/2023\/08\/Show-de-Maciel-Salu_-FOTO_WEBERT_DA_CRUZ-28.jpg","width":630,"height":420},{"@type":"BreadcrumbList","@id":"https:\/\/www.notibras.com\/site\/teatro-e-a-mitologia-cerratense-de-seu-estrelo-tem-festa-geral\/#breadcrumb","itemListElement":[{"@type":"ListItem","position":1,"name":"In\u00edcio","item":"https:\/\/www.notibras.com\/site\/"},{"@type":"ListItem","position":2,"name":"Teatro e a Mitologia Cerratense de Seu Estrelo tem festa geral"}]},{"@type":"WebSite","@id":"https:\/\/www.notibras.com\/site\/#website","url":"https:\/\/www.notibras.com\/site\/","name":"Notibras","description":"Not\u00edcias de Bras\u00edlia, do Brasil e do Mundo","publisher":{"@id":"https:\/\/www.notibras.com\/site\/#organization"},"potentialAction":[{"@type":"SearchAction","target":{"@type":"EntryPoint","urlTemplate":"https:\/\/www.notibras.com\/site\/?s={search_term_string}"},"query-input":{"@type":"PropertyValueSpecification","valueRequired":true,"valueName":"search_term_string"}}],"inLanguage":"pt-BR"},{"@type":"Organization","@id":"https:\/\/www.notibras.com\/site\/#organization","name":"Grupo Notibras de Comunica\u00e7\u00e3o","url":"https:\/\/www.notibras.com\/site\/","logo":{"@type":"ImageObject","inLanguage":"pt-BR","@id":"https:\/\/www.notibras.com\/site\/#\/schema\/logo\/image\/","url":"https:\/\/www.notibras.com\/site\/wp-content\/uploads\/2023\/01\/notibras23.png","contentUrl":"https:\/\/www.notibras.com\/site\/wp-content\/uploads\/2023\/01\/notibras23.png","width":350,"height":87,"caption":"Grupo Notibras de Comunica\u00e7\u00e3o"},"image":{"@id":"https:\/\/www.notibras.com\/site\/#\/schema\/logo\/image\/"},"sameAs":["https:\/\/www.facebook.com\/notibras\/","https:\/\/x.com\/Notibras","https:\/\/www.instagram.com\/notibras\/"]},{"@type":"Person","@id":"https:\/\/www.notibras.com\/site\/#\/schema\/person\/36ab0979449956132d3e5b517ea76ac8","name":"Reda\u00e7\u00e3o","image":{"@type":"ImageObject","inLanguage":"pt-BR","@id":"https:\/\/secure.gravatar.com\/avatar\/e0a867bdedb85fd243eadf09663511f96fc81e0720a4a42581f334ad4303aa6b?s=96&d=mm&r=g","url":"https:\/\/secure.gravatar.com\/avatar\/e0a867bdedb85fd243eadf09663511f96fc81e0720a4a42581f334ad4303aa6b?s=96&d=mm&r=g","contentUrl":"https:\/\/secure.gravatar.com\/avatar\/e0a867bdedb85fd243eadf09663511f96fc81e0720a4a42581f334ad4303aa6b?s=96&d=mm&r=g","caption":"Reda\u00e7\u00e3o"}}]}},"amp_enabled":true,"_links":{"self":[{"href":"https:\/\/www.notibras.com\/site\/wp-json\/wp\/v2\/posts\/309971","targetHints":{"allow":["GET"]}}],"collection":[{"href":"https:\/\/www.notibras.com\/site\/wp-json\/wp\/v2\/posts"}],"about":[{"href":"https:\/\/www.notibras.com\/site\/wp-json\/wp\/v2\/types\/post"}],"author":[{"embeddable":true,"href":"https:\/\/www.notibras.com\/site\/wp-json\/wp\/v2\/users\/2"}],"replies":[{"embeddable":true,"href":"https:\/\/www.notibras.com\/site\/wp-json\/wp\/v2\/comments?post=309971"}],"version-history":[{"count":1,"href":"https:\/\/www.notibras.com\/site\/wp-json\/wp\/v2\/posts\/309971\/revisions"}],"predecessor-version":[{"id":309973,"href":"https:\/\/www.notibras.com\/site\/wp-json\/wp\/v2\/posts\/309971\/revisions\/309973"}],"wp:featuredmedia":[{"embeddable":true,"href":"https:\/\/www.notibras.com\/site\/wp-json\/wp\/v2\/media\/309972"}],"wp:attachment":[{"href":"https:\/\/www.notibras.com\/site\/wp-json\/wp\/v2\/media?parent=309971"}],"wp:term":[{"taxonomy":"category","embeddable":true,"href":"https:\/\/www.notibras.com\/site\/wp-json\/wp\/v2\/categories?post=309971"},{"taxonomy":"post_tag","embeddable":true,"href":"https:\/\/www.notibras.com\/site\/wp-json\/wp\/v2\/tags?post=309971"}],"curies":[{"name":"wp","href":"https:\/\/api.w.org\/{rel}","templated":true}]}}