{"id":309974,"date":"2023-08-01T04:18:49","date_gmt":"2023-08-01T07:18:49","guid":{"rendered":"https:\/\/www.notibras.com\/site\/?p=309974"},"modified":"2023-08-01T04:18:09","modified_gmt":"2023-08-01T07:18:09","slug":"mclanche-feliz-traz-brinquedos-do-filme-as-marvels","status":"publish","type":"post","link":"https:\/\/www.notibras.com\/site\/mclanche-feliz-traz-brinquedos-do-filme-as-marvels\/","title":{"rendered":"McLanche Feliz traz brinquedos do filme \u201cAs Marvels\u201d"},"content":{"rendered":"<p>O McLanche Feliz est\u00e1 com superpoderes porque, neste m\u00eas, chegaram \u00e0s caixinhas personagens de \u201cAs Marvels\u201d! A novidade chega para proporcionar muita divers\u00e3o em fam\u00edlia e convidar todos a participarem de momentos cheios de aventura, inspirados pelo filme que estreia em novembro nos cinemas brasileiros.<\/p>\n<p>Nessa nova hist\u00f3ria, Carol Danvers, conhecida tamb\u00e9m por Capit\u00e3 Marvel, volta para se juntar com duas novas hero\u00ednas: Monica Rambeau e Ms Marvel. O trio deve se unir para deter os Kree e sua nova l\u00edder Dar-Ben, que est\u00e3o roubando recursos naturais de outras civiliza\u00e7\u00f5es para reconstruir seu planeta natal. Ao longo dessa aventura, elas se dar\u00e3o conta de todo o potencial de seus poderes, bem como das consequ\u00eancias de utiliz\u00e1-los.<\/p>\n<p>A campanha refor\u00e7a a miss\u00e3o do McLanche Feliz em estimular a criatividade dos pais e dos pequenos, al\u00e9m de oferecer um card\u00e1pio em constante evolu\u00e7\u00e3o com baixo teor de s\u00f3dio, gorduras e a\u00e7\u00facares, e a inclus\u00e3o de mais vegetais e latic\u00ednios.<\/p>\n<p>Ao todo s\u00e3o 8 brinquedos, cada um representando um personagem do filme e trazendo uma mec\u00e2nica diferente. S\u00e3o os seguintes:<\/p>\n<p>\u25cf Capit\u00e3 Marvel: Aperte o bot\u00e3o na parte traseira para ver como ela move o bra\u00e7o direito.<\/p>\n<p>\u25cf Nick Fury: Mova a rodinha na parte traseira para ver como levanta os dois bra\u00e7os.<\/p>\n<p>\u25cf F\u00f3ton &#8211; Capit\u00e3 Monica Rambeaude: Aperte o bot\u00e3o na parte traseira para ver como ela move o bra\u00e7o esquerdo.<\/p>\n<p>\u25cf Goose, da Marvel: Gire o bot\u00e3o na parte traseira para ver como os tent\u00e1culos giram.<\/p>\n<p>\u25cf Pr\u00edncipe Yan: Mova o bot\u00e3o na parte traseira para ver como ele move os bra\u00e7os de um lado para o outro.<\/p>\n<p>\u25cf Kree Supremor Dar-Benn: Mova a rodinha na parte traseira para ver como move o bra\u00e7o direito, levantando o martelo.<\/p>\n<p>\u25cf Princesa Carol: A figura gira livremente sobre a base.<\/p>\n<p>\u25cf Miss Marvel: Aperte o bot\u00e3o na parte traseira ver como ela move o bra\u00e7o direito em posi\u00e7\u00e3o de defesa.<\/p>\n<p>As novidades est\u00e3o dispon\u00edveis nos restaurantes McDonald\u2019s de todo o Brasil, atrav\u00e9s dos canais de atendimento, seja pelo Pe\u00e7a e Retire, Drive-Tudo ou no pr\u00f3prio restaurante, pelos Totens de autoatendimento e no balc\u00e3o. Tamb\u00e9m \u00e9 poss\u00edvel garantir os brinquedos sem sair de casa, basta pedir pelo app do McDonald\u2019s e aproveitar o McDelivery!<\/p>\n","protected":false},"excerpt":{"rendered":"<p>O McLanche Feliz est\u00e1 com superpoderes porque, neste m\u00eas, chegaram \u00e0s caixinhas personagens de \u201cAs Marvels\u201d! A novidade chega para proporcionar muita divers\u00e3o em fam\u00edlia e convidar todos a participarem de momentos cheios de aventura, inspirados pelo filme que estreia em novembro nos cinemas brasileiros. Nessa nova hist\u00f3ria, Carol Danvers, conhecida tamb\u00e9m por Capit\u00e3 Marvel, [&hellip;]<\/p>\n","protected":false},"author":2,"featured_media":309975,"comment_status":"closed","ping_status":"closed","sticky":false,"template":"","format":"standard","meta":{"_acf_changed":false,"footnotes":""},"categories":[161],"tags":[],"class_list":["post-309974","post","type-post","status-publish","format-standard","has-post-thumbnail","hentry","category-quadradinho-em-foco"],"acf":[],"yoast_head":"<!-- This site is optimized with the Yoast SEO plugin v27.2 - https:\/\/yoast.com\/product\/yoast-seo-wordpress\/ -->\n<title>McLanche Feliz traz brinquedos do filme \u201cAs Marvels\u201d - Notibras<\/title>\n<meta name=\"robots\" content=\"index, follow, max-snippet:-1, max-image-preview:large, max-video-preview:-1\" \/>\n<link rel=\"canonical\" href=\"https:\/\/www.notibras.com\/site\/mclanche-feliz-traz-brinquedos-do-filme-as-marvels\/\" \/>\n<meta property=\"og:locale\" content=\"pt_BR\" \/>\n<meta property=\"og:type\" content=\"article\" \/>\n<meta property=\"og:title\" content=\"McLanche Feliz traz brinquedos do filme \u201cAs Marvels\u201d - Notibras\" \/>\n<meta property=\"og:description\" content=\"O McLanche Feliz est\u00e1 com superpoderes porque, neste m\u00eas, chegaram \u00e0s caixinhas personagens de \u201cAs Marvels\u201d! A novidade chega para proporcionar muita divers\u00e3o em fam\u00edlia e convidar todos a participarem de momentos cheios de aventura, inspirados pelo filme que estreia em novembro nos cinemas brasileiros. Nessa nova hist\u00f3ria, Carol Danvers, conhecida tamb\u00e9m por Capit\u00e3 Marvel, [&hellip;]\" \/>\n<meta property=\"og:url\" content=\"https:\/\/www.notibras.com\/site\/mclanche-feliz-traz-brinquedos-do-filme-as-marvels\/\" \/>\n<meta property=\"og:site_name\" content=\"Notibras\" \/>\n<meta property=\"article:publisher\" content=\"https:\/\/www.facebook.com\/notibras\/\" \/>\n<meta property=\"article:published_time\" content=\"2023-08-01T07:18:49+00:00\" \/>\n<meta property=\"og:image\" content=\"https:\/\/www.notibras.com\/site\/wp-content\/uploads\/2023\/08\/unnamed-85-scaled.jpg\" \/>\n\t<meta property=\"og:image:width\" content=\"2560\" \/>\n\t<meta property=\"og:image:height\" content=\"1517\" \/>\n\t<meta property=\"og:image:type\" content=\"image\/jpeg\" \/>\n<meta name=\"author\" content=\"Reda\u00e7\u00e3o\" \/>\n<meta name=\"twitter:card\" content=\"summary_large_image\" \/>\n<meta name=\"twitter:creator\" content=\"@Notibras\" \/>\n<meta name=\"twitter:site\" content=\"@Notibras\" \/>\n<meta name=\"twitter:label1\" content=\"Escrito por\" \/>\n\t<meta name=\"twitter:data1\" content=\"Reda\u00e7\u00e3o\" \/>\n\t<meta name=\"twitter:label2\" content=\"Est. tempo de leitura\" \/>\n\t<meta name=\"twitter:data2\" content=\"3 minutos\" \/>\n<script type=\"application\/ld+json\" class=\"yoast-schema-graph\">{\"@context\":\"https:\/\/schema.org\",\"@graph\":[{\"@type\":\"Article\",\"@id\":\"https:\/\/www.notibras.com\/site\/mclanche-feliz-traz-brinquedos-do-filme-as-marvels\/#article\",\"isPartOf\":{\"@id\":\"https:\/\/www.notibras.com\/site\/mclanche-feliz-traz-brinquedos-do-filme-as-marvels\/\"},\"author\":{\"name\":\"Reda\u00e7\u00e3o\",\"@id\":\"https:\/\/www.notibras.com\/site\/#\/schema\/person\/36ab0979449956132d3e5b517ea76ac8\"},\"headline\":\"McLanche Feliz traz brinquedos do filme \u201cAs Marvels\u201d\",\"datePublished\":\"2023-08-01T07:18:49+00:00\",\"mainEntityOfPage\":{\"@id\":\"https:\/\/www.notibras.com\/site\/mclanche-feliz-traz-brinquedos-do-filme-as-marvels\/\"},\"wordCount\":418,\"publisher\":{\"@id\":\"https:\/\/www.notibras.com\/site\/#organization\"},\"image\":{\"@id\":\"https:\/\/www.notibras.com\/site\/mclanche-feliz-traz-brinquedos-do-filme-as-marvels\/#primaryimage\"},\"thumbnailUrl\":\"https:\/\/www.notibras.com\/site\/wp-content\/uploads\/2023\/08\/unnamed-85-scaled.jpg\",\"articleSection\":[\"Quadradinho em Foco\"],\"inLanguage\":\"pt-BR\"},{\"@type\":\"WebPage\",\"@id\":\"https:\/\/www.notibras.com\/site\/mclanche-feliz-traz-brinquedos-do-filme-as-marvels\/\",\"url\":\"https:\/\/www.notibras.com\/site\/mclanche-feliz-traz-brinquedos-do-filme-as-marvels\/\",\"name\":\"McLanche Feliz traz brinquedos do filme \u201cAs Marvels\u201d - Notibras\",\"isPartOf\":{\"@id\":\"https:\/\/www.notibras.com\/site\/#website\"},\"primaryImageOfPage\":{\"@id\":\"https:\/\/www.notibras.com\/site\/mclanche-feliz-traz-brinquedos-do-filme-as-marvels\/#primaryimage\"},\"image\":{\"@id\":\"https:\/\/www.notibras.com\/site\/mclanche-feliz-traz-brinquedos-do-filme-as-marvels\/#primaryimage\"},\"thumbnailUrl\":\"https:\/\/www.notibras.com\/site\/wp-content\/uploads\/2023\/08\/unnamed-85-scaled.jpg\",\"datePublished\":\"2023-08-01T07:18:49+00:00\",\"breadcrumb\":{\"@id\":\"https:\/\/www.notibras.com\/site\/mclanche-feliz-traz-brinquedos-do-filme-as-marvels\/#breadcrumb\"},\"inLanguage\":\"pt-BR\",\"potentialAction\":[{\"@type\":\"ReadAction\",\"target\":[\"https:\/\/www.notibras.com\/site\/mclanche-feliz-traz-brinquedos-do-filme-as-marvels\/\"]}]},{\"@type\":\"ImageObject\",\"inLanguage\":\"pt-BR\",\"@id\":\"https:\/\/www.notibras.com\/site\/mclanche-feliz-traz-brinquedos-do-filme-as-marvels\/#primaryimage\",\"url\":\"https:\/\/www.notibras.com\/site\/wp-content\/uploads\/2023\/08\/unnamed-85-scaled.jpg\",\"contentUrl\":\"https:\/\/www.notibras.com\/site\/wp-content\/uploads\/2023\/08\/unnamed-85-scaled.jpg\",\"width\":2560,\"height\":1517},{\"@type\":\"BreadcrumbList\",\"@id\":\"https:\/\/www.notibras.com\/site\/mclanche-feliz-traz-brinquedos-do-filme-as-marvels\/#breadcrumb\",\"itemListElement\":[{\"@type\":\"ListItem\",\"position\":1,\"name\":\"In\u00edcio\",\"item\":\"https:\/\/www.notibras.com\/site\/\"},{\"@type\":\"ListItem\",\"position\":2,\"name\":\"McLanche Feliz traz brinquedos do filme \u201cAs Marvels\u201d\"}]},{\"@type\":\"WebSite\",\"@id\":\"https:\/\/www.notibras.com\/site\/#website\",\"url\":\"https:\/\/www.notibras.com\/site\/\",\"name\":\"Notibras\",\"description\":\"Not\u00edcias de Bras\u00edlia, do Brasil e do Mundo\",\"publisher\":{\"@id\":\"https:\/\/www.notibras.com\/site\/#organization\"},\"potentialAction\":[{\"@type\":\"SearchAction\",\"target\":{\"@type\":\"EntryPoint\",\"urlTemplate\":\"https:\/\/www.notibras.com\/site\/?s={search_term_string}\"},\"query-input\":{\"@type\":\"PropertyValueSpecification\",\"valueRequired\":true,\"valueName\":\"search_term_string\"}}],\"inLanguage\":\"pt-BR\"},{\"@type\":\"Organization\",\"@id\":\"https:\/\/www.notibras.com\/site\/#organization\",\"name\":\"Grupo Notibras de Comunica\u00e7\u00e3o\",\"url\":\"https:\/\/www.notibras.com\/site\/\",\"logo\":{\"@type\":\"ImageObject\",\"inLanguage\":\"pt-BR\",\"@id\":\"https:\/\/www.notibras.com\/site\/#\/schema\/logo\/image\/\",\"url\":\"https:\/\/www.notibras.com\/site\/wp-content\/uploads\/2023\/01\/notibras23.png\",\"contentUrl\":\"https:\/\/www.notibras.com\/site\/wp-content\/uploads\/2023\/01\/notibras23.png\",\"width\":350,\"height\":87,\"caption\":\"Grupo Notibras de Comunica\u00e7\u00e3o\"},\"image\":{\"@id\":\"https:\/\/www.notibras.com\/site\/#\/schema\/logo\/image\/\"},\"sameAs\":[\"https:\/\/www.facebook.com\/notibras\/\",\"https:\/\/x.com\/Notibras\",\"https:\/\/www.instagram.com\/notibras\/\"]},{\"@type\":\"Person\",\"@id\":\"https:\/\/www.notibras.com\/site\/#\/schema\/person\/36ab0979449956132d3e5b517ea76ac8\",\"name\":\"Reda\u00e7\u00e3o\",\"image\":{\"@type\":\"ImageObject\",\"inLanguage\":\"pt-BR\",\"@id\":\"https:\/\/secure.gravatar.com\/avatar\/e0a867bdedb85fd243eadf09663511f96fc81e0720a4a42581f334ad4303aa6b?s=96&d=mm&r=g\",\"url\":\"https:\/\/secure.gravatar.com\/avatar\/e0a867bdedb85fd243eadf09663511f96fc81e0720a4a42581f334ad4303aa6b?s=96&d=mm&r=g\",\"contentUrl\":\"https:\/\/secure.gravatar.com\/avatar\/e0a867bdedb85fd243eadf09663511f96fc81e0720a4a42581f334ad4303aa6b?s=96&d=mm&r=g\",\"caption\":\"Reda\u00e7\u00e3o\"}}]}<\/script>\n<!-- \/ Yoast SEO plugin. -->","yoast_head_json":{"title":"McLanche Feliz traz brinquedos do filme \u201cAs Marvels\u201d - Notibras","robots":{"index":"index","follow":"follow","max-snippet":"max-snippet:-1","max-image-preview":"max-image-preview:large","max-video-preview":"max-video-preview:-1"},"canonical":"https:\/\/www.notibras.com\/site\/mclanche-feliz-traz-brinquedos-do-filme-as-marvels\/","og_locale":"pt_BR","og_type":"article","og_title":"McLanche Feliz traz brinquedos do filme \u201cAs Marvels\u201d - Notibras","og_description":"O McLanche Feliz est\u00e1 com superpoderes porque, neste m\u00eas, chegaram \u00e0s caixinhas personagens de \u201cAs Marvels\u201d! A novidade chega para proporcionar muita divers\u00e3o em fam\u00edlia e convidar todos a participarem de momentos cheios de aventura, inspirados pelo filme que estreia em novembro nos cinemas brasileiros. Nessa nova hist\u00f3ria, Carol Danvers, conhecida tamb\u00e9m por Capit\u00e3 Marvel, [&hellip;]","og_url":"https:\/\/www.notibras.com\/site\/mclanche-feliz-traz-brinquedos-do-filme-as-marvels\/","og_site_name":"Notibras","article_publisher":"https:\/\/www.facebook.com\/notibras\/","article_published_time":"2023-08-01T07:18:49+00:00","og_image":[{"width":2560,"height":1517,"url":"https:\/\/www.notibras.com\/site\/wp-content\/uploads\/2023\/08\/unnamed-85-scaled.jpg","type":"image\/jpeg"}],"author":"Reda\u00e7\u00e3o","twitter_card":"summary_large_image","twitter_creator":"@Notibras","twitter_site":"@Notibras","twitter_misc":{"Escrito por":"Reda\u00e7\u00e3o","Est. tempo de leitura":"3 minutos"},"schema":{"@context":"https:\/\/schema.org","@graph":[{"@type":"Article","@id":"https:\/\/www.notibras.com\/site\/mclanche-feliz-traz-brinquedos-do-filme-as-marvels\/#article","isPartOf":{"@id":"https:\/\/www.notibras.com\/site\/mclanche-feliz-traz-brinquedos-do-filme-as-marvels\/"},"author":{"name":"Reda\u00e7\u00e3o","@id":"https:\/\/www.notibras.com\/site\/#\/schema\/person\/36ab0979449956132d3e5b517ea76ac8"},"headline":"McLanche Feliz traz brinquedos do filme \u201cAs Marvels\u201d","datePublished":"2023-08-01T07:18:49+00:00","mainEntityOfPage":{"@id":"https:\/\/www.notibras.com\/site\/mclanche-feliz-traz-brinquedos-do-filme-as-marvels\/"},"wordCount":418,"publisher":{"@id":"https:\/\/www.notibras.com\/site\/#organization"},"image":{"@id":"https:\/\/www.notibras.com\/site\/mclanche-feliz-traz-brinquedos-do-filme-as-marvels\/#primaryimage"},"thumbnailUrl":"https:\/\/www.notibras.com\/site\/wp-content\/uploads\/2023\/08\/unnamed-85-scaled.jpg","articleSection":["Quadradinho em Foco"],"inLanguage":"pt-BR"},{"@type":"WebPage","@id":"https:\/\/www.notibras.com\/site\/mclanche-feliz-traz-brinquedos-do-filme-as-marvels\/","url":"https:\/\/www.notibras.com\/site\/mclanche-feliz-traz-brinquedos-do-filme-as-marvels\/","name":"McLanche Feliz traz brinquedos do filme \u201cAs Marvels\u201d - Notibras","isPartOf":{"@id":"https:\/\/www.notibras.com\/site\/#website"},"primaryImageOfPage":{"@id":"https:\/\/www.notibras.com\/site\/mclanche-feliz-traz-brinquedos-do-filme-as-marvels\/#primaryimage"},"image":{"@id":"https:\/\/www.notibras.com\/site\/mclanche-feliz-traz-brinquedos-do-filme-as-marvels\/#primaryimage"},"thumbnailUrl":"https:\/\/www.notibras.com\/site\/wp-content\/uploads\/2023\/08\/unnamed-85-scaled.jpg","datePublished":"2023-08-01T07:18:49+00:00","breadcrumb":{"@id":"https:\/\/www.notibras.com\/site\/mclanche-feliz-traz-brinquedos-do-filme-as-marvels\/#breadcrumb"},"inLanguage":"pt-BR","potentialAction":[{"@type":"ReadAction","target":["https:\/\/www.notibras.com\/site\/mclanche-feliz-traz-brinquedos-do-filme-as-marvels\/"]}]},{"@type":"ImageObject","inLanguage":"pt-BR","@id":"https:\/\/www.notibras.com\/site\/mclanche-feliz-traz-brinquedos-do-filme-as-marvels\/#primaryimage","url":"https:\/\/www.notibras.com\/site\/wp-content\/uploads\/2023\/08\/unnamed-85-scaled.jpg","contentUrl":"https:\/\/www.notibras.com\/site\/wp-content\/uploads\/2023\/08\/unnamed-85-scaled.jpg","width":2560,"height":1517},{"@type":"BreadcrumbList","@id":"https:\/\/www.notibras.com\/site\/mclanche-feliz-traz-brinquedos-do-filme-as-marvels\/#breadcrumb","itemListElement":[{"@type":"ListItem","position":1,"name":"In\u00edcio","item":"https:\/\/www.notibras.com\/site\/"},{"@type":"ListItem","position":2,"name":"McLanche Feliz traz brinquedos do filme \u201cAs Marvels\u201d"}]},{"@type":"WebSite","@id":"https:\/\/www.notibras.com\/site\/#website","url":"https:\/\/www.notibras.com\/site\/","name":"Notibras","description":"Not\u00edcias de Bras\u00edlia, do Brasil e do Mundo","publisher":{"@id":"https:\/\/www.notibras.com\/site\/#organization"},"potentialAction":[{"@type":"SearchAction","target":{"@type":"EntryPoint","urlTemplate":"https:\/\/www.notibras.com\/site\/?s={search_term_string}"},"query-input":{"@type":"PropertyValueSpecification","valueRequired":true,"valueName":"search_term_string"}}],"inLanguage":"pt-BR"},{"@type":"Organization","@id":"https:\/\/www.notibras.com\/site\/#organization","name":"Grupo Notibras de Comunica\u00e7\u00e3o","url":"https:\/\/www.notibras.com\/site\/","logo":{"@type":"ImageObject","inLanguage":"pt-BR","@id":"https:\/\/www.notibras.com\/site\/#\/schema\/logo\/image\/","url":"https:\/\/www.notibras.com\/site\/wp-content\/uploads\/2023\/01\/notibras23.png","contentUrl":"https:\/\/www.notibras.com\/site\/wp-content\/uploads\/2023\/01\/notibras23.png","width":350,"height":87,"caption":"Grupo Notibras de Comunica\u00e7\u00e3o"},"image":{"@id":"https:\/\/www.notibras.com\/site\/#\/schema\/logo\/image\/"},"sameAs":["https:\/\/www.facebook.com\/notibras\/","https:\/\/x.com\/Notibras","https:\/\/www.instagram.com\/notibras\/"]},{"@type":"Person","@id":"https:\/\/www.notibras.com\/site\/#\/schema\/person\/36ab0979449956132d3e5b517ea76ac8","name":"Reda\u00e7\u00e3o","image":{"@type":"ImageObject","inLanguage":"pt-BR","@id":"https:\/\/secure.gravatar.com\/avatar\/e0a867bdedb85fd243eadf09663511f96fc81e0720a4a42581f334ad4303aa6b?s=96&d=mm&r=g","url":"https:\/\/secure.gravatar.com\/avatar\/e0a867bdedb85fd243eadf09663511f96fc81e0720a4a42581f334ad4303aa6b?s=96&d=mm&r=g","contentUrl":"https:\/\/secure.gravatar.com\/avatar\/e0a867bdedb85fd243eadf09663511f96fc81e0720a4a42581f334ad4303aa6b?s=96&d=mm&r=g","caption":"Reda\u00e7\u00e3o"}}]}},"amp_enabled":true,"_links":{"self":[{"href":"https:\/\/www.notibras.com\/site\/wp-json\/wp\/v2\/posts\/309974","targetHints":{"allow":["GET"]}}],"collection":[{"href":"https:\/\/www.notibras.com\/site\/wp-json\/wp\/v2\/posts"}],"about":[{"href":"https:\/\/www.notibras.com\/site\/wp-json\/wp\/v2\/types\/post"}],"author":[{"embeddable":true,"href":"https:\/\/www.notibras.com\/site\/wp-json\/wp\/v2\/users\/2"}],"replies":[{"embeddable":true,"href":"https:\/\/www.notibras.com\/site\/wp-json\/wp\/v2\/comments?post=309974"}],"version-history":[{"count":1,"href":"https:\/\/www.notibras.com\/site\/wp-json\/wp\/v2\/posts\/309974\/revisions"}],"predecessor-version":[{"id":309976,"href":"https:\/\/www.notibras.com\/site\/wp-json\/wp\/v2\/posts\/309974\/revisions\/309976"}],"wp:featuredmedia":[{"embeddable":true,"href":"https:\/\/www.notibras.com\/site\/wp-json\/wp\/v2\/media\/309975"}],"wp:attachment":[{"href":"https:\/\/www.notibras.com\/site\/wp-json\/wp\/v2\/media?parent=309974"}],"wp:term":[{"taxonomy":"category","embeddable":true,"href":"https:\/\/www.notibras.com\/site\/wp-json\/wp\/v2\/categories?post=309974"},{"taxonomy":"post_tag","embeddable":true,"href":"https:\/\/www.notibras.com\/site\/wp-json\/wp\/v2\/tags?post=309974"}],"curies":[{"name":"wp","href":"https:\/\/api.w.org\/{rel}","templated":true}]}}