{"id":310054,"date":"2023-08-01T12:55:05","date_gmt":"2023-08-01T15:55:05","guid":{"rendered":"https:\/\/www.notibras.com\/site\/?p=310054"},"modified":"2023-08-01T17:57:33","modified_gmt":"2023-08-01T20:57:33","slug":"farmacias-licenciadas-ja-podem-fazer-exames-clinicos","status":"publish","type":"post","link":"https:\/\/www.notibras.com\/site\/farmacias-licenciadas-ja-podem-fazer-exames-clinicos\/","title":{"rendered":"Farm\u00e1cias licenciadas j\u00e1 podem fazer exames cl\u00ednicos"},"content":{"rendered":"<p>A resolu\u00e7\u00e3o que atualizou as normas de coleta, exames e an\u00e1lises para o diagn\u00f3stico de doen\u00e7as entrou em vigor nesta ter\u00e7a-feira (1\u00ba). Entre as mudan\u00e7as est\u00e1 a autoriza\u00e7\u00e3o dada a farm\u00e1cias e consult\u00f3rios isolados para a realiza\u00e7\u00e3o de exames cl\u00ednicos em etapa \u00fanica, com car\u00e1ter de triagem.<\/p>\n<p>At\u00e9 agora, as farm\u00e1cias s\u00f3 eram autorizadas a realizar testes de covid-19 e glicemia. Com a mudan\u00e7a, a lista de exames cl\u00ednicos para triagem passa de mais de 40 tipos, como o do ant\u00edgeno NS1 para triagem da dengue, por exemplo.<\/p>\n<p>Segundo o diretor-executivo da Associa\u00e7\u00e3o Brasileira de Redes de Farm\u00e1cias e Drogarias (Abrafarma), Sergio Mena Barreto, a nova resolu\u00e7\u00e3o posiciona as farm\u00e1cias como porta de entrada do sistema de sa\u00fade do pa\u00eds. Atualmente, a institui\u00e7\u00e3o j\u00e1 contabiliza a exist\u00eancia de mais de seis mil salas configuradas para a assist\u00eancia farmac\u00eautica.<\/p>\n<p>Sergio explica que a pandemia de covid-19 foi fundamental para desenvolver essa estrutura. \u201cRealizamos 20,7 milh\u00f5es de testes de covid e identificamos que pelo menos 10% dos casos eram graves o suficiente para encaminhamento ao hospital. Al\u00e9m disso, capacitamos cerca de 20 mil farmac\u00eauticos para esses servi\u00e7os\u201d, explicou.<\/p>\n<p><strong>Exame toxicol\u00f3gico<\/strong><br \/>\nA nova regra n\u00e3o apenas levou os exames cl\u00ednicos para al\u00e9m dos laborat\u00f3rios, como tamb\u00e9m incluiu na normatiza\u00e7\u00e3o os laborat\u00f3rios anatomopatol\u00f3gicos e de toxicologia, ausentes na regulamenta\u00e7\u00e3o anterior. Com isso, foi poss\u00edvel avan\u00e7ar em legisla\u00e7\u00f5es como a que exige o exame toxicol\u00f3gico para motoristas de caminh\u00f5es e \u00f4nibus.<\/p>\n<p>De forma geral, a resolu\u00e7\u00e3o criou tr\u00eas grupos de atua\u00e7\u00e3o nos exames de an\u00e1lise cl\u00ednica. O primeiro grupo &#8211; constitu\u00eddo por farm\u00e1cias e consult\u00f3rios isolados &#8211; foi autorizado a realizar exames que n\u00e3o precisem de instrumento de leitura para os resultados e que tratem de material biol\u00f3gico prim\u00e1rio, ou seja, que n\u00e3o necessitem de procedimento para obten\u00e7\u00e3o.<\/p>\n<p>Todos os outros servi\u00e7os de an\u00e1lise cl\u00ednica, como exames de sangue, por exemplo, ficaram restritos aos postos de coleta, classificados no segundo grupo, e aos laborat\u00f3rios que constituem o terceiro grupo. No caso do segundo grupo, o processamento do material biol\u00f3gico \u00e9 limitado \u00e0 fase pr\u00e9-anal\u00edtica.<\/p>\n<p><strong>Par\u00e2metros t\u00e9cnicos<\/strong><br \/>\nOutra mudan\u00e7a presente nas novas regras abrange par\u00e2metros t\u00e9cnicos e de infraestrutura para o funcionamento das centrais de distribui\u00e7\u00e3o de materiais biol\u00f3gicos e regulamenta\u00e7\u00e3o da rela\u00e7\u00e3o entre os postos de coleta e os laborat\u00f3rios.<\/p>\n<p>O contrato entre os dois servi\u00e7os passa a ter um controle compartilhado do \ufb02uxo de registros de pacientes, solicitantes e exames, com crit\u00e9rios de rastreabilidade ampliados.<\/p>\n<p>Tamb\u00e9m foram definidas as regras de envio dos materiais biol\u00f3gicos para laborat\u00f3rios no exterior, como a presen\u00e7a de informa\u00e7\u00f5es dos exames solicitados, do material biol\u00f3gico coletado, do paciente e do solicitante nas amostras.<\/p>\n","protected":false},"excerpt":{"rendered":"<p>A resolu\u00e7\u00e3o que atualizou as normas de coleta, exames e an\u00e1lises para o diagn\u00f3stico de doen\u00e7as entrou em vigor nesta ter\u00e7a-feira (1\u00ba). Entre as mudan\u00e7as est\u00e1 a autoriza\u00e7\u00e3o dada a farm\u00e1cias e consult\u00f3rios isolados para a realiza\u00e7\u00e3o de exames cl\u00ednicos em etapa \u00fanica, com car\u00e1ter de triagem. At\u00e9 agora, as farm\u00e1cias s\u00f3 eram autorizadas a [&hellip;]<\/p>\n","protected":false},"author":2,"featured_media":310055,"comment_status":"closed","ping_status":"closed","sticky":false,"template":"","format":"standard","meta":{"_acf_changed":false,"footnotes":""},"categories":[161],"tags":[95],"class_list":["post-310054","post","type-post","status-publish","format-standard","has-post-thumbnail","hentry","category-quadradinho-em-foco","tag-capa"],"acf":[],"yoast_head":"<!-- This site is optimized with the Yoast SEO plugin v27.2 - https:\/\/yoast.com\/product\/yoast-seo-wordpress\/ -->\n<title>Farm\u00e1cias licenciadas j\u00e1 podem fazer exames cl\u00ednicos - Notibras<\/title>\n<meta name=\"robots\" content=\"index, follow, max-snippet:-1, max-image-preview:large, max-video-preview:-1\" \/>\n<link rel=\"canonical\" href=\"https:\/\/www.notibras.com\/site\/farmacias-licenciadas-ja-podem-fazer-exames-clinicos\/\" \/>\n<meta property=\"og:locale\" content=\"pt_BR\" \/>\n<meta property=\"og:type\" content=\"article\" \/>\n<meta property=\"og:title\" content=\"Farm\u00e1cias licenciadas j\u00e1 podem fazer exames cl\u00ednicos - Notibras\" \/>\n<meta property=\"og:description\" content=\"A resolu\u00e7\u00e3o que atualizou as normas de coleta, exames e an\u00e1lises para o diagn\u00f3stico de doen\u00e7as entrou em vigor nesta ter\u00e7a-feira (1\u00ba). Entre as mudan\u00e7as est\u00e1 a autoriza\u00e7\u00e3o dada a farm\u00e1cias e consult\u00f3rios isolados para a realiza\u00e7\u00e3o de exames cl\u00ednicos em etapa \u00fanica, com car\u00e1ter de triagem. At\u00e9 agora, as farm\u00e1cias s\u00f3 eram autorizadas a [&hellip;]\" \/>\n<meta property=\"og:url\" content=\"https:\/\/www.notibras.com\/site\/farmacias-licenciadas-ja-podem-fazer-exames-clinicos\/\" \/>\n<meta property=\"og:site_name\" content=\"Notibras\" \/>\n<meta property=\"article:publisher\" content=\"https:\/\/www.facebook.com\/notibras\/\" \/>\n<meta property=\"article:published_time\" content=\"2023-08-01T15:55:05+00:00\" \/>\n<meta property=\"article:modified_time\" content=\"2023-08-01T20:57:33+00:00\" \/>\n<meta property=\"og:image\" content=\"https:\/\/www.notibras.com\/site\/wp-content\/uploads\/2023\/08\/15736682249_9ffe41b83b_o-1.jpg\" \/>\n\t<meta property=\"og:image:width\" content=\"1170\" \/>\n\t<meta property=\"og:image:height\" content=\"700\" \/>\n\t<meta property=\"og:image:type\" content=\"image\/jpeg\" \/>\n<meta name=\"author\" content=\"Reda\u00e7\u00e3o\" \/>\n<meta name=\"twitter:card\" content=\"summary_large_image\" \/>\n<meta name=\"twitter:creator\" content=\"@Notibras\" \/>\n<meta name=\"twitter:site\" content=\"@Notibras\" \/>\n<meta name=\"twitter:label1\" content=\"Escrito por\" \/>\n\t<meta name=\"twitter:data1\" content=\"Reda\u00e7\u00e3o\" \/>\n\t<meta name=\"twitter:label2\" content=\"Est. tempo de leitura\" \/>\n\t<meta name=\"twitter:data2\" content=\"3 minutos\" \/>\n<script type=\"application\/ld+json\" class=\"yoast-schema-graph\">{\"@context\":\"https:\/\/schema.org\",\"@graph\":[{\"@type\":\"Article\",\"@id\":\"https:\/\/www.notibras.com\/site\/farmacias-licenciadas-ja-podem-fazer-exames-clinicos\/#article\",\"isPartOf\":{\"@id\":\"https:\/\/www.notibras.com\/site\/farmacias-licenciadas-ja-podem-fazer-exames-clinicos\/\"},\"author\":{\"name\":\"Reda\u00e7\u00e3o\",\"@id\":\"https:\/\/www.notibras.com\/site\/#\/schema\/person\/36ab0979449956132d3e5b517ea76ac8\"},\"headline\":\"Farm\u00e1cias licenciadas j\u00e1 podem fazer exames cl\u00ednicos\",\"datePublished\":\"2023-08-01T15:55:05+00:00\",\"dateModified\":\"2023-08-01T20:57:33+00:00\",\"mainEntityOfPage\":{\"@id\":\"https:\/\/www.notibras.com\/site\/farmacias-licenciadas-ja-podem-fazer-exames-clinicos\/\"},\"wordCount\":519,\"publisher\":{\"@id\":\"https:\/\/www.notibras.com\/site\/#organization\"},\"image\":{\"@id\":\"https:\/\/www.notibras.com\/site\/farmacias-licenciadas-ja-podem-fazer-exames-clinicos\/#primaryimage\"},\"thumbnailUrl\":\"https:\/\/www.notibras.com\/site\/wp-content\/uploads\/2023\/08\/15736682249_9ffe41b83b_o-1.jpg\",\"keywords\":[\"capa\"],\"articleSection\":[\"Quadradinho em Foco\"],\"inLanguage\":\"pt-BR\"},{\"@type\":\"WebPage\",\"@id\":\"https:\/\/www.notibras.com\/site\/farmacias-licenciadas-ja-podem-fazer-exames-clinicos\/\",\"url\":\"https:\/\/www.notibras.com\/site\/farmacias-licenciadas-ja-podem-fazer-exames-clinicos\/\",\"name\":\"Farm\u00e1cias licenciadas j\u00e1 podem fazer exames cl\u00ednicos - Notibras\",\"isPartOf\":{\"@id\":\"https:\/\/www.notibras.com\/site\/#website\"},\"primaryImageOfPage\":{\"@id\":\"https:\/\/www.notibras.com\/site\/farmacias-licenciadas-ja-podem-fazer-exames-clinicos\/#primaryimage\"},\"image\":{\"@id\":\"https:\/\/www.notibras.com\/site\/farmacias-licenciadas-ja-podem-fazer-exames-clinicos\/#primaryimage\"},\"thumbnailUrl\":\"https:\/\/www.notibras.com\/site\/wp-content\/uploads\/2023\/08\/15736682249_9ffe41b83b_o-1.jpg\",\"datePublished\":\"2023-08-01T15:55:05+00:00\",\"dateModified\":\"2023-08-01T20:57:33+00:00\",\"breadcrumb\":{\"@id\":\"https:\/\/www.notibras.com\/site\/farmacias-licenciadas-ja-podem-fazer-exames-clinicos\/#breadcrumb\"},\"inLanguage\":\"pt-BR\",\"potentialAction\":[{\"@type\":\"ReadAction\",\"target\":[\"https:\/\/www.notibras.com\/site\/farmacias-licenciadas-ja-podem-fazer-exames-clinicos\/\"]}]},{\"@type\":\"ImageObject\",\"inLanguage\":\"pt-BR\",\"@id\":\"https:\/\/www.notibras.com\/site\/farmacias-licenciadas-ja-podem-fazer-exames-clinicos\/#primaryimage\",\"url\":\"https:\/\/www.notibras.com\/site\/wp-content\/uploads\/2023\/08\/15736682249_9ffe41b83b_o-1.jpg\",\"contentUrl\":\"https:\/\/www.notibras.com\/site\/wp-content\/uploads\/2023\/08\/15736682249_9ffe41b83b_o-1.jpg\",\"width\":1170,\"height\":700,\"caption\":\"BIE - Banco de Imagens Externas - Rotina de trabalho da farm\u00e1cia da ASCADE localizada na C\u00e2mara dos Deputados. A MP 653, altera a Lei n\u00ba 13.021, de 8 de agosto de 2014, que disp\u00f5e sobre o exerc\u00edcio e a fiscaliza\u00e7\u00e3o das atividades farmac\u00eauticas. Foto: Jefferson Rudy\/Ag\u00eancia Senado\"},{\"@type\":\"BreadcrumbList\",\"@id\":\"https:\/\/www.notibras.com\/site\/farmacias-licenciadas-ja-podem-fazer-exames-clinicos\/#breadcrumb\",\"itemListElement\":[{\"@type\":\"ListItem\",\"position\":1,\"name\":\"In\u00edcio\",\"item\":\"https:\/\/www.notibras.com\/site\/\"},{\"@type\":\"ListItem\",\"position\":2,\"name\":\"Farm\u00e1cias licenciadas j\u00e1 podem fazer exames cl\u00ednicos\"}]},{\"@type\":\"WebSite\",\"@id\":\"https:\/\/www.notibras.com\/site\/#website\",\"url\":\"https:\/\/www.notibras.com\/site\/\",\"name\":\"Notibras\",\"description\":\"Not\u00edcias de Bras\u00edlia, do Brasil e do Mundo\",\"publisher\":{\"@id\":\"https:\/\/www.notibras.com\/site\/#organization\"},\"potentialAction\":[{\"@type\":\"SearchAction\",\"target\":{\"@type\":\"EntryPoint\",\"urlTemplate\":\"https:\/\/www.notibras.com\/site\/?s={search_term_string}\"},\"query-input\":{\"@type\":\"PropertyValueSpecification\",\"valueRequired\":true,\"valueName\":\"search_term_string\"}}],\"inLanguage\":\"pt-BR\"},{\"@type\":\"Organization\",\"@id\":\"https:\/\/www.notibras.com\/site\/#organization\",\"name\":\"Grupo Notibras de Comunica\u00e7\u00e3o\",\"url\":\"https:\/\/www.notibras.com\/site\/\",\"logo\":{\"@type\":\"ImageObject\",\"inLanguage\":\"pt-BR\",\"@id\":\"https:\/\/www.notibras.com\/site\/#\/schema\/logo\/image\/\",\"url\":\"https:\/\/www.notibras.com\/site\/wp-content\/uploads\/2023\/01\/notibras23.png\",\"contentUrl\":\"https:\/\/www.notibras.com\/site\/wp-content\/uploads\/2023\/01\/notibras23.png\",\"width\":350,\"height\":87,\"caption\":\"Grupo Notibras de Comunica\u00e7\u00e3o\"},\"image\":{\"@id\":\"https:\/\/www.notibras.com\/site\/#\/schema\/logo\/image\/\"},\"sameAs\":[\"https:\/\/www.facebook.com\/notibras\/\",\"https:\/\/x.com\/Notibras\",\"https:\/\/www.instagram.com\/notibras\/\"]},{\"@type\":\"Person\",\"@id\":\"https:\/\/www.notibras.com\/site\/#\/schema\/person\/36ab0979449956132d3e5b517ea76ac8\",\"name\":\"Reda\u00e7\u00e3o\",\"image\":{\"@type\":\"ImageObject\",\"inLanguage\":\"pt-BR\",\"@id\":\"https:\/\/secure.gravatar.com\/avatar\/e0a867bdedb85fd243eadf09663511f96fc81e0720a4a42581f334ad4303aa6b?s=96&d=mm&r=g\",\"url\":\"https:\/\/secure.gravatar.com\/avatar\/e0a867bdedb85fd243eadf09663511f96fc81e0720a4a42581f334ad4303aa6b?s=96&d=mm&r=g\",\"contentUrl\":\"https:\/\/secure.gravatar.com\/avatar\/e0a867bdedb85fd243eadf09663511f96fc81e0720a4a42581f334ad4303aa6b?s=96&d=mm&r=g\",\"caption\":\"Reda\u00e7\u00e3o\"}}]}<\/script>\n<!-- \/ Yoast SEO plugin. -->","yoast_head_json":{"title":"Farm\u00e1cias licenciadas j\u00e1 podem fazer exames cl\u00ednicos - Notibras","robots":{"index":"index","follow":"follow","max-snippet":"max-snippet:-1","max-image-preview":"max-image-preview:large","max-video-preview":"max-video-preview:-1"},"canonical":"https:\/\/www.notibras.com\/site\/farmacias-licenciadas-ja-podem-fazer-exames-clinicos\/","og_locale":"pt_BR","og_type":"article","og_title":"Farm\u00e1cias licenciadas j\u00e1 podem fazer exames cl\u00ednicos - Notibras","og_description":"A resolu\u00e7\u00e3o que atualizou as normas de coleta, exames e an\u00e1lises para o diagn\u00f3stico de doen\u00e7as entrou em vigor nesta ter\u00e7a-feira (1\u00ba). Entre as mudan\u00e7as est\u00e1 a autoriza\u00e7\u00e3o dada a farm\u00e1cias e consult\u00f3rios isolados para a realiza\u00e7\u00e3o de exames cl\u00ednicos em etapa \u00fanica, com car\u00e1ter de triagem. At\u00e9 agora, as farm\u00e1cias s\u00f3 eram autorizadas a [&hellip;]","og_url":"https:\/\/www.notibras.com\/site\/farmacias-licenciadas-ja-podem-fazer-exames-clinicos\/","og_site_name":"Notibras","article_publisher":"https:\/\/www.facebook.com\/notibras\/","article_published_time":"2023-08-01T15:55:05+00:00","article_modified_time":"2023-08-01T20:57:33+00:00","og_image":[{"width":1170,"height":700,"url":"https:\/\/www.notibras.com\/site\/wp-content\/uploads\/2023\/08\/15736682249_9ffe41b83b_o-1.jpg","type":"image\/jpeg"}],"author":"Reda\u00e7\u00e3o","twitter_card":"summary_large_image","twitter_creator":"@Notibras","twitter_site":"@Notibras","twitter_misc":{"Escrito por":"Reda\u00e7\u00e3o","Est. tempo de leitura":"3 minutos"},"schema":{"@context":"https:\/\/schema.org","@graph":[{"@type":"Article","@id":"https:\/\/www.notibras.com\/site\/farmacias-licenciadas-ja-podem-fazer-exames-clinicos\/#article","isPartOf":{"@id":"https:\/\/www.notibras.com\/site\/farmacias-licenciadas-ja-podem-fazer-exames-clinicos\/"},"author":{"name":"Reda\u00e7\u00e3o","@id":"https:\/\/www.notibras.com\/site\/#\/schema\/person\/36ab0979449956132d3e5b517ea76ac8"},"headline":"Farm\u00e1cias licenciadas j\u00e1 podem fazer exames cl\u00ednicos","datePublished":"2023-08-01T15:55:05+00:00","dateModified":"2023-08-01T20:57:33+00:00","mainEntityOfPage":{"@id":"https:\/\/www.notibras.com\/site\/farmacias-licenciadas-ja-podem-fazer-exames-clinicos\/"},"wordCount":519,"publisher":{"@id":"https:\/\/www.notibras.com\/site\/#organization"},"image":{"@id":"https:\/\/www.notibras.com\/site\/farmacias-licenciadas-ja-podem-fazer-exames-clinicos\/#primaryimage"},"thumbnailUrl":"https:\/\/www.notibras.com\/site\/wp-content\/uploads\/2023\/08\/15736682249_9ffe41b83b_o-1.jpg","keywords":["capa"],"articleSection":["Quadradinho em Foco"],"inLanguage":"pt-BR"},{"@type":"WebPage","@id":"https:\/\/www.notibras.com\/site\/farmacias-licenciadas-ja-podem-fazer-exames-clinicos\/","url":"https:\/\/www.notibras.com\/site\/farmacias-licenciadas-ja-podem-fazer-exames-clinicos\/","name":"Farm\u00e1cias licenciadas j\u00e1 podem fazer exames cl\u00ednicos - Notibras","isPartOf":{"@id":"https:\/\/www.notibras.com\/site\/#website"},"primaryImageOfPage":{"@id":"https:\/\/www.notibras.com\/site\/farmacias-licenciadas-ja-podem-fazer-exames-clinicos\/#primaryimage"},"image":{"@id":"https:\/\/www.notibras.com\/site\/farmacias-licenciadas-ja-podem-fazer-exames-clinicos\/#primaryimage"},"thumbnailUrl":"https:\/\/www.notibras.com\/site\/wp-content\/uploads\/2023\/08\/15736682249_9ffe41b83b_o-1.jpg","datePublished":"2023-08-01T15:55:05+00:00","dateModified":"2023-08-01T20:57:33+00:00","breadcrumb":{"@id":"https:\/\/www.notibras.com\/site\/farmacias-licenciadas-ja-podem-fazer-exames-clinicos\/#breadcrumb"},"inLanguage":"pt-BR","potentialAction":[{"@type":"ReadAction","target":["https:\/\/www.notibras.com\/site\/farmacias-licenciadas-ja-podem-fazer-exames-clinicos\/"]}]},{"@type":"ImageObject","inLanguage":"pt-BR","@id":"https:\/\/www.notibras.com\/site\/farmacias-licenciadas-ja-podem-fazer-exames-clinicos\/#primaryimage","url":"https:\/\/www.notibras.com\/site\/wp-content\/uploads\/2023\/08\/15736682249_9ffe41b83b_o-1.jpg","contentUrl":"https:\/\/www.notibras.com\/site\/wp-content\/uploads\/2023\/08\/15736682249_9ffe41b83b_o-1.jpg","width":1170,"height":700,"caption":"BIE - Banco de Imagens Externas - Rotina de trabalho da farm\u00e1cia da ASCADE localizada na C\u00e2mara dos Deputados. A MP 653, altera a Lei n\u00ba 13.021, de 8 de agosto de 2014, que disp\u00f5e sobre o exerc\u00edcio e a fiscaliza\u00e7\u00e3o das atividades farmac\u00eauticas. Foto: Jefferson Rudy\/Ag\u00eancia Senado"},{"@type":"BreadcrumbList","@id":"https:\/\/www.notibras.com\/site\/farmacias-licenciadas-ja-podem-fazer-exames-clinicos\/#breadcrumb","itemListElement":[{"@type":"ListItem","position":1,"name":"In\u00edcio","item":"https:\/\/www.notibras.com\/site\/"},{"@type":"ListItem","position":2,"name":"Farm\u00e1cias licenciadas j\u00e1 podem fazer exames cl\u00ednicos"}]},{"@type":"WebSite","@id":"https:\/\/www.notibras.com\/site\/#website","url":"https:\/\/www.notibras.com\/site\/","name":"Notibras","description":"Not\u00edcias de Bras\u00edlia, do Brasil e do Mundo","publisher":{"@id":"https:\/\/www.notibras.com\/site\/#organization"},"potentialAction":[{"@type":"SearchAction","target":{"@type":"EntryPoint","urlTemplate":"https:\/\/www.notibras.com\/site\/?s={search_term_string}"},"query-input":{"@type":"PropertyValueSpecification","valueRequired":true,"valueName":"search_term_string"}}],"inLanguage":"pt-BR"},{"@type":"Organization","@id":"https:\/\/www.notibras.com\/site\/#organization","name":"Grupo Notibras de Comunica\u00e7\u00e3o","url":"https:\/\/www.notibras.com\/site\/","logo":{"@type":"ImageObject","inLanguage":"pt-BR","@id":"https:\/\/www.notibras.com\/site\/#\/schema\/logo\/image\/","url":"https:\/\/www.notibras.com\/site\/wp-content\/uploads\/2023\/01\/notibras23.png","contentUrl":"https:\/\/www.notibras.com\/site\/wp-content\/uploads\/2023\/01\/notibras23.png","width":350,"height":87,"caption":"Grupo Notibras de Comunica\u00e7\u00e3o"},"image":{"@id":"https:\/\/www.notibras.com\/site\/#\/schema\/logo\/image\/"},"sameAs":["https:\/\/www.facebook.com\/notibras\/","https:\/\/x.com\/Notibras","https:\/\/www.instagram.com\/notibras\/"]},{"@type":"Person","@id":"https:\/\/www.notibras.com\/site\/#\/schema\/person\/36ab0979449956132d3e5b517ea76ac8","name":"Reda\u00e7\u00e3o","image":{"@type":"ImageObject","inLanguage":"pt-BR","@id":"https:\/\/secure.gravatar.com\/avatar\/e0a867bdedb85fd243eadf09663511f96fc81e0720a4a42581f334ad4303aa6b?s=96&d=mm&r=g","url":"https:\/\/secure.gravatar.com\/avatar\/e0a867bdedb85fd243eadf09663511f96fc81e0720a4a42581f334ad4303aa6b?s=96&d=mm&r=g","contentUrl":"https:\/\/secure.gravatar.com\/avatar\/e0a867bdedb85fd243eadf09663511f96fc81e0720a4a42581f334ad4303aa6b?s=96&d=mm&r=g","caption":"Reda\u00e7\u00e3o"}}]}},"amp_enabled":true,"_links":{"self":[{"href":"https:\/\/www.notibras.com\/site\/wp-json\/wp\/v2\/posts\/310054","targetHints":{"allow":["GET"]}}],"collection":[{"href":"https:\/\/www.notibras.com\/site\/wp-json\/wp\/v2\/posts"}],"about":[{"href":"https:\/\/www.notibras.com\/site\/wp-json\/wp\/v2\/types\/post"}],"author":[{"embeddable":true,"href":"https:\/\/www.notibras.com\/site\/wp-json\/wp\/v2\/users\/2"}],"replies":[{"embeddable":true,"href":"https:\/\/www.notibras.com\/site\/wp-json\/wp\/v2\/comments?post=310054"}],"version-history":[{"count":1,"href":"https:\/\/www.notibras.com\/site\/wp-json\/wp\/v2\/posts\/310054\/revisions"}],"predecessor-version":[{"id":310056,"href":"https:\/\/www.notibras.com\/site\/wp-json\/wp\/v2\/posts\/310054\/revisions\/310056"}],"wp:featuredmedia":[{"embeddable":true,"href":"https:\/\/www.notibras.com\/site\/wp-json\/wp\/v2\/media\/310055"}],"wp:attachment":[{"href":"https:\/\/www.notibras.com\/site\/wp-json\/wp\/v2\/media?parent=310054"}],"wp:term":[{"taxonomy":"category","embeddable":true,"href":"https:\/\/www.notibras.com\/site\/wp-json\/wp\/v2\/categories?post=310054"},{"taxonomy":"post_tag","embeddable":true,"href":"https:\/\/www.notibras.com\/site\/wp-json\/wp\/v2\/tags?post=310054"}],"curies":[{"name":"wp","href":"https:\/\/api.w.org\/{rel}","templated":true}]}}