{"id":310062,"date":"2023-08-02T04:01:31","date_gmt":"2023-08-02T07:01:31","guid":{"rendered":"https:\/\/www.notibras.com\/site\/?p=310062"},"modified":"2023-08-02T04:01:31","modified_gmt":"2023-08-02T07:01:31","slug":"agosto-com-diversao-garantida-para-a-criancada","status":"publish","type":"post","link":"https:\/\/www.notibras.com\/site\/agosto-com-diversao-garantida-para-a-criancada\/","title":{"rendered":"Agosto com divers\u00e3o garantida para a crian\u00e7ada"},"content":{"rendered":"<p>A invas\u00e3o de personagens cl\u00e1ssicos dos contos de fadas no palco do Terra\u00e7o Shopping, em agosto, promete despertar a mem\u00f3ria dos pais e encantar a nova gera\u00e7\u00e3o de crian\u00e7as. As atra\u00e7\u00f5es ser\u00e3o sempre aos s\u00e1bados e domingos, \u00e0s 16h, na pra\u00e7a central.<\/p>\n<p>No primeiro final de semana, Aladdin cover, com a Cia Starte, conhecer\u00e1 a princesa Jasmine, no s\u00e1bado, dia 5 de agosto, e juntos descobrir\u00e3o muitas magias por meio da l\u00e2mpada m\u00e1gica. O g\u00eanio e Jafar tamb\u00e9m aparecer\u00e3o, sempre dificultando a vida deles. J\u00e1 no domingo (6), com a Trupe Oja Lai\u00f3, ser\u00e1 a vez da jovem Cinderella ver todos indo ao baile no castelo e, sem esperan\u00e7a de participar, \u00e9 surpreendida com a apari\u00e7\u00e3o da Fada Madrinha, que tentar\u00e1 ajud\u00e1-la a encontrar o amor verdadeiro.<\/p>\n<p>No dia 12, s\u00e1bado, ser\u00e1 dia da turma do Peter Pan, com a Cia Starte, que apresentar\u00e1 De Volta \u00e0 Terra do Nunca. Sininho, com seu p\u00f3 de fadas, e a menina Wendy ajudar\u00e3o o garoto a salvar todos das garras do Capit\u00e3o Gancho. No domingo (13), com a Trupe Oja Lai\u00f3, ser\u00e1 a vez da boneca Em\u00edlia ganhar uma festa surpresa e uma nova roupa de presente. Dona Benta aproveitar\u00e1 para falar sobre tradi\u00e7\u00f5es, contando hist\u00f3rias para os presentes. Tudo com muita m\u00fasica e brincadeiras.<\/p>\n<p>Nos dias 19 e 20, o tema ser\u00e1 Folclore. No s\u00e1bado, a contadora de hist\u00f3rias infantis, Nyedja Gennari, ir\u00e1 celebrar o m\u00eas do Folclore brasileiro trazendo contos populares e hist\u00f3rias passadas de gera\u00e7\u00e3o em gera\u00e7\u00e3o, com direito a adivinhas e trava-l\u00ednguas. A Trupe Oja Lai\u00f3 apresentar\u00e1, no domingo, Alice no Pa\u00eds do Folclore. A personagem visitar\u00e1 as lendas brasileiras junto com o Chapeleiro Maluco.<\/p>\n<p>No \u00faltimo s\u00e1bado do m\u00eas, dia 26, o m\u00e1gico Tio Andr\u00e9 apresentar\u00e1 um show diferente, onde as crian\u00e7as n\u00e3o apenas assistem, mas tamb\u00e9m fazem parte do espet\u00e1culo. A abertura \u00e9 visual, com m\u00fasica e muitas m\u00e1gicas interativas e c\u00f4micas, com um humor puro e saud\u00e1vel. E no domingo (27), a programa\u00e7\u00e3o encerra com o cl\u00e1ssico Jo\u00e3o e o P\u00e9 de Feij\u00e3o, da Trupe Oja Lai\u00f3. As crian\u00e7as que forem ao shopping assistir \u00e0 pe\u00e7a descobrir\u00e3o o que acontece quando Jo\u00e3o resolve plantar as sementes que adquiriu em troca de sua vaca.<\/p>\n<p><strong>SERVI\u00c7O<\/strong><br \/>\nS\u00e1bados, \u00e0s 16h, na Pra\u00e7a Central:<br \/>\nDia 5 &#8211; Aladdin cover, com Cia Starte<br \/>\nDia 12 &#8211; De Volta \u00e0 Terra do Nunca, com Cia Starte<br \/>\nDia 19 &#8211; Hist\u00f3rias infantis do Folclore, com Nyedja Gennari<br \/>\nDia 26 &#8211; Show de m\u00e1gicas, com Tio Andr\u00e9<\/p>\n<p>Domingos, \u00e0s 16h, na Pra\u00e7a Central:<br \/>\nDia 6 &#8211; Cinderella cover, com Trupe Oja Lai\u00f3<br \/>\nDia 13 &#8211; A roupa nova da Em\u00edlia, com Trupe Oja Lai\u00f3<br \/>\nDia 20 &#8211; Alice no Pa\u00eds do Folclore, com Trupe Oja Lai\u00f3<br \/>\nDia 27 &#8211; Jo\u00e3o e o p\u00e9 de feij\u00e3o, com Trupe Oja Lai\u00f3<\/p>\n","protected":false},"excerpt":{"rendered":"<p>A invas\u00e3o de personagens cl\u00e1ssicos dos contos de fadas no palco do Terra\u00e7o Shopping, em agosto, promete despertar a mem\u00f3ria dos pais e encantar a nova gera\u00e7\u00e3o de crian\u00e7as. As atra\u00e7\u00f5es ser\u00e3o sempre aos s\u00e1bados e domingos, \u00e0s 16h, na pra\u00e7a central. No primeiro final de semana, Aladdin cover, com a Cia Starte, conhecer\u00e1 a [&hellip;]<\/p>\n","protected":false},"author":2,"featured_media":310063,"comment_status":"closed","ping_status":"closed","sticky":false,"template":"","format":"standard","meta":{"_acf_changed":false,"footnotes":""},"categories":[161],"tags":[],"class_list":["post-310062","post","type-post","status-publish","format-standard","has-post-thumbnail","hentry","category-quadradinho-em-foco"],"acf":[],"yoast_head":"<!-- This site is optimized with the Yoast SEO plugin v27.2 - https:\/\/yoast.com\/product\/yoast-seo-wordpress\/ -->\n<title>Agosto com divers\u00e3o garantida para a crian\u00e7ada - Notibras<\/title>\n<meta name=\"robots\" content=\"index, follow, max-snippet:-1, max-image-preview:large, max-video-preview:-1\" \/>\n<link rel=\"canonical\" href=\"https:\/\/www.notibras.com\/site\/agosto-com-diversao-garantida-para-a-criancada\/\" \/>\n<meta property=\"og:locale\" content=\"pt_BR\" \/>\n<meta property=\"og:type\" content=\"article\" \/>\n<meta property=\"og:title\" content=\"Agosto com divers\u00e3o garantida para a crian\u00e7ada - Notibras\" \/>\n<meta property=\"og:description\" content=\"A invas\u00e3o de personagens cl\u00e1ssicos dos contos de fadas no palco do Terra\u00e7o Shopping, em agosto, promete despertar a mem\u00f3ria dos pais e encantar a nova gera\u00e7\u00e3o de crian\u00e7as. As atra\u00e7\u00f5es ser\u00e3o sempre aos s\u00e1bados e domingos, \u00e0s 16h, na pra\u00e7a central. No primeiro final de semana, Aladdin cover, com a Cia Starte, conhecer\u00e1 a [&hellip;]\" \/>\n<meta property=\"og:url\" content=\"https:\/\/www.notibras.com\/site\/agosto-com-diversao-garantida-para-a-criancada\/\" \/>\n<meta property=\"og:site_name\" content=\"Notibras\" \/>\n<meta property=\"article:publisher\" content=\"https:\/\/www.facebook.com\/notibras\/\" \/>\n<meta property=\"article:published_time\" content=\"2023-08-02T07:01:31+00:00\" \/>\n<meta property=\"og:image\" content=\"https:\/\/www.notibras.com\/site\/wp-content\/uploads\/2023\/08\/Nyedja.jpeg\" \/>\n\t<meta property=\"og:image:width\" content=\"1600\" \/>\n\t<meta property=\"og:image:height\" content=\"1067\" \/>\n\t<meta property=\"og:image:type\" content=\"image\/jpeg\" \/>\n<meta name=\"author\" content=\"Reda\u00e7\u00e3o\" \/>\n<meta name=\"twitter:card\" content=\"summary_large_image\" \/>\n<meta name=\"twitter:creator\" content=\"@Notibras\" \/>\n<meta name=\"twitter:site\" content=\"@Notibras\" \/>\n<meta name=\"twitter:label1\" content=\"Escrito por\" \/>\n\t<meta name=\"twitter:data1\" content=\"Reda\u00e7\u00e3o\" \/>\n\t<meta name=\"twitter:label2\" content=\"Est. tempo de leitura\" \/>\n\t<meta name=\"twitter:data2\" content=\"3 minutos\" \/>\n<script type=\"application\/ld+json\" class=\"yoast-schema-graph\">{\"@context\":\"https:\/\/schema.org\",\"@graph\":[{\"@type\":\"Article\",\"@id\":\"https:\/\/www.notibras.com\/site\/agosto-com-diversao-garantida-para-a-criancada\/#article\",\"isPartOf\":{\"@id\":\"https:\/\/www.notibras.com\/site\/agosto-com-diversao-garantida-para-a-criancada\/\"},\"author\":{\"name\":\"Reda\u00e7\u00e3o\",\"@id\":\"https:\/\/www.notibras.com\/site\/#\/schema\/person\/36ab0979449956132d3e5b517ea76ac8\"},\"headline\":\"Agosto com divers\u00e3o garantida para a crian\u00e7ada\",\"datePublished\":\"2023-08-02T07:01:31+00:00\",\"mainEntityOfPage\":{\"@id\":\"https:\/\/www.notibras.com\/site\/agosto-com-diversao-garantida-para-a-criancada\/\"},\"wordCount\":518,\"publisher\":{\"@id\":\"https:\/\/www.notibras.com\/site\/#organization\"},\"image\":{\"@id\":\"https:\/\/www.notibras.com\/site\/agosto-com-diversao-garantida-para-a-criancada\/#primaryimage\"},\"thumbnailUrl\":\"https:\/\/www.notibras.com\/site\/wp-content\/uploads\/2023\/08\/Nyedja.jpeg\",\"articleSection\":[\"Quadradinho em Foco\"],\"inLanguage\":\"pt-BR\"},{\"@type\":\"WebPage\",\"@id\":\"https:\/\/www.notibras.com\/site\/agosto-com-diversao-garantida-para-a-criancada\/\",\"url\":\"https:\/\/www.notibras.com\/site\/agosto-com-diversao-garantida-para-a-criancada\/\",\"name\":\"Agosto com divers\u00e3o garantida para a crian\u00e7ada - Notibras\",\"isPartOf\":{\"@id\":\"https:\/\/www.notibras.com\/site\/#website\"},\"primaryImageOfPage\":{\"@id\":\"https:\/\/www.notibras.com\/site\/agosto-com-diversao-garantida-para-a-criancada\/#primaryimage\"},\"image\":{\"@id\":\"https:\/\/www.notibras.com\/site\/agosto-com-diversao-garantida-para-a-criancada\/#primaryimage\"},\"thumbnailUrl\":\"https:\/\/www.notibras.com\/site\/wp-content\/uploads\/2023\/08\/Nyedja.jpeg\",\"datePublished\":\"2023-08-02T07:01:31+00:00\",\"breadcrumb\":{\"@id\":\"https:\/\/www.notibras.com\/site\/agosto-com-diversao-garantida-para-a-criancada\/#breadcrumb\"},\"inLanguage\":\"pt-BR\",\"potentialAction\":[{\"@type\":\"ReadAction\",\"target\":[\"https:\/\/www.notibras.com\/site\/agosto-com-diversao-garantida-para-a-criancada\/\"]}]},{\"@type\":\"ImageObject\",\"inLanguage\":\"pt-BR\",\"@id\":\"https:\/\/www.notibras.com\/site\/agosto-com-diversao-garantida-para-a-criancada\/#primaryimage\",\"url\":\"https:\/\/www.notibras.com\/site\/wp-content\/uploads\/2023\/08\/Nyedja.jpeg\",\"contentUrl\":\"https:\/\/www.notibras.com\/site\/wp-content\/uploads\/2023\/08\/Nyedja.jpeg\",\"width\":1600,\"height\":1067},{\"@type\":\"BreadcrumbList\",\"@id\":\"https:\/\/www.notibras.com\/site\/agosto-com-diversao-garantida-para-a-criancada\/#breadcrumb\",\"itemListElement\":[{\"@type\":\"ListItem\",\"position\":1,\"name\":\"In\u00edcio\",\"item\":\"https:\/\/www.notibras.com\/site\/\"},{\"@type\":\"ListItem\",\"position\":2,\"name\":\"Agosto com divers\u00e3o garantida para a crian\u00e7ada\"}]},{\"@type\":\"WebSite\",\"@id\":\"https:\/\/www.notibras.com\/site\/#website\",\"url\":\"https:\/\/www.notibras.com\/site\/\",\"name\":\"Notibras\",\"description\":\"Not\u00edcias de Bras\u00edlia, do Brasil e do Mundo\",\"publisher\":{\"@id\":\"https:\/\/www.notibras.com\/site\/#organization\"},\"potentialAction\":[{\"@type\":\"SearchAction\",\"target\":{\"@type\":\"EntryPoint\",\"urlTemplate\":\"https:\/\/www.notibras.com\/site\/?s={search_term_string}\"},\"query-input\":{\"@type\":\"PropertyValueSpecification\",\"valueRequired\":true,\"valueName\":\"search_term_string\"}}],\"inLanguage\":\"pt-BR\"},{\"@type\":\"Organization\",\"@id\":\"https:\/\/www.notibras.com\/site\/#organization\",\"name\":\"Grupo Notibras de Comunica\u00e7\u00e3o\",\"url\":\"https:\/\/www.notibras.com\/site\/\",\"logo\":{\"@type\":\"ImageObject\",\"inLanguage\":\"pt-BR\",\"@id\":\"https:\/\/www.notibras.com\/site\/#\/schema\/logo\/image\/\",\"url\":\"https:\/\/www.notibras.com\/site\/wp-content\/uploads\/2023\/01\/notibras23.png\",\"contentUrl\":\"https:\/\/www.notibras.com\/site\/wp-content\/uploads\/2023\/01\/notibras23.png\",\"width\":350,\"height\":87,\"caption\":\"Grupo Notibras de Comunica\u00e7\u00e3o\"},\"image\":{\"@id\":\"https:\/\/www.notibras.com\/site\/#\/schema\/logo\/image\/\"},\"sameAs\":[\"https:\/\/www.facebook.com\/notibras\/\",\"https:\/\/x.com\/Notibras\",\"https:\/\/www.instagram.com\/notibras\/\"]},{\"@type\":\"Person\",\"@id\":\"https:\/\/www.notibras.com\/site\/#\/schema\/person\/36ab0979449956132d3e5b517ea76ac8\",\"name\":\"Reda\u00e7\u00e3o\",\"image\":{\"@type\":\"ImageObject\",\"inLanguage\":\"pt-BR\",\"@id\":\"https:\/\/secure.gravatar.com\/avatar\/e0a867bdedb85fd243eadf09663511f96fc81e0720a4a42581f334ad4303aa6b?s=96&d=mm&r=g\",\"url\":\"https:\/\/secure.gravatar.com\/avatar\/e0a867bdedb85fd243eadf09663511f96fc81e0720a4a42581f334ad4303aa6b?s=96&d=mm&r=g\",\"contentUrl\":\"https:\/\/secure.gravatar.com\/avatar\/e0a867bdedb85fd243eadf09663511f96fc81e0720a4a42581f334ad4303aa6b?s=96&d=mm&r=g\",\"caption\":\"Reda\u00e7\u00e3o\"}}]}<\/script>\n<!-- \/ Yoast SEO plugin. -->","yoast_head_json":{"title":"Agosto com divers\u00e3o garantida para a crian\u00e7ada - Notibras","robots":{"index":"index","follow":"follow","max-snippet":"max-snippet:-1","max-image-preview":"max-image-preview:large","max-video-preview":"max-video-preview:-1"},"canonical":"https:\/\/www.notibras.com\/site\/agosto-com-diversao-garantida-para-a-criancada\/","og_locale":"pt_BR","og_type":"article","og_title":"Agosto com divers\u00e3o garantida para a crian\u00e7ada - Notibras","og_description":"A invas\u00e3o de personagens cl\u00e1ssicos dos contos de fadas no palco do Terra\u00e7o Shopping, em agosto, promete despertar a mem\u00f3ria dos pais e encantar a nova gera\u00e7\u00e3o de crian\u00e7as. As atra\u00e7\u00f5es ser\u00e3o sempre aos s\u00e1bados e domingos, \u00e0s 16h, na pra\u00e7a central. No primeiro final de semana, Aladdin cover, com a Cia Starte, conhecer\u00e1 a [&hellip;]","og_url":"https:\/\/www.notibras.com\/site\/agosto-com-diversao-garantida-para-a-criancada\/","og_site_name":"Notibras","article_publisher":"https:\/\/www.facebook.com\/notibras\/","article_published_time":"2023-08-02T07:01:31+00:00","og_image":[{"width":1600,"height":1067,"url":"https:\/\/www.notibras.com\/site\/wp-content\/uploads\/2023\/08\/Nyedja.jpeg","type":"image\/jpeg"}],"author":"Reda\u00e7\u00e3o","twitter_card":"summary_large_image","twitter_creator":"@Notibras","twitter_site":"@Notibras","twitter_misc":{"Escrito por":"Reda\u00e7\u00e3o","Est. tempo de leitura":"3 minutos"},"schema":{"@context":"https:\/\/schema.org","@graph":[{"@type":"Article","@id":"https:\/\/www.notibras.com\/site\/agosto-com-diversao-garantida-para-a-criancada\/#article","isPartOf":{"@id":"https:\/\/www.notibras.com\/site\/agosto-com-diversao-garantida-para-a-criancada\/"},"author":{"name":"Reda\u00e7\u00e3o","@id":"https:\/\/www.notibras.com\/site\/#\/schema\/person\/36ab0979449956132d3e5b517ea76ac8"},"headline":"Agosto com divers\u00e3o garantida para a crian\u00e7ada","datePublished":"2023-08-02T07:01:31+00:00","mainEntityOfPage":{"@id":"https:\/\/www.notibras.com\/site\/agosto-com-diversao-garantida-para-a-criancada\/"},"wordCount":518,"publisher":{"@id":"https:\/\/www.notibras.com\/site\/#organization"},"image":{"@id":"https:\/\/www.notibras.com\/site\/agosto-com-diversao-garantida-para-a-criancada\/#primaryimage"},"thumbnailUrl":"https:\/\/www.notibras.com\/site\/wp-content\/uploads\/2023\/08\/Nyedja.jpeg","articleSection":["Quadradinho em Foco"],"inLanguage":"pt-BR"},{"@type":"WebPage","@id":"https:\/\/www.notibras.com\/site\/agosto-com-diversao-garantida-para-a-criancada\/","url":"https:\/\/www.notibras.com\/site\/agosto-com-diversao-garantida-para-a-criancada\/","name":"Agosto com divers\u00e3o garantida para a crian\u00e7ada - Notibras","isPartOf":{"@id":"https:\/\/www.notibras.com\/site\/#website"},"primaryImageOfPage":{"@id":"https:\/\/www.notibras.com\/site\/agosto-com-diversao-garantida-para-a-criancada\/#primaryimage"},"image":{"@id":"https:\/\/www.notibras.com\/site\/agosto-com-diversao-garantida-para-a-criancada\/#primaryimage"},"thumbnailUrl":"https:\/\/www.notibras.com\/site\/wp-content\/uploads\/2023\/08\/Nyedja.jpeg","datePublished":"2023-08-02T07:01:31+00:00","breadcrumb":{"@id":"https:\/\/www.notibras.com\/site\/agosto-com-diversao-garantida-para-a-criancada\/#breadcrumb"},"inLanguage":"pt-BR","potentialAction":[{"@type":"ReadAction","target":["https:\/\/www.notibras.com\/site\/agosto-com-diversao-garantida-para-a-criancada\/"]}]},{"@type":"ImageObject","inLanguage":"pt-BR","@id":"https:\/\/www.notibras.com\/site\/agosto-com-diversao-garantida-para-a-criancada\/#primaryimage","url":"https:\/\/www.notibras.com\/site\/wp-content\/uploads\/2023\/08\/Nyedja.jpeg","contentUrl":"https:\/\/www.notibras.com\/site\/wp-content\/uploads\/2023\/08\/Nyedja.jpeg","width":1600,"height":1067},{"@type":"BreadcrumbList","@id":"https:\/\/www.notibras.com\/site\/agosto-com-diversao-garantida-para-a-criancada\/#breadcrumb","itemListElement":[{"@type":"ListItem","position":1,"name":"In\u00edcio","item":"https:\/\/www.notibras.com\/site\/"},{"@type":"ListItem","position":2,"name":"Agosto com divers\u00e3o garantida para a crian\u00e7ada"}]},{"@type":"WebSite","@id":"https:\/\/www.notibras.com\/site\/#website","url":"https:\/\/www.notibras.com\/site\/","name":"Notibras","description":"Not\u00edcias de Bras\u00edlia, do Brasil e do Mundo","publisher":{"@id":"https:\/\/www.notibras.com\/site\/#organization"},"potentialAction":[{"@type":"SearchAction","target":{"@type":"EntryPoint","urlTemplate":"https:\/\/www.notibras.com\/site\/?s={search_term_string}"},"query-input":{"@type":"PropertyValueSpecification","valueRequired":true,"valueName":"search_term_string"}}],"inLanguage":"pt-BR"},{"@type":"Organization","@id":"https:\/\/www.notibras.com\/site\/#organization","name":"Grupo Notibras de Comunica\u00e7\u00e3o","url":"https:\/\/www.notibras.com\/site\/","logo":{"@type":"ImageObject","inLanguage":"pt-BR","@id":"https:\/\/www.notibras.com\/site\/#\/schema\/logo\/image\/","url":"https:\/\/www.notibras.com\/site\/wp-content\/uploads\/2023\/01\/notibras23.png","contentUrl":"https:\/\/www.notibras.com\/site\/wp-content\/uploads\/2023\/01\/notibras23.png","width":350,"height":87,"caption":"Grupo Notibras de Comunica\u00e7\u00e3o"},"image":{"@id":"https:\/\/www.notibras.com\/site\/#\/schema\/logo\/image\/"},"sameAs":["https:\/\/www.facebook.com\/notibras\/","https:\/\/x.com\/Notibras","https:\/\/www.instagram.com\/notibras\/"]},{"@type":"Person","@id":"https:\/\/www.notibras.com\/site\/#\/schema\/person\/36ab0979449956132d3e5b517ea76ac8","name":"Reda\u00e7\u00e3o","image":{"@type":"ImageObject","inLanguage":"pt-BR","@id":"https:\/\/secure.gravatar.com\/avatar\/e0a867bdedb85fd243eadf09663511f96fc81e0720a4a42581f334ad4303aa6b?s=96&d=mm&r=g","url":"https:\/\/secure.gravatar.com\/avatar\/e0a867bdedb85fd243eadf09663511f96fc81e0720a4a42581f334ad4303aa6b?s=96&d=mm&r=g","contentUrl":"https:\/\/secure.gravatar.com\/avatar\/e0a867bdedb85fd243eadf09663511f96fc81e0720a4a42581f334ad4303aa6b?s=96&d=mm&r=g","caption":"Reda\u00e7\u00e3o"}}]}},"amp_enabled":true,"_links":{"self":[{"href":"https:\/\/www.notibras.com\/site\/wp-json\/wp\/v2\/posts\/310062","targetHints":{"allow":["GET"]}}],"collection":[{"href":"https:\/\/www.notibras.com\/site\/wp-json\/wp\/v2\/posts"}],"about":[{"href":"https:\/\/www.notibras.com\/site\/wp-json\/wp\/v2\/types\/post"}],"author":[{"embeddable":true,"href":"https:\/\/www.notibras.com\/site\/wp-json\/wp\/v2\/users\/2"}],"replies":[{"embeddable":true,"href":"https:\/\/www.notibras.com\/site\/wp-json\/wp\/v2\/comments?post=310062"}],"version-history":[{"count":1,"href":"https:\/\/www.notibras.com\/site\/wp-json\/wp\/v2\/posts\/310062\/revisions"}],"predecessor-version":[{"id":310064,"href":"https:\/\/www.notibras.com\/site\/wp-json\/wp\/v2\/posts\/310062\/revisions\/310064"}],"wp:featuredmedia":[{"embeddable":true,"href":"https:\/\/www.notibras.com\/site\/wp-json\/wp\/v2\/media\/310063"}],"wp:attachment":[{"href":"https:\/\/www.notibras.com\/site\/wp-json\/wp\/v2\/media?parent=310062"}],"wp:term":[{"taxonomy":"category","embeddable":true,"href":"https:\/\/www.notibras.com\/site\/wp-json\/wp\/v2\/categories?post=310062"},{"taxonomy":"post_tag","embeddable":true,"href":"https:\/\/www.notibras.com\/site\/wp-json\/wp\/v2\/tags?post=310062"}],"curies":[{"name":"wp","href":"https:\/\/api.w.org\/{rel}","templated":true}]}}