{"id":310065,"date":"2023-08-02T00:08:08","date_gmt":"2023-08-02T03:08:08","guid":{"rendered":"https:\/\/www.notibras.com\/site\/?p=310065"},"modified":"2023-08-02T04:10:51","modified_gmt":"2023-08-02T07:10:51","slug":"diversidade-musical-invade-agosto-do-brasiliense","status":"publish","type":"post","link":"https:\/\/www.notibras.com\/site\/diversidade-musical-invade-agosto-do-brasiliense\/","title":{"rendered":"Diversidade musical invade agosto do brasiliense"},"content":{"rendered":"<p>Uma caracter\u00edstica forte da Capital Federal \u00e9 a variedade musical produzida pela cena local, e o Terra\u00e7o Shopping trar\u00e1 uma sele\u00e7\u00e3o especial de artistas para representar todos esses gostos. J\u00e1 no primeiro fim de semana, no S\u00e1bado Cultural, dia 5, \u00e0s 19h30, Carlinhos Veiga (voz, viola e viol\u00e3o) se apresentar\u00e1 com seu trio, acompanhado dos m\u00fasicos Diogo Agum (viol\u00e3o e baixo) e L\u00e9o Barbosa (percuss\u00e3o). No repert\u00f3rio haver\u00e1 can\u00e7\u00f5es autorais e m\u00fasicas conhecidas da MPB. No Almo\u00e7o Musical (domingo), dia 6, \u00e0s 13h, o guitarrista, produtor musical e arranjador em Bras\u00edlia, Kadu Ara\u00fajo, trar\u00e1 a m\u00fasica instrumental para o almo\u00e7o do p\u00fablico.<\/p>\n<p>Na v\u00e9spera do Dia dos Pais, dia 12 de agosto, L\u00e9o Avelar trar\u00e1 toda sua experi\u00eancia para uma apresenta\u00e7\u00e3o incr\u00edvel no S\u00e1bado Cultural, \u00e0s 19h30. L\u00e9o \u00e9 integrante do elenco internacional do espet\u00e1culo Voca People e beatboxer na banda vocal Setblack. No domingo (13), para fazer uma homenagem aos pais, a banda Brave Boys trar\u00e1 uma musicalidade diferenciada em seu repert\u00f3rio, com pop rock, rock e surf reggae. O grupo \u00e9 formado pelo cantor e baixista Victor Tadeu, o baterista Jota Magalh\u00e3es e o guitarrista Daniel Rocha.<\/p>\n<p>No fim de semana seguinte, o cantor pop Gael, conhecido pela versatilidade em estilos e performance, se apresentar\u00e1 no s\u00e1bado (19), \u00e0s 19h30. O artista tem em seu repert\u00f3rio MPB, pop, rock, eletr\u00f4nica e indie. J\u00e1 no domingo, dia 20, o Terra\u00e7o Shopping trar\u00e1 a cantora, compositora e violonista e ex-The Voice Brasil Litieh. Sua apresenta\u00e7\u00e3o \u00e9 cheia de criatividade, com muita fluidez, passando por m\u00fasica brasileira, africana e pop.<\/p>\n<p>Fechando o m\u00eas de agosto, no s\u00e1bado (26), \u00e0s 19h30, o m\u00fasico Elton Marques trar\u00e1 grandes sucessos da m\u00fasica pop, pop-rock e world music, apresentando vers\u00f5es ac\u00fasticas e exclusivas. Com um show din\u00e2mico, agrad\u00e1vel e vibrante, trar\u00e1 tamb\u00e9m loops e batidas percussivas \u00e0s can\u00e7\u00f5es j\u00e1 bem conhecidas. No \u00faltimo domingo (27), se apresentar\u00e1 em carreira solo o m\u00fasico Rincking. Violonista, guitarrista e compositor, o artista trar\u00e1 cl\u00e1ssicos nacionais e internacionais, tais como Beatles, U2, Pink Floyd e MPB, para encerrar o m\u00eas musical no Terra\u00e7o Shopping.<\/p>\n<p><strong>S\u00c1BADO CULTURAL<\/strong><br \/>\n05\/08 &#8211; Carlinhos Veiga Trio<br \/>\n12\/08 &#8211; L\u00e9o Avelar<br \/>\n19\/08 &#8211; Gael<br \/>\n26\/08 &#8211; Elton Marques<\/p>\n<p><strong>ALMO\u00c7O MUSICAL<\/strong><br \/>\n06\/08 &#8211; Kadu Ara\u00fajo<br \/>\n13\/08 &#8211; Brave Boys Band<br \/>\n20\/08 &#8211; Litieh<br \/>\n27\/08 &#8211; Ricking<\/p>\n","protected":false},"excerpt":{"rendered":"<p>Uma caracter\u00edstica forte da Capital Federal \u00e9 a variedade musical produzida pela cena local, e o Terra\u00e7o Shopping trar\u00e1 uma sele\u00e7\u00e3o especial de artistas para representar todos esses gostos. J\u00e1 no primeiro fim de semana, no S\u00e1bado Cultural, dia 5, \u00e0s 19h30, Carlinhos Veiga (voz, viola e viol\u00e3o) se apresentar\u00e1 com seu trio, acompanhado dos [&hellip;]<\/p>\n","protected":false},"author":2,"featured_media":310067,"comment_status":"closed","ping_status":"closed","sticky":false,"template":"","format":"standard","meta":{"_acf_changed":false,"footnotes":""},"categories":[161],"tags":[],"class_list":["post-310065","post","type-post","status-publish","format-standard","has-post-thumbnail","hentry","category-quadradinho-em-foco"],"acf":[],"yoast_head":"<!-- This site is optimized with the Yoast SEO plugin v27.2 - https:\/\/yoast.com\/product\/yoast-seo-wordpress\/ -->\n<title>Diversidade musical invade agosto do brasiliense - Notibras<\/title>\n<meta name=\"robots\" content=\"index, follow, max-snippet:-1, max-image-preview:large, max-video-preview:-1\" \/>\n<link rel=\"canonical\" href=\"https:\/\/www.notibras.com\/site\/diversidade-musical-invade-agosto-do-brasiliense\/\" \/>\n<meta property=\"og:locale\" content=\"pt_BR\" \/>\n<meta property=\"og:type\" content=\"article\" \/>\n<meta property=\"og:title\" content=\"Diversidade musical invade agosto do brasiliense - Notibras\" \/>\n<meta property=\"og:description\" content=\"Uma caracter\u00edstica forte da Capital Federal \u00e9 a variedade musical produzida pela cena local, e o Terra\u00e7o Shopping trar\u00e1 uma sele\u00e7\u00e3o especial de artistas para representar todos esses gostos. J\u00e1 no primeiro fim de semana, no S\u00e1bado Cultural, dia 5, \u00e0s 19h30, Carlinhos Veiga (voz, viola e viol\u00e3o) se apresentar\u00e1 com seu trio, acompanhado dos [&hellip;]\" \/>\n<meta property=\"og:url\" content=\"https:\/\/www.notibras.com\/site\/diversidade-musical-invade-agosto-do-brasiliense\/\" \/>\n<meta property=\"og:site_name\" content=\"Notibras\" \/>\n<meta property=\"article:publisher\" content=\"https:\/\/www.facebook.com\/notibras\/\" \/>\n<meta property=\"article:published_time\" content=\"2023-08-02T03:08:08+00:00\" \/>\n<meta property=\"article:modified_time\" content=\"2023-08-02T07:10:51+00:00\" \/>\n<meta property=\"og:image\" content=\"https:\/\/www.notibras.com\/site\/wp-content\/uploads\/2023\/08\/Gael.jpeg\" \/>\n\t<meta property=\"og:image:width\" content=\"1066\" \/>\n\t<meta property=\"og:image:height\" content=\"1600\" \/>\n\t<meta property=\"og:image:type\" content=\"image\/jpeg\" \/>\n<meta name=\"author\" content=\"Reda\u00e7\u00e3o\" \/>\n<meta name=\"twitter:card\" content=\"summary_large_image\" \/>\n<meta name=\"twitter:creator\" content=\"@Notibras\" \/>\n<meta name=\"twitter:site\" content=\"@Notibras\" \/>\n<meta name=\"twitter:label1\" content=\"Escrito por\" \/>\n\t<meta name=\"twitter:data1\" content=\"Reda\u00e7\u00e3o\" \/>\n\t<meta name=\"twitter:label2\" content=\"Est. tempo de leitura\" \/>\n\t<meta name=\"twitter:data2\" content=\"3 minutos\" \/>\n<script type=\"application\/ld+json\" class=\"yoast-schema-graph\">{\"@context\":\"https:\/\/schema.org\",\"@graph\":[{\"@type\":\"Article\",\"@id\":\"https:\/\/www.notibras.com\/site\/diversidade-musical-invade-agosto-do-brasiliense\/#article\",\"isPartOf\":{\"@id\":\"https:\/\/www.notibras.com\/site\/diversidade-musical-invade-agosto-do-brasiliense\/\"},\"author\":{\"name\":\"Reda\u00e7\u00e3o\",\"@id\":\"https:\/\/www.notibras.com\/site\/#\/schema\/person\/36ab0979449956132d3e5b517ea76ac8\"},\"headline\":\"Diversidade musical invade agosto do brasiliense\",\"datePublished\":\"2023-08-02T03:08:08+00:00\",\"dateModified\":\"2023-08-02T07:10:51+00:00\",\"mainEntityOfPage\":{\"@id\":\"https:\/\/www.notibras.com\/site\/diversidade-musical-invade-agosto-do-brasiliense\/\"},\"wordCount\":418,\"publisher\":{\"@id\":\"https:\/\/www.notibras.com\/site\/#organization\"},\"image\":{\"@id\":\"https:\/\/www.notibras.com\/site\/diversidade-musical-invade-agosto-do-brasiliense\/#primaryimage\"},\"thumbnailUrl\":\"https:\/\/www.notibras.com\/site\/wp-content\/uploads\/2023\/08\/Gael.jpeg\",\"articleSection\":[\"Quadradinho em Foco\"],\"inLanguage\":\"pt-BR\"},{\"@type\":\"WebPage\",\"@id\":\"https:\/\/www.notibras.com\/site\/diversidade-musical-invade-agosto-do-brasiliense\/\",\"url\":\"https:\/\/www.notibras.com\/site\/diversidade-musical-invade-agosto-do-brasiliense\/\",\"name\":\"Diversidade musical invade agosto do brasiliense - Notibras\",\"isPartOf\":{\"@id\":\"https:\/\/www.notibras.com\/site\/#website\"},\"primaryImageOfPage\":{\"@id\":\"https:\/\/www.notibras.com\/site\/diversidade-musical-invade-agosto-do-brasiliense\/#primaryimage\"},\"image\":{\"@id\":\"https:\/\/www.notibras.com\/site\/diversidade-musical-invade-agosto-do-brasiliense\/#primaryimage\"},\"thumbnailUrl\":\"https:\/\/www.notibras.com\/site\/wp-content\/uploads\/2023\/08\/Gael.jpeg\",\"datePublished\":\"2023-08-02T03:08:08+00:00\",\"dateModified\":\"2023-08-02T07:10:51+00:00\",\"breadcrumb\":{\"@id\":\"https:\/\/www.notibras.com\/site\/diversidade-musical-invade-agosto-do-brasiliense\/#breadcrumb\"},\"inLanguage\":\"pt-BR\",\"potentialAction\":[{\"@type\":\"ReadAction\",\"target\":[\"https:\/\/www.notibras.com\/site\/diversidade-musical-invade-agosto-do-brasiliense\/\"]}]},{\"@type\":\"ImageObject\",\"inLanguage\":\"pt-BR\",\"@id\":\"https:\/\/www.notibras.com\/site\/diversidade-musical-invade-agosto-do-brasiliense\/#primaryimage\",\"url\":\"https:\/\/www.notibras.com\/site\/wp-content\/uploads\/2023\/08\/Gael.jpeg\",\"contentUrl\":\"https:\/\/www.notibras.com\/site\/wp-content\/uploads\/2023\/08\/Gael.jpeg\",\"width\":1066,\"height\":1600},{\"@type\":\"BreadcrumbList\",\"@id\":\"https:\/\/www.notibras.com\/site\/diversidade-musical-invade-agosto-do-brasiliense\/#breadcrumb\",\"itemListElement\":[{\"@type\":\"ListItem\",\"position\":1,\"name\":\"In\u00edcio\",\"item\":\"https:\/\/www.notibras.com\/site\/\"},{\"@type\":\"ListItem\",\"position\":2,\"name\":\"Diversidade musical invade agosto do brasiliense\"}]},{\"@type\":\"WebSite\",\"@id\":\"https:\/\/www.notibras.com\/site\/#website\",\"url\":\"https:\/\/www.notibras.com\/site\/\",\"name\":\"Notibras\",\"description\":\"Not\u00edcias de Bras\u00edlia, do Brasil e do Mundo\",\"publisher\":{\"@id\":\"https:\/\/www.notibras.com\/site\/#organization\"},\"potentialAction\":[{\"@type\":\"SearchAction\",\"target\":{\"@type\":\"EntryPoint\",\"urlTemplate\":\"https:\/\/www.notibras.com\/site\/?s={search_term_string}\"},\"query-input\":{\"@type\":\"PropertyValueSpecification\",\"valueRequired\":true,\"valueName\":\"search_term_string\"}}],\"inLanguage\":\"pt-BR\"},{\"@type\":\"Organization\",\"@id\":\"https:\/\/www.notibras.com\/site\/#organization\",\"name\":\"Grupo Notibras de Comunica\u00e7\u00e3o\",\"url\":\"https:\/\/www.notibras.com\/site\/\",\"logo\":{\"@type\":\"ImageObject\",\"inLanguage\":\"pt-BR\",\"@id\":\"https:\/\/www.notibras.com\/site\/#\/schema\/logo\/image\/\",\"url\":\"https:\/\/www.notibras.com\/site\/wp-content\/uploads\/2023\/01\/notibras23.png\",\"contentUrl\":\"https:\/\/www.notibras.com\/site\/wp-content\/uploads\/2023\/01\/notibras23.png\",\"width\":350,\"height\":87,\"caption\":\"Grupo Notibras de Comunica\u00e7\u00e3o\"},\"image\":{\"@id\":\"https:\/\/www.notibras.com\/site\/#\/schema\/logo\/image\/\"},\"sameAs\":[\"https:\/\/www.facebook.com\/notibras\/\",\"https:\/\/x.com\/Notibras\",\"https:\/\/www.instagram.com\/notibras\/\"]},{\"@type\":\"Person\",\"@id\":\"https:\/\/www.notibras.com\/site\/#\/schema\/person\/36ab0979449956132d3e5b517ea76ac8\",\"name\":\"Reda\u00e7\u00e3o\",\"image\":{\"@type\":\"ImageObject\",\"inLanguage\":\"pt-BR\",\"@id\":\"https:\/\/secure.gravatar.com\/avatar\/e0a867bdedb85fd243eadf09663511f96fc81e0720a4a42581f334ad4303aa6b?s=96&d=mm&r=g\",\"url\":\"https:\/\/secure.gravatar.com\/avatar\/e0a867bdedb85fd243eadf09663511f96fc81e0720a4a42581f334ad4303aa6b?s=96&d=mm&r=g\",\"contentUrl\":\"https:\/\/secure.gravatar.com\/avatar\/e0a867bdedb85fd243eadf09663511f96fc81e0720a4a42581f334ad4303aa6b?s=96&d=mm&r=g\",\"caption\":\"Reda\u00e7\u00e3o\"}}]}<\/script>\n<!-- \/ Yoast SEO plugin. -->","yoast_head_json":{"title":"Diversidade musical invade agosto do brasiliense - Notibras","robots":{"index":"index","follow":"follow","max-snippet":"max-snippet:-1","max-image-preview":"max-image-preview:large","max-video-preview":"max-video-preview:-1"},"canonical":"https:\/\/www.notibras.com\/site\/diversidade-musical-invade-agosto-do-brasiliense\/","og_locale":"pt_BR","og_type":"article","og_title":"Diversidade musical invade agosto do brasiliense - Notibras","og_description":"Uma caracter\u00edstica forte da Capital Federal \u00e9 a variedade musical produzida pela cena local, e o Terra\u00e7o Shopping trar\u00e1 uma sele\u00e7\u00e3o especial de artistas para representar todos esses gostos. J\u00e1 no primeiro fim de semana, no S\u00e1bado Cultural, dia 5, \u00e0s 19h30, Carlinhos Veiga (voz, viola e viol\u00e3o) se apresentar\u00e1 com seu trio, acompanhado dos [&hellip;]","og_url":"https:\/\/www.notibras.com\/site\/diversidade-musical-invade-agosto-do-brasiliense\/","og_site_name":"Notibras","article_publisher":"https:\/\/www.facebook.com\/notibras\/","article_published_time":"2023-08-02T03:08:08+00:00","article_modified_time":"2023-08-02T07:10:51+00:00","og_image":[{"width":1066,"height":1600,"url":"https:\/\/www.notibras.com\/site\/wp-content\/uploads\/2023\/08\/Gael.jpeg","type":"image\/jpeg"}],"author":"Reda\u00e7\u00e3o","twitter_card":"summary_large_image","twitter_creator":"@Notibras","twitter_site":"@Notibras","twitter_misc":{"Escrito por":"Reda\u00e7\u00e3o","Est. tempo de leitura":"3 minutos"},"schema":{"@context":"https:\/\/schema.org","@graph":[{"@type":"Article","@id":"https:\/\/www.notibras.com\/site\/diversidade-musical-invade-agosto-do-brasiliense\/#article","isPartOf":{"@id":"https:\/\/www.notibras.com\/site\/diversidade-musical-invade-agosto-do-brasiliense\/"},"author":{"name":"Reda\u00e7\u00e3o","@id":"https:\/\/www.notibras.com\/site\/#\/schema\/person\/36ab0979449956132d3e5b517ea76ac8"},"headline":"Diversidade musical invade agosto do brasiliense","datePublished":"2023-08-02T03:08:08+00:00","dateModified":"2023-08-02T07:10:51+00:00","mainEntityOfPage":{"@id":"https:\/\/www.notibras.com\/site\/diversidade-musical-invade-agosto-do-brasiliense\/"},"wordCount":418,"publisher":{"@id":"https:\/\/www.notibras.com\/site\/#organization"},"image":{"@id":"https:\/\/www.notibras.com\/site\/diversidade-musical-invade-agosto-do-brasiliense\/#primaryimage"},"thumbnailUrl":"https:\/\/www.notibras.com\/site\/wp-content\/uploads\/2023\/08\/Gael.jpeg","articleSection":["Quadradinho em Foco"],"inLanguage":"pt-BR"},{"@type":"WebPage","@id":"https:\/\/www.notibras.com\/site\/diversidade-musical-invade-agosto-do-brasiliense\/","url":"https:\/\/www.notibras.com\/site\/diversidade-musical-invade-agosto-do-brasiliense\/","name":"Diversidade musical invade agosto do brasiliense - Notibras","isPartOf":{"@id":"https:\/\/www.notibras.com\/site\/#website"},"primaryImageOfPage":{"@id":"https:\/\/www.notibras.com\/site\/diversidade-musical-invade-agosto-do-brasiliense\/#primaryimage"},"image":{"@id":"https:\/\/www.notibras.com\/site\/diversidade-musical-invade-agosto-do-brasiliense\/#primaryimage"},"thumbnailUrl":"https:\/\/www.notibras.com\/site\/wp-content\/uploads\/2023\/08\/Gael.jpeg","datePublished":"2023-08-02T03:08:08+00:00","dateModified":"2023-08-02T07:10:51+00:00","breadcrumb":{"@id":"https:\/\/www.notibras.com\/site\/diversidade-musical-invade-agosto-do-brasiliense\/#breadcrumb"},"inLanguage":"pt-BR","potentialAction":[{"@type":"ReadAction","target":["https:\/\/www.notibras.com\/site\/diversidade-musical-invade-agosto-do-brasiliense\/"]}]},{"@type":"ImageObject","inLanguage":"pt-BR","@id":"https:\/\/www.notibras.com\/site\/diversidade-musical-invade-agosto-do-brasiliense\/#primaryimage","url":"https:\/\/www.notibras.com\/site\/wp-content\/uploads\/2023\/08\/Gael.jpeg","contentUrl":"https:\/\/www.notibras.com\/site\/wp-content\/uploads\/2023\/08\/Gael.jpeg","width":1066,"height":1600},{"@type":"BreadcrumbList","@id":"https:\/\/www.notibras.com\/site\/diversidade-musical-invade-agosto-do-brasiliense\/#breadcrumb","itemListElement":[{"@type":"ListItem","position":1,"name":"In\u00edcio","item":"https:\/\/www.notibras.com\/site\/"},{"@type":"ListItem","position":2,"name":"Diversidade musical invade agosto do brasiliense"}]},{"@type":"WebSite","@id":"https:\/\/www.notibras.com\/site\/#website","url":"https:\/\/www.notibras.com\/site\/","name":"Notibras","description":"Not\u00edcias de Bras\u00edlia, do Brasil e do Mundo","publisher":{"@id":"https:\/\/www.notibras.com\/site\/#organization"},"potentialAction":[{"@type":"SearchAction","target":{"@type":"EntryPoint","urlTemplate":"https:\/\/www.notibras.com\/site\/?s={search_term_string}"},"query-input":{"@type":"PropertyValueSpecification","valueRequired":true,"valueName":"search_term_string"}}],"inLanguage":"pt-BR"},{"@type":"Organization","@id":"https:\/\/www.notibras.com\/site\/#organization","name":"Grupo Notibras de Comunica\u00e7\u00e3o","url":"https:\/\/www.notibras.com\/site\/","logo":{"@type":"ImageObject","inLanguage":"pt-BR","@id":"https:\/\/www.notibras.com\/site\/#\/schema\/logo\/image\/","url":"https:\/\/www.notibras.com\/site\/wp-content\/uploads\/2023\/01\/notibras23.png","contentUrl":"https:\/\/www.notibras.com\/site\/wp-content\/uploads\/2023\/01\/notibras23.png","width":350,"height":87,"caption":"Grupo Notibras de Comunica\u00e7\u00e3o"},"image":{"@id":"https:\/\/www.notibras.com\/site\/#\/schema\/logo\/image\/"},"sameAs":["https:\/\/www.facebook.com\/notibras\/","https:\/\/x.com\/Notibras","https:\/\/www.instagram.com\/notibras\/"]},{"@type":"Person","@id":"https:\/\/www.notibras.com\/site\/#\/schema\/person\/36ab0979449956132d3e5b517ea76ac8","name":"Reda\u00e7\u00e3o","image":{"@type":"ImageObject","inLanguage":"pt-BR","@id":"https:\/\/secure.gravatar.com\/avatar\/e0a867bdedb85fd243eadf09663511f96fc81e0720a4a42581f334ad4303aa6b?s=96&d=mm&r=g","url":"https:\/\/secure.gravatar.com\/avatar\/e0a867bdedb85fd243eadf09663511f96fc81e0720a4a42581f334ad4303aa6b?s=96&d=mm&r=g","contentUrl":"https:\/\/secure.gravatar.com\/avatar\/e0a867bdedb85fd243eadf09663511f96fc81e0720a4a42581f334ad4303aa6b?s=96&d=mm&r=g","caption":"Reda\u00e7\u00e3o"}}]}},"amp_enabled":true,"_links":{"self":[{"href":"https:\/\/www.notibras.com\/site\/wp-json\/wp\/v2\/posts\/310065","targetHints":{"allow":["GET"]}}],"collection":[{"href":"https:\/\/www.notibras.com\/site\/wp-json\/wp\/v2\/posts"}],"about":[{"href":"https:\/\/www.notibras.com\/site\/wp-json\/wp\/v2\/types\/post"}],"author":[{"embeddable":true,"href":"https:\/\/www.notibras.com\/site\/wp-json\/wp\/v2\/users\/2"}],"replies":[{"embeddable":true,"href":"https:\/\/www.notibras.com\/site\/wp-json\/wp\/v2\/comments?post=310065"}],"version-history":[{"count":1,"href":"https:\/\/www.notibras.com\/site\/wp-json\/wp\/v2\/posts\/310065\/revisions"}],"predecessor-version":[{"id":310068,"href":"https:\/\/www.notibras.com\/site\/wp-json\/wp\/v2\/posts\/310065\/revisions\/310068"}],"wp:featuredmedia":[{"embeddable":true,"href":"https:\/\/www.notibras.com\/site\/wp-json\/wp\/v2\/media\/310067"}],"wp:attachment":[{"href":"https:\/\/www.notibras.com\/site\/wp-json\/wp\/v2\/media?parent=310065"}],"wp:term":[{"taxonomy":"category","embeddable":true,"href":"https:\/\/www.notibras.com\/site\/wp-json\/wp\/v2\/categories?post=310065"},{"taxonomy":"post_tag","embeddable":true,"href":"https:\/\/www.notibras.com\/site\/wp-json\/wp\/v2\/tags?post=310065"}],"curies":[{"name":"wp","href":"https:\/\/api.w.org\/{rel}","templated":true}]}}