{"id":310082,"date":"2023-08-02T05:45:08","date_gmt":"2023-08-02T08:45:08","guid":{"rendered":"https:\/\/www.notibras.com\/site\/?p=310082"},"modified":"2023-08-02T05:44:02","modified_gmt":"2023-08-02T08:44:02","slug":"insatisfacao-com-vale-refeicao-atinge-36-dos-trabalhadores","status":"publish","type":"post","link":"https:\/\/www.notibras.com\/site\/insatisfacao-com-vale-refeicao-atinge-36-dos-trabalhadores\/","title":{"rendered":"Insatisfa\u00e7\u00e3o com vale-refei\u00e7\u00e3o atinge 36% dos trabalhadores"},"content":{"rendered":"<p>Mais de tr\u00eas em cada dez trabalhadores (36% do total) est\u00e1 insatisfeito com as empresas emissoras de seus cart\u00f5es de vale-alimenta\u00e7\u00e3o (VA) e vale-refei\u00e7\u00e3o (VR) e gostariam de troc\u00e1-las. Isso \u00e9 o que revelou uma pesquisa in\u00e9dita realizada pela LCA, que foi contratada pelo iFood, plataforma de delivery de refei\u00e7\u00f5es.<\/p>\n<p>A pesquisa, realizada em julho do ano passado, ouviu cerca de 500 pessoas, de todo o pa\u00eds. Tamb\u00e9m apontou que 38% dos trabalhadores que recebem o benef\u00edcio reclamam que a bandeira atual n\u00e3o \u00e9 aceita em todos os estabelecimentos. Al\u00e9m disso, 18% apontam que ela n\u00e3o oferece servi\u00e7os de qualidade. Outra reclama\u00e7\u00e3o apontada por 39% dos entrevistados \u00e9 que a bandeira atual n\u00e3o oferece servi\u00e7os inovadores.<\/p>\n<p>\u201cOs dados revelam que os benefici\u00e1rios do programa, o trabalhador que recebe vales refei\u00e7\u00e3o e alimenta\u00e7\u00e3o, quer ter o direito de escolher a empresa que melhor atende as suas necessidades. A pesquisa tamb\u00e9m mostra a insatisfa\u00e7\u00e3o com a atual estrutura desse mercado, com n\u00famero limitado de estabelecimentos que aceitam o vale-benef\u00edcio ou, em algumas regi\u00f5es, com nenhum restaurante ou supermercado operando com vale-refei\u00e7\u00e3o ou vale-alimenta\u00e7\u00e3o\u201d, disse Guilherme Paiva, head de Pol\u00edticas P\u00fablicas do iFood.<\/p>\n<p>Pela Lei 14.442, sancionada em setembro do ano passado e que trata sobre o pagamento de aux\u00edlio-alimenta\u00e7\u00e3o, ficou estabelecido que o trabalhador poderia trocar a prestadora dos benef\u00edcios (portabilidade) e usar o seu cart\u00e3o em qualquer maquininha (interoperabilidade). Isso deveria come\u00e7ar em maio deste ano, mas a lei ainda n\u00e3o foi regulamentada pelo governo atual e sua implementa\u00e7\u00e3o acabou sendo adiada para maio do ano que vem.<\/p>\n<p>Para Paiva, a portabilidade e a interoperabilidade v\u00e3o transformar o setor, aumentando a rede credenciada. \u201cA regulamenta\u00e7\u00e3o da portabilidade e a interoperabilidade v\u00e3o beneficiar o trabalhador e todo o setor de restaurantes. Al\u00e9m de poder escolher a melhor empresa para receber o seu benef\u00edcio, a interoperabilidade das maquininhas para o uso dos cart\u00f5es de VR e VA deve derrubar as taxas atualmente cobradas dos restaurantes pelas grandes empresas que hoje dominam o setor. A economia no pagamento dessas taxas tem potencial de chegar a R$ 5,21 bilh\u00f5es ao ano para o setor de bares e restaurantes\u201d, disse.<\/p>\n<p>O mercado de benef\u00edcios de vale-alimenta\u00e7\u00e3o e vale-refei\u00e7\u00e3o movimenta aproximadamente R$ 150 bilh\u00f5es por ano, informou a pesquisa realizada pela LCA. O mercado impulsionado pelo Programa de Alimenta\u00e7\u00e3o do Trabalhador (PAT) beneficia cerca de 23,4 milh\u00f5es de trabalhadores.<\/p>\n","protected":false},"excerpt":{"rendered":"<p>Mais de tr\u00eas em cada dez trabalhadores (36% do total) est\u00e1 insatisfeito com as empresas emissoras de seus cart\u00f5es de vale-alimenta\u00e7\u00e3o (VA) e vale-refei\u00e7\u00e3o (VR) e gostariam de troc\u00e1-las. Isso \u00e9 o que revelou uma pesquisa in\u00e9dita realizada pela LCA, que foi contratada pelo iFood, plataforma de delivery de refei\u00e7\u00f5es. A pesquisa, realizada em julho [&hellip;]<\/p>\n","protected":false},"author":2,"featured_media":310083,"comment_status":"closed","ping_status":"closed","sticky":false,"template":"","format":"standard","meta":{"_acf_changed":false,"footnotes":""},"categories":[161],"tags":[95],"class_list":["post-310082","post","type-post","status-publish","format-standard","has-post-thumbnail","hentry","category-quadradinho-em-foco","tag-capa"],"acf":[],"yoast_head":"<!-- This site is optimized with the Yoast SEO plugin v27.2 - https:\/\/yoast.com\/product\/yoast-seo-wordpress\/ -->\n<title>Insatisfa\u00e7\u00e3o com vale-refei\u00e7\u00e3o atinge 36% dos trabalhadores - Notibras<\/title>\n<meta name=\"robots\" content=\"index, follow, max-snippet:-1, max-image-preview:large, max-video-preview:-1\" \/>\n<link rel=\"canonical\" href=\"https:\/\/www.notibras.com\/site\/insatisfacao-com-vale-refeicao-atinge-36-dos-trabalhadores\/\" \/>\n<meta property=\"og:locale\" content=\"pt_BR\" \/>\n<meta property=\"og:type\" content=\"article\" \/>\n<meta property=\"og:title\" content=\"Insatisfa\u00e7\u00e3o com vale-refei\u00e7\u00e3o atinge 36% dos trabalhadores - Notibras\" \/>\n<meta property=\"og:description\" content=\"Mais de tr\u00eas em cada dez trabalhadores (36% do total) est\u00e1 insatisfeito com as empresas emissoras de seus cart\u00f5es de vale-alimenta\u00e7\u00e3o (VA) e vale-refei\u00e7\u00e3o (VR) e gostariam de troc\u00e1-las. Isso \u00e9 o que revelou uma pesquisa in\u00e9dita realizada pela LCA, que foi contratada pelo iFood, plataforma de delivery de refei\u00e7\u00f5es. A pesquisa, realizada em julho [&hellip;]\" \/>\n<meta property=\"og:url\" content=\"https:\/\/www.notibras.com\/site\/insatisfacao-com-vale-refeicao-atinge-36-dos-trabalhadores\/\" \/>\n<meta property=\"og:site_name\" content=\"Notibras\" \/>\n<meta property=\"article:publisher\" content=\"https:\/\/www.facebook.com\/notibras\/\" \/>\n<meta property=\"article:published_time\" content=\"2023-08-02T08:45:08+00:00\" \/>\n<meta property=\"og:image\" content=\"https:\/\/www.notibras.com\/site\/wp-content\/uploads\/2023\/08\/17-09-2020_comida_restaurante.jpg\" \/>\n\t<meta property=\"og:image:width\" content=\"1170\" \/>\n\t<meta property=\"og:image:height\" content=\"700\" \/>\n\t<meta property=\"og:image:type\" content=\"image\/jpeg\" \/>\n<meta name=\"author\" content=\"Reda\u00e7\u00e3o\" \/>\n<meta name=\"twitter:card\" content=\"summary_large_image\" \/>\n<meta name=\"twitter:creator\" content=\"@Notibras\" \/>\n<meta name=\"twitter:site\" content=\"@Notibras\" \/>\n<meta name=\"twitter:label1\" content=\"Escrito por\" \/>\n\t<meta name=\"twitter:data1\" content=\"Reda\u00e7\u00e3o\" \/>\n\t<meta name=\"twitter:label2\" content=\"Est. tempo de leitura\" \/>\n\t<meta name=\"twitter:data2\" content=\"3 minutos\" \/>\n<script type=\"application\/ld+json\" class=\"yoast-schema-graph\">{\"@context\":\"https:\/\/schema.org\",\"@graph\":[{\"@type\":\"Article\",\"@id\":\"https:\/\/www.notibras.com\/site\/insatisfacao-com-vale-refeicao-atinge-36-dos-trabalhadores\/#article\",\"isPartOf\":{\"@id\":\"https:\/\/www.notibras.com\/site\/insatisfacao-com-vale-refeicao-atinge-36-dos-trabalhadores\/\"},\"author\":{\"name\":\"Reda\u00e7\u00e3o\",\"@id\":\"https:\/\/www.notibras.com\/site\/#\/schema\/person\/36ab0979449956132d3e5b517ea76ac8\"},\"headline\":\"Insatisfa\u00e7\u00e3o com vale-refei\u00e7\u00e3o atinge 36% dos trabalhadores\",\"datePublished\":\"2023-08-02T08:45:08+00:00\",\"mainEntityOfPage\":{\"@id\":\"https:\/\/www.notibras.com\/site\/insatisfacao-com-vale-refeicao-atinge-36-dos-trabalhadores\/\"},\"wordCount\":437,\"publisher\":{\"@id\":\"https:\/\/www.notibras.com\/site\/#organization\"},\"image\":{\"@id\":\"https:\/\/www.notibras.com\/site\/insatisfacao-com-vale-refeicao-atinge-36-dos-trabalhadores\/#primaryimage\"},\"thumbnailUrl\":\"https:\/\/www.notibras.com\/site\/wp-content\/uploads\/2023\/08\/17-09-2020_comida_restaurante.jpg\",\"keywords\":[\"capa\"],\"articleSection\":[\"Quadradinho em Foco\"],\"inLanguage\":\"pt-BR\"},{\"@type\":\"WebPage\",\"@id\":\"https:\/\/www.notibras.com\/site\/insatisfacao-com-vale-refeicao-atinge-36-dos-trabalhadores\/\",\"url\":\"https:\/\/www.notibras.com\/site\/insatisfacao-com-vale-refeicao-atinge-36-dos-trabalhadores\/\",\"name\":\"Insatisfa\u00e7\u00e3o com vale-refei\u00e7\u00e3o atinge 36% dos trabalhadores - Notibras\",\"isPartOf\":{\"@id\":\"https:\/\/www.notibras.com\/site\/#website\"},\"primaryImageOfPage\":{\"@id\":\"https:\/\/www.notibras.com\/site\/insatisfacao-com-vale-refeicao-atinge-36-dos-trabalhadores\/#primaryimage\"},\"image\":{\"@id\":\"https:\/\/www.notibras.com\/site\/insatisfacao-com-vale-refeicao-atinge-36-dos-trabalhadores\/#primaryimage\"},\"thumbnailUrl\":\"https:\/\/www.notibras.com\/site\/wp-content\/uploads\/2023\/08\/17-09-2020_comida_restaurante.jpg\",\"datePublished\":\"2023-08-02T08:45:08+00:00\",\"breadcrumb\":{\"@id\":\"https:\/\/www.notibras.com\/site\/insatisfacao-com-vale-refeicao-atinge-36-dos-trabalhadores\/#breadcrumb\"},\"inLanguage\":\"pt-BR\",\"potentialAction\":[{\"@type\":\"ReadAction\",\"target\":[\"https:\/\/www.notibras.com\/site\/insatisfacao-com-vale-refeicao-atinge-36-dos-trabalhadores\/\"]}]},{\"@type\":\"ImageObject\",\"inLanguage\":\"pt-BR\",\"@id\":\"https:\/\/www.notibras.com\/site\/insatisfacao-com-vale-refeicao-atinge-36-dos-trabalhadores\/#primaryimage\",\"url\":\"https:\/\/www.notibras.com\/site\/wp-content\/uploads\/2023\/08\/17-09-2020_comida_restaurante.jpg\",\"contentUrl\":\"https:\/\/www.notibras.com\/site\/wp-content\/uploads\/2023\/08\/17-09-2020_comida_restaurante.jpg\",\"width\":1170,\"height\":700,\"caption\":\"Comida servida em restaurante em Bras\u00edlia.\"},{\"@type\":\"BreadcrumbList\",\"@id\":\"https:\/\/www.notibras.com\/site\/insatisfacao-com-vale-refeicao-atinge-36-dos-trabalhadores\/#breadcrumb\",\"itemListElement\":[{\"@type\":\"ListItem\",\"position\":1,\"name\":\"In\u00edcio\",\"item\":\"https:\/\/www.notibras.com\/site\/\"},{\"@type\":\"ListItem\",\"position\":2,\"name\":\"Insatisfa\u00e7\u00e3o com vale-refei\u00e7\u00e3o atinge 36% dos trabalhadores\"}]},{\"@type\":\"WebSite\",\"@id\":\"https:\/\/www.notibras.com\/site\/#website\",\"url\":\"https:\/\/www.notibras.com\/site\/\",\"name\":\"Notibras\",\"description\":\"Not\u00edcias de Bras\u00edlia, do Brasil e do Mundo\",\"publisher\":{\"@id\":\"https:\/\/www.notibras.com\/site\/#organization\"},\"potentialAction\":[{\"@type\":\"SearchAction\",\"target\":{\"@type\":\"EntryPoint\",\"urlTemplate\":\"https:\/\/www.notibras.com\/site\/?s={search_term_string}\"},\"query-input\":{\"@type\":\"PropertyValueSpecification\",\"valueRequired\":true,\"valueName\":\"search_term_string\"}}],\"inLanguage\":\"pt-BR\"},{\"@type\":\"Organization\",\"@id\":\"https:\/\/www.notibras.com\/site\/#organization\",\"name\":\"Grupo Notibras de Comunica\u00e7\u00e3o\",\"url\":\"https:\/\/www.notibras.com\/site\/\",\"logo\":{\"@type\":\"ImageObject\",\"inLanguage\":\"pt-BR\",\"@id\":\"https:\/\/www.notibras.com\/site\/#\/schema\/logo\/image\/\",\"url\":\"https:\/\/www.notibras.com\/site\/wp-content\/uploads\/2023\/01\/notibras23.png\",\"contentUrl\":\"https:\/\/www.notibras.com\/site\/wp-content\/uploads\/2023\/01\/notibras23.png\",\"width\":350,\"height\":87,\"caption\":\"Grupo Notibras de Comunica\u00e7\u00e3o\"},\"image\":{\"@id\":\"https:\/\/www.notibras.com\/site\/#\/schema\/logo\/image\/\"},\"sameAs\":[\"https:\/\/www.facebook.com\/notibras\/\",\"https:\/\/x.com\/Notibras\",\"https:\/\/www.instagram.com\/notibras\/\"]},{\"@type\":\"Person\",\"@id\":\"https:\/\/www.notibras.com\/site\/#\/schema\/person\/36ab0979449956132d3e5b517ea76ac8\",\"name\":\"Reda\u00e7\u00e3o\",\"image\":{\"@type\":\"ImageObject\",\"inLanguage\":\"pt-BR\",\"@id\":\"https:\/\/secure.gravatar.com\/avatar\/e0a867bdedb85fd243eadf09663511f96fc81e0720a4a42581f334ad4303aa6b?s=96&d=mm&r=g\",\"url\":\"https:\/\/secure.gravatar.com\/avatar\/e0a867bdedb85fd243eadf09663511f96fc81e0720a4a42581f334ad4303aa6b?s=96&d=mm&r=g\",\"contentUrl\":\"https:\/\/secure.gravatar.com\/avatar\/e0a867bdedb85fd243eadf09663511f96fc81e0720a4a42581f334ad4303aa6b?s=96&d=mm&r=g\",\"caption\":\"Reda\u00e7\u00e3o\"}}]}<\/script>\n<!-- \/ Yoast SEO plugin. -->","yoast_head_json":{"title":"Insatisfa\u00e7\u00e3o com vale-refei\u00e7\u00e3o atinge 36% dos trabalhadores - Notibras","robots":{"index":"index","follow":"follow","max-snippet":"max-snippet:-1","max-image-preview":"max-image-preview:large","max-video-preview":"max-video-preview:-1"},"canonical":"https:\/\/www.notibras.com\/site\/insatisfacao-com-vale-refeicao-atinge-36-dos-trabalhadores\/","og_locale":"pt_BR","og_type":"article","og_title":"Insatisfa\u00e7\u00e3o com vale-refei\u00e7\u00e3o atinge 36% dos trabalhadores - Notibras","og_description":"Mais de tr\u00eas em cada dez trabalhadores (36% do total) est\u00e1 insatisfeito com as empresas emissoras de seus cart\u00f5es de vale-alimenta\u00e7\u00e3o (VA) e vale-refei\u00e7\u00e3o (VR) e gostariam de troc\u00e1-las. Isso \u00e9 o que revelou uma pesquisa in\u00e9dita realizada pela LCA, que foi contratada pelo iFood, plataforma de delivery de refei\u00e7\u00f5es. A pesquisa, realizada em julho [&hellip;]","og_url":"https:\/\/www.notibras.com\/site\/insatisfacao-com-vale-refeicao-atinge-36-dos-trabalhadores\/","og_site_name":"Notibras","article_publisher":"https:\/\/www.facebook.com\/notibras\/","article_published_time":"2023-08-02T08:45:08+00:00","og_image":[{"width":1170,"height":700,"url":"https:\/\/www.notibras.com\/site\/wp-content\/uploads\/2023\/08\/17-09-2020_comida_restaurante.jpg","type":"image\/jpeg"}],"author":"Reda\u00e7\u00e3o","twitter_card":"summary_large_image","twitter_creator":"@Notibras","twitter_site":"@Notibras","twitter_misc":{"Escrito por":"Reda\u00e7\u00e3o","Est. tempo de leitura":"3 minutos"},"schema":{"@context":"https:\/\/schema.org","@graph":[{"@type":"Article","@id":"https:\/\/www.notibras.com\/site\/insatisfacao-com-vale-refeicao-atinge-36-dos-trabalhadores\/#article","isPartOf":{"@id":"https:\/\/www.notibras.com\/site\/insatisfacao-com-vale-refeicao-atinge-36-dos-trabalhadores\/"},"author":{"name":"Reda\u00e7\u00e3o","@id":"https:\/\/www.notibras.com\/site\/#\/schema\/person\/36ab0979449956132d3e5b517ea76ac8"},"headline":"Insatisfa\u00e7\u00e3o com vale-refei\u00e7\u00e3o atinge 36% dos trabalhadores","datePublished":"2023-08-02T08:45:08+00:00","mainEntityOfPage":{"@id":"https:\/\/www.notibras.com\/site\/insatisfacao-com-vale-refeicao-atinge-36-dos-trabalhadores\/"},"wordCount":437,"publisher":{"@id":"https:\/\/www.notibras.com\/site\/#organization"},"image":{"@id":"https:\/\/www.notibras.com\/site\/insatisfacao-com-vale-refeicao-atinge-36-dos-trabalhadores\/#primaryimage"},"thumbnailUrl":"https:\/\/www.notibras.com\/site\/wp-content\/uploads\/2023\/08\/17-09-2020_comida_restaurante.jpg","keywords":["capa"],"articleSection":["Quadradinho em Foco"],"inLanguage":"pt-BR"},{"@type":"WebPage","@id":"https:\/\/www.notibras.com\/site\/insatisfacao-com-vale-refeicao-atinge-36-dos-trabalhadores\/","url":"https:\/\/www.notibras.com\/site\/insatisfacao-com-vale-refeicao-atinge-36-dos-trabalhadores\/","name":"Insatisfa\u00e7\u00e3o com vale-refei\u00e7\u00e3o atinge 36% dos trabalhadores - Notibras","isPartOf":{"@id":"https:\/\/www.notibras.com\/site\/#website"},"primaryImageOfPage":{"@id":"https:\/\/www.notibras.com\/site\/insatisfacao-com-vale-refeicao-atinge-36-dos-trabalhadores\/#primaryimage"},"image":{"@id":"https:\/\/www.notibras.com\/site\/insatisfacao-com-vale-refeicao-atinge-36-dos-trabalhadores\/#primaryimage"},"thumbnailUrl":"https:\/\/www.notibras.com\/site\/wp-content\/uploads\/2023\/08\/17-09-2020_comida_restaurante.jpg","datePublished":"2023-08-02T08:45:08+00:00","breadcrumb":{"@id":"https:\/\/www.notibras.com\/site\/insatisfacao-com-vale-refeicao-atinge-36-dos-trabalhadores\/#breadcrumb"},"inLanguage":"pt-BR","potentialAction":[{"@type":"ReadAction","target":["https:\/\/www.notibras.com\/site\/insatisfacao-com-vale-refeicao-atinge-36-dos-trabalhadores\/"]}]},{"@type":"ImageObject","inLanguage":"pt-BR","@id":"https:\/\/www.notibras.com\/site\/insatisfacao-com-vale-refeicao-atinge-36-dos-trabalhadores\/#primaryimage","url":"https:\/\/www.notibras.com\/site\/wp-content\/uploads\/2023\/08\/17-09-2020_comida_restaurante.jpg","contentUrl":"https:\/\/www.notibras.com\/site\/wp-content\/uploads\/2023\/08\/17-09-2020_comida_restaurante.jpg","width":1170,"height":700,"caption":"Comida servida em restaurante em Bras\u00edlia."},{"@type":"BreadcrumbList","@id":"https:\/\/www.notibras.com\/site\/insatisfacao-com-vale-refeicao-atinge-36-dos-trabalhadores\/#breadcrumb","itemListElement":[{"@type":"ListItem","position":1,"name":"In\u00edcio","item":"https:\/\/www.notibras.com\/site\/"},{"@type":"ListItem","position":2,"name":"Insatisfa\u00e7\u00e3o com vale-refei\u00e7\u00e3o atinge 36% dos trabalhadores"}]},{"@type":"WebSite","@id":"https:\/\/www.notibras.com\/site\/#website","url":"https:\/\/www.notibras.com\/site\/","name":"Notibras","description":"Not\u00edcias de Bras\u00edlia, do Brasil e do Mundo","publisher":{"@id":"https:\/\/www.notibras.com\/site\/#organization"},"potentialAction":[{"@type":"SearchAction","target":{"@type":"EntryPoint","urlTemplate":"https:\/\/www.notibras.com\/site\/?s={search_term_string}"},"query-input":{"@type":"PropertyValueSpecification","valueRequired":true,"valueName":"search_term_string"}}],"inLanguage":"pt-BR"},{"@type":"Organization","@id":"https:\/\/www.notibras.com\/site\/#organization","name":"Grupo Notibras de Comunica\u00e7\u00e3o","url":"https:\/\/www.notibras.com\/site\/","logo":{"@type":"ImageObject","inLanguage":"pt-BR","@id":"https:\/\/www.notibras.com\/site\/#\/schema\/logo\/image\/","url":"https:\/\/www.notibras.com\/site\/wp-content\/uploads\/2023\/01\/notibras23.png","contentUrl":"https:\/\/www.notibras.com\/site\/wp-content\/uploads\/2023\/01\/notibras23.png","width":350,"height":87,"caption":"Grupo Notibras de Comunica\u00e7\u00e3o"},"image":{"@id":"https:\/\/www.notibras.com\/site\/#\/schema\/logo\/image\/"},"sameAs":["https:\/\/www.facebook.com\/notibras\/","https:\/\/x.com\/Notibras","https:\/\/www.instagram.com\/notibras\/"]},{"@type":"Person","@id":"https:\/\/www.notibras.com\/site\/#\/schema\/person\/36ab0979449956132d3e5b517ea76ac8","name":"Reda\u00e7\u00e3o","image":{"@type":"ImageObject","inLanguage":"pt-BR","@id":"https:\/\/secure.gravatar.com\/avatar\/e0a867bdedb85fd243eadf09663511f96fc81e0720a4a42581f334ad4303aa6b?s=96&d=mm&r=g","url":"https:\/\/secure.gravatar.com\/avatar\/e0a867bdedb85fd243eadf09663511f96fc81e0720a4a42581f334ad4303aa6b?s=96&d=mm&r=g","contentUrl":"https:\/\/secure.gravatar.com\/avatar\/e0a867bdedb85fd243eadf09663511f96fc81e0720a4a42581f334ad4303aa6b?s=96&d=mm&r=g","caption":"Reda\u00e7\u00e3o"}}]}},"amp_enabled":true,"_links":{"self":[{"href":"https:\/\/www.notibras.com\/site\/wp-json\/wp\/v2\/posts\/310082","targetHints":{"allow":["GET"]}}],"collection":[{"href":"https:\/\/www.notibras.com\/site\/wp-json\/wp\/v2\/posts"}],"about":[{"href":"https:\/\/www.notibras.com\/site\/wp-json\/wp\/v2\/types\/post"}],"author":[{"embeddable":true,"href":"https:\/\/www.notibras.com\/site\/wp-json\/wp\/v2\/users\/2"}],"replies":[{"embeddable":true,"href":"https:\/\/www.notibras.com\/site\/wp-json\/wp\/v2\/comments?post=310082"}],"version-history":[{"count":1,"href":"https:\/\/www.notibras.com\/site\/wp-json\/wp\/v2\/posts\/310082\/revisions"}],"predecessor-version":[{"id":310084,"href":"https:\/\/www.notibras.com\/site\/wp-json\/wp\/v2\/posts\/310082\/revisions\/310084"}],"wp:featuredmedia":[{"embeddable":true,"href":"https:\/\/www.notibras.com\/site\/wp-json\/wp\/v2\/media\/310083"}],"wp:attachment":[{"href":"https:\/\/www.notibras.com\/site\/wp-json\/wp\/v2\/media?parent=310082"}],"wp:term":[{"taxonomy":"category","embeddable":true,"href":"https:\/\/www.notibras.com\/site\/wp-json\/wp\/v2\/categories?post=310082"},{"taxonomy":"post_tag","embeddable":true,"href":"https:\/\/www.notibras.com\/site\/wp-json\/wp\/v2\/tags?post=310082"}],"curies":[{"name":"wp","href":"https:\/\/api.w.org\/{rel}","templated":true}]}}