{"id":310138,"date":"2023-08-03T09:04:22","date_gmt":"2023-08-03T12:04:22","guid":{"rendered":"https:\/\/www.notibras.com\/site\/?p=310138"},"modified":"2023-08-03T09:04:22","modified_gmt":"2023-08-03T12:04:22","slug":"minha-vizinha-da-frente-qual-o-seu-nome","status":"publish","type":"post","link":"https:\/\/www.notibras.com\/site\/minha-vizinha-da-frente-qual-o-seu-nome\/","title":{"rendered":"Minha vizinha da frente, qual o seu nome?"},"content":{"rendered":"<p>Hoje acordei com vontade de escrever, mas me faltam mem\u00f3rias para tal. Saudade de um tempo em que corria por este bairro de onde sa\u00ed t\u00e3o jovem. Tinha l\u00e1 meus 18 quando, por sorte, passei no concurso do Banco do Brasil. H\u00e1 tanto tempo, que todos os meus amigos me invejaram, tamanho que era o sal\u00e1rio naquela \u00e9poca. O pessoal na rua comentava: &#8220;Voc\u00ea viu? Pois \u00e9, o Quinzinho, filho da dona Eul\u00e1lia, passou pro Banco do Brasil.&#8221;<\/p>\n<p>Como consequ\u00eancia desse sortil\u00e9gio, fui tomar posse em uma cidadezinha l\u00e1 do interior de Minas Gerais, t\u00e3o distante desta em que agora me encontro. Fui, mas com a promessa de retornar em poucos anos. Tal jura, no entanto, s\u00f3 foi cumprida h\u00e1 pouco mais de dois meses, quando aqui estou com meus quase 70.<\/p>\n<p>Durante o longo per\u00edodo de banc\u00e1rio, trabalhei com afinco e, aos poucos, fui galgando cargos at\u00e9 que, quase 20 anos ap\u00f3s, cheguei ao invejado posto de gerente geral da ag\u00eancia. Todos me conheciam como senhor Oliveira. Todos! Desde o mais gra\u00fado investidor at\u00e9 os que sobreviviam com meros vint\u00e9ns.<\/p>\n<p>De t\u00e3o afamado me tornei, o pr\u00f3prio presidente do Banco do Brasil veio me pedir para n\u00e3o me aposentar quando completei meu tempo de servi\u00e7o. Comovido com tamanha honraria, fiquei por mais alguns anos. Na verdade, agora que estou em tal situa\u00e7\u00e3o, n\u00e3o preciso mais viver sob a fuma\u00e7a da hipocrisia. Fiquei por conta da sensa\u00e7\u00e3o de poder, al\u00e9m, \u00e9 \u00f3bvio, pelas in\u00fameras regalias, sem contar o sal\u00e1rio muito maior do que eu poderia gastar.<\/p>\n<p>Os anos seguintes foram talvez os mais incr\u00edveis da minha vida. E, se n\u00e3o foram, s\u00e3o os que ainda pululam minha mente. Jantares regados a iguarias, noites em quartos de hot\u00e9is cinco estrelas, sempre muito bem acompanhado por mulheres lindas, mesmo que recompensadas por notas gra\u00fadas, que n\u00e3o me fizeram falta.<\/p>\n<p>Aos 66, conheci Sandra, que tinha l\u00e1 seus 38. Linda, linda, linda! N\u00e3o sei o que ela viu em mim, j\u00e1 que era de uma fam\u00edlia mais abastada do que todo o dinheiro que eu poderia ganhar trabalhando no mais alto posto do Banco do Brasil por mais de um s\u00e9culo. Seja como for, nos envolvemos e, de t\u00e3o apaixonados, resolvemos comemorar nosso primeiro ano juntos.<\/p>\n<p>Viajamos para Paris, onde ficamos hospedados no Ritz. Passeamos pela famosa cidade, fomos a museus e todos os passeios poss\u00edveis durante oito dias, at\u00e9 que Sandra p\u00f4s na cabe\u00e7a que queria realizar um antigo sonho: sobrevoar Paris num bal\u00e3o. Apesar do flagrante pavor, decidi acompanhar a minha amada.<\/p>\n<p>Foi numa quarta-feira quando tudo aconteceu. Contratamos um baloeiro, que nos orientou sobre o voo. Tudo parecia maravilhoso, at\u00e9 para mim. Comecei a me soltar quando, de repente, aquela enorme bola cheia de g\u00e1s come\u00e7ou a rodopiar pelo c\u00e9u da capital francesa e, desesperados com as labaredas cada vez mais pr\u00f3ximas, pulamos quando est\u00e1vamos a pouco mais de 20, 30 metros do ch\u00e3o.<\/p>\n<p>O baloeiro, que at\u00e9 hoje n\u00e3o sei o nome, e minha Sandra tiveram morte instant\u00e2nea. Eu, por sorte ou azar, sobrevivi, apesar de m\u00faltiplas fraturas, incluindo tr\u00eas v\u00e9rtebras cervicais, que me deixaram paralisado do pesco\u00e7o para baixo.<\/p>\n<p>Depois de quase dois anos de fisioterapia, retornei para a antiga casa, heran\u00e7a da minha falecida m\u00e3e, dona Eul\u00e1lia. Passo o dia inteiro deitado numa cama cheia de controles, que consigo acionar com um canudo preso \u00e0 minha boca. Meu maior divertimento, o \u00fanico na verdade, \u00e9 observar a minha linda vizinha, que costuma sair de casa e se sentar numa dessas cadeiras de praia na cal\u00e7ada.<\/p>\n<p>Minha vizinha, de vez em quando, cumprimenta algu\u00e9m que passa, com um sorriso, que me chega aos olhos como o mais lindo que conheci. Mas ela parece preferir se entreter com seu aparelho celular. N\u00e3o sei se ela j\u00e1 me viu ou se sabe da minha exist\u00eancia. Todavia, ainda me resta uma \u00faltima esperan\u00e7a, provavelmente a \u00fanica que me faz querer viver: descobrir o seu nome.<\/p>\n","protected":false},"excerpt":{"rendered":"<p>Hoje acordei com vontade de escrever, mas me faltam mem\u00f3rias para tal. Saudade de um tempo em que corria por este bairro de onde sa\u00ed t\u00e3o jovem. Tinha l\u00e1 meus 18 quando, por sorte, passei no concurso do Banco do Brasil. H\u00e1 tanto tempo, que todos os meus amigos me invejaram, tamanho que era o [&hellip;]<\/p>\n","protected":false},"author":2,"featured_media":310139,"comment_status":"closed","ping_status":"closed","sticky":false,"template":"","format":"standard","meta":{"_acf_changed":false,"footnotes":""},"categories":[161],"tags":[],"class_list":["post-310138","post","type-post","status-publish","format-standard","has-post-thumbnail","hentry","category-quadradinho-em-foco"],"acf":[],"yoast_head":"<!-- This site is optimized with the Yoast SEO plugin v27.2 - https:\/\/yoast.com\/product\/yoast-seo-wordpress\/ -->\n<title>Minha vizinha da frente, qual o seu nome? - Notibras<\/title>\n<meta name=\"robots\" content=\"index, follow, max-snippet:-1, max-image-preview:large, max-video-preview:-1\" \/>\n<link rel=\"canonical\" href=\"https:\/\/www.notibras.com\/site\/minha-vizinha-da-frente-qual-o-seu-nome\/\" \/>\n<meta property=\"og:locale\" content=\"pt_BR\" \/>\n<meta property=\"og:type\" content=\"article\" \/>\n<meta property=\"og:title\" content=\"Minha vizinha da frente, qual o seu nome? - Notibras\" \/>\n<meta property=\"og:description\" content=\"Hoje acordei com vontade de escrever, mas me faltam mem\u00f3rias para tal. Saudade de um tempo em que corria por este bairro de onde sa\u00ed t\u00e3o jovem. Tinha l\u00e1 meus 18 quando, por sorte, passei no concurso do Banco do Brasil. H\u00e1 tanto tempo, que todos os meus amigos me invejaram, tamanho que era o [&hellip;]\" \/>\n<meta property=\"og:url\" content=\"https:\/\/www.notibras.com\/site\/minha-vizinha-da-frente-qual-o-seu-nome\/\" \/>\n<meta property=\"og:site_name\" content=\"Notibras\" \/>\n<meta property=\"article:publisher\" content=\"https:\/\/www.facebook.com\/notibras\/\" \/>\n<meta property=\"article:published_time\" content=\"2023-08-03T12:04:22+00:00\" \/>\n<meta property=\"og:image\" content=\"https:\/\/www.notibras.com\/site\/wp-content\/uploads\/2023\/08\/0c539a99-ffbe-4e90-92ff-3a922b03d2b6.jpg\" \/>\n\t<meta property=\"og:image:width\" content=\"461\" \/>\n\t<meta property=\"og:image:height\" content=\"1024\" \/>\n\t<meta property=\"og:image:type\" content=\"image\/jpeg\" \/>\n<meta name=\"author\" content=\"Reda\u00e7\u00e3o\" \/>\n<meta name=\"twitter:card\" content=\"summary_large_image\" \/>\n<meta name=\"twitter:creator\" content=\"@Notibras\" \/>\n<meta name=\"twitter:site\" content=\"@Notibras\" \/>\n<meta name=\"twitter:label1\" content=\"Escrito por\" \/>\n\t<meta name=\"twitter:data1\" content=\"Reda\u00e7\u00e3o\" \/>\n\t<meta name=\"twitter:label2\" content=\"Est. tempo de leitura\" \/>\n\t<meta name=\"twitter:data2\" content=\"4 minutos\" \/>\n<script type=\"application\/ld+json\" class=\"yoast-schema-graph\">{\"@context\":\"https:\/\/schema.org\",\"@graph\":[{\"@type\":\"Article\",\"@id\":\"https:\/\/www.notibras.com\/site\/minha-vizinha-da-frente-qual-o-seu-nome\/#article\",\"isPartOf\":{\"@id\":\"https:\/\/www.notibras.com\/site\/minha-vizinha-da-frente-qual-o-seu-nome\/\"},\"author\":{\"name\":\"Reda\u00e7\u00e3o\",\"@id\":\"https:\/\/www.notibras.com\/site\/#\/schema\/person\/36ab0979449956132d3e5b517ea76ac8\"},\"headline\":\"Minha vizinha da frente, qual o seu nome?\",\"datePublished\":\"2023-08-03T12:04:22+00:00\",\"mainEntityOfPage\":{\"@id\":\"https:\/\/www.notibras.com\/site\/minha-vizinha-da-frente-qual-o-seu-nome\/\"},\"wordCount\":709,\"publisher\":{\"@id\":\"https:\/\/www.notibras.com\/site\/#organization\"},\"image\":{\"@id\":\"https:\/\/www.notibras.com\/site\/minha-vizinha-da-frente-qual-o-seu-nome\/#primaryimage\"},\"thumbnailUrl\":\"https:\/\/www.notibras.com\/site\/wp-content\/uploads\/2023\/08\/0c539a99-ffbe-4e90-92ff-3a922b03d2b6.jpg\",\"articleSection\":[\"Quadradinho em Foco\"],\"inLanguage\":\"pt-BR\"},{\"@type\":\"WebPage\",\"@id\":\"https:\/\/www.notibras.com\/site\/minha-vizinha-da-frente-qual-o-seu-nome\/\",\"url\":\"https:\/\/www.notibras.com\/site\/minha-vizinha-da-frente-qual-o-seu-nome\/\",\"name\":\"Minha vizinha da frente, qual o seu nome? - Notibras\",\"isPartOf\":{\"@id\":\"https:\/\/www.notibras.com\/site\/#website\"},\"primaryImageOfPage\":{\"@id\":\"https:\/\/www.notibras.com\/site\/minha-vizinha-da-frente-qual-o-seu-nome\/#primaryimage\"},\"image\":{\"@id\":\"https:\/\/www.notibras.com\/site\/minha-vizinha-da-frente-qual-o-seu-nome\/#primaryimage\"},\"thumbnailUrl\":\"https:\/\/www.notibras.com\/site\/wp-content\/uploads\/2023\/08\/0c539a99-ffbe-4e90-92ff-3a922b03d2b6.jpg\",\"datePublished\":\"2023-08-03T12:04:22+00:00\",\"breadcrumb\":{\"@id\":\"https:\/\/www.notibras.com\/site\/minha-vizinha-da-frente-qual-o-seu-nome\/#breadcrumb\"},\"inLanguage\":\"pt-BR\",\"potentialAction\":[{\"@type\":\"ReadAction\",\"target\":[\"https:\/\/www.notibras.com\/site\/minha-vizinha-da-frente-qual-o-seu-nome\/\"]}]},{\"@type\":\"ImageObject\",\"inLanguage\":\"pt-BR\",\"@id\":\"https:\/\/www.notibras.com\/site\/minha-vizinha-da-frente-qual-o-seu-nome\/#primaryimage\",\"url\":\"https:\/\/www.notibras.com\/site\/wp-content\/uploads\/2023\/08\/0c539a99-ffbe-4e90-92ff-3a922b03d2b6.jpg\",\"contentUrl\":\"https:\/\/www.notibras.com\/site\/wp-content\/uploads\/2023\/08\/0c539a99-ffbe-4e90-92ff-3a922b03d2b6.jpg\",\"width\":461,\"height\":1024},{\"@type\":\"BreadcrumbList\",\"@id\":\"https:\/\/www.notibras.com\/site\/minha-vizinha-da-frente-qual-o-seu-nome\/#breadcrumb\",\"itemListElement\":[{\"@type\":\"ListItem\",\"position\":1,\"name\":\"In\u00edcio\",\"item\":\"https:\/\/www.notibras.com\/site\/\"},{\"@type\":\"ListItem\",\"position\":2,\"name\":\"Minha vizinha da frente, qual o seu nome?\"}]},{\"@type\":\"WebSite\",\"@id\":\"https:\/\/www.notibras.com\/site\/#website\",\"url\":\"https:\/\/www.notibras.com\/site\/\",\"name\":\"Notibras\",\"description\":\"Not\u00edcias de Bras\u00edlia, do Brasil e do Mundo\",\"publisher\":{\"@id\":\"https:\/\/www.notibras.com\/site\/#organization\"},\"potentialAction\":[{\"@type\":\"SearchAction\",\"target\":{\"@type\":\"EntryPoint\",\"urlTemplate\":\"https:\/\/www.notibras.com\/site\/?s={search_term_string}\"},\"query-input\":{\"@type\":\"PropertyValueSpecification\",\"valueRequired\":true,\"valueName\":\"search_term_string\"}}],\"inLanguage\":\"pt-BR\"},{\"@type\":\"Organization\",\"@id\":\"https:\/\/www.notibras.com\/site\/#organization\",\"name\":\"Grupo Notibras de Comunica\u00e7\u00e3o\",\"url\":\"https:\/\/www.notibras.com\/site\/\",\"logo\":{\"@type\":\"ImageObject\",\"inLanguage\":\"pt-BR\",\"@id\":\"https:\/\/www.notibras.com\/site\/#\/schema\/logo\/image\/\",\"url\":\"https:\/\/www.notibras.com\/site\/wp-content\/uploads\/2023\/01\/notibras23.png\",\"contentUrl\":\"https:\/\/www.notibras.com\/site\/wp-content\/uploads\/2023\/01\/notibras23.png\",\"width\":350,\"height\":87,\"caption\":\"Grupo Notibras de Comunica\u00e7\u00e3o\"},\"image\":{\"@id\":\"https:\/\/www.notibras.com\/site\/#\/schema\/logo\/image\/\"},\"sameAs\":[\"https:\/\/www.facebook.com\/notibras\/\",\"https:\/\/x.com\/Notibras\",\"https:\/\/www.instagram.com\/notibras\/\"]},{\"@type\":\"Person\",\"@id\":\"https:\/\/www.notibras.com\/site\/#\/schema\/person\/36ab0979449956132d3e5b517ea76ac8\",\"name\":\"Reda\u00e7\u00e3o\",\"image\":{\"@type\":\"ImageObject\",\"inLanguage\":\"pt-BR\",\"@id\":\"https:\/\/secure.gravatar.com\/avatar\/e0a867bdedb85fd243eadf09663511f96fc81e0720a4a42581f334ad4303aa6b?s=96&d=mm&r=g\",\"url\":\"https:\/\/secure.gravatar.com\/avatar\/e0a867bdedb85fd243eadf09663511f96fc81e0720a4a42581f334ad4303aa6b?s=96&d=mm&r=g\",\"contentUrl\":\"https:\/\/secure.gravatar.com\/avatar\/e0a867bdedb85fd243eadf09663511f96fc81e0720a4a42581f334ad4303aa6b?s=96&d=mm&r=g\",\"caption\":\"Reda\u00e7\u00e3o\"}}]}<\/script>\n<!-- \/ Yoast SEO plugin. -->","yoast_head_json":{"title":"Minha vizinha da frente, qual o seu nome? - Notibras","robots":{"index":"index","follow":"follow","max-snippet":"max-snippet:-1","max-image-preview":"max-image-preview:large","max-video-preview":"max-video-preview:-1"},"canonical":"https:\/\/www.notibras.com\/site\/minha-vizinha-da-frente-qual-o-seu-nome\/","og_locale":"pt_BR","og_type":"article","og_title":"Minha vizinha da frente, qual o seu nome? - Notibras","og_description":"Hoje acordei com vontade de escrever, mas me faltam mem\u00f3rias para tal. Saudade de um tempo em que corria por este bairro de onde sa\u00ed t\u00e3o jovem. Tinha l\u00e1 meus 18 quando, por sorte, passei no concurso do Banco do Brasil. H\u00e1 tanto tempo, que todos os meus amigos me invejaram, tamanho que era o [&hellip;]","og_url":"https:\/\/www.notibras.com\/site\/minha-vizinha-da-frente-qual-o-seu-nome\/","og_site_name":"Notibras","article_publisher":"https:\/\/www.facebook.com\/notibras\/","article_published_time":"2023-08-03T12:04:22+00:00","og_image":[{"width":461,"height":1024,"url":"https:\/\/www.notibras.com\/site\/wp-content\/uploads\/2023\/08\/0c539a99-ffbe-4e90-92ff-3a922b03d2b6.jpg","type":"image\/jpeg"}],"author":"Reda\u00e7\u00e3o","twitter_card":"summary_large_image","twitter_creator":"@Notibras","twitter_site":"@Notibras","twitter_misc":{"Escrito por":"Reda\u00e7\u00e3o","Est. tempo de leitura":"4 minutos"},"schema":{"@context":"https:\/\/schema.org","@graph":[{"@type":"Article","@id":"https:\/\/www.notibras.com\/site\/minha-vizinha-da-frente-qual-o-seu-nome\/#article","isPartOf":{"@id":"https:\/\/www.notibras.com\/site\/minha-vizinha-da-frente-qual-o-seu-nome\/"},"author":{"name":"Reda\u00e7\u00e3o","@id":"https:\/\/www.notibras.com\/site\/#\/schema\/person\/36ab0979449956132d3e5b517ea76ac8"},"headline":"Minha vizinha da frente, qual o seu nome?","datePublished":"2023-08-03T12:04:22+00:00","mainEntityOfPage":{"@id":"https:\/\/www.notibras.com\/site\/minha-vizinha-da-frente-qual-o-seu-nome\/"},"wordCount":709,"publisher":{"@id":"https:\/\/www.notibras.com\/site\/#organization"},"image":{"@id":"https:\/\/www.notibras.com\/site\/minha-vizinha-da-frente-qual-o-seu-nome\/#primaryimage"},"thumbnailUrl":"https:\/\/www.notibras.com\/site\/wp-content\/uploads\/2023\/08\/0c539a99-ffbe-4e90-92ff-3a922b03d2b6.jpg","articleSection":["Quadradinho em Foco"],"inLanguage":"pt-BR"},{"@type":"WebPage","@id":"https:\/\/www.notibras.com\/site\/minha-vizinha-da-frente-qual-o-seu-nome\/","url":"https:\/\/www.notibras.com\/site\/minha-vizinha-da-frente-qual-o-seu-nome\/","name":"Minha vizinha da frente, qual o seu nome? - Notibras","isPartOf":{"@id":"https:\/\/www.notibras.com\/site\/#website"},"primaryImageOfPage":{"@id":"https:\/\/www.notibras.com\/site\/minha-vizinha-da-frente-qual-o-seu-nome\/#primaryimage"},"image":{"@id":"https:\/\/www.notibras.com\/site\/minha-vizinha-da-frente-qual-o-seu-nome\/#primaryimage"},"thumbnailUrl":"https:\/\/www.notibras.com\/site\/wp-content\/uploads\/2023\/08\/0c539a99-ffbe-4e90-92ff-3a922b03d2b6.jpg","datePublished":"2023-08-03T12:04:22+00:00","breadcrumb":{"@id":"https:\/\/www.notibras.com\/site\/minha-vizinha-da-frente-qual-o-seu-nome\/#breadcrumb"},"inLanguage":"pt-BR","potentialAction":[{"@type":"ReadAction","target":["https:\/\/www.notibras.com\/site\/minha-vizinha-da-frente-qual-o-seu-nome\/"]}]},{"@type":"ImageObject","inLanguage":"pt-BR","@id":"https:\/\/www.notibras.com\/site\/minha-vizinha-da-frente-qual-o-seu-nome\/#primaryimage","url":"https:\/\/www.notibras.com\/site\/wp-content\/uploads\/2023\/08\/0c539a99-ffbe-4e90-92ff-3a922b03d2b6.jpg","contentUrl":"https:\/\/www.notibras.com\/site\/wp-content\/uploads\/2023\/08\/0c539a99-ffbe-4e90-92ff-3a922b03d2b6.jpg","width":461,"height":1024},{"@type":"BreadcrumbList","@id":"https:\/\/www.notibras.com\/site\/minha-vizinha-da-frente-qual-o-seu-nome\/#breadcrumb","itemListElement":[{"@type":"ListItem","position":1,"name":"In\u00edcio","item":"https:\/\/www.notibras.com\/site\/"},{"@type":"ListItem","position":2,"name":"Minha vizinha da frente, qual o seu nome?"}]},{"@type":"WebSite","@id":"https:\/\/www.notibras.com\/site\/#website","url":"https:\/\/www.notibras.com\/site\/","name":"Notibras","description":"Not\u00edcias de Bras\u00edlia, do Brasil e do Mundo","publisher":{"@id":"https:\/\/www.notibras.com\/site\/#organization"},"potentialAction":[{"@type":"SearchAction","target":{"@type":"EntryPoint","urlTemplate":"https:\/\/www.notibras.com\/site\/?s={search_term_string}"},"query-input":{"@type":"PropertyValueSpecification","valueRequired":true,"valueName":"search_term_string"}}],"inLanguage":"pt-BR"},{"@type":"Organization","@id":"https:\/\/www.notibras.com\/site\/#organization","name":"Grupo Notibras de Comunica\u00e7\u00e3o","url":"https:\/\/www.notibras.com\/site\/","logo":{"@type":"ImageObject","inLanguage":"pt-BR","@id":"https:\/\/www.notibras.com\/site\/#\/schema\/logo\/image\/","url":"https:\/\/www.notibras.com\/site\/wp-content\/uploads\/2023\/01\/notibras23.png","contentUrl":"https:\/\/www.notibras.com\/site\/wp-content\/uploads\/2023\/01\/notibras23.png","width":350,"height":87,"caption":"Grupo Notibras de Comunica\u00e7\u00e3o"},"image":{"@id":"https:\/\/www.notibras.com\/site\/#\/schema\/logo\/image\/"},"sameAs":["https:\/\/www.facebook.com\/notibras\/","https:\/\/x.com\/Notibras","https:\/\/www.instagram.com\/notibras\/"]},{"@type":"Person","@id":"https:\/\/www.notibras.com\/site\/#\/schema\/person\/36ab0979449956132d3e5b517ea76ac8","name":"Reda\u00e7\u00e3o","image":{"@type":"ImageObject","inLanguage":"pt-BR","@id":"https:\/\/secure.gravatar.com\/avatar\/e0a867bdedb85fd243eadf09663511f96fc81e0720a4a42581f334ad4303aa6b?s=96&d=mm&r=g","url":"https:\/\/secure.gravatar.com\/avatar\/e0a867bdedb85fd243eadf09663511f96fc81e0720a4a42581f334ad4303aa6b?s=96&d=mm&r=g","contentUrl":"https:\/\/secure.gravatar.com\/avatar\/e0a867bdedb85fd243eadf09663511f96fc81e0720a4a42581f334ad4303aa6b?s=96&d=mm&r=g","caption":"Reda\u00e7\u00e3o"}}]}},"amp_enabled":true,"_links":{"self":[{"href":"https:\/\/www.notibras.com\/site\/wp-json\/wp\/v2\/posts\/310138","targetHints":{"allow":["GET"]}}],"collection":[{"href":"https:\/\/www.notibras.com\/site\/wp-json\/wp\/v2\/posts"}],"about":[{"href":"https:\/\/www.notibras.com\/site\/wp-json\/wp\/v2\/types\/post"}],"author":[{"embeddable":true,"href":"https:\/\/www.notibras.com\/site\/wp-json\/wp\/v2\/users\/2"}],"replies":[{"embeddable":true,"href":"https:\/\/www.notibras.com\/site\/wp-json\/wp\/v2\/comments?post=310138"}],"version-history":[{"count":1,"href":"https:\/\/www.notibras.com\/site\/wp-json\/wp\/v2\/posts\/310138\/revisions"}],"predecessor-version":[{"id":310140,"href":"https:\/\/www.notibras.com\/site\/wp-json\/wp\/v2\/posts\/310138\/revisions\/310140"}],"wp:featuredmedia":[{"embeddable":true,"href":"https:\/\/www.notibras.com\/site\/wp-json\/wp\/v2\/media\/310139"}],"wp:attachment":[{"href":"https:\/\/www.notibras.com\/site\/wp-json\/wp\/v2\/media?parent=310138"}],"wp:term":[{"taxonomy":"category","embeddable":true,"href":"https:\/\/www.notibras.com\/site\/wp-json\/wp\/v2\/categories?post=310138"},{"taxonomy":"post_tag","embeddable":true,"href":"https:\/\/www.notibras.com\/site\/wp-json\/wp\/v2\/tags?post=310138"}],"curies":[{"name":"wp","href":"https:\/\/api.w.org\/{rel}","templated":true}]}}