{"id":310162,"date":"2023-08-03T06:27:14","date_gmt":"2023-08-03T09:27:14","guid":{"rendered":"https:\/\/www.notibras.com\/site\/?p=310162"},"modified":"2023-08-03T10:29:23","modified_gmt":"2023-08-03T13:29:23","slug":"descriminalizacao-do-porte-de-maconha-esta-quase-la","status":"publish","type":"post","link":"https:\/\/www.notibras.com\/site\/descriminalizacao-do-porte-de-maconha-esta-quase-la\/","title":{"rendered":"Descriminaliza\u00e7\u00e3o do porte de maconha est\u00e1 quase l\u00e1"},"content":{"rendered":"<p>O ministro Alexandre de Moraes, do Supremo Tribunal Federal (STF), votou na sess\u00e3o de quarta (2) a favor da descriminaliza\u00e7\u00e3o do porte de maconha para consumo pessoal.<\/p>\n<p>Pelo voto do ministro, deve ser considerado usu\u00e1rio quem portar entre 25 a 60 gramas de maconha ou seis plantas f\u00eameas de cannabis. Al\u00e9m disso, a Justi\u00e7a tamb\u00e9m poder\u00e1 avaliar as circunst\u00e2ncias de cada caso para verificar eventual situa\u00e7\u00e3o que possa configurar tr\u00e1fico de drogas.<\/p>\n<p>O julgamento sobre o porte de drogas foi retomado nesta tarde com o voto do ministro, que, em 2015, pediu vista (mais tempo para analisar o caso) e suspendeu o julgamento. A sess\u00e3o continua para a tomada dos votos dos demais ministros.<\/p>\n<p>O Supremo julga a constitucionalidade do Artigo 28 da Lei das Drogas (Lei 11.343\/2006). Para diferenciar usu\u00e1rios e traficantes, a norma prev\u00ea penas alternativas de presta\u00e7\u00e3o de servi\u00e7os \u00e0 comunidade, advert\u00eancia sobre os efeitos das drogas e comparecimento obrigat\u00f3rio a curso educativo para quem adquirir, transportar ou portar drogas para consumo pessoal.<\/p>\n<p>A lei deixou de prever a pena de pris\u00e3o, mas manteve a criminaliza\u00e7\u00e3o. Dessa forma, usu\u00e1rios de drogas ainda s\u00e3o alvos de inqu\u00e9rito policial e processos judiciais que buscam o cumprimento das penas alternativas.<\/p>\n<p>Moraes avaliou que a lei aumentou o n\u00famero de presos por tr\u00e1fico de drogas e gerou &#8220;um ex\u00e9rcito para as fac\u00e7\u00f5es criminosas&#8221;. O ministro informou que dados oficiais mostram que 25% dos presos no Brasil (201 mil) respondem por tr\u00e1fico de drogas.<\/p>\n<p>&#8220;Isso gerou o fortalecimento das fac\u00e7\u00f5es no Brasil. A aplica\u00e7\u00e3o da lei gerou aumento do poder das fac\u00e7\u00f5es no Brasil. Aquele que antes era tipificado como usu\u00e1rio, quando despenalizou, o sistema de persecu\u00e7\u00e3o penal n\u00e3o concordou com a lei e acabou transformando os usu\u00e1rios em pequenos traficantes. O pequeno traficante, com a nova lei, tinha uma pena alta e foi para sistema penitenci\u00e1rio. Jovem, prim\u00e1rio, sem oferecer periculosidade \u00e0 sociedade, foi capturado pelas organiza\u00e7\u00f5es criminosas&#8221;, comentou.<\/p>\n<p>O ministro tamb\u00e9m defendeu a defini\u00e7\u00e3o de limites de quantidade de drogas para diferenciar usu\u00e1rios e traficantes. &#8220;Hoje, o tr\u00e1fico de drogas em regi\u00f5es abastadas das grandes cidades do pa\u00eds \u00e9 feito por delivery. H\u00e1 aplicativos que a pessoa chama e, assim como o IFood leva comida, leva a droga&#8221;, completou.<\/p>\n<p>Al\u00e9m da quantidade, Moraes tamb\u00e9m disse que devem ser levadas em conta as circunst\u00e2ncias das apreens\u00f5es para n\u00e3o permitir discrimina\u00e7\u00e3o entre classes sociais.<\/p>\n<p>&#8220;Quanto mais velho e mais instru\u00e7\u00e3o, mais dif\u00edcil ser caracterizado como traficante&#8221;, afirmou.<\/p>\n<p><strong>Votos<\/strong><br \/>\nNas sess\u00f5es anteriores , os ministros Lu\u00eds Roberto Barroso, Edson Fachin e Gilmar Mendes se manifestaram a favor da descriminaliza\u00e7\u00e3o da posse de drogas, mas em extens\u00f5es diferentes.<\/p>\n<p>Mendes descriminaliza o porte para todas as drogas e transforma as san\u00e7\u00f5es penais em administrativas. Fachin entende que a descriminaliza\u00e7\u00e3o vale somente para maconha. Barroso tamb\u00e9m estende a descriminaliza\u00e7\u00e3o somente para maconha e fixa a quantidade de 25 gramas ou seis plantas f\u00eameas de cannabis.<\/p>\n<p><strong>Caso julgado<\/strong><br \/>\nNo caso concreto que motivou o julgamento, a defesa de um condenado pede que o porte de maconha para uso pr\u00f3prio deixe de ser considerado crime. O acusado foi detido com tr\u00eas gramas de maconha.<\/p>\n<p>Para os advogados, o crime de porte de drogas para uso pessoal \u00e9 inconstitucional por ofender o princ\u00edpio constitucional da intimidade e da vida privada. A defesa sustentou que o uso pessoal n\u00e3o afronta a sa\u00fade p\u00fablica.<\/p>\n<p>Ap\u00f3s o voto de Moraes, o julgamento foi suspenso a pedido do relator do caso, ministro Gilmar Mendes. O relator disse que pretende aprofundar voto j\u00e1 proferido e prometeu devolver o processo para julgamento na pr\u00f3xima semana.<\/p>\n<p>At\u00e9 o momento, o placar do julgamento \u00e9 de 4 votos a 0 pela descriminaliza\u00e7\u00e3o do porte de drogas para consumo pessoal. Ainda n\u00e3o h\u00e1 consenso se a libera\u00e7\u00e3o ser\u00e1 somente para maconha ou tamb\u00e9m para outras drogas.<\/p>\n","protected":false},"excerpt":{"rendered":"<p>O ministro Alexandre de Moraes, do Supremo Tribunal Federal (STF), votou na sess\u00e3o de quarta (2) a favor da descriminaliza\u00e7\u00e3o do porte de maconha para consumo pessoal. Pelo voto do ministro, deve ser considerado usu\u00e1rio quem portar entre 25 a 60 gramas de maconha ou seis plantas f\u00eameas de cannabis. Al\u00e9m disso, a Justi\u00e7a tamb\u00e9m [&hellip;]<\/p>\n","protected":false},"author":2,"featured_media":278759,"comment_status":"closed","ping_status":"closed","sticky":false,"template":"","format":"standard","meta":{"_acf_changed":false,"footnotes":""},"categories":[161],"tags":[],"class_list":["post-310162","post","type-post","status-publish","format-standard","has-post-thumbnail","hentry","category-quadradinho-em-foco"],"acf":[],"yoast_head":"<!-- This site is optimized with the Yoast SEO plugin v27.2 - https:\/\/yoast.com\/product\/yoast-seo-wordpress\/ -->\n<title>Descriminaliza\u00e7\u00e3o do porte de maconha est\u00e1 quase l\u00e1 - Notibras<\/title>\n<meta name=\"robots\" content=\"index, follow, max-snippet:-1, max-image-preview:large, max-video-preview:-1\" \/>\n<link rel=\"canonical\" href=\"https:\/\/www.notibras.com\/site\/descriminalizacao-do-porte-de-maconha-esta-quase-la\/\" \/>\n<meta property=\"og:locale\" content=\"pt_BR\" \/>\n<meta property=\"og:type\" content=\"article\" \/>\n<meta property=\"og:title\" content=\"Descriminaliza\u00e7\u00e3o do porte de maconha est\u00e1 quase l\u00e1 - Notibras\" \/>\n<meta property=\"og:description\" content=\"O ministro Alexandre de Moraes, do Supremo Tribunal Federal (STF), votou na sess\u00e3o de quarta (2) a favor da descriminaliza\u00e7\u00e3o do porte de maconha para consumo pessoal. Pelo voto do ministro, deve ser considerado usu\u00e1rio quem portar entre 25 a 60 gramas de maconha ou seis plantas f\u00eameas de cannabis. Al\u00e9m disso, a Justi\u00e7a tamb\u00e9m [&hellip;]\" \/>\n<meta property=\"og:url\" content=\"https:\/\/www.notibras.com\/site\/descriminalizacao-do-porte-de-maconha-esta-quase-la\/\" \/>\n<meta property=\"og:site_name\" content=\"Notibras\" \/>\n<meta property=\"article:publisher\" content=\"https:\/\/www.facebook.com\/notibras\/\" \/>\n<meta property=\"article:published_time\" content=\"2023-08-03T09:27:14+00:00\" \/>\n<meta property=\"article:modified_time\" content=\"2023-08-03T13:29:23+00:00\" \/>\n<meta property=\"og:image\" content=\"https:\/\/www.notibras.com\/site\/wp-content\/uploads\/2022\/01\/915924-marcha_da_maconha_vac6046.jpg\" \/>\n\t<meta property=\"og:image:width\" content=\"1170\" \/>\n\t<meta property=\"og:image:height\" content=\"700\" \/>\n\t<meta property=\"og:image:type\" content=\"image\/jpeg\" \/>\n<meta name=\"author\" content=\"Reda\u00e7\u00e3o\" \/>\n<meta name=\"twitter:card\" content=\"summary_large_image\" \/>\n<meta name=\"twitter:creator\" content=\"@Notibras\" \/>\n<meta name=\"twitter:site\" content=\"@Notibras\" \/>\n<meta name=\"twitter:label1\" content=\"Escrito por\" \/>\n\t<meta name=\"twitter:data1\" content=\"Reda\u00e7\u00e3o\" \/>\n\t<meta name=\"twitter:label2\" content=\"Est. tempo de leitura\" \/>\n\t<meta name=\"twitter:data2\" content=\"4 minutos\" \/>\n<script type=\"application\/ld+json\" class=\"yoast-schema-graph\">{\"@context\":\"https:\/\/schema.org\",\"@graph\":[{\"@type\":\"Article\",\"@id\":\"https:\/\/www.notibras.com\/site\/descriminalizacao-do-porte-de-maconha-esta-quase-la\/#article\",\"isPartOf\":{\"@id\":\"https:\/\/www.notibras.com\/site\/descriminalizacao-do-porte-de-maconha-esta-quase-la\/\"},\"author\":{\"name\":\"Reda\u00e7\u00e3o\",\"@id\":\"https:\/\/www.notibras.com\/site\/#\/schema\/person\/36ab0979449956132d3e5b517ea76ac8\"},\"headline\":\"Descriminaliza\u00e7\u00e3o do porte de maconha est\u00e1 quase l\u00e1\",\"datePublished\":\"2023-08-03T09:27:14+00:00\",\"dateModified\":\"2023-08-03T13:29:23+00:00\",\"mainEntityOfPage\":{\"@id\":\"https:\/\/www.notibras.com\/site\/descriminalizacao-do-porte-de-maconha-esta-quase-la\/\"},\"wordCount\":691,\"publisher\":{\"@id\":\"https:\/\/www.notibras.com\/site\/#organization\"},\"image\":{\"@id\":\"https:\/\/www.notibras.com\/site\/descriminalizacao-do-porte-de-maconha-esta-quase-la\/#primaryimage\"},\"thumbnailUrl\":\"https:\/\/www.notibras.com\/site\/wp-content\/uploads\/2022\/01\/915924-marcha_da_maconha_vac6046.jpg\",\"articleSection\":[\"Quadradinho em Foco\"],\"inLanguage\":\"pt-BR\"},{\"@type\":\"WebPage\",\"@id\":\"https:\/\/www.notibras.com\/site\/descriminalizacao-do-porte-de-maconha-esta-quase-la\/\",\"url\":\"https:\/\/www.notibras.com\/site\/descriminalizacao-do-porte-de-maconha-esta-quase-la\/\",\"name\":\"Descriminaliza\u00e7\u00e3o do porte de maconha est\u00e1 quase l\u00e1 - Notibras\",\"isPartOf\":{\"@id\":\"https:\/\/www.notibras.com\/site\/#website\"},\"primaryImageOfPage\":{\"@id\":\"https:\/\/www.notibras.com\/site\/descriminalizacao-do-porte-de-maconha-esta-quase-la\/#primaryimage\"},\"image\":{\"@id\":\"https:\/\/www.notibras.com\/site\/descriminalizacao-do-porte-de-maconha-esta-quase-la\/#primaryimage\"},\"thumbnailUrl\":\"https:\/\/www.notibras.com\/site\/wp-content\/uploads\/2022\/01\/915924-marcha_da_maconha_vac6046.jpg\",\"datePublished\":\"2023-08-03T09:27:14+00:00\",\"dateModified\":\"2023-08-03T13:29:23+00:00\",\"breadcrumb\":{\"@id\":\"https:\/\/www.notibras.com\/site\/descriminalizacao-do-porte-de-maconha-esta-quase-la\/#breadcrumb\"},\"inLanguage\":\"pt-BR\",\"potentialAction\":[{\"@type\":\"ReadAction\",\"target\":[\"https:\/\/www.notibras.com\/site\/descriminalizacao-do-porte-de-maconha-esta-quase-la\/\"]}]},{\"@type\":\"ImageObject\",\"inLanguage\":\"pt-BR\",\"@id\":\"https:\/\/www.notibras.com\/site\/descriminalizacao-do-porte-de-maconha-esta-quase-la\/#primaryimage\",\"url\":\"https:\/\/www.notibras.com\/site\/wp-content\/uploads\/2022\/01\/915924-marcha_da_maconha_vac6046.jpg\",\"contentUrl\":\"https:\/\/www.notibras.com\/site\/wp-content\/uploads\/2022\/01\/915924-marcha_da_maconha_vac6046.jpg\",\"width\":1170,\"height\":700},{\"@type\":\"BreadcrumbList\",\"@id\":\"https:\/\/www.notibras.com\/site\/descriminalizacao-do-porte-de-maconha-esta-quase-la\/#breadcrumb\",\"itemListElement\":[{\"@type\":\"ListItem\",\"position\":1,\"name\":\"In\u00edcio\",\"item\":\"https:\/\/www.notibras.com\/site\/\"},{\"@type\":\"ListItem\",\"position\":2,\"name\":\"Descriminaliza\u00e7\u00e3o do porte de maconha est\u00e1 quase l\u00e1\"}]},{\"@type\":\"WebSite\",\"@id\":\"https:\/\/www.notibras.com\/site\/#website\",\"url\":\"https:\/\/www.notibras.com\/site\/\",\"name\":\"Notibras\",\"description\":\"Not\u00edcias de Bras\u00edlia, do Brasil e do Mundo\",\"publisher\":{\"@id\":\"https:\/\/www.notibras.com\/site\/#organization\"},\"potentialAction\":[{\"@type\":\"SearchAction\",\"target\":{\"@type\":\"EntryPoint\",\"urlTemplate\":\"https:\/\/www.notibras.com\/site\/?s={search_term_string}\"},\"query-input\":{\"@type\":\"PropertyValueSpecification\",\"valueRequired\":true,\"valueName\":\"search_term_string\"}}],\"inLanguage\":\"pt-BR\"},{\"@type\":\"Organization\",\"@id\":\"https:\/\/www.notibras.com\/site\/#organization\",\"name\":\"Grupo Notibras de Comunica\u00e7\u00e3o\",\"url\":\"https:\/\/www.notibras.com\/site\/\",\"logo\":{\"@type\":\"ImageObject\",\"inLanguage\":\"pt-BR\",\"@id\":\"https:\/\/www.notibras.com\/site\/#\/schema\/logo\/image\/\",\"url\":\"https:\/\/www.notibras.com\/site\/wp-content\/uploads\/2023\/01\/notibras23.png\",\"contentUrl\":\"https:\/\/www.notibras.com\/site\/wp-content\/uploads\/2023\/01\/notibras23.png\",\"width\":350,\"height\":87,\"caption\":\"Grupo Notibras de Comunica\u00e7\u00e3o\"},\"image\":{\"@id\":\"https:\/\/www.notibras.com\/site\/#\/schema\/logo\/image\/\"},\"sameAs\":[\"https:\/\/www.facebook.com\/notibras\/\",\"https:\/\/x.com\/Notibras\",\"https:\/\/www.instagram.com\/notibras\/\"]},{\"@type\":\"Person\",\"@id\":\"https:\/\/www.notibras.com\/site\/#\/schema\/person\/36ab0979449956132d3e5b517ea76ac8\",\"name\":\"Reda\u00e7\u00e3o\",\"image\":{\"@type\":\"ImageObject\",\"inLanguage\":\"pt-BR\",\"@id\":\"https:\/\/secure.gravatar.com\/avatar\/e0a867bdedb85fd243eadf09663511f96fc81e0720a4a42581f334ad4303aa6b?s=96&d=mm&r=g\",\"url\":\"https:\/\/secure.gravatar.com\/avatar\/e0a867bdedb85fd243eadf09663511f96fc81e0720a4a42581f334ad4303aa6b?s=96&d=mm&r=g\",\"contentUrl\":\"https:\/\/secure.gravatar.com\/avatar\/e0a867bdedb85fd243eadf09663511f96fc81e0720a4a42581f334ad4303aa6b?s=96&d=mm&r=g\",\"caption\":\"Reda\u00e7\u00e3o\"}}]}<\/script>\n<!-- \/ Yoast SEO plugin. -->","yoast_head_json":{"title":"Descriminaliza\u00e7\u00e3o do porte de maconha est\u00e1 quase l\u00e1 - Notibras","robots":{"index":"index","follow":"follow","max-snippet":"max-snippet:-1","max-image-preview":"max-image-preview:large","max-video-preview":"max-video-preview:-1"},"canonical":"https:\/\/www.notibras.com\/site\/descriminalizacao-do-porte-de-maconha-esta-quase-la\/","og_locale":"pt_BR","og_type":"article","og_title":"Descriminaliza\u00e7\u00e3o do porte de maconha est\u00e1 quase l\u00e1 - Notibras","og_description":"O ministro Alexandre de Moraes, do Supremo Tribunal Federal (STF), votou na sess\u00e3o de quarta (2) a favor da descriminaliza\u00e7\u00e3o do porte de maconha para consumo pessoal. Pelo voto do ministro, deve ser considerado usu\u00e1rio quem portar entre 25 a 60 gramas de maconha ou seis plantas f\u00eameas de cannabis. Al\u00e9m disso, a Justi\u00e7a tamb\u00e9m [&hellip;]","og_url":"https:\/\/www.notibras.com\/site\/descriminalizacao-do-porte-de-maconha-esta-quase-la\/","og_site_name":"Notibras","article_publisher":"https:\/\/www.facebook.com\/notibras\/","article_published_time":"2023-08-03T09:27:14+00:00","article_modified_time":"2023-08-03T13:29:23+00:00","og_image":[{"width":1170,"height":700,"url":"https:\/\/www.notibras.com\/site\/wp-content\/uploads\/2022\/01\/915924-marcha_da_maconha_vac6046.jpg","type":"image\/jpeg"}],"author":"Reda\u00e7\u00e3o","twitter_card":"summary_large_image","twitter_creator":"@Notibras","twitter_site":"@Notibras","twitter_misc":{"Escrito por":"Reda\u00e7\u00e3o","Est. tempo de leitura":"4 minutos"},"schema":{"@context":"https:\/\/schema.org","@graph":[{"@type":"Article","@id":"https:\/\/www.notibras.com\/site\/descriminalizacao-do-porte-de-maconha-esta-quase-la\/#article","isPartOf":{"@id":"https:\/\/www.notibras.com\/site\/descriminalizacao-do-porte-de-maconha-esta-quase-la\/"},"author":{"name":"Reda\u00e7\u00e3o","@id":"https:\/\/www.notibras.com\/site\/#\/schema\/person\/36ab0979449956132d3e5b517ea76ac8"},"headline":"Descriminaliza\u00e7\u00e3o do porte de maconha est\u00e1 quase l\u00e1","datePublished":"2023-08-03T09:27:14+00:00","dateModified":"2023-08-03T13:29:23+00:00","mainEntityOfPage":{"@id":"https:\/\/www.notibras.com\/site\/descriminalizacao-do-porte-de-maconha-esta-quase-la\/"},"wordCount":691,"publisher":{"@id":"https:\/\/www.notibras.com\/site\/#organization"},"image":{"@id":"https:\/\/www.notibras.com\/site\/descriminalizacao-do-porte-de-maconha-esta-quase-la\/#primaryimage"},"thumbnailUrl":"https:\/\/www.notibras.com\/site\/wp-content\/uploads\/2022\/01\/915924-marcha_da_maconha_vac6046.jpg","articleSection":["Quadradinho em Foco"],"inLanguage":"pt-BR"},{"@type":"WebPage","@id":"https:\/\/www.notibras.com\/site\/descriminalizacao-do-porte-de-maconha-esta-quase-la\/","url":"https:\/\/www.notibras.com\/site\/descriminalizacao-do-porte-de-maconha-esta-quase-la\/","name":"Descriminaliza\u00e7\u00e3o do porte de maconha est\u00e1 quase l\u00e1 - Notibras","isPartOf":{"@id":"https:\/\/www.notibras.com\/site\/#website"},"primaryImageOfPage":{"@id":"https:\/\/www.notibras.com\/site\/descriminalizacao-do-porte-de-maconha-esta-quase-la\/#primaryimage"},"image":{"@id":"https:\/\/www.notibras.com\/site\/descriminalizacao-do-porte-de-maconha-esta-quase-la\/#primaryimage"},"thumbnailUrl":"https:\/\/www.notibras.com\/site\/wp-content\/uploads\/2022\/01\/915924-marcha_da_maconha_vac6046.jpg","datePublished":"2023-08-03T09:27:14+00:00","dateModified":"2023-08-03T13:29:23+00:00","breadcrumb":{"@id":"https:\/\/www.notibras.com\/site\/descriminalizacao-do-porte-de-maconha-esta-quase-la\/#breadcrumb"},"inLanguage":"pt-BR","potentialAction":[{"@type":"ReadAction","target":["https:\/\/www.notibras.com\/site\/descriminalizacao-do-porte-de-maconha-esta-quase-la\/"]}]},{"@type":"ImageObject","inLanguage":"pt-BR","@id":"https:\/\/www.notibras.com\/site\/descriminalizacao-do-porte-de-maconha-esta-quase-la\/#primaryimage","url":"https:\/\/www.notibras.com\/site\/wp-content\/uploads\/2022\/01\/915924-marcha_da_maconha_vac6046.jpg","contentUrl":"https:\/\/www.notibras.com\/site\/wp-content\/uploads\/2022\/01\/915924-marcha_da_maconha_vac6046.jpg","width":1170,"height":700},{"@type":"BreadcrumbList","@id":"https:\/\/www.notibras.com\/site\/descriminalizacao-do-porte-de-maconha-esta-quase-la\/#breadcrumb","itemListElement":[{"@type":"ListItem","position":1,"name":"In\u00edcio","item":"https:\/\/www.notibras.com\/site\/"},{"@type":"ListItem","position":2,"name":"Descriminaliza\u00e7\u00e3o do porte de maconha est\u00e1 quase l\u00e1"}]},{"@type":"WebSite","@id":"https:\/\/www.notibras.com\/site\/#website","url":"https:\/\/www.notibras.com\/site\/","name":"Notibras","description":"Not\u00edcias de Bras\u00edlia, do Brasil e do Mundo","publisher":{"@id":"https:\/\/www.notibras.com\/site\/#organization"},"potentialAction":[{"@type":"SearchAction","target":{"@type":"EntryPoint","urlTemplate":"https:\/\/www.notibras.com\/site\/?s={search_term_string}"},"query-input":{"@type":"PropertyValueSpecification","valueRequired":true,"valueName":"search_term_string"}}],"inLanguage":"pt-BR"},{"@type":"Organization","@id":"https:\/\/www.notibras.com\/site\/#organization","name":"Grupo Notibras de Comunica\u00e7\u00e3o","url":"https:\/\/www.notibras.com\/site\/","logo":{"@type":"ImageObject","inLanguage":"pt-BR","@id":"https:\/\/www.notibras.com\/site\/#\/schema\/logo\/image\/","url":"https:\/\/www.notibras.com\/site\/wp-content\/uploads\/2023\/01\/notibras23.png","contentUrl":"https:\/\/www.notibras.com\/site\/wp-content\/uploads\/2023\/01\/notibras23.png","width":350,"height":87,"caption":"Grupo Notibras de Comunica\u00e7\u00e3o"},"image":{"@id":"https:\/\/www.notibras.com\/site\/#\/schema\/logo\/image\/"},"sameAs":["https:\/\/www.facebook.com\/notibras\/","https:\/\/x.com\/Notibras","https:\/\/www.instagram.com\/notibras\/"]},{"@type":"Person","@id":"https:\/\/www.notibras.com\/site\/#\/schema\/person\/36ab0979449956132d3e5b517ea76ac8","name":"Reda\u00e7\u00e3o","image":{"@type":"ImageObject","inLanguage":"pt-BR","@id":"https:\/\/secure.gravatar.com\/avatar\/e0a867bdedb85fd243eadf09663511f96fc81e0720a4a42581f334ad4303aa6b?s=96&d=mm&r=g","url":"https:\/\/secure.gravatar.com\/avatar\/e0a867bdedb85fd243eadf09663511f96fc81e0720a4a42581f334ad4303aa6b?s=96&d=mm&r=g","contentUrl":"https:\/\/secure.gravatar.com\/avatar\/e0a867bdedb85fd243eadf09663511f96fc81e0720a4a42581f334ad4303aa6b?s=96&d=mm&r=g","caption":"Reda\u00e7\u00e3o"}}]}},"amp_enabled":true,"_links":{"self":[{"href":"https:\/\/www.notibras.com\/site\/wp-json\/wp\/v2\/posts\/310162","targetHints":{"allow":["GET"]}}],"collection":[{"href":"https:\/\/www.notibras.com\/site\/wp-json\/wp\/v2\/posts"}],"about":[{"href":"https:\/\/www.notibras.com\/site\/wp-json\/wp\/v2\/types\/post"}],"author":[{"embeddable":true,"href":"https:\/\/www.notibras.com\/site\/wp-json\/wp\/v2\/users\/2"}],"replies":[{"embeddable":true,"href":"https:\/\/www.notibras.com\/site\/wp-json\/wp\/v2\/comments?post=310162"}],"version-history":[{"count":1,"href":"https:\/\/www.notibras.com\/site\/wp-json\/wp\/v2\/posts\/310162\/revisions"}],"predecessor-version":[{"id":310163,"href":"https:\/\/www.notibras.com\/site\/wp-json\/wp\/v2\/posts\/310162\/revisions\/310163"}],"wp:featuredmedia":[{"embeddable":true,"href":"https:\/\/www.notibras.com\/site\/wp-json\/wp\/v2\/media\/278759"}],"wp:attachment":[{"href":"https:\/\/www.notibras.com\/site\/wp-json\/wp\/v2\/media?parent=310162"}],"wp:term":[{"taxonomy":"category","embeddable":true,"href":"https:\/\/www.notibras.com\/site\/wp-json\/wp\/v2\/categories?post=310162"},{"taxonomy":"post_tag","embeddable":true,"href":"https:\/\/www.notibras.com\/site\/wp-json\/wp\/v2\/tags?post=310162"}],"curies":[{"name":"wp","href":"https:\/\/api.w.org\/{rel}","templated":true}]}}