{"id":310203,"date":"2023-08-04T09:00:36","date_gmt":"2023-08-04T12:00:36","guid":{"rendered":"https:\/\/www.notibras.com\/site\/?p=310203"},"modified":"2023-08-04T09:12:16","modified_gmt":"2023-08-04T12:12:16","slug":"cerrado-vai-ficando-raquitico-com-derrubada-de-arvores","status":"publish","type":"post","link":"https:\/\/www.notibras.com\/site\/cerrado-vai-ficando-raquitico-com-derrubada-de-arvores\/","title":{"rendered":"Cerrado vai ficando raqu\u00edtico com derrubada de \u00e1rvores"},"content":{"rendered":"<p>Amaz\u00f4nia e Cerrado apresentam situa\u00e7\u00f5es opostas com rela\u00e7\u00e3o ao desmatamento. Segundo o Instituto Nacional de Pesquisas Espaciais (Inpe), os alertas de desmatamento bateram recorde no Cerrado, o segundo maior bioma do pa\u00eds. J\u00e1 na Amaz\u00f4nia, os alertas chegaram ao menor \u00edndice em quatro anos.<\/p>\n<p>No Cerrado, de janeiro a julho, os avisos do Sistema de Detec\u00e7\u00e3o de Desmatamento em Tempo Real (Deter) aumentaram 21%.<\/p>\n<p>Entre agosto de 2022 e julho deste ano, mais de 6.300 quil\u00f4metros quadrados foram desmatados, a maior parte deles na regi\u00e3o do Matopiba, que abrange Maranh\u00e3o, Tocantins, Piau\u00ed e Bahia.<\/p>\n<p>No caso da Amaz\u00f4nia, os alertas de desmate entre janeiro e julho deste ano ca\u00edram 42,5%. Uma mudan\u00e7a forte de sinal j\u00e1 que, no semestre anterior, a tend\u00eancia era de acelera\u00e7\u00e3o do desmatamento. Entre agosto de 2022 e julho deste ano, o Deter emitiu alertas para uma \u00e1rea de 7.952 quil\u00f4metros quadrados.<\/p>\n<p>A queda dos ind\u00edcios de desmatamento foi registrada em todos os estados do bioma.<\/p>\n<p>Uma diferen\u00e7a importante entre esses dois biomas, segundo explicaram os especialistas, \u00e9 a reserva legal. Na Amaz\u00f4nia a \u00e1rea que deve ser preservada \u00e9 de 80% da propriedade. No Cerrado, ao contr\u00e1rio, apenas 20% devem ser mantidos em p\u00e9. Por isso, o desmatamento do Cerrado \u00e9, em grande parte, autorizado, o que impede autua\u00e7\u00f5es por parte do Instituto Brasileiro do Meio Ambiente e dos Recursos Naturais Renov\u00e1veis (Ibama).<\/p>\n<p>O secret\u00e1rio-executivo do Minist\u00e9rio do Meio Ambiente, Jo\u00e3o Paulo Capobianco, informou que o governo trabalha para lan\u00e7ar em outubro um plano para combater o desmatamento no Cerrado.<\/p>\n","protected":false},"excerpt":{"rendered":"<p>Amaz\u00f4nia e Cerrado apresentam situa\u00e7\u00f5es opostas com rela\u00e7\u00e3o ao desmatamento. Segundo o Instituto Nacional de Pesquisas Espaciais (Inpe), os alertas de desmatamento bateram recorde no Cerrado, o segundo maior bioma do pa\u00eds. J\u00e1 na Amaz\u00f4nia, os alertas chegaram ao menor \u00edndice em quatro anos. No Cerrado, de janeiro a julho, os avisos do Sistema de [&hellip;]<\/p>\n","protected":false},"author":2,"featured_media":310204,"comment_status":"closed","ping_status":"closed","sticky":false,"template":"","format":"standard","meta":{"_acf_changed":false,"footnotes":""},"categories":[161],"tags":[95],"class_list":["post-310203","post","type-post","status-publish","format-standard","has-post-thumbnail","hentry","category-quadradinho-em-foco","tag-capa"],"acf":[],"yoast_head":"<!-- This site is optimized with the Yoast SEO plugin v27.2 - https:\/\/yoast.com\/product\/yoast-seo-wordpress\/ -->\n<title>Cerrado vai ficando raqu\u00edtico com derrubada de \u00e1rvores - Notibras<\/title>\n<meta name=\"robots\" content=\"index, follow, max-snippet:-1, max-image-preview:large, max-video-preview:-1\" \/>\n<link rel=\"canonical\" href=\"https:\/\/www.notibras.com\/site\/cerrado-vai-ficando-raquitico-com-derrubada-de-arvores\/\" \/>\n<meta property=\"og:locale\" content=\"pt_BR\" \/>\n<meta property=\"og:type\" content=\"article\" \/>\n<meta property=\"og:title\" content=\"Cerrado vai ficando raqu\u00edtico com derrubada de \u00e1rvores - Notibras\" \/>\n<meta property=\"og:description\" content=\"Amaz\u00f4nia e Cerrado apresentam situa\u00e7\u00f5es opostas com rela\u00e7\u00e3o ao desmatamento. Segundo o Instituto Nacional de Pesquisas Espaciais (Inpe), os alertas de desmatamento bateram recorde no Cerrado, o segundo maior bioma do pa\u00eds. J\u00e1 na Amaz\u00f4nia, os alertas chegaram ao menor \u00edndice em quatro anos. No Cerrado, de janeiro a julho, os avisos do Sistema de [&hellip;]\" \/>\n<meta property=\"og:url\" content=\"https:\/\/www.notibras.com\/site\/cerrado-vai-ficando-raquitico-com-derrubada-de-arvores\/\" \/>\n<meta property=\"og:site_name\" content=\"Notibras\" \/>\n<meta property=\"article:publisher\" content=\"https:\/\/www.facebook.com\/notibras\/\" \/>\n<meta property=\"article:published_time\" content=\"2023-08-04T12:00:36+00:00\" \/>\n<meta property=\"article:modified_time\" content=\"2023-08-04T12:12:16+00:00\" \/>\n<meta property=\"og:image\" content=\"https:\/\/www.notibras.com\/site\/wp-content\/uploads\/2023\/08\/img_3567.jpeg\" \/>\n\t<meta property=\"og:image:width\" content=\"1170\" \/>\n\t<meta property=\"og:image:height\" content=\"700\" \/>\n\t<meta property=\"og:image:type\" content=\"image\/jpeg\" \/>\n<meta name=\"author\" content=\"Reda\u00e7\u00e3o\" \/>\n<meta name=\"twitter:card\" content=\"summary_large_image\" \/>\n<meta name=\"twitter:creator\" content=\"@Notibras\" \/>\n<meta name=\"twitter:site\" content=\"@Notibras\" \/>\n<meta name=\"twitter:label1\" content=\"Escrito por\" \/>\n\t<meta name=\"twitter:data1\" content=\"Reda\u00e7\u00e3o\" \/>\n\t<meta name=\"twitter:label2\" content=\"Est. tempo de leitura\" \/>\n\t<meta name=\"twitter:data2\" content=\"2 minutos\" \/>\n<script type=\"application\/ld+json\" class=\"yoast-schema-graph\">{\"@context\":\"https:\/\/schema.org\",\"@graph\":[{\"@type\":\"Article\",\"@id\":\"https:\/\/www.notibras.com\/site\/cerrado-vai-ficando-raquitico-com-derrubada-de-arvores\/#article\",\"isPartOf\":{\"@id\":\"https:\/\/www.notibras.com\/site\/cerrado-vai-ficando-raquitico-com-derrubada-de-arvores\/\"},\"author\":{\"name\":\"Reda\u00e7\u00e3o\",\"@id\":\"https:\/\/www.notibras.com\/site\/#\/schema\/person\/36ab0979449956132d3e5b517ea76ac8\"},\"headline\":\"Cerrado vai ficando raqu\u00edtico com derrubada de \u00e1rvores\",\"datePublished\":\"2023-08-04T12:00:36+00:00\",\"dateModified\":\"2023-08-04T12:12:16+00:00\",\"mainEntityOfPage\":{\"@id\":\"https:\/\/www.notibras.com\/site\/cerrado-vai-ficando-raquitico-com-derrubada-de-arvores\/\"},\"wordCount\":278,\"publisher\":{\"@id\":\"https:\/\/www.notibras.com\/site\/#organization\"},\"image\":{\"@id\":\"https:\/\/www.notibras.com\/site\/cerrado-vai-ficando-raquitico-com-derrubada-de-arvores\/#primaryimage\"},\"thumbnailUrl\":\"https:\/\/www.notibras.com\/site\/wp-content\/uploads\/2023\/08\/img_3567.jpeg\",\"keywords\":[\"capa\"],\"articleSection\":[\"Quadradinho em Foco\"],\"inLanguage\":\"pt-BR\"},{\"@type\":\"WebPage\",\"@id\":\"https:\/\/www.notibras.com\/site\/cerrado-vai-ficando-raquitico-com-derrubada-de-arvores\/\",\"url\":\"https:\/\/www.notibras.com\/site\/cerrado-vai-ficando-raquitico-com-derrubada-de-arvores\/\",\"name\":\"Cerrado vai ficando raqu\u00edtico com derrubada de \u00e1rvores - Notibras\",\"isPartOf\":{\"@id\":\"https:\/\/www.notibras.com\/site\/#website\"},\"primaryImageOfPage\":{\"@id\":\"https:\/\/www.notibras.com\/site\/cerrado-vai-ficando-raquitico-com-derrubada-de-arvores\/#primaryimage\"},\"image\":{\"@id\":\"https:\/\/www.notibras.com\/site\/cerrado-vai-ficando-raquitico-com-derrubada-de-arvores\/#primaryimage\"},\"thumbnailUrl\":\"https:\/\/www.notibras.com\/site\/wp-content\/uploads\/2023\/08\/img_3567.jpeg\",\"datePublished\":\"2023-08-04T12:00:36+00:00\",\"dateModified\":\"2023-08-04T12:12:16+00:00\",\"breadcrumb\":{\"@id\":\"https:\/\/www.notibras.com\/site\/cerrado-vai-ficando-raquitico-com-derrubada-de-arvores\/#breadcrumb\"},\"inLanguage\":\"pt-BR\",\"potentialAction\":[{\"@type\":\"ReadAction\",\"target\":[\"https:\/\/www.notibras.com\/site\/cerrado-vai-ficando-raquitico-com-derrubada-de-arvores\/\"]}]},{\"@type\":\"ImageObject\",\"inLanguage\":\"pt-BR\",\"@id\":\"https:\/\/www.notibras.com\/site\/cerrado-vai-ficando-raquitico-com-derrubada-de-arvores\/#primaryimage\",\"url\":\"https:\/\/www.notibras.com\/site\/wp-content\/uploads\/2023\/08\/img_3567.jpeg\",\"contentUrl\":\"https:\/\/www.notibras.com\/site\/wp-content\/uploads\/2023\/08\/img_3567.jpeg\",\"width\":1170,\"height\":700,\"caption\":\"Bras\u00edlia (DF), 01.07.2023 - A grandiosidade do Cerrado, com suas cores, formas e diversidade, capturadas em duas horas de caminhada Pelo Jardim Bot\u00e2nico de Bras\u00edlia. Foto: Juca Varella\/Ag\u00eancia Brasil\"},{\"@type\":\"BreadcrumbList\",\"@id\":\"https:\/\/www.notibras.com\/site\/cerrado-vai-ficando-raquitico-com-derrubada-de-arvores\/#breadcrumb\",\"itemListElement\":[{\"@type\":\"ListItem\",\"position\":1,\"name\":\"In\u00edcio\",\"item\":\"https:\/\/www.notibras.com\/site\/\"},{\"@type\":\"ListItem\",\"position\":2,\"name\":\"Cerrado vai ficando raqu\u00edtico com derrubada de \u00e1rvores\"}]},{\"@type\":\"WebSite\",\"@id\":\"https:\/\/www.notibras.com\/site\/#website\",\"url\":\"https:\/\/www.notibras.com\/site\/\",\"name\":\"Notibras\",\"description\":\"Not\u00edcias de Bras\u00edlia, do Brasil e do Mundo\",\"publisher\":{\"@id\":\"https:\/\/www.notibras.com\/site\/#organization\"},\"potentialAction\":[{\"@type\":\"SearchAction\",\"target\":{\"@type\":\"EntryPoint\",\"urlTemplate\":\"https:\/\/www.notibras.com\/site\/?s={search_term_string}\"},\"query-input\":{\"@type\":\"PropertyValueSpecification\",\"valueRequired\":true,\"valueName\":\"search_term_string\"}}],\"inLanguage\":\"pt-BR\"},{\"@type\":\"Organization\",\"@id\":\"https:\/\/www.notibras.com\/site\/#organization\",\"name\":\"Grupo Notibras de Comunica\u00e7\u00e3o\",\"url\":\"https:\/\/www.notibras.com\/site\/\",\"logo\":{\"@type\":\"ImageObject\",\"inLanguage\":\"pt-BR\",\"@id\":\"https:\/\/www.notibras.com\/site\/#\/schema\/logo\/image\/\",\"url\":\"https:\/\/www.notibras.com\/site\/wp-content\/uploads\/2023\/01\/notibras23.png\",\"contentUrl\":\"https:\/\/www.notibras.com\/site\/wp-content\/uploads\/2023\/01\/notibras23.png\",\"width\":350,\"height\":87,\"caption\":\"Grupo Notibras de Comunica\u00e7\u00e3o\"},\"image\":{\"@id\":\"https:\/\/www.notibras.com\/site\/#\/schema\/logo\/image\/\"},\"sameAs\":[\"https:\/\/www.facebook.com\/notibras\/\",\"https:\/\/x.com\/Notibras\",\"https:\/\/www.instagram.com\/notibras\/\"]},{\"@type\":\"Person\",\"@id\":\"https:\/\/www.notibras.com\/site\/#\/schema\/person\/36ab0979449956132d3e5b517ea76ac8\",\"name\":\"Reda\u00e7\u00e3o\",\"image\":{\"@type\":\"ImageObject\",\"inLanguage\":\"pt-BR\",\"@id\":\"https:\/\/secure.gravatar.com\/avatar\/e0a867bdedb85fd243eadf09663511f96fc81e0720a4a42581f334ad4303aa6b?s=96&d=mm&r=g\",\"url\":\"https:\/\/secure.gravatar.com\/avatar\/e0a867bdedb85fd243eadf09663511f96fc81e0720a4a42581f334ad4303aa6b?s=96&d=mm&r=g\",\"contentUrl\":\"https:\/\/secure.gravatar.com\/avatar\/e0a867bdedb85fd243eadf09663511f96fc81e0720a4a42581f334ad4303aa6b?s=96&d=mm&r=g\",\"caption\":\"Reda\u00e7\u00e3o\"}}]}<\/script>\n<!-- \/ Yoast SEO plugin. -->","yoast_head_json":{"title":"Cerrado vai ficando raqu\u00edtico com derrubada de \u00e1rvores - Notibras","robots":{"index":"index","follow":"follow","max-snippet":"max-snippet:-1","max-image-preview":"max-image-preview:large","max-video-preview":"max-video-preview:-1"},"canonical":"https:\/\/www.notibras.com\/site\/cerrado-vai-ficando-raquitico-com-derrubada-de-arvores\/","og_locale":"pt_BR","og_type":"article","og_title":"Cerrado vai ficando raqu\u00edtico com derrubada de \u00e1rvores - Notibras","og_description":"Amaz\u00f4nia e Cerrado apresentam situa\u00e7\u00f5es opostas com rela\u00e7\u00e3o ao desmatamento. Segundo o Instituto Nacional de Pesquisas Espaciais (Inpe), os alertas de desmatamento bateram recorde no Cerrado, o segundo maior bioma do pa\u00eds. J\u00e1 na Amaz\u00f4nia, os alertas chegaram ao menor \u00edndice em quatro anos. No Cerrado, de janeiro a julho, os avisos do Sistema de [&hellip;]","og_url":"https:\/\/www.notibras.com\/site\/cerrado-vai-ficando-raquitico-com-derrubada-de-arvores\/","og_site_name":"Notibras","article_publisher":"https:\/\/www.facebook.com\/notibras\/","article_published_time":"2023-08-04T12:00:36+00:00","article_modified_time":"2023-08-04T12:12:16+00:00","og_image":[{"width":1170,"height":700,"url":"https:\/\/www.notibras.com\/site\/wp-content\/uploads\/2023\/08\/img_3567.jpeg","type":"image\/jpeg"}],"author":"Reda\u00e7\u00e3o","twitter_card":"summary_large_image","twitter_creator":"@Notibras","twitter_site":"@Notibras","twitter_misc":{"Escrito por":"Reda\u00e7\u00e3o","Est. tempo de leitura":"2 minutos"},"schema":{"@context":"https:\/\/schema.org","@graph":[{"@type":"Article","@id":"https:\/\/www.notibras.com\/site\/cerrado-vai-ficando-raquitico-com-derrubada-de-arvores\/#article","isPartOf":{"@id":"https:\/\/www.notibras.com\/site\/cerrado-vai-ficando-raquitico-com-derrubada-de-arvores\/"},"author":{"name":"Reda\u00e7\u00e3o","@id":"https:\/\/www.notibras.com\/site\/#\/schema\/person\/36ab0979449956132d3e5b517ea76ac8"},"headline":"Cerrado vai ficando raqu\u00edtico com derrubada de \u00e1rvores","datePublished":"2023-08-04T12:00:36+00:00","dateModified":"2023-08-04T12:12:16+00:00","mainEntityOfPage":{"@id":"https:\/\/www.notibras.com\/site\/cerrado-vai-ficando-raquitico-com-derrubada-de-arvores\/"},"wordCount":278,"publisher":{"@id":"https:\/\/www.notibras.com\/site\/#organization"},"image":{"@id":"https:\/\/www.notibras.com\/site\/cerrado-vai-ficando-raquitico-com-derrubada-de-arvores\/#primaryimage"},"thumbnailUrl":"https:\/\/www.notibras.com\/site\/wp-content\/uploads\/2023\/08\/img_3567.jpeg","keywords":["capa"],"articleSection":["Quadradinho em Foco"],"inLanguage":"pt-BR"},{"@type":"WebPage","@id":"https:\/\/www.notibras.com\/site\/cerrado-vai-ficando-raquitico-com-derrubada-de-arvores\/","url":"https:\/\/www.notibras.com\/site\/cerrado-vai-ficando-raquitico-com-derrubada-de-arvores\/","name":"Cerrado vai ficando raqu\u00edtico com derrubada de \u00e1rvores - Notibras","isPartOf":{"@id":"https:\/\/www.notibras.com\/site\/#website"},"primaryImageOfPage":{"@id":"https:\/\/www.notibras.com\/site\/cerrado-vai-ficando-raquitico-com-derrubada-de-arvores\/#primaryimage"},"image":{"@id":"https:\/\/www.notibras.com\/site\/cerrado-vai-ficando-raquitico-com-derrubada-de-arvores\/#primaryimage"},"thumbnailUrl":"https:\/\/www.notibras.com\/site\/wp-content\/uploads\/2023\/08\/img_3567.jpeg","datePublished":"2023-08-04T12:00:36+00:00","dateModified":"2023-08-04T12:12:16+00:00","breadcrumb":{"@id":"https:\/\/www.notibras.com\/site\/cerrado-vai-ficando-raquitico-com-derrubada-de-arvores\/#breadcrumb"},"inLanguage":"pt-BR","potentialAction":[{"@type":"ReadAction","target":["https:\/\/www.notibras.com\/site\/cerrado-vai-ficando-raquitico-com-derrubada-de-arvores\/"]}]},{"@type":"ImageObject","inLanguage":"pt-BR","@id":"https:\/\/www.notibras.com\/site\/cerrado-vai-ficando-raquitico-com-derrubada-de-arvores\/#primaryimage","url":"https:\/\/www.notibras.com\/site\/wp-content\/uploads\/2023\/08\/img_3567.jpeg","contentUrl":"https:\/\/www.notibras.com\/site\/wp-content\/uploads\/2023\/08\/img_3567.jpeg","width":1170,"height":700,"caption":"Bras\u00edlia (DF), 01.07.2023 - A grandiosidade do Cerrado, com suas cores, formas e diversidade, capturadas em duas horas de caminhada Pelo Jardim Bot\u00e2nico de Bras\u00edlia. Foto: Juca Varella\/Ag\u00eancia Brasil"},{"@type":"BreadcrumbList","@id":"https:\/\/www.notibras.com\/site\/cerrado-vai-ficando-raquitico-com-derrubada-de-arvores\/#breadcrumb","itemListElement":[{"@type":"ListItem","position":1,"name":"In\u00edcio","item":"https:\/\/www.notibras.com\/site\/"},{"@type":"ListItem","position":2,"name":"Cerrado vai ficando raqu\u00edtico com derrubada de \u00e1rvores"}]},{"@type":"WebSite","@id":"https:\/\/www.notibras.com\/site\/#website","url":"https:\/\/www.notibras.com\/site\/","name":"Notibras","description":"Not\u00edcias de Bras\u00edlia, do Brasil e do Mundo","publisher":{"@id":"https:\/\/www.notibras.com\/site\/#organization"},"potentialAction":[{"@type":"SearchAction","target":{"@type":"EntryPoint","urlTemplate":"https:\/\/www.notibras.com\/site\/?s={search_term_string}"},"query-input":{"@type":"PropertyValueSpecification","valueRequired":true,"valueName":"search_term_string"}}],"inLanguage":"pt-BR"},{"@type":"Organization","@id":"https:\/\/www.notibras.com\/site\/#organization","name":"Grupo Notibras de Comunica\u00e7\u00e3o","url":"https:\/\/www.notibras.com\/site\/","logo":{"@type":"ImageObject","inLanguage":"pt-BR","@id":"https:\/\/www.notibras.com\/site\/#\/schema\/logo\/image\/","url":"https:\/\/www.notibras.com\/site\/wp-content\/uploads\/2023\/01\/notibras23.png","contentUrl":"https:\/\/www.notibras.com\/site\/wp-content\/uploads\/2023\/01\/notibras23.png","width":350,"height":87,"caption":"Grupo Notibras de Comunica\u00e7\u00e3o"},"image":{"@id":"https:\/\/www.notibras.com\/site\/#\/schema\/logo\/image\/"},"sameAs":["https:\/\/www.facebook.com\/notibras\/","https:\/\/x.com\/Notibras","https:\/\/www.instagram.com\/notibras\/"]},{"@type":"Person","@id":"https:\/\/www.notibras.com\/site\/#\/schema\/person\/36ab0979449956132d3e5b517ea76ac8","name":"Reda\u00e7\u00e3o","image":{"@type":"ImageObject","inLanguage":"pt-BR","@id":"https:\/\/secure.gravatar.com\/avatar\/e0a867bdedb85fd243eadf09663511f96fc81e0720a4a42581f334ad4303aa6b?s=96&d=mm&r=g","url":"https:\/\/secure.gravatar.com\/avatar\/e0a867bdedb85fd243eadf09663511f96fc81e0720a4a42581f334ad4303aa6b?s=96&d=mm&r=g","contentUrl":"https:\/\/secure.gravatar.com\/avatar\/e0a867bdedb85fd243eadf09663511f96fc81e0720a4a42581f334ad4303aa6b?s=96&d=mm&r=g","caption":"Reda\u00e7\u00e3o"}}]}},"amp_enabled":true,"_links":{"self":[{"href":"https:\/\/www.notibras.com\/site\/wp-json\/wp\/v2\/posts\/310203","targetHints":{"allow":["GET"]}}],"collection":[{"href":"https:\/\/www.notibras.com\/site\/wp-json\/wp\/v2\/posts"}],"about":[{"href":"https:\/\/www.notibras.com\/site\/wp-json\/wp\/v2\/types\/post"}],"author":[{"embeddable":true,"href":"https:\/\/www.notibras.com\/site\/wp-json\/wp\/v2\/users\/2"}],"replies":[{"embeddable":true,"href":"https:\/\/www.notibras.com\/site\/wp-json\/wp\/v2\/comments?post=310203"}],"version-history":[{"count":1,"href":"https:\/\/www.notibras.com\/site\/wp-json\/wp\/v2\/posts\/310203\/revisions"}],"predecessor-version":[{"id":310205,"href":"https:\/\/www.notibras.com\/site\/wp-json\/wp\/v2\/posts\/310203\/revisions\/310205"}],"wp:featuredmedia":[{"embeddable":true,"href":"https:\/\/www.notibras.com\/site\/wp-json\/wp\/v2\/media\/310204"}],"wp:attachment":[{"href":"https:\/\/www.notibras.com\/site\/wp-json\/wp\/v2\/media?parent=310203"}],"wp:term":[{"taxonomy":"category","embeddable":true,"href":"https:\/\/www.notibras.com\/site\/wp-json\/wp\/v2\/categories?post=310203"},{"taxonomy":"post_tag","embeddable":true,"href":"https:\/\/www.notibras.com\/site\/wp-json\/wp\/v2\/tags?post=310203"}],"curies":[{"name":"wp","href":"https:\/\/api.w.org\/{rel}","templated":true}]}}