{"id":310206,"date":"2023-08-04T00:46:02","date_gmt":"2023-08-04T03:46:02","guid":{"rendered":"https:\/\/www.notibras.com\/site\/?p=310206"},"modified":"2023-08-04T09:23:13","modified_gmt":"2023-08-04T12:23:13","slug":"especialistas-discutem-formas-de-melhorar-acesso-a-cannabis","status":"publish","type":"post","link":"https:\/\/www.notibras.com\/site\/especialistas-discutem-formas-de-melhorar-acesso-a-cannabis\/","title":{"rendered":"Especialistas discutem formas de melhorar acesso \u00e0 cannabis"},"content":{"rendered":"<p>O primeiro contato de Vivian Dalla Colletta com a cannabis foi h\u00e1 oito anos. \u201cCareta\u201d, como ela mesma se definiu, sem sequer tomar refrigerante ou bebidas alco\u00f3licas, ela nunca pensou nessa possibilidade de uso. Mas as intensas dores que ela enfrentava por causa de uma fibromialgia a puseram em contato com a planta medicinal, para fins terap\u00eauticos.<\/p>\n<p>\u201cMinha hist\u00f3ria com a cannabis come\u00e7a h\u00e1 oito anos. Tenho fibromialgia, que \u00e9 uma s\u00edndrome de dor cr\u00f4nica. Ent\u00e3o, sinto muita dor no corpo inteiro, a toda hora\u201d, disse. \u201cSempre controlei minha fibromialgia com exerc\u00edcio f\u00edsico. S\u00f3 que em 2015 tive uma apendicite e fiz uma cirurgia \u00e0s pressas e, nessa cirurgia, foi lesionado o nervo da perna. Ent\u00e3o comecei a ter choques e dores intensos, a ponto de desmaiar\u201d.<\/p>\n<p>Por causa disso, passou a tomar quatro rem\u00e9dios de tarja vermelha [medicamentos que devem ser prescritos por um profissional]. \u201cE o m\u00e9dico queria me passar um quinto [rem\u00e9dio]. Fiquei assustada com isso. N\u00e3o era poss\u00edvel que ele quisesse me passar um quinto medicamento enquanto eu continuava gritando de dor. N\u00e3o funcionava. E a\u00ed eu lembrei de paciente com c\u00e2ncer que fumava maconha para aliviar a dor\u201d, contou a farmac\u00eautica, que tamb\u00e9m \u00e9 pesquisadora da Universidade Federal de Santa Catarina (UFSC) e fundadora do Instituto Dalla Cannabis Ensino&amp;Pesquisa.<\/p>\n<p>\u201cNunca tinha colocado um cigarro de tabaco na boca e, no desespero, fui querer fumar maconha. L\u00f3gico que isso n\u00e3o deu certo\u201d. Foi ent\u00e3o que passou a usar o \u00f3leo de cannabis, que atua no sistema nervoso central e \u00e9 extra\u00eddo da cannabis sativa, a planta da maconha. \u201cN\u00e3o tomei mais nenhum medicamento, s\u00f3 tomei o extrato da planta, que eu tomo at\u00e9 hoje. N\u00e3o tomo mais medicamentos para dor, s\u00f3 a cannabis\u201d.<\/p>\n<p>\u00c9 a cannabis tamb\u00e9m que a tem auxiliado nessa nova etapa de sua vida, ap\u00f3s uma cirurgia recente de um c\u00e2ncer no intestino. \u201cMas para o c\u00e2ncer, em especial, [o uso da cannabis] \u00e9 algo que ainda precisa ser estudado\u201d, ressaltou ela.<\/p>\n<p>Dalla, como ela prefere ser chamada, disse durante a 2\u00aa edi\u00e7\u00e3o da Confer\u00eancia Internacional da Cannabis Medicinal (CICMED), realizada em S\u00e3o Paulo at\u00e9 s\u00e1bado (5). O evento conta com a participa\u00e7\u00e3o de palestrantes internacionais e nacionais, al\u00e9m de laborat\u00f3rios e distribuidores de medicamentos a base de cannabis medicinal, para debater e difundir as novas tend\u00eancias de uso da subst\u00e2ncia em diversos campos da medicina.<\/p>\n<p><strong>Acesso<\/strong><br \/>\nSegundo estudos cient\u00edficos, a cannabis tem utilidade m\u00e9dica para tratar diversas doen\u00e7as, entre elas, neurol\u00f3gicas, e n\u00e3o h\u00e1 relatos de que cause depend\u00eancia. No entanto, o uso n\u00e3o \u00e9 livre no Brasil e para ter acesso \u00e9 preciso que um m\u00e9dico fa\u00e7a a prescri\u00e7\u00e3o. At\u00e9 2015, por exemplo, a venda de algum produto com canabidiol, subst\u00e2ncia derivada da cannabis, era proibida no pa\u00eds. Mas a partir disso, a Ag\u00eancia Nacional de Vigil\u00e2ncia Sanit\u00e1ria (Anvisa) passou a colocar o canabidiol na lista de subst\u00e2ncia controlada. Isso significa que empresas interessadas em produzir ou vender derivados dessa subst\u00e2ncia precisam obter um registro na Anvisa e que pacientes precisam de receita m\u00e9dica para comprar o produto.<\/p>\n<p>Atualmente, h\u00e1 tr\u00eas formas de acesso ao canabidiol: em farm\u00e1cias, por meio de associa\u00e7\u00f5es ou por importa\u00e7\u00e3o. Ainda n\u00e3o existe uma pol\u00edtica de fornecimento gratuito de produtos \u00e0 base de canabidiol por meio do Sistema \u00danico da Sa\u00fade (SUS). O que h\u00e1 s\u00e3o projetos em tramita\u00e7\u00e3o no Congresso Nacional, por exemplo, buscando garantir o acesso ao SUS para pacientes que precisam dessas terapias.<\/p>\n<p>\u201cEm termos medicinais, [os prejudicados] s\u00e3o os pacientes. Na explora\u00e7\u00e3o industrial, s\u00e3o as empresas, que poderiam gerar renda, emprego e impostos. E tem tamb\u00e9m essa quest\u00e3o envolvendo o uso adulto, que acaba sem ter um limite do que \u00e9 e o que n\u00e3o \u00e9 [permitido] e pessoas acabam sendo presas por isso\u201d, disse o advogado Leonardo Navarro, que atua no direito m\u00e9dico da sa\u00fade.<\/p>\n<p>Para o advogado, que tamb\u00e9m faz uso da cannabis medicinal por causa de um dist\u00farbio do sono, uma lei federal \u201cviria pacificar\u201d o assunto, o que diminuiria custos e aumentaria o acesso dos pacientes que necessitam dessa terapia. \u201cCom uma lei que disciplina o que \u00e9 o produto, o que ele pode, se pode ter forma aliment\u00edcia ou industrial, por exemplo, e quais os crit\u00e9rios para serem considerados medicinais, voc\u00ea passa seguran\u00e7a para todo mundo, voc\u00ea cria um sistema com seguran\u00e7a jur\u00eddica. Hoje, a regula\u00e7\u00e3o que a Anvisa fez \u00e9 boa. Mas ela \u00e9 em cima de uma resolu\u00e7\u00e3o de uma diretoria colegiada. Se a diretoria colegiada amanh\u00e3 muda, a gente tem um risco de altera\u00e7\u00e3o daquilo que j\u00e1 foi feito. Ent\u00e3o, n\u00e3o podemos ficar com regula\u00e7\u00e3o de segundo escal\u00e3o. Temos que ter regula\u00e7\u00e3o a n\u00edvel legal\u201d, disse.<\/p>\n<p>Na aus\u00eancia de um marco regulat\u00f3rio nacional, o que tem surgido atualmente no Brasil s\u00e3o tentativas de propor projetos de lei em n\u00edvel estadual para garantir que os produtos \u00e0 base de cannabis estejam dispon\u00edveis pelo SUS. \u201cO que temos observado ultimamente \u00e9 um grande movimento dos estados e das assembleias legislativas estaduais para criarem mecanismos para fornecimento de produtos \u00e0 base de cannabis pelo SUS. Pelo \u00faltimo levantamento, acho que 25 estados possuem ou lei aprovada ou em discuss\u00e3o legislativa. E os que possuem lei aprovada est\u00e3o em fase de regula\u00e7\u00e3o, o que define patologia, forma de acesso e tipo de produto\u201d, explicou o advogado.<\/p>\n<p>Para o biotecnologista Gabriel Barbosa, supervisor de Pesquisa e Desenvolvimento e de Assuntos Regulat\u00f3rios da empresa HempMeds Brasil, o estabelecimento de um marco regulat\u00f3rio sobre o tema poder fazer com que o custo do medicamento caia enormemente no pa\u00eds. \u201cJ\u00e1 ouvi estimativas de que talvez a gente consiga baixar entre 30% e 50% o custo desse medicamento\u201d, disse, citando que, ao importar um medicamento, entre 30% a 35% do custo dele se refere a impostos para nacionaliza\u00e7\u00e3o. Segundo Barbosa, a regula\u00e7\u00e3o tamb\u00e9m poderia facilitar o acesso para cerca de 6 a 7 milh\u00f5es de brasileiros.<\/p>\n<p>\u201cPrecisamos de uma legisla\u00e7\u00e3o que sustente tudo isso. J\u00e1 \u00e9 previsto na legisla\u00e7\u00e3o o cultivo para fins m\u00e9dicos e cient\u00edficos, mas precisamos estabelecer par\u00e2metros de como isso ser\u00e1 feito, quem vai fazer, em que condi\u00e7\u00f5es, e garantir que isso esteja de acordo com os ditames e conven\u00e7\u00f5es internacionais\u201d, disse Barbosa.<\/p>\n<p>Segundo o biotecnologista, o Brasil est\u00e1 muito avan\u00e7ado em termos de uso medicinal da cannabis, mas enfrenta problemas quando se pensa no acesso \u00e0 mat\u00e9ria-prima. \u201cEstamos em um pa\u00eds que \u00e9 um dos principais exportadores agr\u00edcolas do mundo, mas a gente depende exclusivamente de mat\u00e9ria-prima estrangeira para um produto que poderia estar sendo cultivado aqui no Brasil\u201d. Barbosa defende que est\u00e1 na hora de o Brasil produzir e vender, e n\u00e3o s\u00f3 comprar a mat\u00e9ria prima. &#8220;Est\u00e1 na hora de tratar nossos pacientes e fazer com que essa riqueza permane\u00e7a e seja desenvolvida aqui no Brasil. Se a gente puder, de alguma maneira, cultivar [a planta] aqui no Brasil, o custo ser\u00e1 reduzido, o acesso ser\u00e1 facilitado&#8221;.<\/p>\n<p>Para Vivian Dalla Colleta, o acesso \u00e0 cannabis medicinal poderia ser facilitado no Brasil por meio das Farm\u00e1cias Vivas, um programa que foi institu\u00eddo em 2010 pelo Minist\u00e9rio da Sa\u00fade com compet\u00eancia para produzir fitoter\u00e1picos. O programa, segundo o minist\u00e9rio, compreende todas as etapas, desde o cultivo, \u00e0 coleta, o processamento, o armazenamento de plantas medicinais at\u00e9 a manipula\u00e7\u00e3o. \u201cA forma que eu acho que seria mais efetiva seriam as Farm\u00e1cias Vivas, um projeto do governo federal onde \u00e9 poss\u00edvel cultivar plantas medicinais, transformar em fito-medicamento e distribuir para a popula\u00e7\u00e3o via SUS. Isso j\u00e1 existe. O problema \u00e9 que n\u00e3o existe lei que proteja a Farm\u00e1cia Viva\u201d.<\/p>\n","protected":false},"excerpt":{"rendered":"<p>O primeiro contato de Vivian Dalla Colletta com a cannabis foi h\u00e1 oito anos. \u201cCareta\u201d, como ela mesma se definiu, sem sequer tomar refrigerante ou bebidas alco\u00f3licas, ela nunca pensou nessa possibilidade de uso. Mas as intensas dores que ela enfrentava por causa de uma fibromialgia a puseram em contato com a planta medicinal, para [&hellip;]<\/p>\n","protected":false},"author":2,"featured_media":310208,"comment_status":"closed","ping_status":"closed","sticky":false,"template":"","format":"standard","meta":{"_acf_changed":false,"footnotes":""},"categories":[161],"tags":[95],"class_list":["post-310206","post","type-post","status-publish","format-standard","has-post-thumbnail","hentry","category-quadradinho-em-foco","tag-capa"],"acf":[],"yoast_head":"<!-- This site is optimized with the Yoast SEO plugin v27.2 - https:\/\/yoast.com\/product\/yoast-seo-wordpress\/ -->\n<title>Especialistas discutem formas de melhorar acesso \u00e0 cannabis - Notibras<\/title>\n<meta name=\"robots\" content=\"index, follow, max-snippet:-1, max-image-preview:large, max-video-preview:-1\" \/>\n<link rel=\"canonical\" href=\"https:\/\/www.notibras.com\/site\/especialistas-discutem-formas-de-melhorar-acesso-a-cannabis\/\" \/>\n<meta property=\"og:locale\" content=\"pt_BR\" \/>\n<meta property=\"og:type\" content=\"article\" \/>\n<meta property=\"og:title\" content=\"Especialistas discutem formas de melhorar acesso \u00e0 cannabis - Notibras\" \/>\n<meta property=\"og:description\" content=\"O primeiro contato de Vivian Dalla Colletta com a cannabis foi h\u00e1 oito anos. \u201cCareta\u201d, como ela mesma se definiu, sem sequer tomar refrigerante ou bebidas alco\u00f3licas, ela nunca pensou nessa possibilidade de uso. Mas as intensas dores que ela enfrentava por causa de uma fibromialgia a puseram em contato com a planta medicinal, para [&hellip;]\" \/>\n<meta property=\"og:url\" content=\"https:\/\/www.notibras.com\/site\/especialistas-discutem-formas-de-melhorar-acesso-a-cannabis\/\" \/>\n<meta property=\"og:site_name\" content=\"Notibras\" \/>\n<meta property=\"article:publisher\" content=\"https:\/\/www.facebook.com\/notibras\/\" \/>\n<meta property=\"article:published_time\" content=\"2023-08-04T03:46:02+00:00\" \/>\n<meta property=\"article:modified_time\" content=\"2023-08-04T12:23:13+00:00\" \/>\n<meta property=\"og:image\" content=\"https:\/\/www.notibras.com\/site\/wp-content\/uploads\/2023\/08\/cannabis-1.jpg\" \/>\n\t<meta property=\"og:image:width\" content=\"1170\" \/>\n\t<meta property=\"og:image:height\" content=\"700\" \/>\n\t<meta property=\"og:image:type\" content=\"image\/jpeg\" \/>\n<meta name=\"author\" content=\"Reda\u00e7\u00e3o\" \/>\n<meta name=\"twitter:card\" content=\"summary_large_image\" \/>\n<meta name=\"twitter:creator\" content=\"@Notibras\" \/>\n<meta name=\"twitter:site\" content=\"@Notibras\" \/>\n<meta name=\"twitter:label1\" content=\"Escrito por\" \/>\n\t<meta name=\"twitter:data1\" content=\"Reda\u00e7\u00e3o\" \/>\n\t<meta name=\"twitter:label2\" content=\"Est. tempo de leitura\" \/>\n\t<meta name=\"twitter:data2\" content=\"7 minutos\" \/>\n<script type=\"application\/ld+json\" class=\"yoast-schema-graph\">{\"@context\":\"https:\/\/schema.org\",\"@graph\":[{\"@type\":\"Article\",\"@id\":\"https:\/\/www.notibras.com\/site\/especialistas-discutem-formas-de-melhorar-acesso-a-cannabis\/#article\",\"isPartOf\":{\"@id\":\"https:\/\/www.notibras.com\/site\/especialistas-discutem-formas-de-melhorar-acesso-a-cannabis\/\"},\"author\":{\"name\":\"Reda\u00e7\u00e3o\",\"@id\":\"https:\/\/www.notibras.com\/site\/#\/schema\/person\/36ab0979449956132d3e5b517ea76ac8\"},\"headline\":\"Especialistas discutem formas de melhorar acesso \u00e0 cannabis\",\"datePublished\":\"2023-08-04T03:46:02+00:00\",\"dateModified\":\"2023-08-04T12:23:13+00:00\",\"mainEntityOfPage\":{\"@id\":\"https:\/\/www.notibras.com\/site\/especialistas-discutem-formas-de-melhorar-acesso-a-cannabis\/\"},\"wordCount\":1354,\"publisher\":{\"@id\":\"https:\/\/www.notibras.com\/site\/#organization\"},\"image\":{\"@id\":\"https:\/\/www.notibras.com\/site\/especialistas-discutem-formas-de-melhorar-acesso-a-cannabis\/#primaryimage\"},\"thumbnailUrl\":\"https:\/\/www.notibras.com\/site\/wp-content\/uploads\/2023\/08\/cannabis-1.jpg\",\"keywords\":[\"capa\"],\"articleSection\":[\"Quadradinho em Foco\"],\"inLanguage\":\"pt-BR\"},{\"@type\":\"WebPage\",\"@id\":\"https:\/\/www.notibras.com\/site\/especialistas-discutem-formas-de-melhorar-acesso-a-cannabis\/\",\"url\":\"https:\/\/www.notibras.com\/site\/especialistas-discutem-formas-de-melhorar-acesso-a-cannabis\/\",\"name\":\"Especialistas discutem formas de melhorar acesso \u00e0 cannabis - Notibras\",\"isPartOf\":{\"@id\":\"https:\/\/www.notibras.com\/site\/#website\"},\"primaryImageOfPage\":{\"@id\":\"https:\/\/www.notibras.com\/site\/especialistas-discutem-formas-de-melhorar-acesso-a-cannabis\/#primaryimage\"},\"image\":{\"@id\":\"https:\/\/www.notibras.com\/site\/especialistas-discutem-formas-de-melhorar-acesso-a-cannabis\/#primaryimage\"},\"thumbnailUrl\":\"https:\/\/www.notibras.com\/site\/wp-content\/uploads\/2023\/08\/cannabis-1.jpg\",\"datePublished\":\"2023-08-04T03:46:02+00:00\",\"dateModified\":\"2023-08-04T12:23:13+00:00\",\"breadcrumb\":{\"@id\":\"https:\/\/www.notibras.com\/site\/especialistas-discutem-formas-de-melhorar-acesso-a-cannabis\/#breadcrumb\"},\"inLanguage\":\"pt-BR\",\"potentialAction\":[{\"@type\":\"ReadAction\",\"target\":[\"https:\/\/www.notibras.com\/site\/especialistas-discutem-formas-de-melhorar-acesso-a-cannabis\/\"]}]},{\"@type\":\"ImageObject\",\"inLanguage\":\"pt-BR\",\"@id\":\"https:\/\/www.notibras.com\/site\/especialistas-discutem-formas-de-melhorar-acesso-a-cannabis\/#primaryimage\",\"url\":\"https:\/\/www.notibras.com\/site\/wp-content\/uploads\/2023\/08\/cannabis-1.jpg\",\"contentUrl\":\"https:\/\/www.notibras.com\/site\/wp-content\/uploads\/2023\/08\/cannabis-1.jpg\",\"width\":1170,\"height\":700},{\"@type\":\"BreadcrumbList\",\"@id\":\"https:\/\/www.notibras.com\/site\/especialistas-discutem-formas-de-melhorar-acesso-a-cannabis\/#breadcrumb\",\"itemListElement\":[{\"@type\":\"ListItem\",\"position\":1,\"name\":\"In\u00edcio\",\"item\":\"https:\/\/www.notibras.com\/site\/\"},{\"@type\":\"ListItem\",\"position\":2,\"name\":\"Especialistas discutem formas de melhorar acesso \u00e0 cannabis\"}]},{\"@type\":\"WebSite\",\"@id\":\"https:\/\/www.notibras.com\/site\/#website\",\"url\":\"https:\/\/www.notibras.com\/site\/\",\"name\":\"Notibras\",\"description\":\"Not\u00edcias de Bras\u00edlia, do Brasil e do Mundo\",\"publisher\":{\"@id\":\"https:\/\/www.notibras.com\/site\/#organization\"},\"potentialAction\":[{\"@type\":\"SearchAction\",\"target\":{\"@type\":\"EntryPoint\",\"urlTemplate\":\"https:\/\/www.notibras.com\/site\/?s={search_term_string}\"},\"query-input\":{\"@type\":\"PropertyValueSpecification\",\"valueRequired\":true,\"valueName\":\"search_term_string\"}}],\"inLanguage\":\"pt-BR\"},{\"@type\":\"Organization\",\"@id\":\"https:\/\/www.notibras.com\/site\/#organization\",\"name\":\"Grupo Notibras de Comunica\u00e7\u00e3o\",\"url\":\"https:\/\/www.notibras.com\/site\/\",\"logo\":{\"@type\":\"ImageObject\",\"inLanguage\":\"pt-BR\",\"@id\":\"https:\/\/www.notibras.com\/site\/#\/schema\/logo\/image\/\",\"url\":\"https:\/\/www.notibras.com\/site\/wp-content\/uploads\/2023\/01\/notibras23.png\",\"contentUrl\":\"https:\/\/www.notibras.com\/site\/wp-content\/uploads\/2023\/01\/notibras23.png\",\"width\":350,\"height\":87,\"caption\":\"Grupo Notibras de Comunica\u00e7\u00e3o\"},\"image\":{\"@id\":\"https:\/\/www.notibras.com\/site\/#\/schema\/logo\/image\/\"},\"sameAs\":[\"https:\/\/www.facebook.com\/notibras\/\",\"https:\/\/x.com\/Notibras\",\"https:\/\/www.instagram.com\/notibras\/\"]},{\"@type\":\"Person\",\"@id\":\"https:\/\/www.notibras.com\/site\/#\/schema\/person\/36ab0979449956132d3e5b517ea76ac8\",\"name\":\"Reda\u00e7\u00e3o\",\"image\":{\"@type\":\"ImageObject\",\"inLanguage\":\"pt-BR\",\"@id\":\"https:\/\/secure.gravatar.com\/avatar\/e0a867bdedb85fd243eadf09663511f96fc81e0720a4a42581f334ad4303aa6b?s=96&d=mm&r=g\",\"url\":\"https:\/\/secure.gravatar.com\/avatar\/e0a867bdedb85fd243eadf09663511f96fc81e0720a4a42581f334ad4303aa6b?s=96&d=mm&r=g\",\"contentUrl\":\"https:\/\/secure.gravatar.com\/avatar\/e0a867bdedb85fd243eadf09663511f96fc81e0720a4a42581f334ad4303aa6b?s=96&d=mm&r=g\",\"caption\":\"Reda\u00e7\u00e3o\"}}]}<\/script>\n<!-- \/ Yoast SEO plugin. -->","yoast_head_json":{"title":"Especialistas discutem formas de melhorar acesso \u00e0 cannabis - Notibras","robots":{"index":"index","follow":"follow","max-snippet":"max-snippet:-1","max-image-preview":"max-image-preview:large","max-video-preview":"max-video-preview:-1"},"canonical":"https:\/\/www.notibras.com\/site\/especialistas-discutem-formas-de-melhorar-acesso-a-cannabis\/","og_locale":"pt_BR","og_type":"article","og_title":"Especialistas discutem formas de melhorar acesso \u00e0 cannabis - Notibras","og_description":"O primeiro contato de Vivian Dalla Colletta com a cannabis foi h\u00e1 oito anos. \u201cCareta\u201d, como ela mesma se definiu, sem sequer tomar refrigerante ou bebidas alco\u00f3licas, ela nunca pensou nessa possibilidade de uso. Mas as intensas dores que ela enfrentava por causa de uma fibromialgia a puseram em contato com a planta medicinal, para [&hellip;]","og_url":"https:\/\/www.notibras.com\/site\/especialistas-discutem-formas-de-melhorar-acesso-a-cannabis\/","og_site_name":"Notibras","article_publisher":"https:\/\/www.facebook.com\/notibras\/","article_published_time":"2023-08-04T03:46:02+00:00","article_modified_time":"2023-08-04T12:23:13+00:00","og_image":[{"width":1170,"height":700,"url":"https:\/\/www.notibras.com\/site\/wp-content\/uploads\/2023\/08\/cannabis-1.jpg","type":"image\/jpeg"}],"author":"Reda\u00e7\u00e3o","twitter_card":"summary_large_image","twitter_creator":"@Notibras","twitter_site":"@Notibras","twitter_misc":{"Escrito por":"Reda\u00e7\u00e3o","Est. tempo de leitura":"7 minutos"},"schema":{"@context":"https:\/\/schema.org","@graph":[{"@type":"Article","@id":"https:\/\/www.notibras.com\/site\/especialistas-discutem-formas-de-melhorar-acesso-a-cannabis\/#article","isPartOf":{"@id":"https:\/\/www.notibras.com\/site\/especialistas-discutem-formas-de-melhorar-acesso-a-cannabis\/"},"author":{"name":"Reda\u00e7\u00e3o","@id":"https:\/\/www.notibras.com\/site\/#\/schema\/person\/36ab0979449956132d3e5b517ea76ac8"},"headline":"Especialistas discutem formas de melhorar acesso \u00e0 cannabis","datePublished":"2023-08-04T03:46:02+00:00","dateModified":"2023-08-04T12:23:13+00:00","mainEntityOfPage":{"@id":"https:\/\/www.notibras.com\/site\/especialistas-discutem-formas-de-melhorar-acesso-a-cannabis\/"},"wordCount":1354,"publisher":{"@id":"https:\/\/www.notibras.com\/site\/#organization"},"image":{"@id":"https:\/\/www.notibras.com\/site\/especialistas-discutem-formas-de-melhorar-acesso-a-cannabis\/#primaryimage"},"thumbnailUrl":"https:\/\/www.notibras.com\/site\/wp-content\/uploads\/2023\/08\/cannabis-1.jpg","keywords":["capa"],"articleSection":["Quadradinho em Foco"],"inLanguage":"pt-BR"},{"@type":"WebPage","@id":"https:\/\/www.notibras.com\/site\/especialistas-discutem-formas-de-melhorar-acesso-a-cannabis\/","url":"https:\/\/www.notibras.com\/site\/especialistas-discutem-formas-de-melhorar-acesso-a-cannabis\/","name":"Especialistas discutem formas de melhorar acesso \u00e0 cannabis - Notibras","isPartOf":{"@id":"https:\/\/www.notibras.com\/site\/#website"},"primaryImageOfPage":{"@id":"https:\/\/www.notibras.com\/site\/especialistas-discutem-formas-de-melhorar-acesso-a-cannabis\/#primaryimage"},"image":{"@id":"https:\/\/www.notibras.com\/site\/especialistas-discutem-formas-de-melhorar-acesso-a-cannabis\/#primaryimage"},"thumbnailUrl":"https:\/\/www.notibras.com\/site\/wp-content\/uploads\/2023\/08\/cannabis-1.jpg","datePublished":"2023-08-04T03:46:02+00:00","dateModified":"2023-08-04T12:23:13+00:00","breadcrumb":{"@id":"https:\/\/www.notibras.com\/site\/especialistas-discutem-formas-de-melhorar-acesso-a-cannabis\/#breadcrumb"},"inLanguage":"pt-BR","potentialAction":[{"@type":"ReadAction","target":["https:\/\/www.notibras.com\/site\/especialistas-discutem-formas-de-melhorar-acesso-a-cannabis\/"]}]},{"@type":"ImageObject","inLanguage":"pt-BR","@id":"https:\/\/www.notibras.com\/site\/especialistas-discutem-formas-de-melhorar-acesso-a-cannabis\/#primaryimage","url":"https:\/\/www.notibras.com\/site\/wp-content\/uploads\/2023\/08\/cannabis-1.jpg","contentUrl":"https:\/\/www.notibras.com\/site\/wp-content\/uploads\/2023\/08\/cannabis-1.jpg","width":1170,"height":700},{"@type":"BreadcrumbList","@id":"https:\/\/www.notibras.com\/site\/especialistas-discutem-formas-de-melhorar-acesso-a-cannabis\/#breadcrumb","itemListElement":[{"@type":"ListItem","position":1,"name":"In\u00edcio","item":"https:\/\/www.notibras.com\/site\/"},{"@type":"ListItem","position":2,"name":"Especialistas discutem formas de melhorar acesso \u00e0 cannabis"}]},{"@type":"WebSite","@id":"https:\/\/www.notibras.com\/site\/#website","url":"https:\/\/www.notibras.com\/site\/","name":"Notibras","description":"Not\u00edcias de Bras\u00edlia, do Brasil e do Mundo","publisher":{"@id":"https:\/\/www.notibras.com\/site\/#organization"},"potentialAction":[{"@type":"SearchAction","target":{"@type":"EntryPoint","urlTemplate":"https:\/\/www.notibras.com\/site\/?s={search_term_string}"},"query-input":{"@type":"PropertyValueSpecification","valueRequired":true,"valueName":"search_term_string"}}],"inLanguage":"pt-BR"},{"@type":"Organization","@id":"https:\/\/www.notibras.com\/site\/#organization","name":"Grupo Notibras de Comunica\u00e7\u00e3o","url":"https:\/\/www.notibras.com\/site\/","logo":{"@type":"ImageObject","inLanguage":"pt-BR","@id":"https:\/\/www.notibras.com\/site\/#\/schema\/logo\/image\/","url":"https:\/\/www.notibras.com\/site\/wp-content\/uploads\/2023\/01\/notibras23.png","contentUrl":"https:\/\/www.notibras.com\/site\/wp-content\/uploads\/2023\/01\/notibras23.png","width":350,"height":87,"caption":"Grupo Notibras de Comunica\u00e7\u00e3o"},"image":{"@id":"https:\/\/www.notibras.com\/site\/#\/schema\/logo\/image\/"},"sameAs":["https:\/\/www.facebook.com\/notibras\/","https:\/\/x.com\/Notibras","https:\/\/www.instagram.com\/notibras\/"]},{"@type":"Person","@id":"https:\/\/www.notibras.com\/site\/#\/schema\/person\/36ab0979449956132d3e5b517ea76ac8","name":"Reda\u00e7\u00e3o","image":{"@type":"ImageObject","inLanguage":"pt-BR","@id":"https:\/\/secure.gravatar.com\/avatar\/e0a867bdedb85fd243eadf09663511f96fc81e0720a4a42581f334ad4303aa6b?s=96&d=mm&r=g","url":"https:\/\/secure.gravatar.com\/avatar\/e0a867bdedb85fd243eadf09663511f96fc81e0720a4a42581f334ad4303aa6b?s=96&d=mm&r=g","contentUrl":"https:\/\/secure.gravatar.com\/avatar\/e0a867bdedb85fd243eadf09663511f96fc81e0720a4a42581f334ad4303aa6b?s=96&d=mm&r=g","caption":"Reda\u00e7\u00e3o"}}]}},"amp_enabled":true,"_links":{"self":[{"href":"https:\/\/www.notibras.com\/site\/wp-json\/wp\/v2\/posts\/310206","targetHints":{"allow":["GET"]}}],"collection":[{"href":"https:\/\/www.notibras.com\/site\/wp-json\/wp\/v2\/posts"}],"about":[{"href":"https:\/\/www.notibras.com\/site\/wp-json\/wp\/v2\/types\/post"}],"author":[{"embeddable":true,"href":"https:\/\/www.notibras.com\/site\/wp-json\/wp\/v2\/users\/2"}],"replies":[{"embeddable":true,"href":"https:\/\/www.notibras.com\/site\/wp-json\/wp\/v2\/comments?post=310206"}],"version-history":[{"count":1,"href":"https:\/\/www.notibras.com\/site\/wp-json\/wp\/v2\/posts\/310206\/revisions"}],"predecessor-version":[{"id":310207,"href":"https:\/\/www.notibras.com\/site\/wp-json\/wp\/v2\/posts\/310206\/revisions\/310207"}],"wp:featuredmedia":[{"embeddable":true,"href":"https:\/\/www.notibras.com\/site\/wp-json\/wp\/v2\/media\/310208"}],"wp:attachment":[{"href":"https:\/\/www.notibras.com\/site\/wp-json\/wp\/v2\/media?parent=310206"}],"wp:term":[{"taxonomy":"category","embeddable":true,"href":"https:\/\/www.notibras.com\/site\/wp-json\/wp\/v2\/categories?post=310206"},{"taxonomy":"post_tag","embeddable":true,"href":"https:\/\/www.notibras.com\/site\/wp-json\/wp\/v2\/tags?post=310206"}],"curies":[{"name":"wp","href":"https:\/\/api.w.org\/{rel}","templated":true}]}}