{"id":310216,"date":"2023-08-04T09:58:46","date_gmt":"2023-08-04T12:58:46","guid":{"rendered":"https:\/\/www.notibras.com\/site\/?p=310216"},"modified":"2023-08-04T10:01:16","modified_gmt":"2023-08-04T13:01:16","slug":"analu-e-hugo-marcam-sua-uniao-ate-nas-trevas","status":"publish","type":"post","link":"https:\/\/www.notibras.com\/site\/analu-e-hugo-marcam-sua-uniao-ate-nas-trevas\/","title":{"rendered":"Analu e Hugo marcam sua uni\u00e3o at\u00e9 nas trevas"},"content":{"rendered":"<p>Aquela floresta bem que poderia ser cen\u00e1rio de um filme de terror. Sim, \u00e9 verdade que, durante a noite, o chirriar de alguma coruja pudesse causar calafrio na espinha at\u00e9 mesmo dos mais destemidos. Todavia, bastava surgir os primeiros raios solares para que todo esse medo fosse dissipado. Os cantos dos in\u00fameros p\u00e1ssaros tornavam o lugar o mais prop\u00edcio para uma agrad\u00e1vel caminhada.<\/p>\n<p>Pois foi justamente numa bela manh\u00e3 no in\u00edcio da primavera, que um jovem casal decidiu matar aula e se embrenhar por trilhas que os cora\u00e7\u00f5es apaixonados anseiam conhecer. Analu e Hugo, de uniforme e mochila nas costas, rumaram para a mata, que soprava promessas de amor nos ouvidos daqueles enamorados. Eles aceitaram o convite quase de imediato, tamanha a impulsividade dos adolescentes.<\/p>\n<p>Andaram algumas dezenas de metros mata adentro. A garota, receosa de que algu\u00e9m ainda pudesse v\u00ea-los, quis ir mais adiante. O rapaz, apesar de ansioso, concordou. Caminharam 500 metros ou mais, at\u00e9 que pararam diante de uma enorme \u00e1rvore. Deixaram as mochilas junto \u00e0s ra\u00edzes expostas. Ainda ofegantes, muito mais pela emo\u00e7\u00e3o do que pela caminhada, os dois se beijaram pela primeira vez.<\/p>\n<p>Analu, mais experiente, orientava o namorado, que parecia perdido diante de tanta novidade. Encostada na \u00e1rvore, a garota sentia os l\u00e1bios do amado quando, de repente, ouviu um som seco. Assustada, abriu os olhos e viu a express\u00e3o morta do rapaz, que tombou ao seu lado. Ela mal teve tempo de gritar, pois uma enorme m\u00e3o a suspendeu pelo pesco\u00e7o, enquanto a outra, com uma enorme faca, abriu seu ventre. As tripas ca\u00edram no ch\u00e3o. A garota deu seu \u00faltimo suspiro antes daquele homem gigantesco a soltar. O corpo da jovem despencou e caiu pr\u00f3ximo ao de Hugo, quase como se continuassem a se amar.<\/p>\n<p>Naquela mesma noite, as fam\u00edlias dos desaparecidos, desesperadas, procuraram em cada canto. Nada de Analu, nada de Hugo. Foram at\u00e9 a pol\u00edcia, onde o delegado, o bonach\u00e3o Andrade, disse que mais cedo ou mais tarde o casalzinho iria aparecer. Com certeza estavam escondidos por conta da proibi\u00e7\u00e3o do namoro.<\/p>\n<p>No dia seguinte, as buscas continuaram. Nenhuma pista. Prosseguiram por mais um m\u00eas, at\u00e9 que, finalmente, Andrade resolveu levar aquele sumi\u00e7o a s\u00e9rio. Juntou uma turma de populares e vasculhou cada cent\u00edmetro da cidade. Nenhuma pista. At\u00e9 que a m\u00e3e de Analu sugeriu que procurarem na floresta. Andrade, que estava com a roupa encharcada de suor, disse que iriam l\u00e1 nas primeiras horas do dia seguinte.<\/p>\n<p>Apesar da chuva e da vontade de adiar a busca, Andrade achou por bem acabar de uma vez por todas com aquela situa\u00e7\u00e3o. Aos quase 30 volunt\u00e1rios do dia anterior, juntaram-se mais de 40, inclusive o velho Hor\u00e1cio, que estava acompanhado de Sans\u00e3o e Dalila, sua dupla de perdigueiros quase puros.<\/p>\n<p>Diante da floresta, abriu-se um enorme arco humano. As buscas come\u00e7aram. As fortes chuvas do m\u00eas haviam lavado todo o sangue. Os corpos dos jovens tamb\u00e9m n\u00e3o foram encontrados, talvez tivessem sido enterrados ou, ent\u00e3o, devorados por animais selvagens. Todos sabiam que ali era regi\u00e3o de on\u00e7as, sem contar os in\u00fameros javalis, que haviam escapado ou que foram soltos por antigos criadores.<\/p>\n<p>Depois de procurarem por quase a manh\u00e3 inteira, eis que os cachorros latiram. O velho Hor\u00e1cio sabia que eles haviam encontrado algo. Ele correu ao encal\u00e7o dos seus pupilos, que, est\u00e1ticos, apontavam para uma moita ao p\u00e9 de uma enorme \u00e1rvore. Era o caderno de Analu, como logo reconheceu sua m\u00e3e. A mulher, com o cora\u00e7\u00e3o apertado, abriu o caderno da filha e leu uma frase escrita com uma caligrafia desconhecida: &#8220;Analu, sinto que nossos destinos est\u00e3o eternamente ligados!&#8221; Era a letra de Hugo.<\/p>\n","protected":false},"excerpt":{"rendered":"<p>Aquela floresta bem que poderia ser cen\u00e1rio de um filme de terror. Sim, \u00e9 verdade que, durante a noite, o chirriar de alguma coruja pudesse causar calafrio na espinha at\u00e9 mesmo dos mais destemidos. Todavia, bastava surgir os primeiros raios solares para que todo esse medo fosse dissipado. Os cantos dos in\u00fameros p\u00e1ssaros tornavam o [&hellip;]<\/p>\n","protected":false},"author":2,"featured_media":310217,"comment_status":"closed","ping_status":"closed","sticky":false,"template":"","format":"standard","meta":{"_acf_changed":false,"footnotes":""},"categories":[161],"tags":[],"class_list":["post-310216","post","type-post","status-publish","format-standard","has-post-thumbnail","hentry","category-quadradinho-em-foco"],"acf":[],"yoast_head":"<!-- This site is optimized with the Yoast SEO plugin v27.2 - https:\/\/yoast.com\/product\/yoast-seo-wordpress\/ -->\n<title>Analu e Hugo marcam sua uni\u00e3o at\u00e9 nas trevas - Notibras<\/title>\n<meta name=\"robots\" content=\"index, follow, max-snippet:-1, max-image-preview:large, max-video-preview:-1\" \/>\n<link rel=\"canonical\" href=\"https:\/\/www.notibras.com\/site\/analu-e-hugo-marcam-sua-uniao-ate-nas-trevas\/\" \/>\n<meta property=\"og:locale\" content=\"pt_BR\" \/>\n<meta property=\"og:type\" content=\"article\" \/>\n<meta property=\"og:title\" content=\"Analu e Hugo marcam sua uni\u00e3o at\u00e9 nas trevas - Notibras\" \/>\n<meta property=\"og:description\" content=\"Aquela floresta bem que poderia ser cen\u00e1rio de um filme de terror. Sim, \u00e9 verdade que, durante a noite, o chirriar de alguma coruja pudesse causar calafrio na espinha at\u00e9 mesmo dos mais destemidos. Todavia, bastava surgir os primeiros raios solares para que todo esse medo fosse dissipado. Os cantos dos in\u00fameros p\u00e1ssaros tornavam o [&hellip;]\" \/>\n<meta property=\"og:url\" content=\"https:\/\/www.notibras.com\/site\/analu-e-hugo-marcam-sua-uniao-ate-nas-trevas\/\" \/>\n<meta property=\"og:site_name\" content=\"Notibras\" \/>\n<meta property=\"article:publisher\" content=\"https:\/\/www.facebook.com\/notibras\/\" \/>\n<meta property=\"article:published_time\" content=\"2023-08-04T12:58:46+00:00\" \/>\n<meta property=\"article:modified_time\" content=\"2023-08-04T13:01:16+00:00\" \/>\n<meta property=\"og:image\" content=\"https:\/\/www.notibras.com\/site\/wp-content\/uploads\/2023\/08\/97e11e38-4e79-4790-a8c4-52e3c6cd9088.jpg\" \/>\n\t<meta property=\"og:image:width\" content=\"768\" \/>\n\t<meta property=\"og:image:height\" content=\"1024\" \/>\n\t<meta property=\"og:image:type\" content=\"image\/jpeg\" \/>\n<meta name=\"author\" content=\"Reda\u00e7\u00e3o\" \/>\n<meta name=\"twitter:card\" content=\"summary_large_image\" \/>\n<meta name=\"twitter:creator\" content=\"@Notibras\" \/>\n<meta name=\"twitter:site\" content=\"@Notibras\" \/>\n<meta name=\"twitter:label1\" content=\"Escrito por\" \/>\n\t<meta name=\"twitter:data1\" content=\"Reda\u00e7\u00e3o\" \/>\n\t<meta name=\"twitter:label2\" content=\"Est. tempo de leitura\" \/>\n\t<meta name=\"twitter:data2\" content=\"4 minutos\" \/>\n<script type=\"application\/ld+json\" class=\"yoast-schema-graph\">{\"@context\":\"https:\/\/schema.org\",\"@graph\":[{\"@type\":\"Article\",\"@id\":\"https:\/\/www.notibras.com\/site\/analu-e-hugo-marcam-sua-uniao-ate-nas-trevas\/#article\",\"isPartOf\":{\"@id\":\"https:\/\/www.notibras.com\/site\/analu-e-hugo-marcam-sua-uniao-ate-nas-trevas\/\"},\"author\":{\"name\":\"Reda\u00e7\u00e3o\",\"@id\":\"https:\/\/www.notibras.com\/site\/#\/schema\/person\/36ab0979449956132d3e5b517ea76ac8\"},\"headline\":\"Analu e Hugo marcam sua uni\u00e3o at\u00e9 nas trevas\",\"datePublished\":\"2023-08-04T12:58:46+00:00\",\"dateModified\":\"2023-08-04T13:01:16+00:00\",\"mainEntityOfPage\":{\"@id\":\"https:\/\/www.notibras.com\/site\/analu-e-hugo-marcam-sua-uniao-ate-nas-trevas\/\"},\"wordCount\":656,\"publisher\":{\"@id\":\"https:\/\/www.notibras.com\/site\/#organization\"},\"image\":{\"@id\":\"https:\/\/www.notibras.com\/site\/analu-e-hugo-marcam-sua-uniao-ate-nas-trevas\/#primaryimage\"},\"thumbnailUrl\":\"https:\/\/www.notibras.com\/site\/wp-content\/uploads\/2023\/08\/97e11e38-4e79-4790-a8c4-52e3c6cd9088.jpg\",\"articleSection\":[\"Quadradinho em Foco\"],\"inLanguage\":\"pt-BR\"},{\"@type\":\"WebPage\",\"@id\":\"https:\/\/www.notibras.com\/site\/analu-e-hugo-marcam-sua-uniao-ate-nas-trevas\/\",\"url\":\"https:\/\/www.notibras.com\/site\/analu-e-hugo-marcam-sua-uniao-ate-nas-trevas\/\",\"name\":\"Analu e Hugo marcam sua uni\u00e3o at\u00e9 nas trevas - Notibras\",\"isPartOf\":{\"@id\":\"https:\/\/www.notibras.com\/site\/#website\"},\"primaryImageOfPage\":{\"@id\":\"https:\/\/www.notibras.com\/site\/analu-e-hugo-marcam-sua-uniao-ate-nas-trevas\/#primaryimage\"},\"image\":{\"@id\":\"https:\/\/www.notibras.com\/site\/analu-e-hugo-marcam-sua-uniao-ate-nas-trevas\/#primaryimage\"},\"thumbnailUrl\":\"https:\/\/www.notibras.com\/site\/wp-content\/uploads\/2023\/08\/97e11e38-4e79-4790-a8c4-52e3c6cd9088.jpg\",\"datePublished\":\"2023-08-04T12:58:46+00:00\",\"dateModified\":\"2023-08-04T13:01:16+00:00\",\"breadcrumb\":{\"@id\":\"https:\/\/www.notibras.com\/site\/analu-e-hugo-marcam-sua-uniao-ate-nas-trevas\/#breadcrumb\"},\"inLanguage\":\"pt-BR\",\"potentialAction\":[{\"@type\":\"ReadAction\",\"target\":[\"https:\/\/www.notibras.com\/site\/analu-e-hugo-marcam-sua-uniao-ate-nas-trevas\/\"]}]},{\"@type\":\"ImageObject\",\"inLanguage\":\"pt-BR\",\"@id\":\"https:\/\/www.notibras.com\/site\/analu-e-hugo-marcam-sua-uniao-ate-nas-trevas\/#primaryimage\",\"url\":\"https:\/\/www.notibras.com\/site\/wp-content\/uploads\/2023\/08\/97e11e38-4e79-4790-a8c4-52e3c6cd9088.jpg\",\"contentUrl\":\"https:\/\/www.notibras.com\/site\/wp-content\/uploads\/2023\/08\/97e11e38-4e79-4790-a8c4-52e3c6cd9088.jpg\",\"width\":768,\"height\":1024},{\"@type\":\"BreadcrumbList\",\"@id\":\"https:\/\/www.notibras.com\/site\/analu-e-hugo-marcam-sua-uniao-ate-nas-trevas\/#breadcrumb\",\"itemListElement\":[{\"@type\":\"ListItem\",\"position\":1,\"name\":\"In\u00edcio\",\"item\":\"https:\/\/www.notibras.com\/site\/\"},{\"@type\":\"ListItem\",\"position\":2,\"name\":\"Analu e Hugo marcam sua uni\u00e3o at\u00e9 nas trevas\"}]},{\"@type\":\"WebSite\",\"@id\":\"https:\/\/www.notibras.com\/site\/#website\",\"url\":\"https:\/\/www.notibras.com\/site\/\",\"name\":\"Notibras\",\"description\":\"Not\u00edcias de Bras\u00edlia, do Brasil e do Mundo\",\"publisher\":{\"@id\":\"https:\/\/www.notibras.com\/site\/#organization\"},\"potentialAction\":[{\"@type\":\"SearchAction\",\"target\":{\"@type\":\"EntryPoint\",\"urlTemplate\":\"https:\/\/www.notibras.com\/site\/?s={search_term_string}\"},\"query-input\":{\"@type\":\"PropertyValueSpecification\",\"valueRequired\":true,\"valueName\":\"search_term_string\"}}],\"inLanguage\":\"pt-BR\"},{\"@type\":\"Organization\",\"@id\":\"https:\/\/www.notibras.com\/site\/#organization\",\"name\":\"Grupo Notibras de Comunica\u00e7\u00e3o\",\"url\":\"https:\/\/www.notibras.com\/site\/\",\"logo\":{\"@type\":\"ImageObject\",\"inLanguage\":\"pt-BR\",\"@id\":\"https:\/\/www.notibras.com\/site\/#\/schema\/logo\/image\/\",\"url\":\"https:\/\/www.notibras.com\/site\/wp-content\/uploads\/2023\/01\/notibras23.png\",\"contentUrl\":\"https:\/\/www.notibras.com\/site\/wp-content\/uploads\/2023\/01\/notibras23.png\",\"width\":350,\"height\":87,\"caption\":\"Grupo Notibras de Comunica\u00e7\u00e3o\"},\"image\":{\"@id\":\"https:\/\/www.notibras.com\/site\/#\/schema\/logo\/image\/\"},\"sameAs\":[\"https:\/\/www.facebook.com\/notibras\/\",\"https:\/\/x.com\/Notibras\",\"https:\/\/www.instagram.com\/notibras\/\"]},{\"@type\":\"Person\",\"@id\":\"https:\/\/www.notibras.com\/site\/#\/schema\/person\/36ab0979449956132d3e5b517ea76ac8\",\"name\":\"Reda\u00e7\u00e3o\",\"image\":{\"@type\":\"ImageObject\",\"inLanguage\":\"pt-BR\",\"@id\":\"https:\/\/secure.gravatar.com\/avatar\/e0a867bdedb85fd243eadf09663511f96fc81e0720a4a42581f334ad4303aa6b?s=96&d=mm&r=g\",\"url\":\"https:\/\/secure.gravatar.com\/avatar\/e0a867bdedb85fd243eadf09663511f96fc81e0720a4a42581f334ad4303aa6b?s=96&d=mm&r=g\",\"contentUrl\":\"https:\/\/secure.gravatar.com\/avatar\/e0a867bdedb85fd243eadf09663511f96fc81e0720a4a42581f334ad4303aa6b?s=96&d=mm&r=g\",\"caption\":\"Reda\u00e7\u00e3o\"}}]}<\/script>\n<!-- \/ Yoast SEO plugin. -->","yoast_head_json":{"title":"Analu e Hugo marcam sua uni\u00e3o at\u00e9 nas trevas - Notibras","robots":{"index":"index","follow":"follow","max-snippet":"max-snippet:-1","max-image-preview":"max-image-preview:large","max-video-preview":"max-video-preview:-1"},"canonical":"https:\/\/www.notibras.com\/site\/analu-e-hugo-marcam-sua-uniao-ate-nas-trevas\/","og_locale":"pt_BR","og_type":"article","og_title":"Analu e Hugo marcam sua uni\u00e3o at\u00e9 nas trevas - Notibras","og_description":"Aquela floresta bem que poderia ser cen\u00e1rio de um filme de terror. Sim, \u00e9 verdade que, durante a noite, o chirriar de alguma coruja pudesse causar calafrio na espinha at\u00e9 mesmo dos mais destemidos. Todavia, bastava surgir os primeiros raios solares para que todo esse medo fosse dissipado. Os cantos dos in\u00fameros p\u00e1ssaros tornavam o [&hellip;]","og_url":"https:\/\/www.notibras.com\/site\/analu-e-hugo-marcam-sua-uniao-ate-nas-trevas\/","og_site_name":"Notibras","article_publisher":"https:\/\/www.facebook.com\/notibras\/","article_published_time":"2023-08-04T12:58:46+00:00","article_modified_time":"2023-08-04T13:01:16+00:00","og_image":[{"width":768,"height":1024,"url":"https:\/\/www.notibras.com\/site\/wp-content\/uploads\/2023\/08\/97e11e38-4e79-4790-a8c4-52e3c6cd9088.jpg","type":"image\/jpeg"}],"author":"Reda\u00e7\u00e3o","twitter_card":"summary_large_image","twitter_creator":"@Notibras","twitter_site":"@Notibras","twitter_misc":{"Escrito por":"Reda\u00e7\u00e3o","Est. tempo de leitura":"4 minutos"},"schema":{"@context":"https:\/\/schema.org","@graph":[{"@type":"Article","@id":"https:\/\/www.notibras.com\/site\/analu-e-hugo-marcam-sua-uniao-ate-nas-trevas\/#article","isPartOf":{"@id":"https:\/\/www.notibras.com\/site\/analu-e-hugo-marcam-sua-uniao-ate-nas-trevas\/"},"author":{"name":"Reda\u00e7\u00e3o","@id":"https:\/\/www.notibras.com\/site\/#\/schema\/person\/36ab0979449956132d3e5b517ea76ac8"},"headline":"Analu e Hugo marcam sua uni\u00e3o at\u00e9 nas trevas","datePublished":"2023-08-04T12:58:46+00:00","dateModified":"2023-08-04T13:01:16+00:00","mainEntityOfPage":{"@id":"https:\/\/www.notibras.com\/site\/analu-e-hugo-marcam-sua-uniao-ate-nas-trevas\/"},"wordCount":656,"publisher":{"@id":"https:\/\/www.notibras.com\/site\/#organization"},"image":{"@id":"https:\/\/www.notibras.com\/site\/analu-e-hugo-marcam-sua-uniao-ate-nas-trevas\/#primaryimage"},"thumbnailUrl":"https:\/\/www.notibras.com\/site\/wp-content\/uploads\/2023\/08\/97e11e38-4e79-4790-a8c4-52e3c6cd9088.jpg","articleSection":["Quadradinho em Foco"],"inLanguage":"pt-BR"},{"@type":"WebPage","@id":"https:\/\/www.notibras.com\/site\/analu-e-hugo-marcam-sua-uniao-ate-nas-trevas\/","url":"https:\/\/www.notibras.com\/site\/analu-e-hugo-marcam-sua-uniao-ate-nas-trevas\/","name":"Analu e Hugo marcam sua uni\u00e3o at\u00e9 nas trevas - Notibras","isPartOf":{"@id":"https:\/\/www.notibras.com\/site\/#website"},"primaryImageOfPage":{"@id":"https:\/\/www.notibras.com\/site\/analu-e-hugo-marcam-sua-uniao-ate-nas-trevas\/#primaryimage"},"image":{"@id":"https:\/\/www.notibras.com\/site\/analu-e-hugo-marcam-sua-uniao-ate-nas-trevas\/#primaryimage"},"thumbnailUrl":"https:\/\/www.notibras.com\/site\/wp-content\/uploads\/2023\/08\/97e11e38-4e79-4790-a8c4-52e3c6cd9088.jpg","datePublished":"2023-08-04T12:58:46+00:00","dateModified":"2023-08-04T13:01:16+00:00","breadcrumb":{"@id":"https:\/\/www.notibras.com\/site\/analu-e-hugo-marcam-sua-uniao-ate-nas-trevas\/#breadcrumb"},"inLanguage":"pt-BR","potentialAction":[{"@type":"ReadAction","target":["https:\/\/www.notibras.com\/site\/analu-e-hugo-marcam-sua-uniao-ate-nas-trevas\/"]}]},{"@type":"ImageObject","inLanguage":"pt-BR","@id":"https:\/\/www.notibras.com\/site\/analu-e-hugo-marcam-sua-uniao-ate-nas-trevas\/#primaryimage","url":"https:\/\/www.notibras.com\/site\/wp-content\/uploads\/2023\/08\/97e11e38-4e79-4790-a8c4-52e3c6cd9088.jpg","contentUrl":"https:\/\/www.notibras.com\/site\/wp-content\/uploads\/2023\/08\/97e11e38-4e79-4790-a8c4-52e3c6cd9088.jpg","width":768,"height":1024},{"@type":"BreadcrumbList","@id":"https:\/\/www.notibras.com\/site\/analu-e-hugo-marcam-sua-uniao-ate-nas-trevas\/#breadcrumb","itemListElement":[{"@type":"ListItem","position":1,"name":"In\u00edcio","item":"https:\/\/www.notibras.com\/site\/"},{"@type":"ListItem","position":2,"name":"Analu e Hugo marcam sua uni\u00e3o at\u00e9 nas trevas"}]},{"@type":"WebSite","@id":"https:\/\/www.notibras.com\/site\/#website","url":"https:\/\/www.notibras.com\/site\/","name":"Notibras","description":"Not\u00edcias de Bras\u00edlia, do Brasil e do Mundo","publisher":{"@id":"https:\/\/www.notibras.com\/site\/#organization"},"potentialAction":[{"@type":"SearchAction","target":{"@type":"EntryPoint","urlTemplate":"https:\/\/www.notibras.com\/site\/?s={search_term_string}"},"query-input":{"@type":"PropertyValueSpecification","valueRequired":true,"valueName":"search_term_string"}}],"inLanguage":"pt-BR"},{"@type":"Organization","@id":"https:\/\/www.notibras.com\/site\/#organization","name":"Grupo Notibras de Comunica\u00e7\u00e3o","url":"https:\/\/www.notibras.com\/site\/","logo":{"@type":"ImageObject","inLanguage":"pt-BR","@id":"https:\/\/www.notibras.com\/site\/#\/schema\/logo\/image\/","url":"https:\/\/www.notibras.com\/site\/wp-content\/uploads\/2023\/01\/notibras23.png","contentUrl":"https:\/\/www.notibras.com\/site\/wp-content\/uploads\/2023\/01\/notibras23.png","width":350,"height":87,"caption":"Grupo Notibras de Comunica\u00e7\u00e3o"},"image":{"@id":"https:\/\/www.notibras.com\/site\/#\/schema\/logo\/image\/"},"sameAs":["https:\/\/www.facebook.com\/notibras\/","https:\/\/x.com\/Notibras","https:\/\/www.instagram.com\/notibras\/"]},{"@type":"Person","@id":"https:\/\/www.notibras.com\/site\/#\/schema\/person\/36ab0979449956132d3e5b517ea76ac8","name":"Reda\u00e7\u00e3o","image":{"@type":"ImageObject","inLanguage":"pt-BR","@id":"https:\/\/secure.gravatar.com\/avatar\/e0a867bdedb85fd243eadf09663511f96fc81e0720a4a42581f334ad4303aa6b?s=96&d=mm&r=g","url":"https:\/\/secure.gravatar.com\/avatar\/e0a867bdedb85fd243eadf09663511f96fc81e0720a4a42581f334ad4303aa6b?s=96&d=mm&r=g","contentUrl":"https:\/\/secure.gravatar.com\/avatar\/e0a867bdedb85fd243eadf09663511f96fc81e0720a4a42581f334ad4303aa6b?s=96&d=mm&r=g","caption":"Reda\u00e7\u00e3o"}}]}},"amp_enabled":true,"_links":{"self":[{"href":"https:\/\/www.notibras.com\/site\/wp-json\/wp\/v2\/posts\/310216","targetHints":{"allow":["GET"]}}],"collection":[{"href":"https:\/\/www.notibras.com\/site\/wp-json\/wp\/v2\/posts"}],"about":[{"href":"https:\/\/www.notibras.com\/site\/wp-json\/wp\/v2\/types\/post"}],"author":[{"embeddable":true,"href":"https:\/\/www.notibras.com\/site\/wp-json\/wp\/v2\/users\/2"}],"replies":[{"embeddable":true,"href":"https:\/\/www.notibras.com\/site\/wp-json\/wp\/v2\/comments?post=310216"}],"version-history":[{"count":2,"href":"https:\/\/www.notibras.com\/site\/wp-json\/wp\/v2\/posts\/310216\/revisions"}],"predecessor-version":[{"id":310219,"href":"https:\/\/www.notibras.com\/site\/wp-json\/wp\/v2\/posts\/310216\/revisions\/310219"}],"wp:featuredmedia":[{"embeddable":true,"href":"https:\/\/www.notibras.com\/site\/wp-json\/wp\/v2\/media\/310217"}],"wp:attachment":[{"href":"https:\/\/www.notibras.com\/site\/wp-json\/wp\/v2\/media?parent=310216"}],"wp:term":[{"taxonomy":"category","embeddable":true,"href":"https:\/\/www.notibras.com\/site\/wp-json\/wp\/v2\/categories?post=310216"},{"taxonomy":"post_tag","embeddable":true,"href":"https:\/\/www.notibras.com\/site\/wp-json\/wp\/v2\/tags?post=310216"}],"curies":[{"name":"wp","href":"https:\/\/api.w.org\/{rel}","templated":true}]}}