{"id":310228,"date":"2023-08-04T09:07:10","date_gmt":"2023-08-04T12:07:10","guid":{"rendered":"https:\/\/www.notibras.com\/site\/?p=310228"},"modified":"2023-08-04T10:50:08","modified_gmt":"2023-08-04T13:50:08","slug":"governo-realiza-concurso-publico-com-814-vagas","status":"publish","type":"post","link":"https:\/\/www.notibras.com\/site\/governo-realiza-concurso-publico-com-814-vagas\/","title":{"rendered":"Governo realiza concurso p\u00fablico com 814 vagas"},"content":{"rendered":"<p>At\u00e9 o dia 25 de setembro, 17 unidades de pesquisa e a administra\u00e7\u00e3o central do Minist\u00e9rio da Ci\u00eancia, Tecnologia e Inova\u00e7\u00e3o (MCTI) dever\u00e3o lan\u00e7ar os editais para a realiza\u00e7\u00e3o do concurso p\u00fablico que vai oferecer 814 vagas para pesquisadores, tecnologistas e analistas em Ci\u00eancia &amp; Tecnologia. A medida foi publicada no Di\u00e1rio Oficial desta sexta-feira (4).<\/p>\n<p>O documento altera as portarias que estabelecem diretrizes, normas e procedimentos para a realiza\u00e7\u00e3o dos concursos p\u00fablicos para criar 253 cargos de pesquisador, da carreira de Pesquisa em Ci\u00eancia e Tecnologia, 265 cargos de tecnologista, da Carreira de Desenvolvimento Tecnol\u00f3gico e 158 cargos de analista em Ci\u00eancia e Tecnologia, da Carreira de Gest\u00e3o Planejamento e Infraestrutura em Ci\u00eancia e Tecnologia, al\u00e9m de 100 vagas para o cargo de analista em Ci\u00eancia e Tecnologia da carreira de Gest\u00e3o, Planejamento e Infraestrutura em Ci\u00eancia e Tecnologia<\/p>\n<p><strong>Unidades de pesquisa<\/strong><br \/>\nOs 714 cargos das unidades de pesquisa ser\u00e3o distribu\u00eddos entre o Centro Brasileiro de Pesquisas F\u00edsicas (CBPF), o Centro de Tecnologia da Informa\u00e7\u00e3o Renato Archer (CTI), Centro de Tecnologia Mineral (CETEM), o Centro de Tecnologias Estrat\u00e9gicas do Nordeste (CETENE), o Centro Nacional de Monitoramento e Alertas de Desastres Naturais (CEMADEN), o Instituto Brasileiro de Informa\u00e7\u00e3o em Ci\u00eancia e Tecnologia (IBICT), o Instituto Nacional da Mata Atl\u00e2ntica (INMA), o Instituto Nacional de Pesquisas da Amaz\u00f4nia (INPA), o Instituto Nacional de Pesquisas Espaciais (INPE), o Instituto Nacional de Pesquisas do Pantanal (INPP), o Instituto Nacional de Tecnologia (INT), o Instituto Nacional do Semi\u00e1rido (INSA), o Laborat\u00f3rio Nacional de Astrof\u00edsica (LNA), o Laborat\u00f3rio Nacional de Computa\u00e7\u00e3o Cient\u00edfica (LNCC), o Museu de Astronomia e Ci\u00eancias Afins (MAST), o Museu Paraense Em\u00edlio Goeldi (MPEG) e o Observat\u00f3rio Nacional (ON).<\/p>\n<p>Administra\u00e7\u00e3o Central<br \/>\nNa administra\u00e7\u00e3o central do MCTI, em Bras\u00edlia, 100 vagas ofertadas ser\u00e3o para n\u00edvel superior e dever\u00e3o ter edital publicado at\u00e9 o dia 25 de setembro deste ano.<\/p>\n","protected":false},"excerpt":{"rendered":"<p>At\u00e9 o dia 25 de setembro, 17 unidades de pesquisa e a administra\u00e7\u00e3o central do Minist\u00e9rio da Ci\u00eancia, Tecnologia e Inova\u00e7\u00e3o (MCTI) dever\u00e3o lan\u00e7ar os editais para a realiza\u00e7\u00e3o do concurso p\u00fablico que vai oferecer 814 vagas para pesquisadores, tecnologistas e analistas em Ci\u00eancia &amp; Tecnologia. A medida foi publicada no Di\u00e1rio Oficial desta sexta-feira [&hellip;]<\/p>\n","protected":false},"author":2,"featured_media":247195,"comment_status":"closed","ping_status":"closed","sticky":false,"template":"","format":"standard","meta":{"_acf_changed":false,"footnotes":""},"categories":[161],"tags":[],"class_list":["post-310228","post","type-post","status-publish","format-standard","has-post-thumbnail","hentry","category-quadradinho-em-foco"],"acf":[],"yoast_head":"<!-- This site is optimized with the Yoast SEO plugin v27.2 - https:\/\/yoast.com\/product\/yoast-seo-wordpress\/ -->\n<title>Governo realiza concurso p\u00fablico com 814 vagas - Notibras<\/title>\n<meta name=\"robots\" content=\"index, follow, max-snippet:-1, max-image-preview:large, max-video-preview:-1\" \/>\n<link rel=\"canonical\" href=\"https:\/\/www.notibras.com\/site\/governo-realiza-concurso-publico-com-814-vagas\/\" \/>\n<meta property=\"og:locale\" content=\"pt_BR\" \/>\n<meta property=\"og:type\" content=\"article\" \/>\n<meta property=\"og:title\" content=\"Governo realiza concurso p\u00fablico com 814 vagas - Notibras\" \/>\n<meta property=\"og:description\" content=\"At\u00e9 o dia 25 de setembro, 17 unidades de pesquisa e a administra\u00e7\u00e3o central do Minist\u00e9rio da Ci\u00eancia, Tecnologia e Inova\u00e7\u00e3o (MCTI) dever\u00e3o lan\u00e7ar os editais para a realiza\u00e7\u00e3o do concurso p\u00fablico que vai oferecer 814 vagas para pesquisadores, tecnologistas e analistas em Ci\u00eancia &amp; Tecnologia. A medida foi publicada no Di\u00e1rio Oficial desta sexta-feira [&hellip;]\" \/>\n<meta property=\"og:url\" content=\"https:\/\/www.notibras.com\/site\/governo-realiza-concurso-publico-com-814-vagas\/\" \/>\n<meta property=\"og:site_name\" content=\"Notibras\" \/>\n<meta property=\"article:publisher\" content=\"https:\/\/www.facebook.com\/notibras\/\" \/>\n<meta property=\"article:published_time\" content=\"2023-08-04T12:07:10+00:00\" \/>\n<meta property=\"article:modified_time\" content=\"2023-08-04T13:50:08+00:00\" \/>\n<meta property=\"og:image\" content=\"https:\/\/www.notibras.com\/site\/wp-content\/uploads\/2020\/12\/29.07.2019-Portaria-conjunta-fortalece-a-geracao-de-empregos-para-a-juventude.-Foto-Tony-Winston-Agencia-Brasilia-1024x680-1.jpg\" \/>\n\t<meta property=\"og:image:width\" content=\"1024\" \/>\n\t<meta property=\"og:image:height\" content=\"680\" \/>\n\t<meta property=\"og:image:type\" content=\"image\/jpeg\" \/>\n<meta name=\"author\" content=\"Reda\u00e7\u00e3o\" \/>\n<meta name=\"twitter:card\" content=\"summary_large_image\" \/>\n<meta name=\"twitter:creator\" content=\"@Notibras\" \/>\n<meta name=\"twitter:site\" content=\"@Notibras\" \/>\n<meta name=\"twitter:label1\" content=\"Escrito por\" \/>\n\t<meta name=\"twitter:data1\" content=\"Reda\u00e7\u00e3o\" \/>\n\t<meta name=\"twitter:label2\" content=\"Est. tempo de leitura\" \/>\n\t<meta name=\"twitter:data2\" content=\"2 minutos\" \/>\n<script type=\"application\/ld+json\" class=\"yoast-schema-graph\">{\"@context\":\"https:\/\/schema.org\",\"@graph\":[{\"@type\":\"Article\",\"@id\":\"https:\/\/www.notibras.com\/site\/governo-realiza-concurso-publico-com-814-vagas\/#article\",\"isPartOf\":{\"@id\":\"https:\/\/www.notibras.com\/site\/governo-realiza-concurso-publico-com-814-vagas\/\"},\"author\":{\"name\":\"Reda\u00e7\u00e3o\",\"@id\":\"https:\/\/www.notibras.com\/site\/#\/schema\/person\/36ab0979449956132d3e5b517ea76ac8\"},\"headline\":\"Governo realiza concurso p\u00fablico com 814 vagas\",\"datePublished\":\"2023-08-04T12:07:10+00:00\",\"dateModified\":\"2023-08-04T13:50:08+00:00\",\"mainEntityOfPage\":{\"@id\":\"https:\/\/www.notibras.com\/site\/governo-realiza-concurso-publico-com-814-vagas\/\"},\"wordCount\":347,\"publisher\":{\"@id\":\"https:\/\/www.notibras.com\/site\/#organization\"},\"image\":{\"@id\":\"https:\/\/www.notibras.com\/site\/governo-realiza-concurso-publico-com-814-vagas\/#primaryimage\"},\"thumbnailUrl\":\"https:\/\/www.notibras.com\/site\/wp-content\/uploads\/2020\/12\/29.07.2019-Portaria-conjunta-fortalece-a-geracao-de-empregos-para-a-juventude.-Foto-Tony-Winston-Agencia-Brasilia-1024x680-1.jpg\",\"articleSection\":[\"Quadradinho em Foco\"],\"inLanguage\":\"pt-BR\"},{\"@type\":\"WebPage\",\"@id\":\"https:\/\/www.notibras.com\/site\/governo-realiza-concurso-publico-com-814-vagas\/\",\"url\":\"https:\/\/www.notibras.com\/site\/governo-realiza-concurso-publico-com-814-vagas\/\",\"name\":\"Governo realiza concurso p\u00fablico com 814 vagas - Notibras\",\"isPartOf\":{\"@id\":\"https:\/\/www.notibras.com\/site\/#website\"},\"primaryImageOfPage\":{\"@id\":\"https:\/\/www.notibras.com\/site\/governo-realiza-concurso-publico-com-814-vagas\/#primaryimage\"},\"image\":{\"@id\":\"https:\/\/www.notibras.com\/site\/governo-realiza-concurso-publico-com-814-vagas\/#primaryimage\"},\"thumbnailUrl\":\"https:\/\/www.notibras.com\/site\/wp-content\/uploads\/2020\/12\/29.07.2019-Portaria-conjunta-fortalece-a-geracao-de-empregos-para-a-juventude.-Foto-Tony-Winston-Agencia-Brasilia-1024x680-1.jpg\",\"datePublished\":\"2023-08-04T12:07:10+00:00\",\"dateModified\":\"2023-08-04T13:50:08+00:00\",\"breadcrumb\":{\"@id\":\"https:\/\/www.notibras.com\/site\/governo-realiza-concurso-publico-com-814-vagas\/#breadcrumb\"},\"inLanguage\":\"pt-BR\",\"potentialAction\":[{\"@type\":\"ReadAction\",\"target\":[\"https:\/\/www.notibras.com\/site\/governo-realiza-concurso-publico-com-814-vagas\/\"]}]},{\"@type\":\"ImageObject\",\"inLanguage\":\"pt-BR\",\"@id\":\"https:\/\/www.notibras.com\/site\/governo-realiza-concurso-publico-com-814-vagas\/#primaryimage\",\"url\":\"https:\/\/www.notibras.com\/site\/wp-content\/uploads\/2020\/12\/29.07.2019-Portaria-conjunta-fortalece-a-geracao-de-empregos-para-a-juventude.-Foto-Tony-Winston-Agencia-Brasilia-1024x680-1.jpg\",\"contentUrl\":\"https:\/\/www.notibras.com\/site\/wp-content\/uploads\/2020\/12\/29.07.2019-Portaria-conjunta-fortalece-a-geracao-de-empregos-para-a-juventude.-Foto-Tony-Winston-Agencia-Brasilia-1024x680-1.jpg\",\"width\":1024,\"height\":680},{\"@type\":\"BreadcrumbList\",\"@id\":\"https:\/\/www.notibras.com\/site\/governo-realiza-concurso-publico-com-814-vagas\/#breadcrumb\",\"itemListElement\":[{\"@type\":\"ListItem\",\"position\":1,\"name\":\"In\u00edcio\",\"item\":\"https:\/\/www.notibras.com\/site\/\"},{\"@type\":\"ListItem\",\"position\":2,\"name\":\"Governo realiza concurso p\u00fablico com 814 vagas\"}]},{\"@type\":\"WebSite\",\"@id\":\"https:\/\/www.notibras.com\/site\/#website\",\"url\":\"https:\/\/www.notibras.com\/site\/\",\"name\":\"Notibras\",\"description\":\"Not\u00edcias de Bras\u00edlia, do Brasil e do Mundo\",\"publisher\":{\"@id\":\"https:\/\/www.notibras.com\/site\/#organization\"},\"potentialAction\":[{\"@type\":\"SearchAction\",\"target\":{\"@type\":\"EntryPoint\",\"urlTemplate\":\"https:\/\/www.notibras.com\/site\/?s={search_term_string}\"},\"query-input\":{\"@type\":\"PropertyValueSpecification\",\"valueRequired\":true,\"valueName\":\"search_term_string\"}}],\"inLanguage\":\"pt-BR\"},{\"@type\":\"Organization\",\"@id\":\"https:\/\/www.notibras.com\/site\/#organization\",\"name\":\"Grupo Notibras de Comunica\u00e7\u00e3o\",\"url\":\"https:\/\/www.notibras.com\/site\/\",\"logo\":{\"@type\":\"ImageObject\",\"inLanguage\":\"pt-BR\",\"@id\":\"https:\/\/www.notibras.com\/site\/#\/schema\/logo\/image\/\",\"url\":\"https:\/\/www.notibras.com\/site\/wp-content\/uploads\/2023\/01\/notibras23.png\",\"contentUrl\":\"https:\/\/www.notibras.com\/site\/wp-content\/uploads\/2023\/01\/notibras23.png\",\"width\":350,\"height\":87,\"caption\":\"Grupo Notibras de Comunica\u00e7\u00e3o\"},\"image\":{\"@id\":\"https:\/\/www.notibras.com\/site\/#\/schema\/logo\/image\/\"},\"sameAs\":[\"https:\/\/www.facebook.com\/notibras\/\",\"https:\/\/x.com\/Notibras\",\"https:\/\/www.instagram.com\/notibras\/\"]},{\"@type\":\"Person\",\"@id\":\"https:\/\/www.notibras.com\/site\/#\/schema\/person\/36ab0979449956132d3e5b517ea76ac8\",\"name\":\"Reda\u00e7\u00e3o\",\"image\":{\"@type\":\"ImageObject\",\"inLanguage\":\"pt-BR\",\"@id\":\"https:\/\/secure.gravatar.com\/avatar\/e0a867bdedb85fd243eadf09663511f96fc81e0720a4a42581f334ad4303aa6b?s=96&d=mm&r=g\",\"url\":\"https:\/\/secure.gravatar.com\/avatar\/e0a867bdedb85fd243eadf09663511f96fc81e0720a4a42581f334ad4303aa6b?s=96&d=mm&r=g\",\"contentUrl\":\"https:\/\/secure.gravatar.com\/avatar\/e0a867bdedb85fd243eadf09663511f96fc81e0720a4a42581f334ad4303aa6b?s=96&d=mm&r=g\",\"caption\":\"Reda\u00e7\u00e3o\"}}]}<\/script>\n<!-- \/ Yoast SEO plugin. -->","yoast_head_json":{"title":"Governo realiza concurso p\u00fablico com 814 vagas - Notibras","robots":{"index":"index","follow":"follow","max-snippet":"max-snippet:-1","max-image-preview":"max-image-preview:large","max-video-preview":"max-video-preview:-1"},"canonical":"https:\/\/www.notibras.com\/site\/governo-realiza-concurso-publico-com-814-vagas\/","og_locale":"pt_BR","og_type":"article","og_title":"Governo realiza concurso p\u00fablico com 814 vagas - Notibras","og_description":"At\u00e9 o dia 25 de setembro, 17 unidades de pesquisa e a administra\u00e7\u00e3o central do Minist\u00e9rio da Ci\u00eancia, Tecnologia e Inova\u00e7\u00e3o (MCTI) dever\u00e3o lan\u00e7ar os editais para a realiza\u00e7\u00e3o do concurso p\u00fablico que vai oferecer 814 vagas para pesquisadores, tecnologistas e analistas em Ci\u00eancia &amp; Tecnologia. A medida foi publicada no Di\u00e1rio Oficial desta sexta-feira [&hellip;]","og_url":"https:\/\/www.notibras.com\/site\/governo-realiza-concurso-publico-com-814-vagas\/","og_site_name":"Notibras","article_publisher":"https:\/\/www.facebook.com\/notibras\/","article_published_time":"2023-08-04T12:07:10+00:00","article_modified_time":"2023-08-04T13:50:08+00:00","og_image":[{"width":1024,"height":680,"url":"https:\/\/www.notibras.com\/site\/wp-content\/uploads\/2020\/12\/29.07.2019-Portaria-conjunta-fortalece-a-geracao-de-empregos-para-a-juventude.-Foto-Tony-Winston-Agencia-Brasilia-1024x680-1.jpg","type":"image\/jpeg"}],"author":"Reda\u00e7\u00e3o","twitter_card":"summary_large_image","twitter_creator":"@Notibras","twitter_site":"@Notibras","twitter_misc":{"Escrito por":"Reda\u00e7\u00e3o","Est. tempo de leitura":"2 minutos"},"schema":{"@context":"https:\/\/schema.org","@graph":[{"@type":"Article","@id":"https:\/\/www.notibras.com\/site\/governo-realiza-concurso-publico-com-814-vagas\/#article","isPartOf":{"@id":"https:\/\/www.notibras.com\/site\/governo-realiza-concurso-publico-com-814-vagas\/"},"author":{"name":"Reda\u00e7\u00e3o","@id":"https:\/\/www.notibras.com\/site\/#\/schema\/person\/36ab0979449956132d3e5b517ea76ac8"},"headline":"Governo realiza concurso p\u00fablico com 814 vagas","datePublished":"2023-08-04T12:07:10+00:00","dateModified":"2023-08-04T13:50:08+00:00","mainEntityOfPage":{"@id":"https:\/\/www.notibras.com\/site\/governo-realiza-concurso-publico-com-814-vagas\/"},"wordCount":347,"publisher":{"@id":"https:\/\/www.notibras.com\/site\/#organization"},"image":{"@id":"https:\/\/www.notibras.com\/site\/governo-realiza-concurso-publico-com-814-vagas\/#primaryimage"},"thumbnailUrl":"https:\/\/www.notibras.com\/site\/wp-content\/uploads\/2020\/12\/29.07.2019-Portaria-conjunta-fortalece-a-geracao-de-empregos-para-a-juventude.-Foto-Tony-Winston-Agencia-Brasilia-1024x680-1.jpg","articleSection":["Quadradinho em Foco"],"inLanguage":"pt-BR"},{"@type":"WebPage","@id":"https:\/\/www.notibras.com\/site\/governo-realiza-concurso-publico-com-814-vagas\/","url":"https:\/\/www.notibras.com\/site\/governo-realiza-concurso-publico-com-814-vagas\/","name":"Governo realiza concurso p\u00fablico com 814 vagas - Notibras","isPartOf":{"@id":"https:\/\/www.notibras.com\/site\/#website"},"primaryImageOfPage":{"@id":"https:\/\/www.notibras.com\/site\/governo-realiza-concurso-publico-com-814-vagas\/#primaryimage"},"image":{"@id":"https:\/\/www.notibras.com\/site\/governo-realiza-concurso-publico-com-814-vagas\/#primaryimage"},"thumbnailUrl":"https:\/\/www.notibras.com\/site\/wp-content\/uploads\/2020\/12\/29.07.2019-Portaria-conjunta-fortalece-a-geracao-de-empregos-para-a-juventude.-Foto-Tony-Winston-Agencia-Brasilia-1024x680-1.jpg","datePublished":"2023-08-04T12:07:10+00:00","dateModified":"2023-08-04T13:50:08+00:00","breadcrumb":{"@id":"https:\/\/www.notibras.com\/site\/governo-realiza-concurso-publico-com-814-vagas\/#breadcrumb"},"inLanguage":"pt-BR","potentialAction":[{"@type":"ReadAction","target":["https:\/\/www.notibras.com\/site\/governo-realiza-concurso-publico-com-814-vagas\/"]}]},{"@type":"ImageObject","inLanguage":"pt-BR","@id":"https:\/\/www.notibras.com\/site\/governo-realiza-concurso-publico-com-814-vagas\/#primaryimage","url":"https:\/\/www.notibras.com\/site\/wp-content\/uploads\/2020\/12\/29.07.2019-Portaria-conjunta-fortalece-a-geracao-de-empregos-para-a-juventude.-Foto-Tony-Winston-Agencia-Brasilia-1024x680-1.jpg","contentUrl":"https:\/\/www.notibras.com\/site\/wp-content\/uploads\/2020\/12\/29.07.2019-Portaria-conjunta-fortalece-a-geracao-de-empregos-para-a-juventude.-Foto-Tony-Winston-Agencia-Brasilia-1024x680-1.jpg","width":1024,"height":680},{"@type":"BreadcrumbList","@id":"https:\/\/www.notibras.com\/site\/governo-realiza-concurso-publico-com-814-vagas\/#breadcrumb","itemListElement":[{"@type":"ListItem","position":1,"name":"In\u00edcio","item":"https:\/\/www.notibras.com\/site\/"},{"@type":"ListItem","position":2,"name":"Governo realiza concurso p\u00fablico com 814 vagas"}]},{"@type":"WebSite","@id":"https:\/\/www.notibras.com\/site\/#website","url":"https:\/\/www.notibras.com\/site\/","name":"Notibras","description":"Not\u00edcias de Bras\u00edlia, do Brasil e do Mundo","publisher":{"@id":"https:\/\/www.notibras.com\/site\/#organization"},"potentialAction":[{"@type":"SearchAction","target":{"@type":"EntryPoint","urlTemplate":"https:\/\/www.notibras.com\/site\/?s={search_term_string}"},"query-input":{"@type":"PropertyValueSpecification","valueRequired":true,"valueName":"search_term_string"}}],"inLanguage":"pt-BR"},{"@type":"Organization","@id":"https:\/\/www.notibras.com\/site\/#organization","name":"Grupo Notibras de Comunica\u00e7\u00e3o","url":"https:\/\/www.notibras.com\/site\/","logo":{"@type":"ImageObject","inLanguage":"pt-BR","@id":"https:\/\/www.notibras.com\/site\/#\/schema\/logo\/image\/","url":"https:\/\/www.notibras.com\/site\/wp-content\/uploads\/2023\/01\/notibras23.png","contentUrl":"https:\/\/www.notibras.com\/site\/wp-content\/uploads\/2023\/01\/notibras23.png","width":350,"height":87,"caption":"Grupo Notibras de Comunica\u00e7\u00e3o"},"image":{"@id":"https:\/\/www.notibras.com\/site\/#\/schema\/logo\/image\/"},"sameAs":["https:\/\/www.facebook.com\/notibras\/","https:\/\/x.com\/Notibras","https:\/\/www.instagram.com\/notibras\/"]},{"@type":"Person","@id":"https:\/\/www.notibras.com\/site\/#\/schema\/person\/36ab0979449956132d3e5b517ea76ac8","name":"Reda\u00e7\u00e3o","image":{"@type":"ImageObject","inLanguage":"pt-BR","@id":"https:\/\/secure.gravatar.com\/avatar\/e0a867bdedb85fd243eadf09663511f96fc81e0720a4a42581f334ad4303aa6b?s=96&d=mm&r=g","url":"https:\/\/secure.gravatar.com\/avatar\/e0a867bdedb85fd243eadf09663511f96fc81e0720a4a42581f334ad4303aa6b?s=96&d=mm&r=g","contentUrl":"https:\/\/secure.gravatar.com\/avatar\/e0a867bdedb85fd243eadf09663511f96fc81e0720a4a42581f334ad4303aa6b?s=96&d=mm&r=g","caption":"Reda\u00e7\u00e3o"}}]}},"amp_enabled":true,"_links":{"self":[{"href":"https:\/\/www.notibras.com\/site\/wp-json\/wp\/v2\/posts\/310228","targetHints":{"allow":["GET"]}}],"collection":[{"href":"https:\/\/www.notibras.com\/site\/wp-json\/wp\/v2\/posts"}],"about":[{"href":"https:\/\/www.notibras.com\/site\/wp-json\/wp\/v2\/types\/post"}],"author":[{"embeddable":true,"href":"https:\/\/www.notibras.com\/site\/wp-json\/wp\/v2\/users\/2"}],"replies":[{"embeddable":true,"href":"https:\/\/www.notibras.com\/site\/wp-json\/wp\/v2\/comments?post=310228"}],"version-history":[{"count":1,"href":"https:\/\/www.notibras.com\/site\/wp-json\/wp\/v2\/posts\/310228\/revisions"}],"predecessor-version":[{"id":310229,"href":"https:\/\/www.notibras.com\/site\/wp-json\/wp\/v2\/posts\/310228\/revisions\/310229"}],"wp:featuredmedia":[{"embeddable":true,"href":"https:\/\/www.notibras.com\/site\/wp-json\/wp\/v2\/media\/247195"}],"wp:attachment":[{"href":"https:\/\/www.notibras.com\/site\/wp-json\/wp\/v2\/media?parent=310228"}],"wp:term":[{"taxonomy":"category","embeddable":true,"href":"https:\/\/www.notibras.com\/site\/wp-json\/wp\/v2\/categories?post=310228"},{"taxonomy":"post_tag","embeddable":true,"href":"https:\/\/www.notibras.com\/site\/wp-json\/wp\/v2\/tags?post=310228"}],"curies":[{"name":"wp","href":"https:\/\/api.w.org\/{rel}","templated":true}]}}