{"id":31023,"date":"2014-12-13T09:04:01","date_gmt":"2014-12-13T12:04:01","guid":{"rendered":"http:\/\/www.notibras.com\/site\/?p=31023"},"modified":"2014-12-13T09:04:44","modified_gmt":"2014-12-13T12:04:44","slug":"fi-lo-porque-qui-lo-faz-jovens-inexperientes-tropecarem-nas-proprias-pernas","status":"publish","type":"post","link":"https:\/\/www.notibras.com\/site\/fi-lo-porque-qui-lo-faz-jovens-inexperientes-tropecarem-nas-proprias-pernas\/","title":{"rendered":"Fi-lo porque qui-lo faz jovens trope\u00e7arem nas pr\u00f3prias pernas"},"content":{"rendered":"<p>Nos tempos atuais, os jovens est\u00e3o dedicando um esfor\u00e7o enorme para que sejam reconhecidos por suas compet\u00eancias e talentos. Grande parte deles sustenta uma dose de frustra\u00e7\u00e3o porque os gestores e o mercado de trabalho n\u00e3o apresentam desafios compat\u00edveis com suas capacidades, proporcionando apenas trabalhos operacionais e de baixa relev\u00e2ncia.<\/p>\n<p>Essa situa\u00e7\u00e3o \u00e9 recorrente nas reclama\u00e7\u00f5es que ou\u00e7o de jovens nas sess\u00f5es de mentoria que realizo. Parece que nenhum gestor est\u00e1 disposto a correr riscos e apostar nos profissionais mais novos, mesmo que eles apresentem certifica\u00e7\u00f5es de suas habilidades.<\/p>\n<p>Esse cen\u00e1rio teria contornos de injusti\u00e7a se apenas fosse um caso de preconceito corporativo, no qual os mais veteranos buscam limitar os mais jovens para garantir a perman\u00eancia de suas pr\u00f3prias fun\u00e7\u00f5es, talvez amea\u00e7adas por competentes e habilitados profissionais. Contudo, o contexto \u00e9 um pouco mais complexo e merece ser analisado a partir da observa\u00e7\u00e3o dos comportamentos que os jovens apresentam quando chegam ao mercado de trabalho.<\/p>\n<p>Um exemplo \u00e9 notar as intensas transforma\u00e7\u00f5es, principalmente por causa das novas tecnologias, que, literalmente, est\u00e3o se incorporando em nosso dia a dia. Isso permite que se avalie o jovem como um profissional mais imaturo e menos competente, pois \u00e9 clara uma irracional rela\u00e7\u00e3o de depend\u00eancia dos smartphones, tablets e internet, tirando o foco ou mantendo sua aten\u00e7\u00e3o em forma fragmentada e superficial.<\/p>\n<p>Outro exemplo \u00e9 o recorrente discurso dos jovens profissionais de sustentar suas atividades somente se estiverem &#8220;gostando de fazer&#8221;, esquecendo que, na maioria das vezes, &#8220;precisam fazer&#8221; mesmo sem gostar.<\/p>\n<blockquote><p>H\u00e1 um roteiro que torna o indiv\u00edduo s\u00e9rio e que faz com que ele seja levado a s\u00e9rio. Primeiro, \u00e9 importante que ele saiba o que pode fazer, depois deve considerar o que quer fazer e somente ap\u00f3s as duas condi\u00e7\u00f5es atendidas \u00e9 que se coloca o que gosta de fazer.<\/p><\/blockquote>\n<p>A invers\u00e3o dessa ordem transfere uma condi\u00e7\u00e3o de imobilidade de gest\u00e3o. Imagine que algu\u00e9m, para fazer algo, primeiro precise gostar, contudo, nunca passou pela experi\u00eancia. Certamente ir\u00e1 recuar diante do desafio ou mostrar-se inseguro. Imagine o desafio de gest\u00e3o em tentar desafiar algu\u00e9m a fazer algo que n\u00e3o quer ou ainda tentar criar condi\u00e7\u00f5es para fazer algo que n\u00e3o pode.<\/p>\n<p>O jovem profissional precisa substituir os conceitos: &#8220;fa\u00e7a o que gostar&#8221;, &#8220;use se te derem&#8221; e &#8220;comece se quiser&#8221;. E adotar: &#8220;comece onde voc\u00ea est\u00e1&#8221;, &#8220;use o que voc\u00ea tem&#8221; e &#8220;fa\u00e7a o que voc\u00ea pode&#8221;.<\/p>\n<p>\u00c9 chegado o momento dos jovens mostrarem que s\u00e3o s\u00e9rios e querem ser levados a s\u00e9rio, mas, para que isso aconte\u00e7a, n\u00e3o basta expor as expectativas de mudan\u00e7as. \u00c9 necess\u00e1rio que os jovens fa\u00e7am a mudan\u00e7a! Para isso, \u00e9 priorit\u00e1rio que eles sejam s\u00e9rios consigo mesmos, determinando um prop\u00f3sito e seguindo na dire\u00e7\u00e3o dele.<\/p>\n<p>N\u00e3o basta mais parecer s\u00e9rio, \u00e9 preciso ser s\u00e9rio, fazendo o que pode e usando os recursos que possui.<\/p>\n<p><strong>Sidnei Oliveira<\/strong><\/p>\n","protected":false},"excerpt":{"rendered":"<p>Nos tempos atuais, os jovens est\u00e3o dedicando um esfor\u00e7o enorme para que sejam reconhecidos por suas compet\u00eancias e talentos. Grande parte deles sustenta uma dose de frustra\u00e7\u00e3o porque os gestores e o mercado de trabalho n\u00e3o apresentam desafios compat\u00edveis com suas capacidades, proporcionando apenas trabalhos operacionais e de baixa relev\u00e2ncia. Essa situa\u00e7\u00e3o \u00e9 recorrente nas [&hellip;]<\/p>\n","protected":false},"author":2,"featured_media":31024,"comment_status":"open","ping_status":"closed","sticky":false,"template":"","format":"standard","meta":{"_acf_changed":false,"footnotes":""},"categories":[25],"tags":[],"class_list":["post-31023","post","type-post","status-publish","format-standard","has-post-thumbnail","hentry","category-opina-ai"],"acf":[],"yoast_head":"<!-- This site is optimized with the Yoast SEO plugin v27.2 - https:\/\/yoast.com\/product\/yoast-seo-wordpress\/ -->\n<title>Fi-lo porque qui-lo faz jovens trope\u00e7arem nas pr\u00f3prias pernas - Notibras<\/title>\n<meta name=\"robots\" content=\"index, follow, max-snippet:-1, max-image-preview:large, max-video-preview:-1\" \/>\n<link rel=\"canonical\" href=\"https:\/\/www.notibras.com\/site\/fi-lo-porque-qui-lo-faz-jovens-inexperientes-tropecarem-nas-proprias-pernas\/\" \/>\n<meta property=\"og:locale\" content=\"pt_BR\" \/>\n<meta property=\"og:type\" content=\"article\" \/>\n<meta property=\"og:title\" content=\"Fi-lo porque qui-lo faz jovens trope\u00e7arem nas pr\u00f3prias pernas - Notibras\" \/>\n<meta property=\"og:description\" content=\"Nos tempos atuais, os jovens est\u00e3o dedicando um esfor\u00e7o enorme para que sejam reconhecidos por suas compet\u00eancias e talentos. Grande parte deles sustenta uma dose de frustra\u00e7\u00e3o porque os gestores e o mercado de trabalho n\u00e3o apresentam desafios compat\u00edveis com suas capacidades, proporcionando apenas trabalhos operacionais e de baixa relev\u00e2ncia. Essa situa\u00e7\u00e3o \u00e9 recorrente nas [&hellip;]\" \/>\n<meta property=\"og:url\" content=\"https:\/\/www.notibras.com\/site\/fi-lo-porque-qui-lo-faz-jovens-inexperientes-tropecarem-nas-proprias-pernas\/\" \/>\n<meta property=\"og:site_name\" content=\"Notibras\" \/>\n<meta property=\"article:publisher\" content=\"https:\/\/www.facebook.com\/notibras\/\" \/>\n<meta property=\"article:published_time\" content=\"2014-12-13T12:04:01+00:00\" \/>\n<meta property=\"article:modified_time\" content=\"2014-12-13T12:04:44+00:00\" \/>\n<meta property=\"og:image\" content=\"https:\/\/www.notibras.com\/site\/wp-content\/uploads\/2014\/12\/janio-quadros-02-size-620.jpg\" \/>\n\t<meta property=\"og:image:width\" content=\"620\" \/>\n\t<meta property=\"og:image:height\" content=\"349\" \/>\n\t<meta property=\"og:image:type\" content=\"image\/jpeg\" \/>\n<meta name=\"author\" content=\"Reda\u00e7\u00e3o\" \/>\n<meta name=\"twitter:card\" content=\"summary_large_image\" \/>\n<meta name=\"twitter:creator\" content=\"@Notibras\" \/>\n<meta name=\"twitter:site\" content=\"@Notibras\" \/>\n<meta name=\"twitter:label1\" content=\"Escrito por\" \/>\n\t<meta name=\"twitter:data1\" content=\"Reda\u00e7\u00e3o\" \/>\n\t<meta name=\"twitter:label2\" content=\"Est. tempo de leitura\" \/>\n\t<meta name=\"twitter:data2\" content=\"3 minutos\" \/>\n<script type=\"application\/ld+json\" class=\"yoast-schema-graph\">{\"@context\":\"https:\/\/schema.org\",\"@graph\":[{\"@type\":\"Article\",\"@id\":\"https:\/\/www.notibras.com\/site\/fi-lo-porque-qui-lo-faz-jovens-inexperientes-tropecarem-nas-proprias-pernas\/#article\",\"isPartOf\":{\"@id\":\"https:\/\/www.notibras.com\/site\/fi-lo-porque-qui-lo-faz-jovens-inexperientes-tropecarem-nas-proprias-pernas\/\"},\"author\":{\"name\":\"Reda\u00e7\u00e3o\",\"@id\":\"https:\/\/www.notibras.com\/site\/#\/schema\/person\/36ab0979449956132d3e5b517ea76ac8\"},\"headline\":\"Fi-lo porque qui-lo faz jovens trope\u00e7arem nas pr\u00f3prias pernas\",\"datePublished\":\"2014-12-13T12:04:01+00:00\",\"dateModified\":\"2014-12-13T12:04:44+00:00\",\"mainEntityOfPage\":{\"@id\":\"https:\/\/www.notibras.com\/site\/fi-lo-porque-qui-lo-faz-jovens-inexperientes-tropecarem-nas-proprias-pernas\/\"},\"wordCount\":528,\"commentCount\":0,\"publisher\":{\"@id\":\"https:\/\/www.notibras.com\/site\/#organization\"},\"image\":{\"@id\":\"https:\/\/www.notibras.com\/site\/fi-lo-porque-qui-lo-faz-jovens-inexperientes-tropecarem-nas-proprias-pernas\/#primaryimage\"},\"thumbnailUrl\":\"https:\/\/www.notibras.com\/site\/wp-content\/uploads\/2014\/12\/janio-quadros-02-size-620.jpg\",\"articleSection\":[\"Opina a\u00ed\"],\"inLanguage\":\"pt-BR\",\"potentialAction\":[{\"@type\":\"CommentAction\",\"name\":\"Comment\",\"target\":[\"https:\/\/www.notibras.com\/site\/fi-lo-porque-qui-lo-faz-jovens-inexperientes-tropecarem-nas-proprias-pernas\/#respond\"]}]},{\"@type\":\"WebPage\",\"@id\":\"https:\/\/www.notibras.com\/site\/fi-lo-porque-qui-lo-faz-jovens-inexperientes-tropecarem-nas-proprias-pernas\/\",\"url\":\"https:\/\/www.notibras.com\/site\/fi-lo-porque-qui-lo-faz-jovens-inexperientes-tropecarem-nas-proprias-pernas\/\",\"name\":\"Fi-lo porque qui-lo faz jovens trope\u00e7arem nas pr\u00f3prias pernas - Notibras\",\"isPartOf\":{\"@id\":\"https:\/\/www.notibras.com\/site\/#website\"},\"primaryImageOfPage\":{\"@id\":\"https:\/\/www.notibras.com\/site\/fi-lo-porque-qui-lo-faz-jovens-inexperientes-tropecarem-nas-proprias-pernas\/#primaryimage\"},\"image\":{\"@id\":\"https:\/\/www.notibras.com\/site\/fi-lo-porque-qui-lo-faz-jovens-inexperientes-tropecarem-nas-proprias-pernas\/#primaryimage\"},\"thumbnailUrl\":\"https:\/\/www.notibras.com\/site\/wp-content\/uploads\/2014\/12\/janio-quadros-02-size-620.jpg\",\"datePublished\":\"2014-12-13T12:04:01+00:00\",\"dateModified\":\"2014-12-13T12:04:44+00:00\",\"breadcrumb\":{\"@id\":\"https:\/\/www.notibras.com\/site\/fi-lo-porque-qui-lo-faz-jovens-inexperientes-tropecarem-nas-proprias-pernas\/#breadcrumb\"},\"inLanguage\":\"pt-BR\",\"potentialAction\":[{\"@type\":\"ReadAction\",\"target\":[\"https:\/\/www.notibras.com\/site\/fi-lo-porque-qui-lo-faz-jovens-inexperientes-tropecarem-nas-proprias-pernas\/\"]}]},{\"@type\":\"ImageObject\",\"inLanguage\":\"pt-BR\",\"@id\":\"https:\/\/www.notibras.com\/site\/fi-lo-porque-qui-lo-faz-jovens-inexperientes-tropecarem-nas-proprias-pernas\/#primaryimage\",\"url\":\"https:\/\/www.notibras.com\/site\/wp-content\/uploads\/2014\/12\/janio-quadros-02-size-620.jpg\",\"contentUrl\":\"https:\/\/www.notibras.com\/site\/wp-content\/uploads\/2014\/12\/janio-quadros-02-size-620.jpg\",\"width\":620,\"height\":349},{\"@type\":\"BreadcrumbList\",\"@id\":\"https:\/\/www.notibras.com\/site\/fi-lo-porque-qui-lo-faz-jovens-inexperientes-tropecarem-nas-proprias-pernas\/#breadcrumb\",\"itemListElement\":[{\"@type\":\"ListItem\",\"position\":1,\"name\":\"In\u00edcio\",\"item\":\"https:\/\/www.notibras.com\/site\/\"},{\"@type\":\"ListItem\",\"position\":2,\"name\":\"Fi-lo porque qui-lo faz jovens trope\u00e7arem nas pr\u00f3prias pernas\"}]},{\"@type\":\"WebSite\",\"@id\":\"https:\/\/www.notibras.com\/site\/#website\",\"url\":\"https:\/\/www.notibras.com\/site\/\",\"name\":\"Notibras\",\"description\":\"Not\u00edcias de Bras\u00edlia, do Brasil e do Mundo\",\"publisher\":{\"@id\":\"https:\/\/www.notibras.com\/site\/#organization\"},\"potentialAction\":[{\"@type\":\"SearchAction\",\"target\":{\"@type\":\"EntryPoint\",\"urlTemplate\":\"https:\/\/www.notibras.com\/site\/?s={search_term_string}\"},\"query-input\":{\"@type\":\"PropertyValueSpecification\",\"valueRequired\":true,\"valueName\":\"search_term_string\"}}],\"inLanguage\":\"pt-BR\"},{\"@type\":\"Organization\",\"@id\":\"https:\/\/www.notibras.com\/site\/#organization\",\"name\":\"Grupo Notibras de Comunica\u00e7\u00e3o\",\"url\":\"https:\/\/www.notibras.com\/site\/\",\"logo\":{\"@type\":\"ImageObject\",\"inLanguage\":\"pt-BR\",\"@id\":\"https:\/\/www.notibras.com\/site\/#\/schema\/logo\/image\/\",\"url\":\"https:\/\/www.notibras.com\/site\/wp-content\/uploads\/2023\/01\/notibras23.png\",\"contentUrl\":\"https:\/\/www.notibras.com\/site\/wp-content\/uploads\/2023\/01\/notibras23.png\",\"width\":350,\"height\":87,\"caption\":\"Grupo Notibras de Comunica\u00e7\u00e3o\"},\"image\":{\"@id\":\"https:\/\/www.notibras.com\/site\/#\/schema\/logo\/image\/\"},\"sameAs\":[\"https:\/\/www.facebook.com\/notibras\/\",\"https:\/\/x.com\/Notibras\",\"https:\/\/www.instagram.com\/notibras\/\"]},{\"@type\":\"Person\",\"@id\":\"https:\/\/www.notibras.com\/site\/#\/schema\/person\/36ab0979449956132d3e5b517ea76ac8\",\"name\":\"Reda\u00e7\u00e3o\",\"image\":{\"@type\":\"ImageObject\",\"inLanguage\":\"pt-BR\",\"@id\":\"https:\/\/secure.gravatar.com\/avatar\/e0a867bdedb85fd243eadf09663511f96fc81e0720a4a42581f334ad4303aa6b?s=96&d=mm&r=g\",\"url\":\"https:\/\/secure.gravatar.com\/avatar\/e0a867bdedb85fd243eadf09663511f96fc81e0720a4a42581f334ad4303aa6b?s=96&d=mm&r=g\",\"contentUrl\":\"https:\/\/secure.gravatar.com\/avatar\/e0a867bdedb85fd243eadf09663511f96fc81e0720a4a42581f334ad4303aa6b?s=96&d=mm&r=g\",\"caption\":\"Reda\u00e7\u00e3o\"}}]}<\/script>\n<!-- \/ Yoast SEO plugin. -->","yoast_head_json":{"title":"Fi-lo porque qui-lo faz jovens trope\u00e7arem nas pr\u00f3prias pernas - Notibras","robots":{"index":"index","follow":"follow","max-snippet":"max-snippet:-1","max-image-preview":"max-image-preview:large","max-video-preview":"max-video-preview:-1"},"canonical":"https:\/\/www.notibras.com\/site\/fi-lo-porque-qui-lo-faz-jovens-inexperientes-tropecarem-nas-proprias-pernas\/","og_locale":"pt_BR","og_type":"article","og_title":"Fi-lo porque qui-lo faz jovens trope\u00e7arem nas pr\u00f3prias pernas - Notibras","og_description":"Nos tempos atuais, os jovens est\u00e3o dedicando um esfor\u00e7o enorme para que sejam reconhecidos por suas compet\u00eancias e talentos. Grande parte deles sustenta uma dose de frustra\u00e7\u00e3o porque os gestores e o mercado de trabalho n\u00e3o apresentam desafios compat\u00edveis com suas capacidades, proporcionando apenas trabalhos operacionais e de baixa relev\u00e2ncia. Essa situa\u00e7\u00e3o \u00e9 recorrente nas [&hellip;]","og_url":"https:\/\/www.notibras.com\/site\/fi-lo-porque-qui-lo-faz-jovens-inexperientes-tropecarem-nas-proprias-pernas\/","og_site_name":"Notibras","article_publisher":"https:\/\/www.facebook.com\/notibras\/","article_published_time":"2014-12-13T12:04:01+00:00","article_modified_time":"2014-12-13T12:04:44+00:00","og_image":[{"width":620,"height":349,"url":"https:\/\/www.notibras.com\/site\/wp-content\/uploads\/2014\/12\/janio-quadros-02-size-620.jpg","type":"image\/jpeg"}],"author":"Reda\u00e7\u00e3o","twitter_card":"summary_large_image","twitter_creator":"@Notibras","twitter_site":"@Notibras","twitter_misc":{"Escrito por":"Reda\u00e7\u00e3o","Est. tempo de leitura":"3 minutos"},"schema":{"@context":"https:\/\/schema.org","@graph":[{"@type":"Article","@id":"https:\/\/www.notibras.com\/site\/fi-lo-porque-qui-lo-faz-jovens-inexperientes-tropecarem-nas-proprias-pernas\/#article","isPartOf":{"@id":"https:\/\/www.notibras.com\/site\/fi-lo-porque-qui-lo-faz-jovens-inexperientes-tropecarem-nas-proprias-pernas\/"},"author":{"name":"Reda\u00e7\u00e3o","@id":"https:\/\/www.notibras.com\/site\/#\/schema\/person\/36ab0979449956132d3e5b517ea76ac8"},"headline":"Fi-lo porque qui-lo faz jovens trope\u00e7arem nas pr\u00f3prias pernas","datePublished":"2014-12-13T12:04:01+00:00","dateModified":"2014-12-13T12:04:44+00:00","mainEntityOfPage":{"@id":"https:\/\/www.notibras.com\/site\/fi-lo-porque-qui-lo-faz-jovens-inexperientes-tropecarem-nas-proprias-pernas\/"},"wordCount":528,"commentCount":0,"publisher":{"@id":"https:\/\/www.notibras.com\/site\/#organization"},"image":{"@id":"https:\/\/www.notibras.com\/site\/fi-lo-porque-qui-lo-faz-jovens-inexperientes-tropecarem-nas-proprias-pernas\/#primaryimage"},"thumbnailUrl":"https:\/\/www.notibras.com\/site\/wp-content\/uploads\/2014\/12\/janio-quadros-02-size-620.jpg","articleSection":["Opina a\u00ed"],"inLanguage":"pt-BR","potentialAction":[{"@type":"CommentAction","name":"Comment","target":["https:\/\/www.notibras.com\/site\/fi-lo-porque-qui-lo-faz-jovens-inexperientes-tropecarem-nas-proprias-pernas\/#respond"]}]},{"@type":"WebPage","@id":"https:\/\/www.notibras.com\/site\/fi-lo-porque-qui-lo-faz-jovens-inexperientes-tropecarem-nas-proprias-pernas\/","url":"https:\/\/www.notibras.com\/site\/fi-lo-porque-qui-lo-faz-jovens-inexperientes-tropecarem-nas-proprias-pernas\/","name":"Fi-lo porque qui-lo faz jovens trope\u00e7arem nas pr\u00f3prias pernas - Notibras","isPartOf":{"@id":"https:\/\/www.notibras.com\/site\/#website"},"primaryImageOfPage":{"@id":"https:\/\/www.notibras.com\/site\/fi-lo-porque-qui-lo-faz-jovens-inexperientes-tropecarem-nas-proprias-pernas\/#primaryimage"},"image":{"@id":"https:\/\/www.notibras.com\/site\/fi-lo-porque-qui-lo-faz-jovens-inexperientes-tropecarem-nas-proprias-pernas\/#primaryimage"},"thumbnailUrl":"https:\/\/www.notibras.com\/site\/wp-content\/uploads\/2014\/12\/janio-quadros-02-size-620.jpg","datePublished":"2014-12-13T12:04:01+00:00","dateModified":"2014-12-13T12:04:44+00:00","breadcrumb":{"@id":"https:\/\/www.notibras.com\/site\/fi-lo-porque-qui-lo-faz-jovens-inexperientes-tropecarem-nas-proprias-pernas\/#breadcrumb"},"inLanguage":"pt-BR","potentialAction":[{"@type":"ReadAction","target":["https:\/\/www.notibras.com\/site\/fi-lo-porque-qui-lo-faz-jovens-inexperientes-tropecarem-nas-proprias-pernas\/"]}]},{"@type":"ImageObject","inLanguage":"pt-BR","@id":"https:\/\/www.notibras.com\/site\/fi-lo-porque-qui-lo-faz-jovens-inexperientes-tropecarem-nas-proprias-pernas\/#primaryimage","url":"https:\/\/www.notibras.com\/site\/wp-content\/uploads\/2014\/12\/janio-quadros-02-size-620.jpg","contentUrl":"https:\/\/www.notibras.com\/site\/wp-content\/uploads\/2014\/12\/janio-quadros-02-size-620.jpg","width":620,"height":349},{"@type":"BreadcrumbList","@id":"https:\/\/www.notibras.com\/site\/fi-lo-porque-qui-lo-faz-jovens-inexperientes-tropecarem-nas-proprias-pernas\/#breadcrumb","itemListElement":[{"@type":"ListItem","position":1,"name":"In\u00edcio","item":"https:\/\/www.notibras.com\/site\/"},{"@type":"ListItem","position":2,"name":"Fi-lo porque qui-lo faz jovens trope\u00e7arem nas pr\u00f3prias pernas"}]},{"@type":"WebSite","@id":"https:\/\/www.notibras.com\/site\/#website","url":"https:\/\/www.notibras.com\/site\/","name":"Notibras","description":"Not\u00edcias de Bras\u00edlia, do Brasil e do Mundo","publisher":{"@id":"https:\/\/www.notibras.com\/site\/#organization"},"potentialAction":[{"@type":"SearchAction","target":{"@type":"EntryPoint","urlTemplate":"https:\/\/www.notibras.com\/site\/?s={search_term_string}"},"query-input":{"@type":"PropertyValueSpecification","valueRequired":true,"valueName":"search_term_string"}}],"inLanguage":"pt-BR"},{"@type":"Organization","@id":"https:\/\/www.notibras.com\/site\/#organization","name":"Grupo Notibras de Comunica\u00e7\u00e3o","url":"https:\/\/www.notibras.com\/site\/","logo":{"@type":"ImageObject","inLanguage":"pt-BR","@id":"https:\/\/www.notibras.com\/site\/#\/schema\/logo\/image\/","url":"https:\/\/www.notibras.com\/site\/wp-content\/uploads\/2023\/01\/notibras23.png","contentUrl":"https:\/\/www.notibras.com\/site\/wp-content\/uploads\/2023\/01\/notibras23.png","width":350,"height":87,"caption":"Grupo Notibras de Comunica\u00e7\u00e3o"},"image":{"@id":"https:\/\/www.notibras.com\/site\/#\/schema\/logo\/image\/"},"sameAs":["https:\/\/www.facebook.com\/notibras\/","https:\/\/x.com\/Notibras","https:\/\/www.instagram.com\/notibras\/"]},{"@type":"Person","@id":"https:\/\/www.notibras.com\/site\/#\/schema\/person\/36ab0979449956132d3e5b517ea76ac8","name":"Reda\u00e7\u00e3o","image":{"@type":"ImageObject","inLanguage":"pt-BR","@id":"https:\/\/secure.gravatar.com\/avatar\/e0a867bdedb85fd243eadf09663511f96fc81e0720a4a42581f334ad4303aa6b?s=96&d=mm&r=g","url":"https:\/\/secure.gravatar.com\/avatar\/e0a867bdedb85fd243eadf09663511f96fc81e0720a4a42581f334ad4303aa6b?s=96&d=mm&r=g","contentUrl":"https:\/\/secure.gravatar.com\/avatar\/e0a867bdedb85fd243eadf09663511f96fc81e0720a4a42581f334ad4303aa6b?s=96&d=mm&r=g","caption":"Reda\u00e7\u00e3o"}}]}},"amp_enabled":true,"_links":{"self":[{"href":"https:\/\/www.notibras.com\/site\/wp-json\/wp\/v2\/posts\/31023","targetHints":{"allow":["GET"]}}],"collection":[{"href":"https:\/\/www.notibras.com\/site\/wp-json\/wp\/v2\/posts"}],"about":[{"href":"https:\/\/www.notibras.com\/site\/wp-json\/wp\/v2\/types\/post"}],"author":[{"embeddable":true,"href":"https:\/\/www.notibras.com\/site\/wp-json\/wp\/v2\/users\/2"}],"replies":[{"embeddable":true,"href":"https:\/\/www.notibras.com\/site\/wp-json\/wp\/v2\/comments?post=31023"}],"version-history":[{"count":0,"href":"https:\/\/www.notibras.com\/site\/wp-json\/wp\/v2\/posts\/31023\/revisions"}],"wp:featuredmedia":[{"embeddable":true,"href":"https:\/\/www.notibras.com\/site\/wp-json\/wp\/v2\/media\/31024"}],"wp:attachment":[{"href":"https:\/\/www.notibras.com\/site\/wp-json\/wp\/v2\/media?parent=31023"}],"wp:term":[{"taxonomy":"category","embeddable":true,"href":"https:\/\/www.notibras.com\/site\/wp-json\/wp\/v2\/categories?post=31023"},{"taxonomy":"post_tag","embeddable":true,"href":"https:\/\/www.notibras.com\/site\/wp-json\/wp\/v2\/tags?post=31023"}],"curies":[{"name":"wp","href":"https:\/\/api.w.org\/{rel}","templated":true}]}}