{"id":310230,"date":"2023-08-04T09:04:00","date_gmt":"2023-08-04T12:04:00","guid":{"rendered":"https:\/\/www.notibras.com\/site\/?p=310230"},"modified":"2023-08-04T10:57:02","modified_gmt":"2023-08-04T13:57:02","slug":"amamentacao-pode-ser-apoiada-pelas-empresas","status":"publish","type":"post","link":"https:\/\/www.notibras.com\/site\/amamentacao-pode-ser-apoiada-pelas-empresas\/","title":{"rendered":"Amamenta\u00e7\u00e3o pode ser apoiada pelas empresas"},"content":{"rendered":"<p>Menos da metade das crian\u00e7as brasileiras (45,7%) s\u00e3o amamentadas de forma exclusiva nos primeiros seis meses de vida, segundo o Estudo Nacional de Alimenta\u00e7\u00e3o e Nutri\u00e7\u00e3o Infantil (ENANI) publicado em 2021. Uma das Metas Globais de Nutri\u00e7\u00e3o da Agenda 30, da Organiza\u00e7\u00e3o Pan-Americana de Sa\u00fade (OPAS\/OMS), \u00e9 subir esse n\u00famero para 70% at\u00e9 2030.<\/p>\n<p>A preval\u00eancia de aleitamento materno continuado no segundo ano de vida (entre crian\u00e7as de 12 a 23 meses de vida) \u00e9 de 43,6% das crian\u00e7as, ou seja, a maioria das crian\u00e7as nesta faixa et\u00e1ria n\u00e3o estava sendo beneficiada pela amamenta\u00e7\u00e3o prolongada.<\/p>\n<p>Para que que mulher consiga prolongar a amamenta\u00e7\u00e3o, precisa de apoio das empresas em que trabalha. Al\u00e9m de ter \u00e0 disposi\u00e7\u00e3o espa\u00e7os para amamentar, ser acolhida e ter seu direito respeitado pelas pessoas, no trabalho e em casa.<\/p>\n<p>A engenheira qu\u00edmica D\u00e9bora Cordeiro conta com uma sala de amamenta\u00e7\u00e3o onde trabalha, em uma ind\u00fastria de alimentos. \u201cTemos um lact\u00e1rio no pr\u00e9dio. H\u00e1 acesso restrito, poltronas confort\u00e1veis, ilumina\u00e7\u00e3o adequada, uma pia para lavagem dos equipamentos, tomadas pr\u00f3ximas a poltrona e tem um freezer para armazenarmos o leite at\u00e9 a hora de ir embora\u201d.<\/p>\n<p>Ela tem uma filha de um ano e um m\u00eas e pretende seguir com a amamenta\u00e7\u00e3o. \u201cQuero muito amamentar pelo menos at\u00e9 ela completar dois anos, ou pelo tempo que for bom para n\u00f3s duas\u201d, explicou. Mas, este espa\u00e7o que a engenheira tem dispon\u00edvel no trabalho n\u00e3o \u00e9 comum para milhares de trabalhadoras.<\/p>\n<p>\u201cEsses locais salvam a amamenta\u00e7\u00e3o. A licen\u00e7a maternidade no Brasil hoje \u00e9 4 meses e a recomenda\u00e7\u00e3o \u00e9 de amamenta\u00e7\u00e3o exclusiva at\u00e9 seis meses, al\u00e9m do leite materno ser a principal fonte de nutrientes do beb\u00ea no primeiro ano de vida. Essa conta n\u00e3o fecha. Se a mulher precisa voltar a trabalhar com quatro meses, ela precisa de um lugar adequado, limpo e tranquilo para ordenhar. Ordenhar n\u00e3o \u00e9 f\u00e1cil. Exige tempo, esfor\u00e7o e organiza\u00e7\u00e3o e o espa\u00e7o adequado \u00e9 o m\u00ednimo. Sei que a empresa que trabalho \u00e9 minoria hoje em dia e muitas mulheres precisam ordenhar em salas de reuni\u00e3o, seus escrit\u00f3rios ou at\u00e9 em banheiros. Para mim, um lact\u00e1rio deveria ser mandat\u00f3rio em todas as empresas. A aus\u00eancia desses espa\u00e7os \u00e9 um refor\u00e7o \u00e0 cultura do desmame, que ainda \u00e9 t\u00e3o forte no Brasil\u201d, opina D\u00e9bora.<\/p>\n<p>A Organiza\u00e7\u00e3o Mundial da Sa\u00fade (OMS) recomenda a amamenta\u00e7\u00e3o exclusiva por, pelo menos, at\u00e9 seis meses de vida, refor\u00e7a que as crian\u00e7as sejam amamentadas at\u00e9 os dois anos ou mais. Segundo a OMS e o Fundo das Na\u00e7\u00f5es Unidas para a Inf\u00e2ncia (Unicef), em torno de 6 milh\u00f5es de vidas de crian\u00e7as s\u00e3o salvas a cada ano por causa do aumento das taxas de amamenta\u00e7\u00e3o exclusiva at\u00e9 o sexto m\u00eas de vida.<\/p>\n<p>\u201cA sociedade deveria entender que amamentar \u00e9 um direito humano que precisa ser encorajado, respeitado e cumprido\u201d, afirma a enfermeira obstetra Mylla Calefi, consultora em amamenta\u00e7\u00e3o na Theia, plataforma de cuidados online, focada em preconcep\u00e7\u00e3o, pr\u00e9-natal, parto e p\u00f3s-parto. Para a especialista, &#8220;o segredo para a amamenta\u00e7\u00e3o duradoura \u00e9 o apoio, tamb\u00e9m dos locais de trabalho&#8221;.<\/p>\n<p>\u201cO segredo \u00e9 muito apoio da fam\u00edlia, da sociedade e do ambiente de trabalho. Muitas mulheres enfrentam dificuldades quando retornam da licen\u00e7a maternidade, pois a maioria dos locais ainda n\u00e3o possui um espa\u00e7o pr\u00f3prio, al\u00e9m da falta de uma rotina de pausas durante a jornada de trabalho para que as m\u00e3es consigam extrair e armazenar o leite. Percebo que, o fato de as mulheres pararem o trabalho algumas vezes durante o dia para amamentar, ou extrair o leite, ainda causa inc\u00f4modo nas equipes\u201d.<\/p>\n<p>A amamenta\u00e7\u00e3o prolongada ajuda a evitar at\u00e9 \u00e0s faltas das m\u00e3es ao trabalho, destaca a enfermeira. \u201cA amamenta\u00e7\u00e3o \u00e9 importante em v\u00e1rios sentidos, inclusive, para fortalecer o v\u00ednculo da mulher com a empresa, pois, beb\u00eas que s\u00e3o amamentados exclusivamente adoecem menos, e isso reduz o \u00edndice de afastamentos e sa\u00eddas\u201d, destaca.<\/p>\n<p>Muitas mulheres enfrentam resist\u00eancia e muitos obst\u00e1culos ainda, pois n\u00e3o conseguem seguir uma rotina de pausas durante a jornada de trabalho para extra\u00e7\u00e3o do leite. No entanto, sabe-se que \u00e9 o alimento mais completo e acess\u00edvel do mundo. Ajuda na preven\u00e7\u00e3o de todos os tipos de infec\u00e7\u00e3o, nos quadros de alergia, na melhor adapta\u00e7\u00e3o durante a introdu\u00e7\u00e3o alimentar, al\u00e9m de prevenir complica\u00e7\u00f5es de sa\u00fade como diabetes, colesterol e obesidade infantil no futuro.<\/p>\n<p>\u201cO ato de amamentar auxilia muito no desenvolvimento orofacial do beb\u00ea e permite um ganho de peso adequado. Al\u00e9m desse benef\u00edcio, aumenta o fortalecimento do v\u00ednculo entre m\u00e3e e beb\u00ea, est\u00edmulo das mamas para produ\u00e7\u00e3o de leite e preven\u00e7\u00e3o de condi\u00e7\u00f5es como ingurgitamento mam\u00e1rio, ou seja, a produ\u00e7\u00e3o e ac\u00famulo excessivo de leite nas mamas\u201d, alerta a profissional que \u00e9 graduada pela Universidade Federal de S\u00e3o Paulo e especialista em obstetr\u00edcia pelo Hospital Sofia Feldman.<\/p>\n<p><strong>Salas de amamenta\u00e7\u00e3o<\/strong><br \/>\nDe acordo com a Nota T\u00e9cnica do Fundo Nacional de Desenvolvimento da Educa\u00e7\u00e3o (FNDE),<\/p>\n<p>A sala de amamenta\u00e7\u00e3o pode ser utilizada para que a mulher amamente seu filho ou para que ela fa\u00e7a a extra\u00e7\u00e3o do seu leite para que seja armazenado e ofertado \u00e0 crian\u00e7a no hor\u00e1rio das refei\u00e7\u00f5es na escola ou em casa.<\/p>\n<p>A nota destaca que o ambiente destinado \u00e0 sala de apoio \u00e0 amamenta\u00e7\u00e3o deve ser favor\u00e1vel ao reflexo de descida do leite materno, como um ambiente tranquilo e confort\u00e1vel, que permita a adequada acomoda\u00e7\u00e3o da mulher, sem interrup\u00e7\u00f5es e interfer\u00eancias externas, e que proporcione privacidade \u00e0 trabalhadora.<\/p>\n<p>As empresas podem se orientar pelas normas do Guia para implanta\u00e7\u00e3o de salas de apoio \u00e0 amamenta\u00e7\u00e3o para a Mulher Trabalhadora, do Minist\u00e9rio da Sa\u00fade.<\/p>\n<p>A empresa multinacional 3M conta com tr\u00eas salas de amamenta\u00e7\u00e3o em suas f\u00e1bricas: em Sumar\u00e9 (SP) desde 2018; em Manaus (AM) desde 2022 e em Ribeir\u00e3o Preto (SP) desde maio deste ano.<\/p>\n<p>A quarta sala ser\u00e1 inaugurada este m\u00eas na unidade de Itapetininga (SP) durante as celebra\u00e7\u00f5es do Agosto Dourado. Segundo a empresa, at\u00e9 o momento foram beneficiadas 167 trabalhadoras; entre funcion\u00e1rias 3M e colaboradoras de empresas parceiras.<\/p>\n<p>A sala de apoio \u00e0 amamenta\u00e7\u00e3o \u00e9 resultado da parceria entre o Grupo de Afinidade de Lideran\u00e7a Femininada da 3M e a \u00e1rea de Medicina Ocupacional da organiza\u00e7\u00e3o. A parceria veio ap\u00f3s o questionamento de um grupo de funcion\u00e1rias ser acolhido como demanda pela organiza\u00e7\u00e3o: elas pediam um melhor acolhimento das rec\u00e9m m\u00e3es que voltam da licen\u00e7a maternidade e querem seguir amamentando seus filhos.<\/p>\n<p>A partir dessa demanda, a 3M desenvolveu o Programa Maternar e construiu a primeira sala, al\u00e9m de iniciar um programa de sa\u00fade para gestantes da empresa.<\/p>\n<p>A t\u00e9cnica de enfermagem do trabalho da 3M Brasil, Marcela Barbai, diz que os benef\u00edcios da sala de amamenta\u00e7\u00e3o para as funcion\u00e1rias s\u00e3o diversos. \u201cAs vantagens e benef\u00edcios s\u00e3o in\u00fameros e muito significativos: desde o acolhimento em um espa\u00e7o exclusivo para a coleta do leite, com estrutura e equipamentos adequados, al\u00edvio dos sintomas de leite empedrado, extens\u00e3o do aleitamento materno para al\u00e9m da licen\u00e7a e seus in\u00fameros benef\u00edcios para a sa\u00fade do beb\u00ea, o que contribuem para a constru\u00e7\u00e3o um ambiente de trabalho com equidade, diversidade e inclus\u00e3o\u201d.<\/p>\n<p><strong>Salas nas UBS<\/strong><br \/>\nSalas de amamenta\u00e7\u00e3o, a partir de agora, far\u00e3o parte dos projetos de constru\u00e7\u00e3o de Unidades B\u00e1sicas de Sa\u00fade. Um projeto piloto do Minist\u00e9rio da Sa\u00fade est\u00e1 em fase de implanta\u00e7\u00e3o desses espa\u00e7os tamb\u00e9m em unidades que j\u00e1 est\u00e3o em funcionamento, come\u00e7ando em cinco estados: Par\u00e1, Para\u00edba, Distrito Federal, S\u00e3o Paulo e Paran\u00e1. A iniciativa visa apoiar m\u00e3es que trabalham fora, especialmente aquelas que est\u00e3o no mercado informal e n\u00e3o t\u00eam o amparo da legisla\u00e7\u00e3o.<\/p>\n<p><strong>Semana Mundial de Amamenta\u00e7\u00e3o<\/strong><br \/>\nCelebrada sempre na primeira semana de agosto, a Semana Mundial da Amamenta\u00e7\u00e3o \u00e9 organizada e coordenada globalmente pela Alian\u00e7a Mundial para A\u00e7\u00e3o em Aleitamento Materno (World Alliance for Breastfeeding Action &#8211; WABA). O objetivo \u00e9 sensibilizar a sociedade para a import\u00e2ncia da amamenta\u00e7\u00e3o e seu papel na prote\u00e7\u00e3o dessa pr\u00e1tica, considerando o impacto do aleitamento na sa\u00fade da crian\u00e7a, da mulher, da sociedade e do planeta.<\/p>\n<p>Iniciativas que podem ajudar a trabalhadora a amamentar por mais tempo:<\/p>\n<p>&#8211; Criar um ambiente de trabalho compreensivo e acolhedor, que a mulher consiga se ausentar para extrair o pr\u00f3prio leite, sem o &#8220;peso na consci\u00eancia&#8221; de estar atrapalhando o trabalho em equipe;<\/p>\n<p>&#8211; Flexibilizar a jornada de trabalho, permitir mais o trabalho remoto e estender a licen\u00e7a maternidade por no m\u00ednimo seis meses;<\/p>\n<p>&#8211; Disponibilizar bolsas t\u00e9rmicas para o transporte adequado do leite materno;<\/p>\n<p>&#8211; N\u00e3o incentivar o uso de f\u00f3rmulas e bicos artificiais;<\/p>\n<p>&#8211; Capacitar profissionais e professoras das creches para que consigam armazenar, identificar e oferecer o leite materno de forma segura;<\/p>\n<p>&#8211; Estimular a amamenta\u00e7\u00e3o em p\u00fablico livre de preconceitos.<\/p>\n","protected":false},"excerpt":{"rendered":"<p>Menos da metade das crian\u00e7as brasileiras (45,7%) s\u00e3o amamentadas de forma exclusiva nos primeiros seis meses de vida, segundo o Estudo Nacional de Alimenta\u00e7\u00e3o e Nutri\u00e7\u00e3o Infantil (ENANI) publicado em 2021. Uma das Metas Globais de Nutri\u00e7\u00e3o da Agenda 30, da Organiza\u00e7\u00e3o Pan-Americana de Sa\u00fade (OPAS\/OMS), \u00e9 subir esse n\u00famero para 70% at\u00e9 2030. A [&hellip;]<\/p>\n","protected":false},"author":2,"featured_media":310231,"comment_status":"closed","ping_status":"closed","sticky":false,"template":"","format":"standard","meta":{"_acf_changed":false,"footnotes":""},"categories":[161],"tags":[],"class_list":["post-310230","post","type-post","status-publish","format-standard","has-post-thumbnail","hentry","category-quadradinho-em-foco"],"acf":[],"yoast_head":"<!-- This site is optimized with the Yoast SEO plugin v27.2 - https:\/\/yoast.com\/product\/yoast-seo-wordpress\/ -->\n<title>Amamenta\u00e7\u00e3o pode ser apoiada pelas empresas - Notibras<\/title>\n<meta name=\"robots\" content=\"index, follow, max-snippet:-1, max-image-preview:large, max-video-preview:-1\" \/>\n<link rel=\"canonical\" href=\"https:\/\/www.notibras.com\/site\/amamentacao-pode-ser-apoiada-pelas-empresas\/\" \/>\n<meta property=\"og:locale\" content=\"pt_BR\" \/>\n<meta property=\"og:type\" content=\"article\" \/>\n<meta property=\"og:title\" content=\"Amamenta\u00e7\u00e3o pode ser apoiada pelas empresas - Notibras\" \/>\n<meta property=\"og:description\" content=\"Menos da metade das crian\u00e7as brasileiras (45,7%) s\u00e3o amamentadas de forma exclusiva nos primeiros seis meses de vida, segundo o Estudo Nacional de Alimenta\u00e7\u00e3o e Nutri\u00e7\u00e3o Infantil (ENANI) publicado em 2021. Uma das Metas Globais de Nutri\u00e7\u00e3o da Agenda 30, da Organiza\u00e7\u00e3o Pan-Americana de Sa\u00fade (OPAS\/OMS), \u00e9 subir esse n\u00famero para 70% at\u00e9 2030. A [&hellip;]\" \/>\n<meta property=\"og:url\" content=\"https:\/\/www.notibras.com\/site\/amamentacao-pode-ser-apoiada-pelas-empresas\/\" \/>\n<meta property=\"og:site_name\" content=\"Notibras\" \/>\n<meta property=\"article:publisher\" content=\"https:\/\/www.facebook.com\/notibras\/\" \/>\n<meta property=\"article:published_time\" content=\"2023-08-04T12:04:00+00:00\" \/>\n<meta property=\"article:modified_time\" content=\"2023-08-04T13:57:02+00:00\" \/>\n<meta property=\"og:image\" content=\"https:\/\/www.notibras.com\/site\/wp-content\/uploads\/2023\/08\/img_6716-2_0-1.jpg\" \/>\n\t<meta property=\"og:image:width\" content=\"1170\" \/>\n\t<meta property=\"og:image:height\" content=\"700\" \/>\n\t<meta property=\"og:image:type\" content=\"image\/jpeg\" \/>\n<meta name=\"author\" content=\"Reda\u00e7\u00e3o\" \/>\n<meta name=\"twitter:card\" content=\"summary_large_image\" \/>\n<meta name=\"twitter:creator\" content=\"@Notibras\" \/>\n<meta name=\"twitter:site\" content=\"@Notibras\" \/>\n<meta name=\"twitter:label1\" content=\"Escrito por\" \/>\n\t<meta name=\"twitter:data1\" content=\"Reda\u00e7\u00e3o\" \/>\n\t<meta name=\"twitter:label2\" content=\"Est. tempo de leitura\" \/>\n\t<meta name=\"twitter:data2\" content=\"8 minutos\" \/>\n<script type=\"application\/ld+json\" class=\"yoast-schema-graph\">{\"@context\":\"https:\/\/schema.org\",\"@graph\":[{\"@type\":\"Article\",\"@id\":\"https:\/\/www.notibras.com\/site\/amamentacao-pode-ser-apoiada-pelas-empresas\/#article\",\"isPartOf\":{\"@id\":\"https:\/\/www.notibras.com\/site\/amamentacao-pode-ser-apoiada-pelas-empresas\/\"},\"author\":{\"name\":\"Reda\u00e7\u00e3o\",\"@id\":\"https:\/\/www.notibras.com\/site\/#\/schema\/person\/36ab0979449956132d3e5b517ea76ac8\"},\"headline\":\"Amamenta\u00e7\u00e3o pode ser apoiada pelas empresas\",\"datePublished\":\"2023-08-04T12:04:00+00:00\",\"dateModified\":\"2023-08-04T13:57:02+00:00\",\"mainEntityOfPage\":{\"@id\":\"https:\/\/www.notibras.com\/site\/amamentacao-pode-ser-apoiada-pelas-empresas\/\"},\"wordCount\":1600,\"publisher\":{\"@id\":\"https:\/\/www.notibras.com\/site\/#organization\"},\"image\":{\"@id\":\"https:\/\/www.notibras.com\/site\/amamentacao-pode-ser-apoiada-pelas-empresas\/#primaryimage\"},\"thumbnailUrl\":\"https:\/\/www.notibras.com\/site\/wp-content\/uploads\/2023\/08\/img_6716-2_0-1.jpg\",\"articleSection\":[\"Quadradinho em Foco\"],\"inLanguage\":\"pt-BR\"},{\"@type\":\"WebPage\",\"@id\":\"https:\/\/www.notibras.com\/site\/amamentacao-pode-ser-apoiada-pelas-empresas\/\",\"url\":\"https:\/\/www.notibras.com\/site\/amamentacao-pode-ser-apoiada-pelas-empresas\/\",\"name\":\"Amamenta\u00e7\u00e3o pode ser apoiada pelas empresas - Notibras\",\"isPartOf\":{\"@id\":\"https:\/\/www.notibras.com\/site\/#website\"},\"primaryImageOfPage\":{\"@id\":\"https:\/\/www.notibras.com\/site\/amamentacao-pode-ser-apoiada-pelas-empresas\/#primaryimage\"},\"image\":{\"@id\":\"https:\/\/www.notibras.com\/site\/amamentacao-pode-ser-apoiada-pelas-empresas\/#primaryimage\"},\"thumbnailUrl\":\"https:\/\/www.notibras.com\/site\/wp-content\/uploads\/2023\/08\/img_6716-2_0-1.jpg\",\"datePublished\":\"2023-08-04T12:04:00+00:00\",\"dateModified\":\"2023-08-04T13:57:02+00:00\",\"breadcrumb\":{\"@id\":\"https:\/\/www.notibras.com\/site\/amamentacao-pode-ser-apoiada-pelas-empresas\/#breadcrumb\"},\"inLanguage\":\"pt-BR\",\"potentialAction\":[{\"@type\":\"ReadAction\",\"target\":[\"https:\/\/www.notibras.com\/site\/amamentacao-pode-ser-apoiada-pelas-empresas\/\"]}]},{\"@type\":\"ImageObject\",\"inLanguage\":\"pt-BR\",\"@id\":\"https:\/\/www.notibras.com\/site\/amamentacao-pode-ser-apoiada-pelas-empresas\/#primaryimage\",\"url\":\"https:\/\/www.notibras.com\/site\/wp-content\/uploads\/2023\/08\/img_6716-2_0-1.jpg\",\"contentUrl\":\"https:\/\/www.notibras.com\/site\/wp-content\/uploads\/2023\/08\/img_6716-2_0-1.jpg\",\"width\":1170,\"height\":700,\"caption\":\"Bras\u00edlia (DF), 31\/07\/2023, Lan\u00e7amento da Campanha Nacional de Incentivo ao Aleitamento Materno. Foto: Ant\u00f4nio Cruz\/Ag\u00eancia Brasil\/ Ag\u00eancia Gov\"},{\"@type\":\"BreadcrumbList\",\"@id\":\"https:\/\/www.notibras.com\/site\/amamentacao-pode-ser-apoiada-pelas-empresas\/#breadcrumb\",\"itemListElement\":[{\"@type\":\"ListItem\",\"position\":1,\"name\":\"In\u00edcio\",\"item\":\"https:\/\/www.notibras.com\/site\/\"},{\"@type\":\"ListItem\",\"position\":2,\"name\":\"Amamenta\u00e7\u00e3o pode ser apoiada pelas empresas\"}]},{\"@type\":\"WebSite\",\"@id\":\"https:\/\/www.notibras.com\/site\/#website\",\"url\":\"https:\/\/www.notibras.com\/site\/\",\"name\":\"Notibras\",\"description\":\"Not\u00edcias de Bras\u00edlia, do Brasil e do Mundo\",\"publisher\":{\"@id\":\"https:\/\/www.notibras.com\/site\/#organization\"},\"potentialAction\":[{\"@type\":\"SearchAction\",\"target\":{\"@type\":\"EntryPoint\",\"urlTemplate\":\"https:\/\/www.notibras.com\/site\/?s={search_term_string}\"},\"query-input\":{\"@type\":\"PropertyValueSpecification\",\"valueRequired\":true,\"valueName\":\"search_term_string\"}}],\"inLanguage\":\"pt-BR\"},{\"@type\":\"Organization\",\"@id\":\"https:\/\/www.notibras.com\/site\/#organization\",\"name\":\"Grupo Notibras de Comunica\u00e7\u00e3o\",\"url\":\"https:\/\/www.notibras.com\/site\/\",\"logo\":{\"@type\":\"ImageObject\",\"inLanguage\":\"pt-BR\",\"@id\":\"https:\/\/www.notibras.com\/site\/#\/schema\/logo\/image\/\",\"url\":\"https:\/\/www.notibras.com\/site\/wp-content\/uploads\/2023\/01\/notibras23.png\",\"contentUrl\":\"https:\/\/www.notibras.com\/site\/wp-content\/uploads\/2023\/01\/notibras23.png\",\"width\":350,\"height\":87,\"caption\":\"Grupo Notibras de Comunica\u00e7\u00e3o\"},\"image\":{\"@id\":\"https:\/\/www.notibras.com\/site\/#\/schema\/logo\/image\/\"},\"sameAs\":[\"https:\/\/www.facebook.com\/notibras\/\",\"https:\/\/x.com\/Notibras\",\"https:\/\/www.instagram.com\/notibras\/\"]},{\"@type\":\"Person\",\"@id\":\"https:\/\/www.notibras.com\/site\/#\/schema\/person\/36ab0979449956132d3e5b517ea76ac8\",\"name\":\"Reda\u00e7\u00e3o\",\"image\":{\"@type\":\"ImageObject\",\"inLanguage\":\"pt-BR\",\"@id\":\"https:\/\/secure.gravatar.com\/avatar\/e0a867bdedb85fd243eadf09663511f96fc81e0720a4a42581f334ad4303aa6b?s=96&d=mm&r=g\",\"url\":\"https:\/\/secure.gravatar.com\/avatar\/e0a867bdedb85fd243eadf09663511f96fc81e0720a4a42581f334ad4303aa6b?s=96&d=mm&r=g\",\"contentUrl\":\"https:\/\/secure.gravatar.com\/avatar\/e0a867bdedb85fd243eadf09663511f96fc81e0720a4a42581f334ad4303aa6b?s=96&d=mm&r=g\",\"caption\":\"Reda\u00e7\u00e3o\"}}]}<\/script>\n<!-- \/ Yoast SEO plugin. -->","yoast_head_json":{"title":"Amamenta\u00e7\u00e3o pode ser apoiada pelas empresas - Notibras","robots":{"index":"index","follow":"follow","max-snippet":"max-snippet:-1","max-image-preview":"max-image-preview:large","max-video-preview":"max-video-preview:-1"},"canonical":"https:\/\/www.notibras.com\/site\/amamentacao-pode-ser-apoiada-pelas-empresas\/","og_locale":"pt_BR","og_type":"article","og_title":"Amamenta\u00e7\u00e3o pode ser apoiada pelas empresas - Notibras","og_description":"Menos da metade das crian\u00e7as brasileiras (45,7%) s\u00e3o amamentadas de forma exclusiva nos primeiros seis meses de vida, segundo o Estudo Nacional de Alimenta\u00e7\u00e3o e Nutri\u00e7\u00e3o Infantil (ENANI) publicado em 2021. Uma das Metas Globais de Nutri\u00e7\u00e3o da Agenda 30, da Organiza\u00e7\u00e3o Pan-Americana de Sa\u00fade (OPAS\/OMS), \u00e9 subir esse n\u00famero para 70% at\u00e9 2030. A [&hellip;]","og_url":"https:\/\/www.notibras.com\/site\/amamentacao-pode-ser-apoiada-pelas-empresas\/","og_site_name":"Notibras","article_publisher":"https:\/\/www.facebook.com\/notibras\/","article_published_time":"2023-08-04T12:04:00+00:00","article_modified_time":"2023-08-04T13:57:02+00:00","og_image":[{"width":1170,"height":700,"url":"https:\/\/www.notibras.com\/site\/wp-content\/uploads\/2023\/08\/img_6716-2_0-1.jpg","type":"image\/jpeg"}],"author":"Reda\u00e7\u00e3o","twitter_card":"summary_large_image","twitter_creator":"@Notibras","twitter_site":"@Notibras","twitter_misc":{"Escrito por":"Reda\u00e7\u00e3o","Est. tempo de leitura":"8 minutos"},"schema":{"@context":"https:\/\/schema.org","@graph":[{"@type":"Article","@id":"https:\/\/www.notibras.com\/site\/amamentacao-pode-ser-apoiada-pelas-empresas\/#article","isPartOf":{"@id":"https:\/\/www.notibras.com\/site\/amamentacao-pode-ser-apoiada-pelas-empresas\/"},"author":{"name":"Reda\u00e7\u00e3o","@id":"https:\/\/www.notibras.com\/site\/#\/schema\/person\/36ab0979449956132d3e5b517ea76ac8"},"headline":"Amamenta\u00e7\u00e3o pode ser apoiada pelas empresas","datePublished":"2023-08-04T12:04:00+00:00","dateModified":"2023-08-04T13:57:02+00:00","mainEntityOfPage":{"@id":"https:\/\/www.notibras.com\/site\/amamentacao-pode-ser-apoiada-pelas-empresas\/"},"wordCount":1600,"publisher":{"@id":"https:\/\/www.notibras.com\/site\/#organization"},"image":{"@id":"https:\/\/www.notibras.com\/site\/amamentacao-pode-ser-apoiada-pelas-empresas\/#primaryimage"},"thumbnailUrl":"https:\/\/www.notibras.com\/site\/wp-content\/uploads\/2023\/08\/img_6716-2_0-1.jpg","articleSection":["Quadradinho em Foco"],"inLanguage":"pt-BR"},{"@type":"WebPage","@id":"https:\/\/www.notibras.com\/site\/amamentacao-pode-ser-apoiada-pelas-empresas\/","url":"https:\/\/www.notibras.com\/site\/amamentacao-pode-ser-apoiada-pelas-empresas\/","name":"Amamenta\u00e7\u00e3o pode ser apoiada pelas empresas - Notibras","isPartOf":{"@id":"https:\/\/www.notibras.com\/site\/#website"},"primaryImageOfPage":{"@id":"https:\/\/www.notibras.com\/site\/amamentacao-pode-ser-apoiada-pelas-empresas\/#primaryimage"},"image":{"@id":"https:\/\/www.notibras.com\/site\/amamentacao-pode-ser-apoiada-pelas-empresas\/#primaryimage"},"thumbnailUrl":"https:\/\/www.notibras.com\/site\/wp-content\/uploads\/2023\/08\/img_6716-2_0-1.jpg","datePublished":"2023-08-04T12:04:00+00:00","dateModified":"2023-08-04T13:57:02+00:00","breadcrumb":{"@id":"https:\/\/www.notibras.com\/site\/amamentacao-pode-ser-apoiada-pelas-empresas\/#breadcrumb"},"inLanguage":"pt-BR","potentialAction":[{"@type":"ReadAction","target":["https:\/\/www.notibras.com\/site\/amamentacao-pode-ser-apoiada-pelas-empresas\/"]}]},{"@type":"ImageObject","inLanguage":"pt-BR","@id":"https:\/\/www.notibras.com\/site\/amamentacao-pode-ser-apoiada-pelas-empresas\/#primaryimage","url":"https:\/\/www.notibras.com\/site\/wp-content\/uploads\/2023\/08\/img_6716-2_0-1.jpg","contentUrl":"https:\/\/www.notibras.com\/site\/wp-content\/uploads\/2023\/08\/img_6716-2_0-1.jpg","width":1170,"height":700,"caption":"Bras\u00edlia (DF), 31\/07\/2023, Lan\u00e7amento da Campanha Nacional de Incentivo ao Aleitamento Materno. Foto: Ant\u00f4nio Cruz\/Ag\u00eancia Brasil\/ Ag\u00eancia Gov"},{"@type":"BreadcrumbList","@id":"https:\/\/www.notibras.com\/site\/amamentacao-pode-ser-apoiada-pelas-empresas\/#breadcrumb","itemListElement":[{"@type":"ListItem","position":1,"name":"In\u00edcio","item":"https:\/\/www.notibras.com\/site\/"},{"@type":"ListItem","position":2,"name":"Amamenta\u00e7\u00e3o pode ser apoiada pelas empresas"}]},{"@type":"WebSite","@id":"https:\/\/www.notibras.com\/site\/#website","url":"https:\/\/www.notibras.com\/site\/","name":"Notibras","description":"Not\u00edcias de Bras\u00edlia, do Brasil e do Mundo","publisher":{"@id":"https:\/\/www.notibras.com\/site\/#organization"},"potentialAction":[{"@type":"SearchAction","target":{"@type":"EntryPoint","urlTemplate":"https:\/\/www.notibras.com\/site\/?s={search_term_string}"},"query-input":{"@type":"PropertyValueSpecification","valueRequired":true,"valueName":"search_term_string"}}],"inLanguage":"pt-BR"},{"@type":"Organization","@id":"https:\/\/www.notibras.com\/site\/#organization","name":"Grupo Notibras de Comunica\u00e7\u00e3o","url":"https:\/\/www.notibras.com\/site\/","logo":{"@type":"ImageObject","inLanguage":"pt-BR","@id":"https:\/\/www.notibras.com\/site\/#\/schema\/logo\/image\/","url":"https:\/\/www.notibras.com\/site\/wp-content\/uploads\/2023\/01\/notibras23.png","contentUrl":"https:\/\/www.notibras.com\/site\/wp-content\/uploads\/2023\/01\/notibras23.png","width":350,"height":87,"caption":"Grupo Notibras de Comunica\u00e7\u00e3o"},"image":{"@id":"https:\/\/www.notibras.com\/site\/#\/schema\/logo\/image\/"},"sameAs":["https:\/\/www.facebook.com\/notibras\/","https:\/\/x.com\/Notibras","https:\/\/www.instagram.com\/notibras\/"]},{"@type":"Person","@id":"https:\/\/www.notibras.com\/site\/#\/schema\/person\/36ab0979449956132d3e5b517ea76ac8","name":"Reda\u00e7\u00e3o","image":{"@type":"ImageObject","inLanguage":"pt-BR","@id":"https:\/\/secure.gravatar.com\/avatar\/e0a867bdedb85fd243eadf09663511f96fc81e0720a4a42581f334ad4303aa6b?s=96&d=mm&r=g","url":"https:\/\/secure.gravatar.com\/avatar\/e0a867bdedb85fd243eadf09663511f96fc81e0720a4a42581f334ad4303aa6b?s=96&d=mm&r=g","contentUrl":"https:\/\/secure.gravatar.com\/avatar\/e0a867bdedb85fd243eadf09663511f96fc81e0720a4a42581f334ad4303aa6b?s=96&d=mm&r=g","caption":"Reda\u00e7\u00e3o"}}]}},"amp_enabled":true,"_links":{"self":[{"href":"https:\/\/www.notibras.com\/site\/wp-json\/wp\/v2\/posts\/310230","targetHints":{"allow":["GET"]}}],"collection":[{"href":"https:\/\/www.notibras.com\/site\/wp-json\/wp\/v2\/posts"}],"about":[{"href":"https:\/\/www.notibras.com\/site\/wp-json\/wp\/v2\/types\/post"}],"author":[{"embeddable":true,"href":"https:\/\/www.notibras.com\/site\/wp-json\/wp\/v2\/users\/2"}],"replies":[{"embeddable":true,"href":"https:\/\/www.notibras.com\/site\/wp-json\/wp\/v2\/comments?post=310230"}],"version-history":[{"count":1,"href":"https:\/\/www.notibras.com\/site\/wp-json\/wp\/v2\/posts\/310230\/revisions"}],"predecessor-version":[{"id":310232,"href":"https:\/\/www.notibras.com\/site\/wp-json\/wp\/v2\/posts\/310230\/revisions\/310232"}],"wp:featuredmedia":[{"embeddable":true,"href":"https:\/\/www.notibras.com\/site\/wp-json\/wp\/v2\/media\/310231"}],"wp:attachment":[{"href":"https:\/\/www.notibras.com\/site\/wp-json\/wp\/v2\/media?parent=310230"}],"wp:term":[{"taxonomy":"category","embeddable":true,"href":"https:\/\/www.notibras.com\/site\/wp-json\/wp\/v2\/categories?post=310230"},{"taxonomy":"post_tag","embeddable":true,"href":"https:\/\/www.notibras.com\/site\/wp-json\/wp\/v2\/tags?post=310230"}],"curies":[{"name":"wp","href":"https:\/\/api.w.org\/{rel}","templated":true}]}}