{"id":310268,"date":"2023-08-04T19:33:29","date_gmt":"2023-08-04T22:33:29","guid":{"rendered":"https:\/\/www.notibras.com\/site\/?p=310268"},"modified":"2023-08-04T19:33:29","modified_gmt":"2023-08-04T22:33:29","slug":"criancas-e-aves-se-unem-para-vencer-monstro-vocoroca","status":"publish","type":"post","link":"https:\/\/www.notibras.com\/site\/criancas-e-aves-se-unem-para-vencer-monstro-vocoroca\/","title":{"rendered":"Crian\u00e7as e aves se unem para vencer monstro Vo\u00e7oroca"},"content":{"rendered":"<p>Uira\u00e7u: em busca das lendas perdidas, lan\u00e7ado oficialmente no m\u00eas passado na 7\u00aa edi\u00e7\u00e3o da Feira Liter\u00e1ria de Bonito, a FLIB, ter\u00e1 uma tarde-noite de aut\u00f3grafos no tradicional restaurante de comida \u00e1rabe Beirute, na 109 Sul, para fazer seu lan\u00e7amento local. O evento ocorrer\u00e1 a partir das 17 horas no dia 12 de agosto e estar\u00e1 aberto a todos os amantes de literatura e apaixonados pela natureza para conhecer a turma dos curumins e cunhat\u00e3s criada pelos tr\u00eas autores da obra: Beto Seabra, Zelito Passos e Cac\u00e1 Soares.<\/p>\n<p>Beto, Zelito e Cac\u00e1 se conhecem desde sempre, por assim dizer. Frutos da primeira quadra da Asa Norte, a SQN 312, cresceram e viram a pequena capital do Pa\u00eds virar uma metr\u00f3pole juntos, ao mesmo tempo em que o Cerrado foi sumindo.<\/p>\n<p>Beto; jornalista e escritor, j\u00e1 foi professor e dirigiu alguns document\u00e1rios; e Zelito, publicit\u00e1rio, produtor cultural, m\u00fasico e compositor, escreveram a aventura em que as crian\u00e7as Cau\u00ea, Ceci e Ti\u00e3o, e os p\u00e1ssaros Uira\u00e7u e Juru, ir\u00e3o enfrentar o monstro Vo\u00e7oroca e salvar as lendas brasileiras. Os personagens ganharam materialidade nos tra\u00e7os de Cac\u00e1, que \u00e9 designer, ilustrador e arquiteto, tendo trabalhado por mais de 30 anos em TVs e produtoras de v\u00eddeo.<\/p>\n<p>A grande novidade do livro \u00e9 trazer para o mundo das lendas ind\u00edgenas um personagem real, a Vo\u00e7oroca (terra que abre, na l\u00edngua dos povos ancestrais), que \u00e9 o grande inimigo dos her\u00f3is do livro e dos moradores da floresta.<\/p>\n<p>O p\u00e1ssaro gigante Uira\u00e7u \u00e9 uma esp\u00e9cie de drag\u00e3o dos tr\u00f3picos e \u00e9 ele quem ir\u00e1 ajudar as crian\u00e7as a enfrentarem Vo\u00e7oroca. E o engra\u00e7ado papagaio Juru, que fala a l\u00edngua dos p\u00e1ssaros e a dos seres humanos, ser\u00e1 o elo entre o mundo dos bichos e dos humanos.<\/p>\n<p><strong>Ficha T\u00e9cnica:<\/strong><br \/>\nUira\u00e7u: em busca das lendas perdidas.<br \/>\nAutores: Beto Seabra, Zelito Passos e Cac\u00e1 Soares.<br \/>\nEditora: Ninho da Palavra, 83 p\u00e1ginas.<br \/>\nLan\u00e7amento: Beirute da Asa Sul (109), 12\/08\/2023 (s\u00e1bado), \u00e0s 17 horas.<br \/>\nPre\u00e7o do livro: R$ 50.<\/p>\n<p><strong>Contato com os autores:<\/strong><br \/>\nbetoseabra2010@gmail.com \u2013 61 99970-8574;<br \/>\nzelitopassos@gmail.com \u2013 61 99682-2159;<br \/>\ncacadraw@gmail.com \u2013 61 98124-1964.<br \/>\nAssessoria: danilo.zolet@gmail.com \u2013 61 998788574<\/p>\n","protected":false},"excerpt":{"rendered":"<p>Uira\u00e7u: em busca das lendas perdidas, lan\u00e7ado oficialmente no m\u00eas passado na 7\u00aa edi\u00e7\u00e3o da Feira Liter\u00e1ria de Bonito, a FLIB, ter\u00e1 uma tarde-noite de aut\u00f3grafos no tradicional restaurante de comida \u00e1rabe Beirute, na 109 Sul, para fazer seu lan\u00e7amento local. O evento ocorrer\u00e1 a partir das 17 horas no dia 12 de agosto e [&hellip;]<\/p>\n","protected":false},"author":2,"featured_media":310276,"comment_status":"closed","ping_status":"closed","sticky":false,"template":"","format":"standard","meta":{"_acf_changed":false,"footnotes":""},"categories":[161],"tags":[],"class_list":["post-310268","post","type-post","status-publish","format-standard","has-post-thumbnail","hentry","category-quadradinho-em-foco"],"acf":[],"yoast_head":"<!-- This site is optimized with the Yoast SEO plugin v27.2 - https:\/\/yoast.com\/product\/yoast-seo-wordpress\/ -->\n<title>Crian\u00e7as e aves se unem para vencer monstro Vo\u00e7oroca - Notibras<\/title>\n<meta name=\"robots\" content=\"index, follow, max-snippet:-1, max-image-preview:large, max-video-preview:-1\" \/>\n<link rel=\"canonical\" href=\"https:\/\/www.notibras.com\/site\/criancas-e-aves-se-unem-para-vencer-monstro-vocoroca\/\" \/>\n<meta property=\"og:locale\" content=\"pt_BR\" \/>\n<meta property=\"og:type\" content=\"article\" \/>\n<meta property=\"og:title\" content=\"Crian\u00e7as e aves se unem para vencer monstro Vo\u00e7oroca - Notibras\" \/>\n<meta property=\"og:description\" content=\"Uira\u00e7u: em busca das lendas perdidas, lan\u00e7ado oficialmente no m\u00eas passado na 7\u00aa edi\u00e7\u00e3o da Feira Liter\u00e1ria de Bonito, a FLIB, ter\u00e1 uma tarde-noite de aut\u00f3grafos no tradicional restaurante de comida \u00e1rabe Beirute, na 109 Sul, para fazer seu lan\u00e7amento local. O evento ocorrer\u00e1 a partir das 17 horas no dia 12 de agosto e [&hellip;]\" \/>\n<meta property=\"og:url\" content=\"https:\/\/www.notibras.com\/site\/criancas-e-aves-se-unem-para-vencer-monstro-vocoroca\/\" \/>\n<meta property=\"og:site_name\" content=\"Notibras\" \/>\n<meta property=\"article:publisher\" content=\"https:\/\/www.facebook.com\/notibras\/\" \/>\n<meta property=\"article:published_time\" content=\"2023-08-04T22:33:29+00:00\" \/>\n<meta property=\"og:image\" content=\"https:\/\/www.notibras.com\/site\/wp-content\/uploads\/2023\/08\/dca0201e-5be7-4f6b-a490-34a79b0d7d78.jpg\" \/>\n\t<meta property=\"og:image:width\" content=\"1600\" \/>\n\t<meta property=\"og:image:height\" content=\"833\" \/>\n\t<meta property=\"og:image:type\" content=\"image\/jpeg\" \/>\n<meta name=\"author\" content=\"Reda\u00e7\u00e3o\" \/>\n<meta name=\"twitter:card\" content=\"summary_large_image\" \/>\n<meta name=\"twitter:creator\" content=\"@Notibras\" \/>\n<meta name=\"twitter:site\" content=\"@Notibras\" \/>\n<meta name=\"twitter:label1\" content=\"Escrito por\" \/>\n\t<meta name=\"twitter:data1\" content=\"Reda\u00e7\u00e3o\" \/>\n\t<meta name=\"twitter:label2\" content=\"Est. tempo de leitura\" \/>\n\t<meta name=\"twitter:data2\" content=\"2 minutos\" \/>\n<script type=\"application\/ld+json\" class=\"yoast-schema-graph\">{\"@context\":\"https:\/\/schema.org\",\"@graph\":[{\"@type\":\"Article\",\"@id\":\"https:\/\/www.notibras.com\/site\/criancas-e-aves-se-unem-para-vencer-monstro-vocoroca\/#article\",\"isPartOf\":{\"@id\":\"https:\/\/www.notibras.com\/site\/criancas-e-aves-se-unem-para-vencer-monstro-vocoroca\/\"},\"author\":{\"name\":\"Reda\u00e7\u00e3o\",\"@id\":\"https:\/\/www.notibras.com\/site\/#\/schema\/person\/36ab0979449956132d3e5b517ea76ac8\"},\"headline\":\"Crian\u00e7as e aves se unem para vencer monstro Vo\u00e7oroca\",\"datePublished\":\"2023-08-04T22:33:29+00:00\",\"mainEntityOfPage\":{\"@id\":\"https:\/\/www.notibras.com\/site\/criancas-e-aves-se-unem-para-vencer-monstro-vocoroca\/\"},\"wordCount\":388,\"publisher\":{\"@id\":\"https:\/\/www.notibras.com\/site\/#organization\"},\"image\":{\"@id\":\"https:\/\/www.notibras.com\/site\/criancas-e-aves-se-unem-para-vencer-monstro-vocoroca\/#primaryimage\"},\"thumbnailUrl\":\"https:\/\/www.notibras.com\/site\/wp-content\/uploads\/2023\/08\/dca0201e-5be7-4f6b-a490-34a79b0d7d78.jpg\",\"articleSection\":[\"Quadradinho em Foco\"],\"inLanguage\":\"pt-BR\"},{\"@type\":\"WebPage\",\"@id\":\"https:\/\/www.notibras.com\/site\/criancas-e-aves-se-unem-para-vencer-monstro-vocoroca\/\",\"url\":\"https:\/\/www.notibras.com\/site\/criancas-e-aves-se-unem-para-vencer-monstro-vocoroca\/\",\"name\":\"Crian\u00e7as e aves se unem para vencer monstro Vo\u00e7oroca - Notibras\",\"isPartOf\":{\"@id\":\"https:\/\/www.notibras.com\/site\/#website\"},\"primaryImageOfPage\":{\"@id\":\"https:\/\/www.notibras.com\/site\/criancas-e-aves-se-unem-para-vencer-monstro-vocoroca\/#primaryimage\"},\"image\":{\"@id\":\"https:\/\/www.notibras.com\/site\/criancas-e-aves-se-unem-para-vencer-monstro-vocoroca\/#primaryimage\"},\"thumbnailUrl\":\"https:\/\/www.notibras.com\/site\/wp-content\/uploads\/2023\/08\/dca0201e-5be7-4f6b-a490-34a79b0d7d78.jpg\",\"datePublished\":\"2023-08-04T22:33:29+00:00\",\"breadcrumb\":{\"@id\":\"https:\/\/www.notibras.com\/site\/criancas-e-aves-se-unem-para-vencer-monstro-vocoroca\/#breadcrumb\"},\"inLanguage\":\"pt-BR\",\"potentialAction\":[{\"@type\":\"ReadAction\",\"target\":[\"https:\/\/www.notibras.com\/site\/criancas-e-aves-se-unem-para-vencer-monstro-vocoroca\/\"]}]},{\"@type\":\"ImageObject\",\"inLanguage\":\"pt-BR\",\"@id\":\"https:\/\/www.notibras.com\/site\/criancas-e-aves-se-unem-para-vencer-monstro-vocoroca\/#primaryimage\",\"url\":\"https:\/\/www.notibras.com\/site\/wp-content\/uploads\/2023\/08\/dca0201e-5be7-4f6b-a490-34a79b0d7d78.jpg\",\"contentUrl\":\"https:\/\/www.notibras.com\/site\/wp-content\/uploads\/2023\/08\/dca0201e-5be7-4f6b-a490-34a79b0d7d78.jpg\",\"width\":1600,\"height\":833},{\"@type\":\"BreadcrumbList\",\"@id\":\"https:\/\/www.notibras.com\/site\/criancas-e-aves-se-unem-para-vencer-monstro-vocoroca\/#breadcrumb\",\"itemListElement\":[{\"@type\":\"ListItem\",\"position\":1,\"name\":\"In\u00edcio\",\"item\":\"https:\/\/www.notibras.com\/site\/\"},{\"@type\":\"ListItem\",\"position\":2,\"name\":\"Crian\u00e7as e aves se unem para vencer monstro Vo\u00e7oroca\"}]},{\"@type\":\"WebSite\",\"@id\":\"https:\/\/www.notibras.com\/site\/#website\",\"url\":\"https:\/\/www.notibras.com\/site\/\",\"name\":\"Notibras\",\"description\":\"Not\u00edcias de Bras\u00edlia, do Brasil e do Mundo\",\"publisher\":{\"@id\":\"https:\/\/www.notibras.com\/site\/#organization\"},\"potentialAction\":[{\"@type\":\"SearchAction\",\"target\":{\"@type\":\"EntryPoint\",\"urlTemplate\":\"https:\/\/www.notibras.com\/site\/?s={search_term_string}\"},\"query-input\":{\"@type\":\"PropertyValueSpecification\",\"valueRequired\":true,\"valueName\":\"search_term_string\"}}],\"inLanguage\":\"pt-BR\"},{\"@type\":\"Organization\",\"@id\":\"https:\/\/www.notibras.com\/site\/#organization\",\"name\":\"Grupo Notibras de Comunica\u00e7\u00e3o\",\"url\":\"https:\/\/www.notibras.com\/site\/\",\"logo\":{\"@type\":\"ImageObject\",\"inLanguage\":\"pt-BR\",\"@id\":\"https:\/\/www.notibras.com\/site\/#\/schema\/logo\/image\/\",\"url\":\"https:\/\/www.notibras.com\/site\/wp-content\/uploads\/2023\/01\/notibras23.png\",\"contentUrl\":\"https:\/\/www.notibras.com\/site\/wp-content\/uploads\/2023\/01\/notibras23.png\",\"width\":350,\"height\":87,\"caption\":\"Grupo Notibras de Comunica\u00e7\u00e3o\"},\"image\":{\"@id\":\"https:\/\/www.notibras.com\/site\/#\/schema\/logo\/image\/\"},\"sameAs\":[\"https:\/\/www.facebook.com\/notibras\/\",\"https:\/\/x.com\/Notibras\",\"https:\/\/www.instagram.com\/notibras\/\"]},{\"@type\":\"Person\",\"@id\":\"https:\/\/www.notibras.com\/site\/#\/schema\/person\/36ab0979449956132d3e5b517ea76ac8\",\"name\":\"Reda\u00e7\u00e3o\",\"image\":{\"@type\":\"ImageObject\",\"inLanguage\":\"pt-BR\",\"@id\":\"https:\/\/secure.gravatar.com\/avatar\/e0a867bdedb85fd243eadf09663511f96fc81e0720a4a42581f334ad4303aa6b?s=96&d=mm&r=g\",\"url\":\"https:\/\/secure.gravatar.com\/avatar\/e0a867bdedb85fd243eadf09663511f96fc81e0720a4a42581f334ad4303aa6b?s=96&d=mm&r=g\",\"contentUrl\":\"https:\/\/secure.gravatar.com\/avatar\/e0a867bdedb85fd243eadf09663511f96fc81e0720a4a42581f334ad4303aa6b?s=96&d=mm&r=g\",\"caption\":\"Reda\u00e7\u00e3o\"}}]}<\/script>\n<!-- \/ Yoast SEO plugin. -->","yoast_head_json":{"title":"Crian\u00e7as e aves se unem para vencer monstro Vo\u00e7oroca - Notibras","robots":{"index":"index","follow":"follow","max-snippet":"max-snippet:-1","max-image-preview":"max-image-preview:large","max-video-preview":"max-video-preview:-1"},"canonical":"https:\/\/www.notibras.com\/site\/criancas-e-aves-se-unem-para-vencer-monstro-vocoroca\/","og_locale":"pt_BR","og_type":"article","og_title":"Crian\u00e7as e aves se unem para vencer monstro Vo\u00e7oroca - Notibras","og_description":"Uira\u00e7u: em busca das lendas perdidas, lan\u00e7ado oficialmente no m\u00eas passado na 7\u00aa edi\u00e7\u00e3o da Feira Liter\u00e1ria de Bonito, a FLIB, ter\u00e1 uma tarde-noite de aut\u00f3grafos no tradicional restaurante de comida \u00e1rabe Beirute, na 109 Sul, para fazer seu lan\u00e7amento local. O evento ocorrer\u00e1 a partir das 17 horas no dia 12 de agosto e [&hellip;]","og_url":"https:\/\/www.notibras.com\/site\/criancas-e-aves-se-unem-para-vencer-monstro-vocoroca\/","og_site_name":"Notibras","article_publisher":"https:\/\/www.facebook.com\/notibras\/","article_published_time":"2023-08-04T22:33:29+00:00","og_image":[{"width":1600,"height":833,"url":"https:\/\/www.notibras.com\/site\/wp-content\/uploads\/2023\/08\/dca0201e-5be7-4f6b-a490-34a79b0d7d78.jpg","type":"image\/jpeg"}],"author":"Reda\u00e7\u00e3o","twitter_card":"summary_large_image","twitter_creator":"@Notibras","twitter_site":"@Notibras","twitter_misc":{"Escrito por":"Reda\u00e7\u00e3o","Est. tempo de leitura":"2 minutos"},"schema":{"@context":"https:\/\/schema.org","@graph":[{"@type":"Article","@id":"https:\/\/www.notibras.com\/site\/criancas-e-aves-se-unem-para-vencer-monstro-vocoroca\/#article","isPartOf":{"@id":"https:\/\/www.notibras.com\/site\/criancas-e-aves-se-unem-para-vencer-monstro-vocoroca\/"},"author":{"name":"Reda\u00e7\u00e3o","@id":"https:\/\/www.notibras.com\/site\/#\/schema\/person\/36ab0979449956132d3e5b517ea76ac8"},"headline":"Crian\u00e7as e aves se unem para vencer monstro Vo\u00e7oroca","datePublished":"2023-08-04T22:33:29+00:00","mainEntityOfPage":{"@id":"https:\/\/www.notibras.com\/site\/criancas-e-aves-se-unem-para-vencer-monstro-vocoroca\/"},"wordCount":388,"publisher":{"@id":"https:\/\/www.notibras.com\/site\/#organization"},"image":{"@id":"https:\/\/www.notibras.com\/site\/criancas-e-aves-se-unem-para-vencer-monstro-vocoroca\/#primaryimage"},"thumbnailUrl":"https:\/\/www.notibras.com\/site\/wp-content\/uploads\/2023\/08\/dca0201e-5be7-4f6b-a490-34a79b0d7d78.jpg","articleSection":["Quadradinho em Foco"],"inLanguage":"pt-BR"},{"@type":"WebPage","@id":"https:\/\/www.notibras.com\/site\/criancas-e-aves-se-unem-para-vencer-monstro-vocoroca\/","url":"https:\/\/www.notibras.com\/site\/criancas-e-aves-se-unem-para-vencer-monstro-vocoroca\/","name":"Crian\u00e7as e aves se unem para vencer monstro Vo\u00e7oroca - Notibras","isPartOf":{"@id":"https:\/\/www.notibras.com\/site\/#website"},"primaryImageOfPage":{"@id":"https:\/\/www.notibras.com\/site\/criancas-e-aves-se-unem-para-vencer-monstro-vocoroca\/#primaryimage"},"image":{"@id":"https:\/\/www.notibras.com\/site\/criancas-e-aves-se-unem-para-vencer-monstro-vocoroca\/#primaryimage"},"thumbnailUrl":"https:\/\/www.notibras.com\/site\/wp-content\/uploads\/2023\/08\/dca0201e-5be7-4f6b-a490-34a79b0d7d78.jpg","datePublished":"2023-08-04T22:33:29+00:00","breadcrumb":{"@id":"https:\/\/www.notibras.com\/site\/criancas-e-aves-se-unem-para-vencer-monstro-vocoroca\/#breadcrumb"},"inLanguage":"pt-BR","potentialAction":[{"@type":"ReadAction","target":["https:\/\/www.notibras.com\/site\/criancas-e-aves-se-unem-para-vencer-monstro-vocoroca\/"]}]},{"@type":"ImageObject","inLanguage":"pt-BR","@id":"https:\/\/www.notibras.com\/site\/criancas-e-aves-se-unem-para-vencer-monstro-vocoroca\/#primaryimage","url":"https:\/\/www.notibras.com\/site\/wp-content\/uploads\/2023\/08\/dca0201e-5be7-4f6b-a490-34a79b0d7d78.jpg","contentUrl":"https:\/\/www.notibras.com\/site\/wp-content\/uploads\/2023\/08\/dca0201e-5be7-4f6b-a490-34a79b0d7d78.jpg","width":1600,"height":833},{"@type":"BreadcrumbList","@id":"https:\/\/www.notibras.com\/site\/criancas-e-aves-se-unem-para-vencer-monstro-vocoroca\/#breadcrumb","itemListElement":[{"@type":"ListItem","position":1,"name":"In\u00edcio","item":"https:\/\/www.notibras.com\/site\/"},{"@type":"ListItem","position":2,"name":"Crian\u00e7as e aves se unem para vencer monstro Vo\u00e7oroca"}]},{"@type":"WebSite","@id":"https:\/\/www.notibras.com\/site\/#website","url":"https:\/\/www.notibras.com\/site\/","name":"Notibras","description":"Not\u00edcias de Bras\u00edlia, do Brasil e do Mundo","publisher":{"@id":"https:\/\/www.notibras.com\/site\/#organization"},"potentialAction":[{"@type":"SearchAction","target":{"@type":"EntryPoint","urlTemplate":"https:\/\/www.notibras.com\/site\/?s={search_term_string}"},"query-input":{"@type":"PropertyValueSpecification","valueRequired":true,"valueName":"search_term_string"}}],"inLanguage":"pt-BR"},{"@type":"Organization","@id":"https:\/\/www.notibras.com\/site\/#organization","name":"Grupo Notibras de Comunica\u00e7\u00e3o","url":"https:\/\/www.notibras.com\/site\/","logo":{"@type":"ImageObject","inLanguage":"pt-BR","@id":"https:\/\/www.notibras.com\/site\/#\/schema\/logo\/image\/","url":"https:\/\/www.notibras.com\/site\/wp-content\/uploads\/2023\/01\/notibras23.png","contentUrl":"https:\/\/www.notibras.com\/site\/wp-content\/uploads\/2023\/01\/notibras23.png","width":350,"height":87,"caption":"Grupo Notibras de Comunica\u00e7\u00e3o"},"image":{"@id":"https:\/\/www.notibras.com\/site\/#\/schema\/logo\/image\/"},"sameAs":["https:\/\/www.facebook.com\/notibras\/","https:\/\/x.com\/Notibras","https:\/\/www.instagram.com\/notibras\/"]},{"@type":"Person","@id":"https:\/\/www.notibras.com\/site\/#\/schema\/person\/36ab0979449956132d3e5b517ea76ac8","name":"Reda\u00e7\u00e3o","image":{"@type":"ImageObject","inLanguage":"pt-BR","@id":"https:\/\/secure.gravatar.com\/avatar\/e0a867bdedb85fd243eadf09663511f96fc81e0720a4a42581f334ad4303aa6b?s=96&d=mm&r=g","url":"https:\/\/secure.gravatar.com\/avatar\/e0a867bdedb85fd243eadf09663511f96fc81e0720a4a42581f334ad4303aa6b?s=96&d=mm&r=g","contentUrl":"https:\/\/secure.gravatar.com\/avatar\/e0a867bdedb85fd243eadf09663511f96fc81e0720a4a42581f334ad4303aa6b?s=96&d=mm&r=g","caption":"Reda\u00e7\u00e3o"}}]}},"amp_enabled":true,"_links":{"self":[{"href":"https:\/\/www.notibras.com\/site\/wp-json\/wp\/v2\/posts\/310268","targetHints":{"allow":["GET"]}}],"collection":[{"href":"https:\/\/www.notibras.com\/site\/wp-json\/wp\/v2\/posts"}],"about":[{"href":"https:\/\/www.notibras.com\/site\/wp-json\/wp\/v2\/types\/post"}],"author":[{"embeddable":true,"href":"https:\/\/www.notibras.com\/site\/wp-json\/wp\/v2\/users\/2"}],"replies":[{"embeddable":true,"href":"https:\/\/www.notibras.com\/site\/wp-json\/wp\/v2\/comments?post=310268"}],"version-history":[{"count":1,"href":"https:\/\/www.notibras.com\/site\/wp-json\/wp\/v2\/posts\/310268\/revisions"}],"predecessor-version":[{"id":310269,"href":"https:\/\/www.notibras.com\/site\/wp-json\/wp\/v2\/posts\/310268\/revisions\/310269"}],"wp:featuredmedia":[{"embeddable":true,"href":"https:\/\/www.notibras.com\/site\/wp-json\/wp\/v2\/media\/310276"}],"wp:attachment":[{"href":"https:\/\/www.notibras.com\/site\/wp-json\/wp\/v2\/media?parent=310268"}],"wp:term":[{"taxonomy":"category","embeddable":true,"href":"https:\/\/www.notibras.com\/site\/wp-json\/wp\/v2\/categories?post=310268"},{"taxonomy":"post_tag","embeddable":true,"href":"https:\/\/www.notibras.com\/site\/wp-json\/wp\/v2\/tags?post=310268"}],"curies":[{"name":"wp","href":"https:\/\/api.w.org\/{rel}","templated":true}]}}