{"id":310277,"date":"2023-08-05T07:11:52","date_gmt":"2023-08-05T10:11:52","guid":{"rendered":"https:\/\/www.notibras.com\/site\/?p=310277"},"modified":"2023-08-05T07:14:08","modified_gmt":"2023-08-05T10:14:08","slug":"dia-dos-pais-com-bolsa-sestini-de-presente-no-terraco","status":"publish","type":"post","link":"https:\/\/www.notibras.com\/site\/dia-dos-pais-com-bolsa-sestini-de-presente-no-terraco\/","title":{"rendered":"Dia dos Pais com bolsa Sestini de presente no Terra\u00e7o"},"content":{"rendered":"<p>O segundo domingo de agosto \u00e9 uma das datas mais importantes do ano. \u00c9 o dia que se comemora o Dia dos Pais. Este ano, a data cair\u00e1 em 13 de agosto, oportunidade perfeita para homenagear aquele que apoia, orienta e compartilha momentos inesquec\u00edveis em fam\u00edlia, sejam os filhos crian\u00e7as ou adultos. Para tornar a data ainda mais especial, o Terra\u00e7o Shopping preparou uma surpresa incr\u00edvel para seus clientes.<\/p>\n<p>O shopping oferecer\u00e1 um presente exclusivo para quem escolher o Terra\u00e7o para presentear seus pais. Nas compras acima de R$ 500 nas lojas participantes, o cliente receber\u00e1 uma elegante bolsa Sestini, marca com quase 30 anos de mercado, e que \u00e9 sin\u00f4nimo de qualidade e estilo. O brinde \u00e9 ideal para acompanhar os pais em suas atividades di\u00e1rias, oferecendo praticidade, charme, funcionalidade e eleg\u00e2ncia.<\/p>\n<p>O processo para garantir a lembran\u00e7a especial \u00e9 simples e r\u00e1pido. Basta cadastrar as notas fiscais no aplicativo Wynk e, na hora, retirar a bolsa no pr\u00f3prio Terra\u00e7o Shopping. A promo\u00e7\u00e3o estar\u00e1 dispon\u00edvel de 4 a 15 de agosto, ou enquanto durarem os estoques. Consulte o regulamento.<\/p>\n<p><strong>Servi\u00e7o:<\/strong><br \/>\nPer\u00edodo da Promo\u00e7\u00e3o: At\u00e9 15 de agosto ou enquanto durar o estoque.<br \/>\nMec\u00e2nica: Compras acima de R$ 500,00, troque por um brinde, limitado a um por CPF.<\/p>\n","protected":false},"excerpt":{"rendered":"<p>O segundo domingo de agosto \u00e9 uma das datas mais importantes do ano. \u00c9 o dia que se comemora o Dia dos Pais. Este ano, a data cair\u00e1 em 13 de agosto, oportunidade perfeita para homenagear aquele que apoia, orienta e compartilha momentos inesquec\u00edveis em fam\u00edlia, sejam os filhos crian\u00e7as ou adultos. Para tornar a [&hellip;]<\/p>\n","protected":false},"author":2,"featured_media":310278,"comment_status":"closed","ping_status":"closed","sticky":false,"template":"","format":"standard","meta":{"_acf_changed":false,"footnotes":""},"categories":[161],"tags":[],"class_list":["post-310277","post","type-post","status-publish","format-standard","has-post-thumbnail","hentry","category-quadradinho-em-foco"],"acf":[],"yoast_head":"<!-- This site is optimized with the Yoast SEO plugin v27.2 - https:\/\/yoast.com\/product\/yoast-seo-wordpress\/ -->\n<title>Dia dos Pais com bolsa Sestini de presente no Terra\u00e7o - Notibras<\/title>\n<meta name=\"robots\" content=\"index, follow, max-snippet:-1, max-image-preview:large, max-video-preview:-1\" \/>\n<link rel=\"canonical\" href=\"https:\/\/www.notibras.com\/site\/dia-dos-pais-com-bolsa-sestini-de-presente-no-terraco\/\" \/>\n<meta property=\"og:locale\" content=\"pt_BR\" \/>\n<meta property=\"og:type\" content=\"article\" \/>\n<meta property=\"og:title\" content=\"Dia dos Pais com bolsa Sestini de presente no Terra\u00e7o - Notibras\" \/>\n<meta property=\"og:description\" content=\"O segundo domingo de agosto \u00e9 uma das datas mais importantes do ano. \u00c9 o dia que se comemora o Dia dos Pais. Este ano, a data cair\u00e1 em 13 de agosto, oportunidade perfeita para homenagear aquele que apoia, orienta e compartilha momentos inesquec\u00edveis em fam\u00edlia, sejam os filhos crian\u00e7as ou adultos. Para tornar a [&hellip;]\" \/>\n<meta property=\"og:url\" content=\"https:\/\/www.notibras.com\/site\/dia-dos-pais-com-bolsa-sestini-de-presente-no-terraco\/\" \/>\n<meta property=\"og:site_name\" content=\"Notibras\" \/>\n<meta property=\"article:publisher\" content=\"https:\/\/www.facebook.com\/notibras\/\" \/>\n<meta property=\"article:published_time\" content=\"2023-08-05T10:11:52+00:00\" \/>\n<meta property=\"article:modified_time\" content=\"2023-08-05T10:14:08+00:00\" \/>\n<meta property=\"og:image\" content=\"https:\/\/www.notibras.com\/site\/wp-content\/uploads\/2023\/08\/bolsa-dia-dos-pais.jpg\" \/>\n\t<meta property=\"og:image:width\" content=\"1600\" \/>\n\t<meta property=\"og:image:height\" content=\"1203\" \/>\n\t<meta property=\"og:image:type\" content=\"image\/jpeg\" \/>\n<meta name=\"author\" content=\"Reda\u00e7\u00e3o\" \/>\n<meta name=\"twitter:card\" content=\"summary_large_image\" \/>\n<meta name=\"twitter:creator\" content=\"@Notibras\" \/>\n<meta name=\"twitter:site\" content=\"@Notibras\" \/>\n<meta name=\"twitter:label1\" content=\"Escrito por\" \/>\n\t<meta name=\"twitter:data1\" content=\"Reda\u00e7\u00e3o\" \/>\n\t<meta name=\"twitter:label2\" content=\"Est. tempo de leitura\" \/>\n\t<meta name=\"twitter:data2\" content=\"2 minutos\" \/>\n<script type=\"application\/ld+json\" class=\"yoast-schema-graph\">{\"@context\":\"https:\/\/schema.org\",\"@graph\":[{\"@type\":\"Article\",\"@id\":\"https:\/\/www.notibras.com\/site\/dia-dos-pais-com-bolsa-sestini-de-presente-no-terraco\/#article\",\"isPartOf\":{\"@id\":\"https:\/\/www.notibras.com\/site\/dia-dos-pais-com-bolsa-sestini-de-presente-no-terraco\/\"},\"author\":{\"name\":\"Reda\u00e7\u00e3o\",\"@id\":\"https:\/\/www.notibras.com\/site\/#\/schema\/person\/36ab0979449956132d3e5b517ea76ac8\"},\"headline\":\"Dia dos Pais com bolsa Sestini de presente no Terra\u00e7o\",\"datePublished\":\"2023-08-05T10:11:52+00:00\",\"dateModified\":\"2023-08-05T10:14:08+00:00\",\"mainEntityOfPage\":{\"@id\":\"https:\/\/www.notibras.com\/site\/dia-dos-pais-com-bolsa-sestini-de-presente-no-terraco\/\"},\"wordCount\":226,\"publisher\":{\"@id\":\"https:\/\/www.notibras.com\/site\/#organization\"},\"image\":{\"@id\":\"https:\/\/www.notibras.com\/site\/dia-dos-pais-com-bolsa-sestini-de-presente-no-terraco\/#primaryimage\"},\"thumbnailUrl\":\"https:\/\/www.notibras.com\/site\/wp-content\/uploads\/2023\/08\/bolsa-dia-dos-pais.jpg\",\"articleSection\":[\"Quadradinho em Foco\"],\"inLanguage\":\"pt-BR\"},{\"@type\":\"WebPage\",\"@id\":\"https:\/\/www.notibras.com\/site\/dia-dos-pais-com-bolsa-sestini-de-presente-no-terraco\/\",\"url\":\"https:\/\/www.notibras.com\/site\/dia-dos-pais-com-bolsa-sestini-de-presente-no-terraco\/\",\"name\":\"Dia dos Pais com bolsa Sestini de presente no Terra\u00e7o - Notibras\",\"isPartOf\":{\"@id\":\"https:\/\/www.notibras.com\/site\/#website\"},\"primaryImageOfPage\":{\"@id\":\"https:\/\/www.notibras.com\/site\/dia-dos-pais-com-bolsa-sestini-de-presente-no-terraco\/#primaryimage\"},\"image\":{\"@id\":\"https:\/\/www.notibras.com\/site\/dia-dos-pais-com-bolsa-sestini-de-presente-no-terraco\/#primaryimage\"},\"thumbnailUrl\":\"https:\/\/www.notibras.com\/site\/wp-content\/uploads\/2023\/08\/bolsa-dia-dos-pais.jpg\",\"datePublished\":\"2023-08-05T10:11:52+00:00\",\"dateModified\":\"2023-08-05T10:14:08+00:00\",\"breadcrumb\":{\"@id\":\"https:\/\/www.notibras.com\/site\/dia-dos-pais-com-bolsa-sestini-de-presente-no-terraco\/#breadcrumb\"},\"inLanguage\":\"pt-BR\",\"potentialAction\":[{\"@type\":\"ReadAction\",\"target\":[\"https:\/\/www.notibras.com\/site\/dia-dos-pais-com-bolsa-sestini-de-presente-no-terraco\/\"]}]},{\"@type\":\"ImageObject\",\"inLanguage\":\"pt-BR\",\"@id\":\"https:\/\/www.notibras.com\/site\/dia-dos-pais-com-bolsa-sestini-de-presente-no-terraco\/#primaryimage\",\"url\":\"https:\/\/www.notibras.com\/site\/wp-content\/uploads\/2023\/08\/bolsa-dia-dos-pais.jpg\",\"contentUrl\":\"https:\/\/www.notibras.com\/site\/wp-content\/uploads\/2023\/08\/bolsa-dia-dos-pais.jpg\",\"width\":1600,\"height\":1203},{\"@type\":\"BreadcrumbList\",\"@id\":\"https:\/\/www.notibras.com\/site\/dia-dos-pais-com-bolsa-sestini-de-presente-no-terraco\/#breadcrumb\",\"itemListElement\":[{\"@type\":\"ListItem\",\"position\":1,\"name\":\"In\u00edcio\",\"item\":\"https:\/\/www.notibras.com\/site\/\"},{\"@type\":\"ListItem\",\"position\":2,\"name\":\"Dia dos Pais com bolsa Sestini de presente no Terra\u00e7o\"}]},{\"@type\":\"WebSite\",\"@id\":\"https:\/\/www.notibras.com\/site\/#website\",\"url\":\"https:\/\/www.notibras.com\/site\/\",\"name\":\"Notibras\",\"description\":\"Not\u00edcias de Bras\u00edlia, do Brasil e do Mundo\",\"publisher\":{\"@id\":\"https:\/\/www.notibras.com\/site\/#organization\"},\"potentialAction\":[{\"@type\":\"SearchAction\",\"target\":{\"@type\":\"EntryPoint\",\"urlTemplate\":\"https:\/\/www.notibras.com\/site\/?s={search_term_string}\"},\"query-input\":{\"@type\":\"PropertyValueSpecification\",\"valueRequired\":true,\"valueName\":\"search_term_string\"}}],\"inLanguage\":\"pt-BR\"},{\"@type\":\"Organization\",\"@id\":\"https:\/\/www.notibras.com\/site\/#organization\",\"name\":\"Grupo Notibras de Comunica\u00e7\u00e3o\",\"url\":\"https:\/\/www.notibras.com\/site\/\",\"logo\":{\"@type\":\"ImageObject\",\"inLanguage\":\"pt-BR\",\"@id\":\"https:\/\/www.notibras.com\/site\/#\/schema\/logo\/image\/\",\"url\":\"https:\/\/www.notibras.com\/site\/wp-content\/uploads\/2023\/01\/notibras23.png\",\"contentUrl\":\"https:\/\/www.notibras.com\/site\/wp-content\/uploads\/2023\/01\/notibras23.png\",\"width\":350,\"height\":87,\"caption\":\"Grupo Notibras de Comunica\u00e7\u00e3o\"},\"image\":{\"@id\":\"https:\/\/www.notibras.com\/site\/#\/schema\/logo\/image\/\"},\"sameAs\":[\"https:\/\/www.facebook.com\/notibras\/\",\"https:\/\/x.com\/Notibras\",\"https:\/\/www.instagram.com\/notibras\/\"]},{\"@type\":\"Person\",\"@id\":\"https:\/\/www.notibras.com\/site\/#\/schema\/person\/36ab0979449956132d3e5b517ea76ac8\",\"name\":\"Reda\u00e7\u00e3o\",\"image\":{\"@type\":\"ImageObject\",\"inLanguage\":\"pt-BR\",\"@id\":\"https:\/\/secure.gravatar.com\/avatar\/e0a867bdedb85fd243eadf09663511f96fc81e0720a4a42581f334ad4303aa6b?s=96&d=mm&r=g\",\"url\":\"https:\/\/secure.gravatar.com\/avatar\/e0a867bdedb85fd243eadf09663511f96fc81e0720a4a42581f334ad4303aa6b?s=96&d=mm&r=g\",\"contentUrl\":\"https:\/\/secure.gravatar.com\/avatar\/e0a867bdedb85fd243eadf09663511f96fc81e0720a4a42581f334ad4303aa6b?s=96&d=mm&r=g\",\"caption\":\"Reda\u00e7\u00e3o\"}}]}<\/script>\n<!-- \/ Yoast SEO plugin. -->","yoast_head_json":{"title":"Dia dos Pais com bolsa Sestini de presente no Terra\u00e7o - Notibras","robots":{"index":"index","follow":"follow","max-snippet":"max-snippet:-1","max-image-preview":"max-image-preview:large","max-video-preview":"max-video-preview:-1"},"canonical":"https:\/\/www.notibras.com\/site\/dia-dos-pais-com-bolsa-sestini-de-presente-no-terraco\/","og_locale":"pt_BR","og_type":"article","og_title":"Dia dos Pais com bolsa Sestini de presente no Terra\u00e7o - Notibras","og_description":"O segundo domingo de agosto \u00e9 uma das datas mais importantes do ano. \u00c9 o dia que se comemora o Dia dos Pais. Este ano, a data cair\u00e1 em 13 de agosto, oportunidade perfeita para homenagear aquele que apoia, orienta e compartilha momentos inesquec\u00edveis em fam\u00edlia, sejam os filhos crian\u00e7as ou adultos. Para tornar a [&hellip;]","og_url":"https:\/\/www.notibras.com\/site\/dia-dos-pais-com-bolsa-sestini-de-presente-no-terraco\/","og_site_name":"Notibras","article_publisher":"https:\/\/www.facebook.com\/notibras\/","article_published_time":"2023-08-05T10:11:52+00:00","article_modified_time":"2023-08-05T10:14:08+00:00","og_image":[{"width":1600,"height":1203,"url":"https:\/\/www.notibras.com\/site\/wp-content\/uploads\/2023\/08\/bolsa-dia-dos-pais.jpg","type":"image\/jpeg"}],"author":"Reda\u00e7\u00e3o","twitter_card":"summary_large_image","twitter_creator":"@Notibras","twitter_site":"@Notibras","twitter_misc":{"Escrito por":"Reda\u00e7\u00e3o","Est. tempo de leitura":"2 minutos"},"schema":{"@context":"https:\/\/schema.org","@graph":[{"@type":"Article","@id":"https:\/\/www.notibras.com\/site\/dia-dos-pais-com-bolsa-sestini-de-presente-no-terraco\/#article","isPartOf":{"@id":"https:\/\/www.notibras.com\/site\/dia-dos-pais-com-bolsa-sestini-de-presente-no-terraco\/"},"author":{"name":"Reda\u00e7\u00e3o","@id":"https:\/\/www.notibras.com\/site\/#\/schema\/person\/36ab0979449956132d3e5b517ea76ac8"},"headline":"Dia dos Pais com bolsa Sestini de presente no Terra\u00e7o","datePublished":"2023-08-05T10:11:52+00:00","dateModified":"2023-08-05T10:14:08+00:00","mainEntityOfPage":{"@id":"https:\/\/www.notibras.com\/site\/dia-dos-pais-com-bolsa-sestini-de-presente-no-terraco\/"},"wordCount":226,"publisher":{"@id":"https:\/\/www.notibras.com\/site\/#organization"},"image":{"@id":"https:\/\/www.notibras.com\/site\/dia-dos-pais-com-bolsa-sestini-de-presente-no-terraco\/#primaryimage"},"thumbnailUrl":"https:\/\/www.notibras.com\/site\/wp-content\/uploads\/2023\/08\/bolsa-dia-dos-pais.jpg","articleSection":["Quadradinho em Foco"],"inLanguage":"pt-BR"},{"@type":"WebPage","@id":"https:\/\/www.notibras.com\/site\/dia-dos-pais-com-bolsa-sestini-de-presente-no-terraco\/","url":"https:\/\/www.notibras.com\/site\/dia-dos-pais-com-bolsa-sestini-de-presente-no-terraco\/","name":"Dia dos Pais com bolsa Sestini de presente no Terra\u00e7o - Notibras","isPartOf":{"@id":"https:\/\/www.notibras.com\/site\/#website"},"primaryImageOfPage":{"@id":"https:\/\/www.notibras.com\/site\/dia-dos-pais-com-bolsa-sestini-de-presente-no-terraco\/#primaryimage"},"image":{"@id":"https:\/\/www.notibras.com\/site\/dia-dos-pais-com-bolsa-sestini-de-presente-no-terraco\/#primaryimage"},"thumbnailUrl":"https:\/\/www.notibras.com\/site\/wp-content\/uploads\/2023\/08\/bolsa-dia-dos-pais.jpg","datePublished":"2023-08-05T10:11:52+00:00","dateModified":"2023-08-05T10:14:08+00:00","breadcrumb":{"@id":"https:\/\/www.notibras.com\/site\/dia-dos-pais-com-bolsa-sestini-de-presente-no-terraco\/#breadcrumb"},"inLanguage":"pt-BR","potentialAction":[{"@type":"ReadAction","target":["https:\/\/www.notibras.com\/site\/dia-dos-pais-com-bolsa-sestini-de-presente-no-terraco\/"]}]},{"@type":"ImageObject","inLanguage":"pt-BR","@id":"https:\/\/www.notibras.com\/site\/dia-dos-pais-com-bolsa-sestini-de-presente-no-terraco\/#primaryimage","url":"https:\/\/www.notibras.com\/site\/wp-content\/uploads\/2023\/08\/bolsa-dia-dos-pais.jpg","contentUrl":"https:\/\/www.notibras.com\/site\/wp-content\/uploads\/2023\/08\/bolsa-dia-dos-pais.jpg","width":1600,"height":1203},{"@type":"BreadcrumbList","@id":"https:\/\/www.notibras.com\/site\/dia-dos-pais-com-bolsa-sestini-de-presente-no-terraco\/#breadcrumb","itemListElement":[{"@type":"ListItem","position":1,"name":"In\u00edcio","item":"https:\/\/www.notibras.com\/site\/"},{"@type":"ListItem","position":2,"name":"Dia dos Pais com bolsa Sestini de presente no Terra\u00e7o"}]},{"@type":"WebSite","@id":"https:\/\/www.notibras.com\/site\/#website","url":"https:\/\/www.notibras.com\/site\/","name":"Notibras","description":"Not\u00edcias de Bras\u00edlia, do Brasil e do Mundo","publisher":{"@id":"https:\/\/www.notibras.com\/site\/#organization"},"potentialAction":[{"@type":"SearchAction","target":{"@type":"EntryPoint","urlTemplate":"https:\/\/www.notibras.com\/site\/?s={search_term_string}"},"query-input":{"@type":"PropertyValueSpecification","valueRequired":true,"valueName":"search_term_string"}}],"inLanguage":"pt-BR"},{"@type":"Organization","@id":"https:\/\/www.notibras.com\/site\/#organization","name":"Grupo Notibras de Comunica\u00e7\u00e3o","url":"https:\/\/www.notibras.com\/site\/","logo":{"@type":"ImageObject","inLanguage":"pt-BR","@id":"https:\/\/www.notibras.com\/site\/#\/schema\/logo\/image\/","url":"https:\/\/www.notibras.com\/site\/wp-content\/uploads\/2023\/01\/notibras23.png","contentUrl":"https:\/\/www.notibras.com\/site\/wp-content\/uploads\/2023\/01\/notibras23.png","width":350,"height":87,"caption":"Grupo Notibras de Comunica\u00e7\u00e3o"},"image":{"@id":"https:\/\/www.notibras.com\/site\/#\/schema\/logo\/image\/"},"sameAs":["https:\/\/www.facebook.com\/notibras\/","https:\/\/x.com\/Notibras","https:\/\/www.instagram.com\/notibras\/"]},{"@type":"Person","@id":"https:\/\/www.notibras.com\/site\/#\/schema\/person\/36ab0979449956132d3e5b517ea76ac8","name":"Reda\u00e7\u00e3o","image":{"@type":"ImageObject","inLanguage":"pt-BR","@id":"https:\/\/secure.gravatar.com\/avatar\/e0a867bdedb85fd243eadf09663511f96fc81e0720a4a42581f334ad4303aa6b?s=96&d=mm&r=g","url":"https:\/\/secure.gravatar.com\/avatar\/e0a867bdedb85fd243eadf09663511f96fc81e0720a4a42581f334ad4303aa6b?s=96&d=mm&r=g","contentUrl":"https:\/\/secure.gravatar.com\/avatar\/e0a867bdedb85fd243eadf09663511f96fc81e0720a4a42581f334ad4303aa6b?s=96&d=mm&r=g","caption":"Reda\u00e7\u00e3o"}}]}},"amp_enabled":true,"_links":{"self":[{"href":"https:\/\/www.notibras.com\/site\/wp-json\/wp\/v2\/posts\/310277","targetHints":{"allow":["GET"]}}],"collection":[{"href":"https:\/\/www.notibras.com\/site\/wp-json\/wp\/v2\/posts"}],"about":[{"href":"https:\/\/www.notibras.com\/site\/wp-json\/wp\/v2\/types\/post"}],"author":[{"embeddable":true,"href":"https:\/\/www.notibras.com\/site\/wp-json\/wp\/v2\/users\/2"}],"replies":[{"embeddable":true,"href":"https:\/\/www.notibras.com\/site\/wp-json\/wp\/v2\/comments?post=310277"}],"version-history":[{"count":3,"href":"https:\/\/www.notibras.com\/site\/wp-json\/wp\/v2\/posts\/310277\/revisions"}],"predecessor-version":[{"id":310281,"href":"https:\/\/www.notibras.com\/site\/wp-json\/wp\/v2\/posts\/310277\/revisions\/310281"}],"wp:featuredmedia":[{"embeddable":true,"href":"https:\/\/www.notibras.com\/site\/wp-json\/wp\/v2\/media\/310278"}],"wp:attachment":[{"href":"https:\/\/www.notibras.com\/site\/wp-json\/wp\/v2\/media?parent=310277"}],"wp:term":[{"taxonomy":"category","embeddable":true,"href":"https:\/\/www.notibras.com\/site\/wp-json\/wp\/v2\/categories?post=310277"},{"taxonomy":"post_tag","embeddable":true,"href":"https:\/\/www.notibras.com\/site\/wp-json\/wp\/v2\/tags?post=310277"}],"curies":[{"name":"wp","href":"https:\/\/api.w.org\/{rel}","templated":true}]}}