{"id":310370,"date":"2023-08-06T00:38:15","date_gmt":"2023-08-06T03:38:15","guid":{"rendered":"https:\/\/www.notibras.com\/site\/?p=310370"},"modified":"2023-08-06T08:38:45","modified_gmt":"2023-08-06T11:38:45","slug":"maes-neurodivergentes-enfrentam-os-desafios-diarios","status":"publish","type":"post","link":"https:\/\/www.notibras.com\/site\/maes-neurodivergentes-enfrentam-os-desafios-diarios\/","title":{"rendered":"M\u00e3es neurodivergentes enfrentam os desafios di\u00e1rios"},"content":{"rendered":"<p>Na reta final da Semana Mundial da Amamenta\u00e7\u00e3o, o Podcast Hist\u00f3rias Raras publica o epis\u00f3dio M\u00e3es Neurodivergentes. Nesta edi\u00e7\u00e3o, diferentes m\u00e3es destacam como a descoberta de um c\u00e9rebro at\u00edpico na vida adulta transformaram a maternidade de cada uma.<\/p>\n<p>A partir de Alana Yaponirah, Ta\u00eds Gollo e Ana Rosa Aguiar, a gente ouve relatos de como determinadas experi\u00eancias maternas como o desmame, o choro alto de um beb\u00ea ou o toque excessivo dos filhos podem ser extremamente desafiantes para uma m\u00e3e at\u00edpica.<\/p>\n<p>Alana \u00e9 m\u00e3e de Jo\u00e3o Vitor, de 19 anos, e de Maya, de seis. Ela j\u00e1 tinha aparecido no epis\u00f3dio anterior, Raros e Nada T\u00edpicos, para falar sobre a descoberta tardia do transtorno do D\u00e9ficit de Aten\u00e7\u00e3o (TDAH) aos 43 anos. Agora, Alana compara o que mudou na sua maternagem depois do diagn\u00f3stico.<\/p>\n<p>Ta\u00eds Gollo \u00e9 profissional de educa\u00e7\u00e3o f\u00edsica e foi diagnosticada com Transtorno do Espectro Autista (TEA) e S\u00edndrome de Erlhers-Danlos. Ela e o marido (tamb\u00e9m autista) t\u00eam duas meninas: a Lis, de oito anos, e a Beatriz, de dois. Em M\u00e3es Neurodivergentes, Ta\u00eds conta um pouco sobre gestar, parir e amamentar.<\/p>\n<p>E o epis\u00f3dio traz ainda a Ana Rosa Aguiar, psiquiatra e m\u00e3e de uma outra Lis. Asua Liz se escreve com Z e tem seis anos. Ela trabalha em um instituto dedicado ao estudo e apoio ao autista no espectro adulto. Ana Rosa, que se descobriu com TEA e S\u00edndrome de Savant (um dist\u00farbio raro e neurocognitivo), nos traz um olhar sobre as dificuldades no diagn\u00f3stico de mulheres, e do impacto e a import\u00e2ncia desse diagn\u00f3stico tardio.<\/p>\n<p>Em 2023, a Semana Mundial da Amamenta\u00e7\u00e3o come\u00e7ou na ter\u00e7a-feira (1\u00ba) e termina na segunda-feira (7). O slogan deste ano \u00e9 Possibilitando a Amamenta\u00e7\u00e3o: Fazendo a Diferen\u00e7a para M\u00e3es e Pais que Trabalham. Entre os objetivos, est\u00e1 o de informar sobre as perspectivas dos pais trabalhadores com rela\u00e7\u00e3o \u00e0 amamenta\u00e7\u00e3o e paternidade.<\/p>\n<p><strong><a href=\"https:\/\/agenciabrasil.ebc.com.br\/radioagencia-nacional\/direitos-humanos\/audio\/2023-08\/historias-raras-episodio-6\" target=\"_blank\" rel=\"noopener\">&#x25b6;&#xfe0f; Hist\u00f3rias Raras #6 M\u00e3es Neurodivergentes.<\/a><\/strong><\/p>\n<p><a href=\"https:\/\/agenciabrasil.ebc.com.br\/radioagencia-nacional\/direitos-humanos\/audio\/2023-07\/historias-raras-episodio-5\" target=\"_blank\" rel=\"noopener\">&#x25b6;&#xfe0f; #5 Raros e Nada T\u00edpicos.<\/a><\/p>\n<p>Os epis\u00f3dios podem ser ouvidos em primeira m\u00e3o na Radioag\u00eancia Nacional. Neste link, voc\u00ea encontra os \u00faltimos epis\u00f3dios lan\u00e7ados, a transcri\u00e7\u00e3o detalhada de cada um deles, al\u00e9m de conte\u00fados e links complementares.<\/p>\n<p>No Spotify e no Youtube, o Hist\u00f3rias Raras vira videocast (\u00c1udio + Libras). Cada epis\u00f3dio recebe a interpreta\u00e7\u00e3o simult\u00e2nea para a L\u00edngua Brasileira de Sinais (Libras).<\/p>\n<p>Hist\u00f3rias Raras est\u00e1 na segunda temporada e \u00e9 apresentado por Patr\u00edcia Serr\u00e3o, respons\u00e1vel pela concep\u00e7\u00e3o de pauta e entrevistas, e Leyberson Pedrosa, idealizador do formato do projeto e respons\u00e1vel pelo roteiro final, dire\u00e7\u00e3o e montagem.<\/p>\n<p>A Patr\u00edcia Serr\u00e3o assina o roteiro deste epis\u00f3dio ao lado de Bia Arcoverde.<\/p>\n<p>A Bia \u00e9 respons\u00e1vel pela coordena\u00e7\u00e3o de equipe e tamb\u00e9m participa deste epis\u00f3dio como apresentadora convidada.<\/p>\n<p>O apoio de produ\u00e7\u00e3o \u00e9 de Simone Magalh\u00e3es, tem sonoplastia de Jos\u00e9 Maria Pardal e identidade visual de Caroline Ramos.<\/p>\n","protected":false},"excerpt":{"rendered":"<p>Na reta final da Semana Mundial da Amamenta\u00e7\u00e3o, o Podcast Hist\u00f3rias Raras publica o epis\u00f3dio M\u00e3es Neurodivergentes. Nesta edi\u00e7\u00e3o, diferentes m\u00e3es destacam como a descoberta de um c\u00e9rebro at\u00edpico na vida adulta transformaram a maternidade de cada uma. A partir de Alana Yaponirah, Ta\u00eds Gollo e Ana Rosa Aguiar, a gente ouve relatos de como [&hellip;]<\/p>\n","protected":false},"author":2,"featured_media":310371,"comment_status":"closed","ping_status":"closed","sticky":false,"template":"","format":"standard","meta":{"_acf_changed":false,"footnotes":""},"categories":[161],"tags":[95],"class_list":["post-310370","post","type-post","status-publish","format-standard","has-post-thumbnail","hentry","category-quadradinho-em-foco","tag-capa"],"acf":[],"yoast_head":"<!-- This site is optimized with the Yoast SEO plugin v27.2 - https:\/\/yoast.com\/product\/yoast-seo-wordpress\/ -->\n<title>M\u00e3es neurodivergentes enfrentam os desafios di\u00e1rios - Notibras<\/title>\n<meta name=\"robots\" content=\"index, follow, max-snippet:-1, max-image-preview:large, max-video-preview:-1\" \/>\n<link rel=\"canonical\" href=\"https:\/\/www.notibras.com\/site\/maes-neurodivergentes-enfrentam-os-desafios-diarios\/\" \/>\n<meta property=\"og:locale\" content=\"pt_BR\" \/>\n<meta property=\"og:type\" content=\"article\" \/>\n<meta property=\"og:title\" content=\"M\u00e3es neurodivergentes enfrentam os desafios di\u00e1rios - Notibras\" \/>\n<meta property=\"og:description\" content=\"Na reta final da Semana Mundial da Amamenta\u00e7\u00e3o, o Podcast Hist\u00f3rias Raras publica o epis\u00f3dio M\u00e3es Neurodivergentes. Nesta edi\u00e7\u00e3o, diferentes m\u00e3es destacam como a descoberta de um c\u00e9rebro at\u00edpico na vida adulta transformaram a maternidade de cada uma. A partir de Alana Yaponirah, Ta\u00eds Gollo e Ana Rosa Aguiar, a gente ouve relatos de como [&hellip;]\" \/>\n<meta property=\"og:url\" content=\"https:\/\/www.notibras.com\/site\/maes-neurodivergentes-enfrentam-os-desafios-diarios\/\" \/>\n<meta property=\"og:site_name\" content=\"Notibras\" \/>\n<meta property=\"article:publisher\" content=\"https:\/\/www.facebook.com\/notibras\/\" \/>\n<meta property=\"article:published_time\" content=\"2023-08-06T03:38:15+00:00\" \/>\n<meta property=\"article:modified_time\" content=\"2023-08-06T11:38:45+00:00\" \/>\n<meta property=\"og:image\" content=\"https:\/\/www.notibras.com\/site\/wp-content\/uploads\/2023\/08\/amamentacao_foto_arquivo_widescreen_wilson_dias-agencia_brasil.jpg\" \/>\n\t<meta property=\"og:image:width\" content=\"1170\" \/>\n\t<meta property=\"og:image:height\" content=\"700\" \/>\n\t<meta property=\"og:image:type\" content=\"image\/jpeg\" \/>\n<meta name=\"author\" content=\"Reda\u00e7\u00e3o\" \/>\n<meta name=\"twitter:card\" content=\"summary_large_image\" \/>\n<meta name=\"twitter:creator\" content=\"@Notibras\" \/>\n<meta name=\"twitter:site\" content=\"@Notibras\" \/>\n<meta name=\"twitter:label1\" content=\"Escrito por\" \/>\n\t<meta name=\"twitter:data1\" content=\"Reda\u00e7\u00e3o\" \/>\n\t<meta name=\"twitter:label2\" content=\"Est. tempo de leitura\" \/>\n\t<meta name=\"twitter:data2\" content=\"3 minutos\" \/>\n<script type=\"application\/ld+json\" class=\"yoast-schema-graph\">{\"@context\":\"https:\/\/schema.org\",\"@graph\":[{\"@type\":\"Article\",\"@id\":\"https:\/\/www.notibras.com\/site\/maes-neurodivergentes-enfrentam-os-desafios-diarios\/#article\",\"isPartOf\":{\"@id\":\"https:\/\/www.notibras.com\/site\/maes-neurodivergentes-enfrentam-os-desafios-diarios\/\"},\"author\":{\"name\":\"Reda\u00e7\u00e3o\",\"@id\":\"https:\/\/www.notibras.com\/site\/#\/schema\/person\/36ab0979449956132d3e5b517ea76ac8\"},\"headline\":\"M\u00e3es neurodivergentes enfrentam os desafios di\u00e1rios\",\"datePublished\":\"2023-08-06T03:38:15+00:00\",\"dateModified\":\"2023-08-06T11:38:45+00:00\",\"mainEntityOfPage\":{\"@id\":\"https:\/\/www.notibras.com\/site\/maes-neurodivergentes-enfrentam-os-desafios-diarios\/\"},\"wordCount\":541,\"publisher\":{\"@id\":\"https:\/\/www.notibras.com\/site\/#organization\"},\"image\":{\"@id\":\"https:\/\/www.notibras.com\/site\/maes-neurodivergentes-enfrentam-os-desafios-diarios\/#primaryimage\"},\"thumbnailUrl\":\"https:\/\/www.notibras.com\/site\/wp-content\/uploads\/2023\/08\/amamentacao_foto_arquivo_widescreen_wilson_dias-agencia_brasil.jpg\",\"keywords\":[\"capa\"],\"articleSection\":[\"Quadradinho em Foco\"],\"inLanguage\":\"pt-BR\"},{\"@type\":\"WebPage\",\"@id\":\"https:\/\/www.notibras.com\/site\/maes-neurodivergentes-enfrentam-os-desafios-diarios\/\",\"url\":\"https:\/\/www.notibras.com\/site\/maes-neurodivergentes-enfrentam-os-desafios-diarios\/\",\"name\":\"M\u00e3es neurodivergentes enfrentam os desafios di\u00e1rios - Notibras\",\"isPartOf\":{\"@id\":\"https:\/\/www.notibras.com\/site\/#website\"},\"primaryImageOfPage\":{\"@id\":\"https:\/\/www.notibras.com\/site\/maes-neurodivergentes-enfrentam-os-desafios-diarios\/#primaryimage\"},\"image\":{\"@id\":\"https:\/\/www.notibras.com\/site\/maes-neurodivergentes-enfrentam-os-desafios-diarios\/#primaryimage\"},\"thumbnailUrl\":\"https:\/\/www.notibras.com\/site\/wp-content\/uploads\/2023\/08\/amamentacao_foto_arquivo_widescreen_wilson_dias-agencia_brasil.jpg\",\"datePublished\":\"2023-08-06T03:38:15+00:00\",\"dateModified\":\"2023-08-06T11:38:45+00:00\",\"breadcrumb\":{\"@id\":\"https:\/\/www.notibras.com\/site\/maes-neurodivergentes-enfrentam-os-desafios-diarios\/#breadcrumb\"},\"inLanguage\":\"pt-BR\",\"potentialAction\":[{\"@type\":\"ReadAction\",\"target\":[\"https:\/\/www.notibras.com\/site\/maes-neurodivergentes-enfrentam-os-desafios-diarios\/\"]}]},{\"@type\":\"ImageObject\",\"inLanguage\":\"pt-BR\",\"@id\":\"https:\/\/www.notibras.com\/site\/maes-neurodivergentes-enfrentam-os-desafios-diarios\/#primaryimage\",\"url\":\"https:\/\/www.notibras.com\/site\/wp-content\/uploads\/2023\/08\/amamentacao_foto_arquivo_widescreen_wilson_dias-agencia_brasil.jpg\",\"contentUrl\":\"https:\/\/www.notibras.com\/site\/wp-content\/uploads\/2023\/08\/amamentacao_foto_arquivo_widescreen_wilson_dias-agencia_brasil.jpg\",\"width\":1170,\"height\":700,\"caption\":\"Ministro Arthur Chioro lan\u00e7a a nova campanha de aleitamento materno.\u00a0Participa da solenidade a madrinha da Semana Mundial de Amamenta\u00e7\u00e3o (SMAM) de 2014, a atriz N\u00edvea Stelmann, com sua filha (Wilson Dias\/Ag\u00eancia Brasil)\"},{\"@type\":\"BreadcrumbList\",\"@id\":\"https:\/\/www.notibras.com\/site\/maes-neurodivergentes-enfrentam-os-desafios-diarios\/#breadcrumb\",\"itemListElement\":[{\"@type\":\"ListItem\",\"position\":1,\"name\":\"In\u00edcio\",\"item\":\"https:\/\/www.notibras.com\/site\/\"},{\"@type\":\"ListItem\",\"position\":2,\"name\":\"M\u00e3es neurodivergentes enfrentam os desafios di\u00e1rios\"}]},{\"@type\":\"WebSite\",\"@id\":\"https:\/\/www.notibras.com\/site\/#website\",\"url\":\"https:\/\/www.notibras.com\/site\/\",\"name\":\"Notibras\",\"description\":\"Not\u00edcias de Bras\u00edlia, do Brasil e do Mundo\",\"publisher\":{\"@id\":\"https:\/\/www.notibras.com\/site\/#organization\"},\"potentialAction\":[{\"@type\":\"SearchAction\",\"target\":{\"@type\":\"EntryPoint\",\"urlTemplate\":\"https:\/\/www.notibras.com\/site\/?s={search_term_string}\"},\"query-input\":{\"@type\":\"PropertyValueSpecification\",\"valueRequired\":true,\"valueName\":\"search_term_string\"}}],\"inLanguage\":\"pt-BR\"},{\"@type\":\"Organization\",\"@id\":\"https:\/\/www.notibras.com\/site\/#organization\",\"name\":\"Grupo Notibras de Comunica\u00e7\u00e3o\",\"url\":\"https:\/\/www.notibras.com\/site\/\",\"logo\":{\"@type\":\"ImageObject\",\"inLanguage\":\"pt-BR\",\"@id\":\"https:\/\/www.notibras.com\/site\/#\/schema\/logo\/image\/\",\"url\":\"https:\/\/www.notibras.com\/site\/wp-content\/uploads\/2023\/01\/notibras23.png\",\"contentUrl\":\"https:\/\/www.notibras.com\/site\/wp-content\/uploads\/2023\/01\/notibras23.png\",\"width\":350,\"height\":87,\"caption\":\"Grupo Notibras de Comunica\u00e7\u00e3o\"},\"image\":{\"@id\":\"https:\/\/www.notibras.com\/site\/#\/schema\/logo\/image\/\"},\"sameAs\":[\"https:\/\/www.facebook.com\/notibras\/\",\"https:\/\/x.com\/Notibras\",\"https:\/\/www.instagram.com\/notibras\/\"]},{\"@type\":\"Person\",\"@id\":\"https:\/\/www.notibras.com\/site\/#\/schema\/person\/36ab0979449956132d3e5b517ea76ac8\",\"name\":\"Reda\u00e7\u00e3o\",\"image\":{\"@type\":\"ImageObject\",\"inLanguage\":\"pt-BR\",\"@id\":\"https:\/\/secure.gravatar.com\/avatar\/e0a867bdedb85fd243eadf09663511f96fc81e0720a4a42581f334ad4303aa6b?s=96&d=mm&r=g\",\"url\":\"https:\/\/secure.gravatar.com\/avatar\/e0a867bdedb85fd243eadf09663511f96fc81e0720a4a42581f334ad4303aa6b?s=96&d=mm&r=g\",\"contentUrl\":\"https:\/\/secure.gravatar.com\/avatar\/e0a867bdedb85fd243eadf09663511f96fc81e0720a4a42581f334ad4303aa6b?s=96&d=mm&r=g\",\"caption\":\"Reda\u00e7\u00e3o\"}}]}<\/script>\n<!-- \/ Yoast SEO plugin. -->","yoast_head_json":{"title":"M\u00e3es neurodivergentes enfrentam os desafios di\u00e1rios - Notibras","robots":{"index":"index","follow":"follow","max-snippet":"max-snippet:-1","max-image-preview":"max-image-preview:large","max-video-preview":"max-video-preview:-1"},"canonical":"https:\/\/www.notibras.com\/site\/maes-neurodivergentes-enfrentam-os-desafios-diarios\/","og_locale":"pt_BR","og_type":"article","og_title":"M\u00e3es neurodivergentes enfrentam os desafios di\u00e1rios - Notibras","og_description":"Na reta final da Semana Mundial da Amamenta\u00e7\u00e3o, o Podcast Hist\u00f3rias Raras publica o epis\u00f3dio M\u00e3es Neurodivergentes. Nesta edi\u00e7\u00e3o, diferentes m\u00e3es destacam como a descoberta de um c\u00e9rebro at\u00edpico na vida adulta transformaram a maternidade de cada uma. A partir de Alana Yaponirah, Ta\u00eds Gollo e Ana Rosa Aguiar, a gente ouve relatos de como [&hellip;]","og_url":"https:\/\/www.notibras.com\/site\/maes-neurodivergentes-enfrentam-os-desafios-diarios\/","og_site_name":"Notibras","article_publisher":"https:\/\/www.facebook.com\/notibras\/","article_published_time":"2023-08-06T03:38:15+00:00","article_modified_time":"2023-08-06T11:38:45+00:00","og_image":[{"width":1170,"height":700,"url":"https:\/\/www.notibras.com\/site\/wp-content\/uploads\/2023\/08\/amamentacao_foto_arquivo_widescreen_wilson_dias-agencia_brasil.jpg","type":"image\/jpeg"}],"author":"Reda\u00e7\u00e3o","twitter_card":"summary_large_image","twitter_creator":"@Notibras","twitter_site":"@Notibras","twitter_misc":{"Escrito por":"Reda\u00e7\u00e3o","Est. tempo de leitura":"3 minutos"},"schema":{"@context":"https:\/\/schema.org","@graph":[{"@type":"Article","@id":"https:\/\/www.notibras.com\/site\/maes-neurodivergentes-enfrentam-os-desafios-diarios\/#article","isPartOf":{"@id":"https:\/\/www.notibras.com\/site\/maes-neurodivergentes-enfrentam-os-desafios-diarios\/"},"author":{"name":"Reda\u00e7\u00e3o","@id":"https:\/\/www.notibras.com\/site\/#\/schema\/person\/36ab0979449956132d3e5b517ea76ac8"},"headline":"M\u00e3es neurodivergentes enfrentam os desafios di\u00e1rios","datePublished":"2023-08-06T03:38:15+00:00","dateModified":"2023-08-06T11:38:45+00:00","mainEntityOfPage":{"@id":"https:\/\/www.notibras.com\/site\/maes-neurodivergentes-enfrentam-os-desafios-diarios\/"},"wordCount":541,"publisher":{"@id":"https:\/\/www.notibras.com\/site\/#organization"},"image":{"@id":"https:\/\/www.notibras.com\/site\/maes-neurodivergentes-enfrentam-os-desafios-diarios\/#primaryimage"},"thumbnailUrl":"https:\/\/www.notibras.com\/site\/wp-content\/uploads\/2023\/08\/amamentacao_foto_arquivo_widescreen_wilson_dias-agencia_brasil.jpg","keywords":["capa"],"articleSection":["Quadradinho em Foco"],"inLanguage":"pt-BR"},{"@type":"WebPage","@id":"https:\/\/www.notibras.com\/site\/maes-neurodivergentes-enfrentam-os-desafios-diarios\/","url":"https:\/\/www.notibras.com\/site\/maes-neurodivergentes-enfrentam-os-desafios-diarios\/","name":"M\u00e3es neurodivergentes enfrentam os desafios di\u00e1rios - Notibras","isPartOf":{"@id":"https:\/\/www.notibras.com\/site\/#website"},"primaryImageOfPage":{"@id":"https:\/\/www.notibras.com\/site\/maes-neurodivergentes-enfrentam-os-desafios-diarios\/#primaryimage"},"image":{"@id":"https:\/\/www.notibras.com\/site\/maes-neurodivergentes-enfrentam-os-desafios-diarios\/#primaryimage"},"thumbnailUrl":"https:\/\/www.notibras.com\/site\/wp-content\/uploads\/2023\/08\/amamentacao_foto_arquivo_widescreen_wilson_dias-agencia_brasil.jpg","datePublished":"2023-08-06T03:38:15+00:00","dateModified":"2023-08-06T11:38:45+00:00","breadcrumb":{"@id":"https:\/\/www.notibras.com\/site\/maes-neurodivergentes-enfrentam-os-desafios-diarios\/#breadcrumb"},"inLanguage":"pt-BR","potentialAction":[{"@type":"ReadAction","target":["https:\/\/www.notibras.com\/site\/maes-neurodivergentes-enfrentam-os-desafios-diarios\/"]}]},{"@type":"ImageObject","inLanguage":"pt-BR","@id":"https:\/\/www.notibras.com\/site\/maes-neurodivergentes-enfrentam-os-desafios-diarios\/#primaryimage","url":"https:\/\/www.notibras.com\/site\/wp-content\/uploads\/2023\/08\/amamentacao_foto_arquivo_widescreen_wilson_dias-agencia_brasil.jpg","contentUrl":"https:\/\/www.notibras.com\/site\/wp-content\/uploads\/2023\/08\/amamentacao_foto_arquivo_widescreen_wilson_dias-agencia_brasil.jpg","width":1170,"height":700,"caption":"Ministro Arthur Chioro lan\u00e7a a nova campanha de aleitamento materno.\u00a0Participa da solenidade a madrinha da Semana Mundial de Amamenta\u00e7\u00e3o (SMAM) de 2014, a atriz N\u00edvea Stelmann, com sua filha (Wilson Dias\/Ag\u00eancia Brasil)"},{"@type":"BreadcrumbList","@id":"https:\/\/www.notibras.com\/site\/maes-neurodivergentes-enfrentam-os-desafios-diarios\/#breadcrumb","itemListElement":[{"@type":"ListItem","position":1,"name":"In\u00edcio","item":"https:\/\/www.notibras.com\/site\/"},{"@type":"ListItem","position":2,"name":"M\u00e3es neurodivergentes enfrentam os desafios di\u00e1rios"}]},{"@type":"WebSite","@id":"https:\/\/www.notibras.com\/site\/#website","url":"https:\/\/www.notibras.com\/site\/","name":"Notibras","description":"Not\u00edcias de Bras\u00edlia, do Brasil e do Mundo","publisher":{"@id":"https:\/\/www.notibras.com\/site\/#organization"},"potentialAction":[{"@type":"SearchAction","target":{"@type":"EntryPoint","urlTemplate":"https:\/\/www.notibras.com\/site\/?s={search_term_string}"},"query-input":{"@type":"PropertyValueSpecification","valueRequired":true,"valueName":"search_term_string"}}],"inLanguage":"pt-BR"},{"@type":"Organization","@id":"https:\/\/www.notibras.com\/site\/#organization","name":"Grupo Notibras de Comunica\u00e7\u00e3o","url":"https:\/\/www.notibras.com\/site\/","logo":{"@type":"ImageObject","inLanguage":"pt-BR","@id":"https:\/\/www.notibras.com\/site\/#\/schema\/logo\/image\/","url":"https:\/\/www.notibras.com\/site\/wp-content\/uploads\/2023\/01\/notibras23.png","contentUrl":"https:\/\/www.notibras.com\/site\/wp-content\/uploads\/2023\/01\/notibras23.png","width":350,"height":87,"caption":"Grupo Notibras de Comunica\u00e7\u00e3o"},"image":{"@id":"https:\/\/www.notibras.com\/site\/#\/schema\/logo\/image\/"},"sameAs":["https:\/\/www.facebook.com\/notibras\/","https:\/\/x.com\/Notibras","https:\/\/www.instagram.com\/notibras\/"]},{"@type":"Person","@id":"https:\/\/www.notibras.com\/site\/#\/schema\/person\/36ab0979449956132d3e5b517ea76ac8","name":"Reda\u00e7\u00e3o","image":{"@type":"ImageObject","inLanguage":"pt-BR","@id":"https:\/\/secure.gravatar.com\/avatar\/e0a867bdedb85fd243eadf09663511f96fc81e0720a4a42581f334ad4303aa6b?s=96&d=mm&r=g","url":"https:\/\/secure.gravatar.com\/avatar\/e0a867bdedb85fd243eadf09663511f96fc81e0720a4a42581f334ad4303aa6b?s=96&d=mm&r=g","contentUrl":"https:\/\/secure.gravatar.com\/avatar\/e0a867bdedb85fd243eadf09663511f96fc81e0720a4a42581f334ad4303aa6b?s=96&d=mm&r=g","caption":"Reda\u00e7\u00e3o"}}]}},"amp_enabled":true,"_links":{"self":[{"href":"https:\/\/www.notibras.com\/site\/wp-json\/wp\/v2\/posts\/310370","targetHints":{"allow":["GET"]}}],"collection":[{"href":"https:\/\/www.notibras.com\/site\/wp-json\/wp\/v2\/posts"}],"about":[{"href":"https:\/\/www.notibras.com\/site\/wp-json\/wp\/v2\/types\/post"}],"author":[{"embeddable":true,"href":"https:\/\/www.notibras.com\/site\/wp-json\/wp\/v2\/users\/2"}],"replies":[{"embeddable":true,"href":"https:\/\/www.notibras.com\/site\/wp-json\/wp\/v2\/comments?post=310370"}],"version-history":[{"count":1,"href":"https:\/\/www.notibras.com\/site\/wp-json\/wp\/v2\/posts\/310370\/revisions"}],"predecessor-version":[{"id":310372,"href":"https:\/\/www.notibras.com\/site\/wp-json\/wp\/v2\/posts\/310370\/revisions\/310372"}],"wp:featuredmedia":[{"embeddable":true,"href":"https:\/\/www.notibras.com\/site\/wp-json\/wp\/v2\/media\/310371"}],"wp:attachment":[{"href":"https:\/\/www.notibras.com\/site\/wp-json\/wp\/v2\/media?parent=310370"}],"wp:term":[{"taxonomy":"category","embeddable":true,"href":"https:\/\/www.notibras.com\/site\/wp-json\/wp\/v2\/categories?post=310370"},{"taxonomy":"post_tag","embeddable":true,"href":"https:\/\/www.notibras.com\/site\/wp-json\/wp\/v2\/tags?post=310370"}],"curies":[{"name":"wp","href":"https:\/\/api.w.org\/{rel}","templated":true}]}}