{"id":310378,"date":"2023-08-06T00:01:13","date_gmt":"2023-08-06T03:01:13","guid":{"rendered":"https:\/\/www.notibras.com\/site\/?p=310378"},"modified":"2023-08-06T09:08:11","modified_gmt":"2023-08-06T12:08:11","slug":"tcdf-manda-buriti-se-virar-nos-30-e-atender-paciente-renal","status":"publish","type":"post","link":"https:\/\/www.notibras.com\/site\/tcdf-manda-buriti-se-virar-nos-30-e-atender-paciente-renal\/","title":{"rendered":"TCDF manda Buriti se virar e atender paciente renal"},"content":{"rendered":"<p>A Secretaria de Sa\u00fade e o Instituto de Gest\u00e3o Estrat\u00e9gica de Sa\u00fade devem apresentar ao Tribunal de Conta, em at\u00e9 30 dias, um Plano de A\u00e7\u00e3o para ampliar a oferta de tratamentos para pacientes com insufici\u00eancia renal. O planejamento deve estabelecer prazos e metas para resolver quest\u00f5es como a desassist\u00eancia de pacientes agudos, a insufici\u00eancia de m\u00e1quinas para filtrar e limpar o sangue e obsolesc\u00eancia de equipamentos.<\/p>\n<p>Em novembro do ano passado, a Corte de Contas pediu explica\u00e7\u00f5es \u00e0 SES a respeito da situa\u00e7\u00e3o da fila de espera para a realiza\u00e7\u00e3o de sess\u00f5es de hemodi\u00e1lise e sobre as dificuldades enfrentadas por pacientes que aguardam tratamento. Em resposta, a pasta apresentou dados alarmantes. De 2021 para 2022, a m\u00e9dia anual de pacientes aguardando hemodi\u00e1lise cr\u00f4nica na rede p\u00fablica aumentou 278,25%. Para os casos de hemodi\u00e1lise aguda o aumento foi de 263,64%.<\/p>\n<p>Na avalia\u00e7\u00e3o da pr\u00f3pria Secretaria de Sa\u00fade, a quantidade de pacientes aguardando tratamento hemodial\u00edtico est\u00e1 cr\u00edtica e vem se agravando diariamente &#8220;gerando uma verdadeira crise assistencial com consequ\u00eancias preocupantes para o sistema de sa\u00fade do DF&#8221;.<\/p>\n<p>A Corte de Contas tamb\u00e9m ouviu o IGES sobre a defici\u00eancia da presta\u00e7\u00e3o de servi\u00e7os para a insufici\u00eancia renal no Hospital de Base. Em suas manifesta\u00e7\u00f5es enviadas ao Tribunal de Contas, nem a SES nem o IGES informaram a exist\u00eancia de planejamento ou medidas voltadas ao aumento da oferta de vagas para o tratamento de hemodi\u00e1lise na Rede P\u00fablica.<\/p>\n<p>Diante da gravidade da situa\u00e7\u00e3o, o plen\u00e1rio da Corte de Contas acolheu, por unanimidade, o voto do relator do processo n\u00ba 00600-00008503\/2022-79-e. O documento chama aten\u00e7\u00e3o para a gravidade da situa\u00e7\u00e3o e para a necessidade de ado\u00e7\u00e3o de medidas urgentes para reestabelecer o atendimento da popula\u00e7\u00e3o que aguarda tratamentos para insufici\u00eancia renal. A Secretaria de Sa\u00fade e o IGES\/DF foram notificados da decis\u00e3o no dia 25 de julho.<\/p>\n<p><strong>Sobre o tratamento<\/strong> &#8211; Hemodi\u00e1lise \u00e9 o procedimento atrav\u00e9s do qual uma m\u00e1quina filtra e limpa o sangue, fazendo parte do trabalho que o rim doente n\u00e3o pode fazer. O procedimento retira do corpo os res\u00edduos prejudiciais \u00e0 sa\u00fade, como o excesso de sal e de l\u00edquidos.<\/p>\n","protected":false},"excerpt":{"rendered":"<p>A Secretaria de Sa\u00fade e o Instituto de Gest\u00e3o Estrat\u00e9gica de Sa\u00fade devem apresentar ao Tribunal de Conta, em at\u00e9 30 dias, um Plano de A\u00e7\u00e3o para ampliar a oferta de tratamentos para pacientes com insufici\u00eancia renal. O planejamento deve estabelecer prazos e metas para resolver quest\u00f5es como a desassist\u00eancia de pacientes agudos, a insufici\u00eancia [&hellip;]<\/p>\n","protected":false},"author":2,"featured_media":310379,"comment_status":"closed","ping_status":"closed","sticky":false,"template":"","format":"standard","meta":{"_acf_changed":false,"footnotes":""},"categories":[161],"tags":[],"class_list":["post-310378","post","type-post","status-publish","format-standard","has-post-thumbnail","hentry","category-quadradinho-em-foco"],"acf":[],"yoast_head":"<!-- This site is optimized with the Yoast SEO plugin v27.2 - https:\/\/yoast.com\/product\/yoast-seo-wordpress\/ -->\n<title>TCDF manda Buriti se virar e atender paciente renal - Notibras<\/title>\n<meta name=\"robots\" content=\"index, follow, max-snippet:-1, max-image-preview:large, max-video-preview:-1\" \/>\n<link rel=\"canonical\" href=\"https:\/\/www.notibras.com\/site\/tcdf-manda-buriti-se-virar-nos-30-e-atender-paciente-renal\/\" \/>\n<meta property=\"og:locale\" content=\"pt_BR\" \/>\n<meta property=\"og:type\" content=\"article\" \/>\n<meta property=\"og:title\" content=\"TCDF manda Buriti se virar e atender paciente renal - Notibras\" \/>\n<meta property=\"og:description\" content=\"A Secretaria de Sa\u00fade e o Instituto de Gest\u00e3o Estrat\u00e9gica de Sa\u00fade devem apresentar ao Tribunal de Conta, em at\u00e9 30 dias, um Plano de A\u00e7\u00e3o para ampliar a oferta de tratamentos para pacientes com insufici\u00eancia renal. O planejamento deve estabelecer prazos e metas para resolver quest\u00f5es como a desassist\u00eancia de pacientes agudos, a insufici\u00eancia [&hellip;]\" \/>\n<meta property=\"og:url\" content=\"https:\/\/www.notibras.com\/site\/tcdf-manda-buriti-se-virar-nos-30-e-atender-paciente-renal\/\" \/>\n<meta property=\"og:site_name\" content=\"Notibras\" \/>\n<meta property=\"article:publisher\" content=\"https:\/\/www.facebook.com\/notibras\/\" \/>\n<meta property=\"article:published_time\" content=\"2023-08-06T03:01:13+00:00\" \/>\n<meta property=\"article:modified_time\" content=\"2023-08-06T12:08:11+00:00\" \/>\n<meta property=\"og:image\" content=\"https:\/\/www.notibras.com\/site\/wp-content\/uploads\/2023\/08\/201908_drauzio_dialise_10882534_PicsFive_1000x563.jpg\" \/>\n\t<meta property=\"og:image:width\" content=\"1000\" \/>\n\t<meta property=\"og:image:height\" content=\"563\" \/>\n\t<meta property=\"og:image:type\" content=\"image\/jpeg\" \/>\n<meta name=\"author\" content=\"Reda\u00e7\u00e3o\" \/>\n<meta name=\"twitter:card\" content=\"summary_large_image\" \/>\n<meta name=\"twitter:creator\" content=\"@Notibras\" \/>\n<meta name=\"twitter:site\" content=\"@Notibras\" \/>\n<meta name=\"twitter:label1\" content=\"Escrito por\" \/>\n\t<meta name=\"twitter:data1\" content=\"Reda\u00e7\u00e3o\" \/>\n\t<meta name=\"twitter:label2\" content=\"Est. tempo de leitura\" \/>\n\t<meta name=\"twitter:data2\" content=\"2 minutos\" \/>\n<script type=\"application\/ld+json\" class=\"yoast-schema-graph\">{\"@context\":\"https:\/\/schema.org\",\"@graph\":[{\"@type\":\"Article\",\"@id\":\"https:\/\/www.notibras.com\/site\/tcdf-manda-buriti-se-virar-nos-30-e-atender-paciente-renal\/#article\",\"isPartOf\":{\"@id\":\"https:\/\/www.notibras.com\/site\/tcdf-manda-buriti-se-virar-nos-30-e-atender-paciente-renal\/\"},\"author\":{\"name\":\"Reda\u00e7\u00e3o\",\"@id\":\"https:\/\/www.notibras.com\/site\/#\/schema\/person\/36ab0979449956132d3e5b517ea76ac8\"},\"headline\":\"TCDF manda Buriti se virar e atender paciente renal\",\"datePublished\":\"2023-08-06T03:01:13+00:00\",\"dateModified\":\"2023-08-06T12:08:11+00:00\",\"mainEntityOfPage\":{\"@id\":\"https:\/\/www.notibras.com\/site\/tcdf-manda-buriti-se-virar-nos-30-e-atender-paciente-renal\/\"},\"wordCount\":406,\"publisher\":{\"@id\":\"https:\/\/www.notibras.com\/site\/#organization\"},\"image\":{\"@id\":\"https:\/\/www.notibras.com\/site\/tcdf-manda-buriti-se-virar-nos-30-e-atender-paciente-renal\/#primaryimage\"},\"thumbnailUrl\":\"https:\/\/www.notibras.com\/site\/wp-content\/uploads\/2023\/08\/201908_drauzio_dialise_10882534_PicsFive_1000x563.jpg\",\"articleSection\":[\"Quadradinho em Foco\"],\"inLanguage\":\"pt-BR\"},{\"@type\":\"WebPage\",\"@id\":\"https:\/\/www.notibras.com\/site\/tcdf-manda-buriti-se-virar-nos-30-e-atender-paciente-renal\/\",\"url\":\"https:\/\/www.notibras.com\/site\/tcdf-manda-buriti-se-virar-nos-30-e-atender-paciente-renal\/\",\"name\":\"TCDF manda Buriti se virar e atender paciente renal - Notibras\",\"isPartOf\":{\"@id\":\"https:\/\/www.notibras.com\/site\/#website\"},\"primaryImageOfPage\":{\"@id\":\"https:\/\/www.notibras.com\/site\/tcdf-manda-buriti-se-virar-nos-30-e-atender-paciente-renal\/#primaryimage\"},\"image\":{\"@id\":\"https:\/\/www.notibras.com\/site\/tcdf-manda-buriti-se-virar-nos-30-e-atender-paciente-renal\/#primaryimage\"},\"thumbnailUrl\":\"https:\/\/www.notibras.com\/site\/wp-content\/uploads\/2023\/08\/201908_drauzio_dialise_10882534_PicsFive_1000x563.jpg\",\"datePublished\":\"2023-08-06T03:01:13+00:00\",\"dateModified\":\"2023-08-06T12:08:11+00:00\",\"breadcrumb\":{\"@id\":\"https:\/\/www.notibras.com\/site\/tcdf-manda-buriti-se-virar-nos-30-e-atender-paciente-renal\/#breadcrumb\"},\"inLanguage\":\"pt-BR\",\"potentialAction\":[{\"@type\":\"ReadAction\",\"target\":[\"https:\/\/www.notibras.com\/site\/tcdf-manda-buriti-se-virar-nos-30-e-atender-paciente-renal\/\"]}]},{\"@type\":\"ImageObject\",\"inLanguage\":\"pt-BR\",\"@id\":\"https:\/\/www.notibras.com\/site\/tcdf-manda-buriti-se-virar-nos-30-e-atender-paciente-renal\/#primaryimage\",\"url\":\"https:\/\/www.notibras.com\/site\/wp-content\/uploads\/2023\/08\/201908_drauzio_dialise_10882534_PicsFive_1000x563.jpg\",\"contentUrl\":\"https:\/\/www.notibras.com\/site\/wp-content\/uploads\/2023\/08\/201908_drauzio_dialise_10882534_PicsFive_1000x563.jpg\",\"width\":1000,\"height\":563},{\"@type\":\"BreadcrumbList\",\"@id\":\"https:\/\/www.notibras.com\/site\/tcdf-manda-buriti-se-virar-nos-30-e-atender-paciente-renal\/#breadcrumb\",\"itemListElement\":[{\"@type\":\"ListItem\",\"position\":1,\"name\":\"In\u00edcio\",\"item\":\"https:\/\/www.notibras.com\/site\/\"},{\"@type\":\"ListItem\",\"position\":2,\"name\":\"TCDF manda Buriti se virar e atender paciente renal\"}]},{\"@type\":\"WebSite\",\"@id\":\"https:\/\/www.notibras.com\/site\/#website\",\"url\":\"https:\/\/www.notibras.com\/site\/\",\"name\":\"Notibras\",\"description\":\"Not\u00edcias de Bras\u00edlia, do Brasil e do Mundo\",\"publisher\":{\"@id\":\"https:\/\/www.notibras.com\/site\/#organization\"},\"potentialAction\":[{\"@type\":\"SearchAction\",\"target\":{\"@type\":\"EntryPoint\",\"urlTemplate\":\"https:\/\/www.notibras.com\/site\/?s={search_term_string}\"},\"query-input\":{\"@type\":\"PropertyValueSpecification\",\"valueRequired\":true,\"valueName\":\"search_term_string\"}}],\"inLanguage\":\"pt-BR\"},{\"@type\":\"Organization\",\"@id\":\"https:\/\/www.notibras.com\/site\/#organization\",\"name\":\"Grupo Notibras de Comunica\u00e7\u00e3o\",\"url\":\"https:\/\/www.notibras.com\/site\/\",\"logo\":{\"@type\":\"ImageObject\",\"inLanguage\":\"pt-BR\",\"@id\":\"https:\/\/www.notibras.com\/site\/#\/schema\/logo\/image\/\",\"url\":\"https:\/\/www.notibras.com\/site\/wp-content\/uploads\/2023\/01\/notibras23.png\",\"contentUrl\":\"https:\/\/www.notibras.com\/site\/wp-content\/uploads\/2023\/01\/notibras23.png\",\"width\":350,\"height\":87,\"caption\":\"Grupo Notibras de Comunica\u00e7\u00e3o\"},\"image\":{\"@id\":\"https:\/\/www.notibras.com\/site\/#\/schema\/logo\/image\/\"},\"sameAs\":[\"https:\/\/www.facebook.com\/notibras\/\",\"https:\/\/x.com\/Notibras\",\"https:\/\/www.instagram.com\/notibras\/\"]},{\"@type\":\"Person\",\"@id\":\"https:\/\/www.notibras.com\/site\/#\/schema\/person\/36ab0979449956132d3e5b517ea76ac8\",\"name\":\"Reda\u00e7\u00e3o\",\"image\":{\"@type\":\"ImageObject\",\"inLanguage\":\"pt-BR\",\"@id\":\"https:\/\/secure.gravatar.com\/avatar\/e0a867bdedb85fd243eadf09663511f96fc81e0720a4a42581f334ad4303aa6b?s=96&d=mm&r=g\",\"url\":\"https:\/\/secure.gravatar.com\/avatar\/e0a867bdedb85fd243eadf09663511f96fc81e0720a4a42581f334ad4303aa6b?s=96&d=mm&r=g\",\"contentUrl\":\"https:\/\/secure.gravatar.com\/avatar\/e0a867bdedb85fd243eadf09663511f96fc81e0720a4a42581f334ad4303aa6b?s=96&d=mm&r=g\",\"caption\":\"Reda\u00e7\u00e3o\"}}]}<\/script>\n<!-- \/ Yoast SEO plugin. -->","yoast_head_json":{"title":"TCDF manda Buriti se virar e atender paciente renal - Notibras","robots":{"index":"index","follow":"follow","max-snippet":"max-snippet:-1","max-image-preview":"max-image-preview:large","max-video-preview":"max-video-preview:-1"},"canonical":"https:\/\/www.notibras.com\/site\/tcdf-manda-buriti-se-virar-nos-30-e-atender-paciente-renal\/","og_locale":"pt_BR","og_type":"article","og_title":"TCDF manda Buriti se virar e atender paciente renal - Notibras","og_description":"A Secretaria de Sa\u00fade e o Instituto de Gest\u00e3o Estrat\u00e9gica de Sa\u00fade devem apresentar ao Tribunal de Conta, em at\u00e9 30 dias, um Plano de A\u00e7\u00e3o para ampliar a oferta de tratamentos para pacientes com insufici\u00eancia renal. O planejamento deve estabelecer prazos e metas para resolver quest\u00f5es como a desassist\u00eancia de pacientes agudos, a insufici\u00eancia [&hellip;]","og_url":"https:\/\/www.notibras.com\/site\/tcdf-manda-buriti-se-virar-nos-30-e-atender-paciente-renal\/","og_site_name":"Notibras","article_publisher":"https:\/\/www.facebook.com\/notibras\/","article_published_time":"2023-08-06T03:01:13+00:00","article_modified_time":"2023-08-06T12:08:11+00:00","og_image":[{"width":1000,"height":563,"url":"https:\/\/www.notibras.com\/site\/wp-content\/uploads\/2023\/08\/201908_drauzio_dialise_10882534_PicsFive_1000x563.jpg","type":"image\/jpeg"}],"author":"Reda\u00e7\u00e3o","twitter_card":"summary_large_image","twitter_creator":"@Notibras","twitter_site":"@Notibras","twitter_misc":{"Escrito por":"Reda\u00e7\u00e3o","Est. tempo de leitura":"2 minutos"},"schema":{"@context":"https:\/\/schema.org","@graph":[{"@type":"Article","@id":"https:\/\/www.notibras.com\/site\/tcdf-manda-buriti-se-virar-nos-30-e-atender-paciente-renal\/#article","isPartOf":{"@id":"https:\/\/www.notibras.com\/site\/tcdf-manda-buriti-se-virar-nos-30-e-atender-paciente-renal\/"},"author":{"name":"Reda\u00e7\u00e3o","@id":"https:\/\/www.notibras.com\/site\/#\/schema\/person\/36ab0979449956132d3e5b517ea76ac8"},"headline":"TCDF manda Buriti se virar e atender paciente renal","datePublished":"2023-08-06T03:01:13+00:00","dateModified":"2023-08-06T12:08:11+00:00","mainEntityOfPage":{"@id":"https:\/\/www.notibras.com\/site\/tcdf-manda-buriti-se-virar-nos-30-e-atender-paciente-renal\/"},"wordCount":406,"publisher":{"@id":"https:\/\/www.notibras.com\/site\/#organization"},"image":{"@id":"https:\/\/www.notibras.com\/site\/tcdf-manda-buriti-se-virar-nos-30-e-atender-paciente-renal\/#primaryimage"},"thumbnailUrl":"https:\/\/www.notibras.com\/site\/wp-content\/uploads\/2023\/08\/201908_drauzio_dialise_10882534_PicsFive_1000x563.jpg","articleSection":["Quadradinho em Foco"],"inLanguage":"pt-BR"},{"@type":"WebPage","@id":"https:\/\/www.notibras.com\/site\/tcdf-manda-buriti-se-virar-nos-30-e-atender-paciente-renal\/","url":"https:\/\/www.notibras.com\/site\/tcdf-manda-buriti-se-virar-nos-30-e-atender-paciente-renal\/","name":"TCDF manda Buriti se virar e atender paciente renal - Notibras","isPartOf":{"@id":"https:\/\/www.notibras.com\/site\/#website"},"primaryImageOfPage":{"@id":"https:\/\/www.notibras.com\/site\/tcdf-manda-buriti-se-virar-nos-30-e-atender-paciente-renal\/#primaryimage"},"image":{"@id":"https:\/\/www.notibras.com\/site\/tcdf-manda-buriti-se-virar-nos-30-e-atender-paciente-renal\/#primaryimage"},"thumbnailUrl":"https:\/\/www.notibras.com\/site\/wp-content\/uploads\/2023\/08\/201908_drauzio_dialise_10882534_PicsFive_1000x563.jpg","datePublished":"2023-08-06T03:01:13+00:00","dateModified":"2023-08-06T12:08:11+00:00","breadcrumb":{"@id":"https:\/\/www.notibras.com\/site\/tcdf-manda-buriti-se-virar-nos-30-e-atender-paciente-renal\/#breadcrumb"},"inLanguage":"pt-BR","potentialAction":[{"@type":"ReadAction","target":["https:\/\/www.notibras.com\/site\/tcdf-manda-buriti-se-virar-nos-30-e-atender-paciente-renal\/"]}]},{"@type":"ImageObject","inLanguage":"pt-BR","@id":"https:\/\/www.notibras.com\/site\/tcdf-manda-buriti-se-virar-nos-30-e-atender-paciente-renal\/#primaryimage","url":"https:\/\/www.notibras.com\/site\/wp-content\/uploads\/2023\/08\/201908_drauzio_dialise_10882534_PicsFive_1000x563.jpg","contentUrl":"https:\/\/www.notibras.com\/site\/wp-content\/uploads\/2023\/08\/201908_drauzio_dialise_10882534_PicsFive_1000x563.jpg","width":1000,"height":563},{"@type":"BreadcrumbList","@id":"https:\/\/www.notibras.com\/site\/tcdf-manda-buriti-se-virar-nos-30-e-atender-paciente-renal\/#breadcrumb","itemListElement":[{"@type":"ListItem","position":1,"name":"In\u00edcio","item":"https:\/\/www.notibras.com\/site\/"},{"@type":"ListItem","position":2,"name":"TCDF manda Buriti se virar e atender paciente renal"}]},{"@type":"WebSite","@id":"https:\/\/www.notibras.com\/site\/#website","url":"https:\/\/www.notibras.com\/site\/","name":"Notibras","description":"Not\u00edcias de Bras\u00edlia, do Brasil e do Mundo","publisher":{"@id":"https:\/\/www.notibras.com\/site\/#organization"},"potentialAction":[{"@type":"SearchAction","target":{"@type":"EntryPoint","urlTemplate":"https:\/\/www.notibras.com\/site\/?s={search_term_string}"},"query-input":{"@type":"PropertyValueSpecification","valueRequired":true,"valueName":"search_term_string"}}],"inLanguage":"pt-BR"},{"@type":"Organization","@id":"https:\/\/www.notibras.com\/site\/#organization","name":"Grupo Notibras de Comunica\u00e7\u00e3o","url":"https:\/\/www.notibras.com\/site\/","logo":{"@type":"ImageObject","inLanguage":"pt-BR","@id":"https:\/\/www.notibras.com\/site\/#\/schema\/logo\/image\/","url":"https:\/\/www.notibras.com\/site\/wp-content\/uploads\/2023\/01\/notibras23.png","contentUrl":"https:\/\/www.notibras.com\/site\/wp-content\/uploads\/2023\/01\/notibras23.png","width":350,"height":87,"caption":"Grupo Notibras de Comunica\u00e7\u00e3o"},"image":{"@id":"https:\/\/www.notibras.com\/site\/#\/schema\/logo\/image\/"},"sameAs":["https:\/\/www.facebook.com\/notibras\/","https:\/\/x.com\/Notibras","https:\/\/www.instagram.com\/notibras\/"]},{"@type":"Person","@id":"https:\/\/www.notibras.com\/site\/#\/schema\/person\/36ab0979449956132d3e5b517ea76ac8","name":"Reda\u00e7\u00e3o","image":{"@type":"ImageObject","inLanguage":"pt-BR","@id":"https:\/\/secure.gravatar.com\/avatar\/e0a867bdedb85fd243eadf09663511f96fc81e0720a4a42581f334ad4303aa6b?s=96&d=mm&r=g","url":"https:\/\/secure.gravatar.com\/avatar\/e0a867bdedb85fd243eadf09663511f96fc81e0720a4a42581f334ad4303aa6b?s=96&d=mm&r=g","contentUrl":"https:\/\/secure.gravatar.com\/avatar\/e0a867bdedb85fd243eadf09663511f96fc81e0720a4a42581f334ad4303aa6b?s=96&d=mm&r=g","caption":"Reda\u00e7\u00e3o"}}]}},"amp_enabled":true,"_links":{"self":[{"href":"https:\/\/www.notibras.com\/site\/wp-json\/wp\/v2\/posts\/310378","targetHints":{"allow":["GET"]}}],"collection":[{"href":"https:\/\/www.notibras.com\/site\/wp-json\/wp\/v2\/posts"}],"about":[{"href":"https:\/\/www.notibras.com\/site\/wp-json\/wp\/v2\/types\/post"}],"author":[{"embeddable":true,"href":"https:\/\/www.notibras.com\/site\/wp-json\/wp\/v2\/users\/2"}],"replies":[{"embeddable":true,"href":"https:\/\/www.notibras.com\/site\/wp-json\/wp\/v2\/comments?post=310378"}],"version-history":[{"count":2,"href":"https:\/\/www.notibras.com\/site\/wp-json\/wp\/v2\/posts\/310378\/revisions"}],"predecessor-version":[{"id":310381,"href":"https:\/\/www.notibras.com\/site\/wp-json\/wp\/v2\/posts\/310378\/revisions\/310381"}],"wp:featuredmedia":[{"embeddable":true,"href":"https:\/\/www.notibras.com\/site\/wp-json\/wp\/v2\/media\/310379"}],"wp:attachment":[{"href":"https:\/\/www.notibras.com\/site\/wp-json\/wp\/v2\/media?parent=310378"}],"wp:term":[{"taxonomy":"category","embeddable":true,"href":"https:\/\/www.notibras.com\/site\/wp-json\/wp\/v2\/categories?post=310378"},{"taxonomy":"post_tag","embeddable":true,"href":"https:\/\/www.notibras.com\/site\/wp-json\/wp\/v2\/tags?post=310378"}],"curies":[{"name":"wp","href":"https:\/\/api.w.org\/{rel}","templated":true}]}}