{"id":310415,"date":"2023-08-07T07:51:39","date_gmt":"2023-08-07T10:51:39","guid":{"rendered":"https:\/\/www.notibras.com\/site\/?p=310415"},"modified":"2023-08-07T07:54:34","modified_gmt":"2023-08-07T10:54:34","slug":"sai-pra-la-cascavel-que-ninica-e-minha-amiga","status":"publish","type":"post","link":"https:\/\/www.notibras.com\/site\/sai-pra-la-cascavel-que-ninica-e-minha-amiga\/","title":{"rendered":"Sai pra l\u00e1, cascavel, que Ninica \u00e9 minha amiga"},"content":{"rendered":"<p>N\u00e3o \u00e9 raro ouvir algu\u00e9m falar que todos os c\u00e3es da ra\u00e7a pinscher miniatura se consideram verdadeiros gigantes, maiores at\u00e9 do que os mais avantajados dogues alem\u00e3es. Tal afirma\u00e7\u00e3o, todavia, n\u00e3o se encaixa muito bem quando o assunto \u00e9 um buldogue. Quer dizer, pelo menos n\u00e3o naquela linda cadelinha branca com manchas tigradas que adorava dormir agarrada a um enorme osso, que, de t\u00e3o grande, algum exagerado poderia jurar que teria sido de um dinossauro.<\/p>\n<p>Jurema, gulosa como ela s\u00f3, vivia fu\u00e7ando algo apetitoso para comer. Ali\u00e1s, dizem at\u00e9 que ela possu\u00eda o olho maior do que a barriga. Dif\u00edcil de se acreditar, j\u00e1 que a cadelinha ostentava aquele barrig\u00e3o. De t\u00e3o roli\u00e7a, n\u00e3o \u00e9 de se admirar se algu\u00e9m a confundisse com um leit\u00e3ozinho.<\/p>\n<p>Uma das in\u00fameras hist\u00f3rias que se conta sobre essa curiosa cachorra \u00e9 de quando ela foi fazer um passeio em uma fazenda em Goi\u00e1s. Alguns afirmam que foi em Itumbiara, mas, parece, que o fato aconteceu mesmo em Padre Bernardo. Seja numa ou noutra cidade, isso n\u00e3o importa, pois em nada muda o acontecido, que, seja verdade ou mentira, n\u00e3o deixa de ser uma boa hist\u00f3ria.<\/p>\n<p>Pois bem, era um dia bem quente, desses em que o astro rei trabalha mais do que o pr\u00f3prio Diabo para manter o Inferno aquecido. Por conta disso, eis que a Jurema, acompanhada das suas tr\u00eas irm\u00e3s humanas, resolveu se refrescar num dos riachos da tal fazenda. E l\u00e1 estavam as quatro parentas naquela \u00e1gua fria, ou melhor, gelada. Mas crian\u00e7as n\u00e3o est\u00e3o nem a\u00ed para essas coisas, pois gostam mesmo \u00e9 da bagun\u00e7a.<\/p>\n<p>Respingo de \u00e1gua para todo lado, eis que a Jurema, numa dessas correrias desembestadas, esbarra na Ninica, que cai de bumbum na \u00e1gua. Todas gargalharam, at\u00e9 mesmo a cadelinha, que abriu um enorme sorriso com aquela l\u00edngua maior do que a pr\u00f3pria boca. Da\u00ed, assim que a menina se levanta, eis que ela se depara com uma cobra bem ao seu lado. Uma cascavel! A serpente, talvez assustada, arma o bote para picar a Ninica. No entanto, antes que ela consiga completar o seu intuito, eis que a Jurema abocanha a cabe\u00e7a da cobra e a engole por inteiro.<\/p>\n<p>N\u00e3o se sabe como \u00e9 que aquela buldogue conseguiu esse feito, pois n\u00e3o foi picada nem sofreu qualquer consequ\u00eancia do seu ato. Se essa hist\u00f3ria \u00e9 ver\u00eddica, n\u00e3o se sabe ao certo. Todavia, at\u00e9 hoje \u00e9 contada pelas tr\u00eas irm\u00e3s, que j\u00e1 s\u00e3o grandes. Apesar de n\u00e3o morarem juntas h\u00e1 tempos, cada uma guarda com saudade uma fotografia da Jurema na mesinha ao lado de suas camas.<\/p>\n","protected":false},"excerpt":{"rendered":"<p>N\u00e3o \u00e9 raro ouvir algu\u00e9m falar que todos os c\u00e3es da ra\u00e7a pinscher miniatura se consideram verdadeiros gigantes, maiores at\u00e9 do que os mais avantajados dogues alem\u00e3es. Tal afirma\u00e7\u00e3o, todavia, n\u00e3o se encaixa muito bem quando o assunto \u00e9 um buldogue. Quer dizer, pelo menos n\u00e3o naquela linda cadelinha branca com manchas tigradas que adorava [&hellip;]<\/p>\n","protected":false},"author":2,"featured_media":310416,"comment_status":"closed","ping_status":"closed","sticky":false,"template":"","format":"standard","meta":{"_acf_changed":false,"footnotes":""},"categories":[161],"tags":[],"class_list":["post-310415","post","type-post","status-publish","format-standard","has-post-thumbnail","hentry","category-quadradinho-em-foco"],"acf":[],"yoast_head":"<!-- This site is optimized with the Yoast SEO plugin v27.2 - https:\/\/yoast.com\/product\/yoast-seo-wordpress\/ -->\n<title>Sai pra l\u00e1, cascavel, que Ninica \u00e9 minha amiga - Notibras<\/title>\n<meta name=\"robots\" content=\"index, follow, max-snippet:-1, max-image-preview:large, max-video-preview:-1\" \/>\n<link rel=\"canonical\" href=\"https:\/\/www.notibras.com\/site\/sai-pra-la-cascavel-que-ninica-e-minha-amiga\/\" \/>\n<meta property=\"og:locale\" content=\"pt_BR\" \/>\n<meta property=\"og:type\" content=\"article\" \/>\n<meta property=\"og:title\" content=\"Sai pra l\u00e1, cascavel, que Ninica \u00e9 minha amiga - Notibras\" \/>\n<meta property=\"og:description\" content=\"N\u00e3o \u00e9 raro ouvir algu\u00e9m falar que todos os c\u00e3es da ra\u00e7a pinscher miniatura se consideram verdadeiros gigantes, maiores at\u00e9 do que os mais avantajados dogues alem\u00e3es. Tal afirma\u00e7\u00e3o, todavia, n\u00e3o se encaixa muito bem quando o assunto \u00e9 um buldogue. Quer dizer, pelo menos n\u00e3o naquela linda cadelinha branca com manchas tigradas que adorava [&hellip;]\" \/>\n<meta property=\"og:url\" content=\"https:\/\/www.notibras.com\/site\/sai-pra-la-cascavel-que-ninica-e-minha-amiga\/\" \/>\n<meta property=\"og:site_name\" content=\"Notibras\" \/>\n<meta property=\"article:publisher\" content=\"https:\/\/www.facebook.com\/notibras\/\" \/>\n<meta property=\"article:published_time\" content=\"2023-08-07T10:51:39+00:00\" \/>\n<meta property=\"article:modified_time\" content=\"2023-08-07T10:54:34+00:00\" \/>\n<meta property=\"og:image\" content=\"https:\/\/www.notibras.com\/site\/wp-content\/uploads\/2023\/08\/c4ce881e-65c3-4435-9f0f-209673ed9d96.jpg\" \/>\n\t<meta property=\"og:image:width\" content=\"320\" \/>\n\t<meta property=\"og:image:height\" content=\"240\" \/>\n\t<meta property=\"og:image:type\" content=\"image\/jpeg\" \/>\n<meta name=\"author\" content=\"Reda\u00e7\u00e3o\" \/>\n<meta name=\"twitter:card\" content=\"summary_large_image\" \/>\n<meta name=\"twitter:creator\" content=\"@Notibras\" \/>\n<meta name=\"twitter:site\" content=\"@Notibras\" \/>\n<meta name=\"twitter:label1\" content=\"Escrito por\" \/>\n\t<meta name=\"twitter:data1\" content=\"Reda\u00e7\u00e3o\" \/>\n\t<meta name=\"twitter:label2\" content=\"Est. tempo de leitura\" \/>\n\t<meta name=\"twitter:data2\" content=\"3 minutos\" \/>\n<script type=\"application\/ld+json\" class=\"yoast-schema-graph\">{\"@context\":\"https:\/\/schema.org\",\"@graph\":[{\"@type\":\"Article\",\"@id\":\"https:\/\/www.notibras.com\/site\/sai-pra-la-cascavel-que-ninica-e-minha-amiga\/#article\",\"isPartOf\":{\"@id\":\"https:\/\/www.notibras.com\/site\/sai-pra-la-cascavel-que-ninica-e-minha-amiga\/\"},\"author\":{\"name\":\"Reda\u00e7\u00e3o\",\"@id\":\"https:\/\/www.notibras.com\/site\/#\/schema\/person\/36ab0979449956132d3e5b517ea76ac8\"},\"headline\":\"Sai pra l\u00e1, cascavel, que Ninica \u00e9 minha amiga\",\"datePublished\":\"2023-08-07T10:51:39+00:00\",\"dateModified\":\"2023-08-07T10:54:34+00:00\",\"mainEntityOfPage\":{\"@id\":\"https:\/\/www.notibras.com\/site\/sai-pra-la-cascavel-que-ninica-e-minha-amiga\/\"},\"wordCount\":476,\"publisher\":{\"@id\":\"https:\/\/www.notibras.com\/site\/#organization\"},\"image\":{\"@id\":\"https:\/\/www.notibras.com\/site\/sai-pra-la-cascavel-que-ninica-e-minha-amiga\/#primaryimage\"},\"thumbnailUrl\":\"https:\/\/www.notibras.com\/site\/wp-content\/uploads\/2023\/08\/c4ce881e-65c3-4435-9f0f-209673ed9d96.jpg\",\"articleSection\":[\"Quadradinho em Foco\"],\"inLanguage\":\"pt-BR\"},{\"@type\":\"WebPage\",\"@id\":\"https:\/\/www.notibras.com\/site\/sai-pra-la-cascavel-que-ninica-e-minha-amiga\/\",\"url\":\"https:\/\/www.notibras.com\/site\/sai-pra-la-cascavel-que-ninica-e-minha-amiga\/\",\"name\":\"Sai pra l\u00e1, cascavel, que Ninica \u00e9 minha amiga - Notibras\",\"isPartOf\":{\"@id\":\"https:\/\/www.notibras.com\/site\/#website\"},\"primaryImageOfPage\":{\"@id\":\"https:\/\/www.notibras.com\/site\/sai-pra-la-cascavel-que-ninica-e-minha-amiga\/#primaryimage\"},\"image\":{\"@id\":\"https:\/\/www.notibras.com\/site\/sai-pra-la-cascavel-que-ninica-e-minha-amiga\/#primaryimage\"},\"thumbnailUrl\":\"https:\/\/www.notibras.com\/site\/wp-content\/uploads\/2023\/08\/c4ce881e-65c3-4435-9f0f-209673ed9d96.jpg\",\"datePublished\":\"2023-08-07T10:51:39+00:00\",\"dateModified\":\"2023-08-07T10:54:34+00:00\",\"breadcrumb\":{\"@id\":\"https:\/\/www.notibras.com\/site\/sai-pra-la-cascavel-que-ninica-e-minha-amiga\/#breadcrumb\"},\"inLanguage\":\"pt-BR\",\"potentialAction\":[{\"@type\":\"ReadAction\",\"target\":[\"https:\/\/www.notibras.com\/site\/sai-pra-la-cascavel-que-ninica-e-minha-amiga\/\"]}]},{\"@type\":\"ImageObject\",\"inLanguage\":\"pt-BR\",\"@id\":\"https:\/\/www.notibras.com\/site\/sai-pra-la-cascavel-que-ninica-e-minha-amiga\/#primaryimage\",\"url\":\"https:\/\/www.notibras.com\/site\/wp-content\/uploads\/2023\/08\/c4ce881e-65c3-4435-9f0f-209673ed9d96.jpg\",\"contentUrl\":\"https:\/\/www.notibras.com\/site\/wp-content\/uploads\/2023\/08\/c4ce881e-65c3-4435-9f0f-209673ed9d96.jpg\",\"width\":320,\"height\":240},{\"@type\":\"BreadcrumbList\",\"@id\":\"https:\/\/www.notibras.com\/site\/sai-pra-la-cascavel-que-ninica-e-minha-amiga\/#breadcrumb\",\"itemListElement\":[{\"@type\":\"ListItem\",\"position\":1,\"name\":\"In\u00edcio\",\"item\":\"https:\/\/www.notibras.com\/site\/\"},{\"@type\":\"ListItem\",\"position\":2,\"name\":\"Sai pra l\u00e1, cascavel, que Ninica \u00e9 minha amiga\"}]},{\"@type\":\"WebSite\",\"@id\":\"https:\/\/www.notibras.com\/site\/#website\",\"url\":\"https:\/\/www.notibras.com\/site\/\",\"name\":\"Notibras\",\"description\":\"Not\u00edcias de Bras\u00edlia, do Brasil e do Mundo\",\"publisher\":{\"@id\":\"https:\/\/www.notibras.com\/site\/#organization\"},\"potentialAction\":[{\"@type\":\"SearchAction\",\"target\":{\"@type\":\"EntryPoint\",\"urlTemplate\":\"https:\/\/www.notibras.com\/site\/?s={search_term_string}\"},\"query-input\":{\"@type\":\"PropertyValueSpecification\",\"valueRequired\":true,\"valueName\":\"search_term_string\"}}],\"inLanguage\":\"pt-BR\"},{\"@type\":\"Organization\",\"@id\":\"https:\/\/www.notibras.com\/site\/#organization\",\"name\":\"Grupo Notibras de Comunica\u00e7\u00e3o\",\"url\":\"https:\/\/www.notibras.com\/site\/\",\"logo\":{\"@type\":\"ImageObject\",\"inLanguage\":\"pt-BR\",\"@id\":\"https:\/\/www.notibras.com\/site\/#\/schema\/logo\/image\/\",\"url\":\"https:\/\/www.notibras.com\/site\/wp-content\/uploads\/2023\/01\/notibras23.png\",\"contentUrl\":\"https:\/\/www.notibras.com\/site\/wp-content\/uploads\/2023\/01\/notibras23.png\",\"width\":350,\"height\":87,\"caption\":\"Grupo Notibras de Comunica\u00e7\u00e3o\"},\"image\":{\"@id\":\"https:\/\/www.notibras.com\/site\/#\/schema\/logo\/image\/\"},\"sameAs\":[\"https:\/\/www.facebook.com\/notibras\/\",\"https:\/\/x.com\/Notibras\",\"https:\/\/www.instagram.com\/notibras\/\"]},{\"@type\":\"Person\",\"@id\":\"https:\/\/www.notibras.com\/site\/#\/schema\/person\/36ab0979449956132d3e5b517ea76ac8\",\"name\":\"Reda\u00e7\u00e3o\",\"image\":{\"@type\":\"ImageObject\",\"inLanguage\":\"pt-BR\",\"@id\":\"https:\/\/secure.gravatar.com\/avatar\/e0a867bdedb85fd243eadf09663511f96fc81e0720a4a42581f334ad4303aa6b?s=96&d=mm&r=g\",\"url\":\"https:\/\/secure.gravatar.com\/avatar\/e0a867bdedb85fd243eadf09663511f96fc81e0720a4a42581f334ad4303aa6b?s=96&d=mm&r=g\",\"contentUrl\":\"https:\/\/secure.gravatar.com\/avatar\/e0a867bdedb85fd243eadf09663511f96fc81e0720a4a42581f334ad4303aa6b?s=96&d=mm&r=g\",\"caption\":\"Reda\u00e7\u00e3o\"}}]}<\/script>\n<!-- \/ Yoast SEO plugin. -->","yoast_head_json":{"title":"Sai pra l\u00e1, cascavel, que Ninica \u00e9 minha amiga - Notibras","robots":{"index":"index","follow":"follow","max-snippet":"max-snippet:-1","max-image-preview":"max-image-preview:large","max-video-preview":"max-video-preview:-1"},"canonical":"https:\/\/www.notibras.com\/site\/sai-pra-la-cascavel-que-ninica-e-minha-amiga\/","og_locale":"pt_BR","og_type":"article","og_title":"Sai pra l\u00e1, cascavel, que Ninica \u00e9 minha amiga - Notibras","og_description":"N\u00e3o \u00e9 raro ouvir algu\u00e9m falar que todos os c\u00e3es da ra\u00e7a pinscher miniatura se consideram verdadeiros gigantes, maiores at\u00e9 do que os mais avantajados dogues alem\u00e3es. Tal afirma\u00e7\u00e3o, todavia, n\u00e3o se encaixa muito bem quando o assunto \u00e9 um buldogue. Quer dizer, pelo menos n\u00e3o naquela linda cadelinha branca com manchas tigradas que adorava [&hellip;]","og_url":"https:\/\/www.notibras.com\/site\/sai-pra-la-cascavel-que-ninica-e-minha-amiga\/","og_site_name":"Notibras","article_publisher":"https:\/\/www.facebook.com\/notibras\/","article_published_time":"2023-08-07T10:51:39+00:00","article_modified_time":"2023-08-07T10:54:34+00:00","og_image":[{"width":320,"height":240,"url":"https:\/\/www.notibras.com\/site\/wp-content\/uploads\/2023\/08\/c4ce881e-65c3-4435-9f0f-209673ed9d96.jpg","type":"image\/jpeg"}],"author":"Reda\u00e7\u00e3o","twitter_card":"summary_large_image","twitter_creator":"@Notibras","twitter_site":"@Notibras","twitter_misc":{"Escrito por":"Reda\u00e7\u00e3o","Est. tempo de leitura":"3 minutos"},"schema":{"@context":"https:\/\/schema.org","@graph":[{"@type":"Article","@id":"https:\/\/www.notibras.com\/site\/sai-pra-la-cascavel-que-ninica-e-minha-amiga\/#article","isPartOf":{"@id":"https:\/\/www.notibras.com\/site\/sai-pra-la-cascavel-que-ninica-e-minha-amiga\/"},"author":{"name":"Reda\u00e7\u00e3o","@id":"https:\/\/www.notibras.com\/site\/#\/schema\/person\/36ab0979449956132d3e5b517ea76ac8"},"headline":"Sai pra l\u00e1, cascavel, que Ninica \u00e9 minha amiga","datePublished":"2023-08-07T10:51:39+00:00","dateModified":"2023-08-07T10:54:34+00:00","mainEntityOfPage":{"@id":"https:\/\/www.notibras.com\/site\/sai-pra-la-cascavel-que-ninica-e-minha-amiga\/"},"wordCount":476,"publisher":{"@id":"https:\/\/www.notibras.com\/site\/#organization"},"image":{"@id":"https:\/\/www.notibras.com\/site\/sai-pra-la-cascavel-que-ninica-e-minha-amiga\/#primaryimage"},"thumbnailUrl":"https:\/\/www.notibras.com\/site\/wp-content\/uploads\/2023\/08\/c4ce881e-65c3-4435-9f0f-209673ed9d96.jpg","articleSection":["Quadradinho em Foco"],"inLanguage":"pt-BR"},{"@type":"WebPage","@id":"https:\/\/www.notibras.com\/site\/sai-pra-la-cascavel-que-ninica-e-minha-amiga\/","url":"https:\/\/www.notibras.com\/site\/sai-pra-la-cascavel-que-ninica-e-minha-amiga\/","name":"Sai pra l\u00e1, cascavel, que Ninica \u00e9 minha amiga - Notibras","isPartOf":{"@id":"https:\/\/www.notibras.com\/site\/#website"},"primaryImageOfPage":{"@id":"https:\/\/www.notibras.com\/site\/sai-pra-la-cascavel-que-ninica-e-minha-amiga\/#primaryimage"},"image":{"@id":"https:\/\/www.notibras.com\/site\/sai-pra-la-cascavel-que-ninica-e-minha-amiga\/#primaryimage"},"thumbnailUrl":"https:\/\/www.notibras.com\/site\/wp-content\/uploads\/2023\/08\/c4ce881e-65c3-4435-9f0f-209673ed9d96.jpg","datePublished":"2023-08-07T10:51:39+00:00","dateModified":"2023-08-07T10:54:34+00:00","breadcrumb":{"@id":"https:\/\/www.notibras.com\/site\/sai-pra-la-cascavel-que-ninica-e-minha-amiga\/#breadcrumb"},"inLanguage":"pt-BR","potentialAction":[{"@type":"ReadAction","target":["https:\/\/www.notibras.com\/site\/sai-pra-la-cascavel-que-ninica-e-minha-amiga\/"]}]},{"@type":"ImageObject","inLanguage":"pt-BR","@id":"https:\/\/www.notibras.com\/site\/sai-pra-la-cascavel-que-ninica-e-minha-amiga\/#primaryimage","url":"https:\/\/www.notibras.com\/site\/wp-content\/uploads\/2023\/08\/c4ce881e-65c3-4435-9f0f-209673ed9d96.jpg","contentUrl":"https:\/\/www.notibras.com\/site\/wp-content\/uploads\/2023\/08\/c4ce881e-65c3-4435-9f0f-209673ed9d96.jpg","width":320,"height":240},{"@type":"BreadcrumbList","@id":"https:\/\/www.notibras.com\/site\/sai-pra-la-cascavel-que-ninica-e-minha-amiga\/#breadcrumb","itemListElement":[{"@type":"ListItem","position":1,"name":"In\u00edcio","item":"https:\/\/www.notibras.com\/site\/"},{"@type":"ListItem","position":2,"name":"Sai pra l\u00e1, cascavel, que Ninica \u00e9 minha amiga"}]},{"@type":"WebSite","@id":"https:\/\/www.notibras.com\/site\/#website","url":"https:\/\/www.notibras.com\/site\/","name":"Notibras","description":"Not\u00edcias de Bras\u00edlia, do Brasil e do Mundo","publisher":{"@id":"https:\/\/www.notibras.com\/site\/#organization"},"potentialAction":[{"@type":"SearchAction","target":{"@type":"EntryPoint","urlTemplate":"https:\/\/www.notibras.com\/site\/?s={search_term_string}"},"query-input":{"@type":"PropertyValueSpecification","valueRequired":true,"valueName":"search_term_string"}}],"inLanguage":"pt-BR"},{"@type":"Organization","@id":"https:\/\/www.notibras.com\/site\/#organization","name":"Grupo Notibras de Comunica\u00e7\u00e3o","url":"https:\/\/www.notibras.com\/site\/","logo":{"@type":"ImageObject","inLanguage":"pt-BR","@id":"https:\/\/www.notibras.com\/site\/#\/schema\/logo\/image\/","url":"https:\/\/www.notibras.com\/site\/wp-content\/uploads\/2023\/01\/notibras23.png","contentUrl":"https:\/\/www.notibras.com\/site\/wp-content\/uploads\/2023\/01\/notibras23.png","width":350,"height":87,"caption":"Grupo Notibras de Comunica\u00e7\u00e3o"},"image":{"@id":"https:\/\/www.notibras.com\/site\/#\/schema\/logo\/image\/"},"sameAs":["https:\/\/www.facebook.com\/notibras\/","https:\/\/x.com\/Notibras","https:\/\/www.instagram.com\/notibras\/"]},{"@type":"Person","@id":"https:\/\/www.notibras.com\/site\/#\/schema\/person\/36ab0979449956132d3e5b517ea76ac8","name":"Reda\u00e7\u00e3o","image":{"@type":"ImageObject","inLanguage":"pt-BR","@id":"https:\/\/secure.gravatar.com\/avatar\/e0a867bdedb85fd243eadf09663511f96fc81e0720a4a42581f334ad4303aa6b?s=96&d=mm&r=g","url":"https:\/\/secure.gravatar.com\/avatar\/e0a867bdedb85fd243eadf09663511f96fc81e0720a4a42581f334ad4303aa6b?s=96&d=mm&r=g","contentUrl":"https:\/\/secure.gravatar.com\/avatar\/e0a867bdedb85fd243eadf09663511f96fc81e0720a4a42581f334ad4303aa6b?s=96&d=mm&r=g","caption":"Reda\u00e7\u00e3o"}}]}},"amp_enabled":true,"_links":{"self":[{"href":"https:\/\/www.notibras.com\/site\/wp-json\/wp\/v2\/posts\/310415","targetHints":{"allow":["GET"]}}],"collection":[{"href":"https:\/\/www.notibras.com\/site\/wp-json\/wp\/v2\/posts"}],"about":[{"href":"https:\/\/www.notibras.com\/site\/wp-json\/wp\/v2\/types\/post"}],"author":[{"embeddable":true,"href":"https:\/\/www.notibras.com\/site\/wp-json\/wp\/v2\/users\/2"}],"replies":[{"embeddable":true,"href":"https:\/\/www.notibras.com\/site\/wp-json\/wp\/v2\/comments?post=310415"}],"version-history":[{"count":3,"href":"https:\/\/www.notibras.com\/site\/wp-json\/wp\/v2\/posts\/310415\/revisions"}],"predecessor-version":[{"id":310419,"href":"https:\/\/www.notibras.com\/site\/wp-json\/wp\/v2\/posts\/310415\/revisions\/310419"}],"wp:featuredmedia":[{"embeddable":true,"href":"https:\/\/www.notibras.com\/site\/wp-json\/wp\/v2\/media\/310416"}],"wp:attachment":[{"href":"https:\/\/www.notibras.com\/site\/wp-json\/wp\/v2\/media?parent=310415"}],"wp:term":[{"taxonomy":"category","embeddable":true,"href":"https:\/\/www.notibras.com\/site\/wp-json\/wp\/v2\/categories?post=310415"},{"taxonomy":"post_tag","embeddable":true,"href":"https:\/\/www.notibras.com\/site\/wp-json\/wp\/v2\/tags?post=310415"}],"curies":[{"name":"wp","href":"https:\/\/api.w.org\/{rel}","templated":true}]}}