{"id":310426,"date":"2023-08-07T00:00:27","date_gmt":"2023-08-07T03:00:27","guid":{"rendered":"https:\/\/www.notibras.com\/site\/?p=310426"},"modified":"2023-08-07T08:29:40","modified_gmt":"2023-08-07T11:29:40","slug":"governo-admite-atraso-mas-garante-pagar-auxilio-gas","status":"publish","type":"post","link":"https:\/\/www.notibras.com\/site\/governo-admite-atraso-mas-garante-pagar-auxilio-gas\/","title":{"rendered":"Governo admite atraso, mas garante pagar Aux\u00edlio G\u00e1s"},"content":{"rendered":"<p>O Minist\u00e9rio do Desenvolvimento e Assist\u00eancia Social, Fam\u00edlia e Combate \u00e0 Fome (MDS) confirmou o bloqueio de verbas previamente or\u00e7adas para bancar o pagamento do Aux\u00edlio G\u00e1s, um dos programas sociais do governo. A pasta, contudo, negou a interrup\u00e7\u00e3o no pagamento do benef\u00edcio.<\/p>\n<p>O bloqueio de verbas do Aux\u00edlio G\u00e1s foi informado ao Congresso Nacional por meio de um decreto, em 28 de julho, e revelado nesta semana pelo jornal O Estado de S. Paulo, com base em levantamento da Associa\u00e7\u00e3o Contas Abertas, dedicada a acompanhar os gastos p\u00fablicos.<\/p>\n<p>O governo foi obrigado a contingenciar recursos em raz\u00e3o do limite estabelecido pelo teto de gastos de 2023, ainda em vigor. O valor total bloqueado \u00e9 de R$ 1,5 bilh\u00e3o. O corte tempor\u00e1rio atinge dez pastas, e Sa\u00fade e Educa\u00e7\u00e3o correspondem a metade dos valores retidos.<\/p>\n<p>No caso do MDS, foram contingenciados R$ 144 milh\u00f5es. A pasta informou ter remanejado o or\u00e7amento de modo a n\u00e3o afetar os pagamentos de programas sociais. No caso do Aux\u00edlio G\u00e1s, o minist\u00e9rio afirmou que a despesa bloqueada \u201cs\u00f3 ser\u00e1 executada no m\u00eas de dezembro\u201d, e que at\u00e9 l\u00e1 a expectativa \u00e9 que todos os valores sejam liberados.<\/p>\n<p>\u201cCaso o desbloqueio do Or\u00e7amento Federal seja insuficiente, o MDS far\u00e1 um remanejamento de recursos de outras a\u00e7\u00f5es discricion\u00e1rias para garantir o pagamento do Aux\u00edlio G\u00e1s, cumprindo a diretriz do governo do presidente Luiz In\u00e1cio Lula da Silva de fazer os recursos federais chegarem a quem mais precisa\u201d, diz a nota do MDS.<\/p>\n<p>Hoje o Aux\u00edlio G\u00e1s \u00e9 um programa que funciona de modo auxiliar ao Bolsa Fam\u00edlia e \u00e9 pago a cada dois meses, no valor de um botij\u00e3o de g\u00e1s. Em abril, por exemplo, o valor pago foi de R$ 110 para 5,7 milh\u00f5es de fam\u00edlias, de acordo com dados do MDS.<\/p>\n<p>O bloqueio de gastos tamb\u00e9m poder\u00e1 ser revisto caso seja aprovado em definitivo no Congresso o novo arcabou\u00e7o fiscal, com o qual o governo pretende substituir as regras do teto de gastos, que foram aprovadas em 2016, no governo de Michel Temer.<\/p>\n<p>O novo arcabou\u00e7o fiscal j\u00e1 foi aprovado na C\u00e2mara, mas \u00e9 agora reanalisado pelos deputados ap\u00f3s o texto ter sofrido altera\u00e7\u00f5es no Senado.<\/p>\n","protected":false},"excerpt":{"rendered":"<p>O Minist\u00e9rio do Desenvolvimento e Assist\u00eancia Social, Fam\u00edlia e Combate \u00e0 Fome (MDS) confirmou o bloqueio de verbas previamente or\u00e7adas para bancar o pagamento do Aux\u00edlio G\u00e1s, um dos programas sociais do governo. A pasta, contudo, negou a interrup\u00e7\u00e3o no pagamento do benef\u00edcio. O bloqueio de verbas do Aux\u00edlio G\u00e1s foi informado ao Congresso Nacional [&hellip;]<\/p>\n","protected":false},"author":2,"featured_media":310427,"comment_status":"closed","ping_status":"closed","sticky":false,"template":"","format":"standard","meta":{"_acf_changed":false,"footnotes":""},"categories":[161],"tags":[],"class_list":["post-310426","post","type-post","status-publish","format-standard","has-post-thumbnail","hentry","category-quadradinho-em-foco"],"acf":[],"yoast_head":"<!-- This site is optimized with the Yoast SEO plugin v27.2 - https:\/\/yoast.com\/product\/yoast-seo-wordpress\/ -->\n<title>Governo admite atraso, mas garante pagar Aux\u00edlio G\u00e1s - Notibras<\/title>\n<meta name=\"robots\" content=\"index, follow, max-snippet:-1, max-image-preview:large, max-video-preview:-1\" \/>\n<link rel=\"canonical\" href=\"https:\/\/www.notibras.com\/site\/governo-admite-atraso-mas-garante-pagar-auxilio-gas\/\" \/>\n<meta property=\"og:locale\" content=\"pt_BR\" \/>\n<meta property=\"og:type\" content=\"article\" \/>\n<meta property=\"og:title\" content=\"Governo admite atraso, mas garante pagar Aux\u00edlio G\u00e1s - Notibras\" \/>\n<meta property=\"og:description\" content=\"O Minist\u00e9rio do Desenvolvimento e Assist\u00eancia Social, Fam\u00edlia e Combate \u00e0 Fome (MDS) confirmou o bloqueio de verbas previamente or\u00e7adas para bancar o pagamento do Aux\u00edlio G\u00e1s, um dos programas sociais do governo. A pasta, contudo, negou a interrup\u00e7\u00e3o no pagamento do benef\u00edcio. O bloqueio de verbas do Aux\u00edlio G\u00e1s foi informado ao Congresso Nacional [&hellip;]\" \/>\n<meta property=\"og:url\" content=\"https:\/\/www.notibras.com\/site\/governo-admite-atraso-mas-garante-pagar-auxilio-gas\/\" \/>\n<meta property=\"og:site_name\" content=\"Notibras\" \/>\n<meta property=\"article:publisher\" content=\"https:\/\/www.facebook.com\/notibras\/\" \/>\n<meta property=\"article:published_time\" content=\"2023-08-07T03:00:27+00:00\" \/>\n<meta property=\"article:modified_time\" content=\"2023-08-07T11:29:40+00:00\" \/>\n<meta property=\"og:image\" content=\"https:\/\/www.notibras.com\/site\/wp-content\/uploads\/2023\/08\/tmcj_0025-3.jpg\" \/>\n\t<meta property=\"og:image:width\" content=\"1170\" \/>\n\t<meta property=\"og:image:height\" content=\"700\" \/>\n\t<meta property=\"og:image:type\" content=\"image\/jpeg\" \/>\n<meta name=\"author\" content=\"Reda\u00e7\u00e3o\" \/>\n<meta name=\"twitter:card\" content=\"summary_large_image\" \/>\n<meta name=\"twitter:creator\" content=\"@Notibras\" \/>\n<meta name=\"twitter:site\" content=\"@Notibras\" \/>\n<meta name=\"twitter:label1\" content=\"Escrito por\" \/>\n\t<meta name=\"twitter:data1\" content=\"Reda\u00e7\u00e3o\" \/>\n\t<meta name=\"twitter:label2\" content=\"Est. tempo de leitura\" \/>\n\t<meta name=\"twitter:data2\" content=\"2 minutos\" \/>\n<script type=\"application\/ld+json\" class=\"yoast-schema-graph\">{\"@context\":\"https:\/\/schema.org\",\"@graph\":[{\"@type\":\"Article\",\"@id\":\"https:\/\/www.notibras.com\/site\/governo-admite-atraso-mas-garante-pagar-auxilio-gas\/#article\",\"isPartOf\":{\"@id\":\"https:\/\/www.notibras.com\/site\/governo-admite-atraso-mas-garante-pagar-auxilio-gas\/\"},\"author\":{\"name\":\"Reda\u00e7\u00e3o\",\"@id\":\"https:\/\/www.notibras.com\/site\/#\/schema\/person\/36ab0979449956132d3e5b517ea76ac8\"},\"headline\":\"Governo admite atraso, mas garante pagar Aux\u00edlio G\u00e1s\",\"datePublished\":\"2023-08-07T03:00:27+00:00\",\"dateModified\":\"2023-08-07T11:29:40+00:00\",\"mainEntityOfPage\":{\"@id\":\"https:\/\/www.notibras.com\/site\/governo-admite-atraso-mas-garante-pagar-auxilio-gas\/\"},\"wordCount\":402,\"publisher\":{\"@id\":\"https:\/\/www.notibras.com\/site\/#organization\"},\"image\":{\"@id\":\"https:\/\/www.notibras.com\/site\/governo-admite-atraso-mas-garante-pagar-auxilio-gas\/#primaryimage\"},\"thumbnailUrl\":\"https:\/\/www.notibras.com\/site\/wp-content\/uploads\/2023\/08\/tmcj_0025-3.jpg\",\"articleSection\":[\"Quadradinho em Foco\"],\"inLanguage\":\"pt-BR\"},{\"@type\":\"WebPage\",\"@id\":\"https:\/\/www.notibras.com\/site\/governo-admite-atraso-mas-garante-pagar-auxilio-gas\/\",\"url\":\"https:\/\/www.notibras.com\/site\/governo-admite-atraso-mas-garante-pagar-auxilio-gas\/\",\"name\":\"Governo admite atraso, mas garante pagar Aux\u00edlio G\u00e1s - Notibras\",\"isPartOf\":{\"@id\":\"https:\/\/www.notibras.com\/site\/#website\"},\"primaryImageOfPage\":{\"@id\":\"https:\/\/www.notibras.com\/site\/governo-admite-atraso-mas-garante-pagar-auxilio-gas\/#primaryimage\"},\"image\":{\"@id\":\"https:\/\/www.notibras.com\/site\/governo-admite-atraso-mas-garante-pagar-auxilio-gas\/#primaryimage\"},\"thumbnailUrl\":\"https:\/\/www.notibras.com\/site\/wp-content\/uploads\/2023\/08\/tmcj_0025-3.jpg\",\"datePublished\":\"2023-08-07T03:00:27+00:00\",\"dateModified\":\"2023-08-07T11:29:40+00:00\",\"breadcrumb\":{\"@id\":\"https:\/\/www.notibras.com\/site\/governo-admite-atraso-mas-garante-pagar-auxilio-gas\/#breadcrumb\"},\"inLanguage\":\"pt-BR\",\"potentialAction\":[{\"@type\":\"ReadAction\",\"target\":[\"https:\/\/www.notibras.com\/site\/governo-admite-atraso-mas-garante-pagar-auxilio-gas\/\"]}]},{\"@type\":\"ImageObject\",\"inLanguage\":\"pt-BR\",\"@id\":\"https:\/\/www.notibras.com\/site\/governo-admite-atraso-mas-garante-pagar-auxilio-gas\/#primaryimage\",\"url\":\"https:\/\/www.notibras.com\/site\/wp-content\/uploads\/2023\/08\/tmcj_0025-3.jpg\",\"contentUrl\":\"https:\/\/www.notibras.com\/site\/wp-content\/uploads\/2023\/08\/tmcj_0025-3.jpg\",\"width\":1170,\"height\":700},{\"@type\":\"BreadcrumbList\",\"@id\":\"https:\/\/www.notibras.com\/site\/governo-admite-atraso-mas-garante-pagar-auxilio-gas\/#breadcrumb\",\"itemListElement\":[{\"@type\":\"ListItem\",\"position\":1,\"name\":\"In\u00edcio\",\"item\":\"https:\/\/www.notibras.com\/site\/\"},{\"@type\":\"ListItem\",\"position\":2,\"name\":\"Governo admite atraso, mas garante pagar Aux\u00edlio G\u00e1s\"}]},{\"@type\":\"WebSite\",\"@id\":\"https:\/\/www.notibras.com\/site\/#website\",\"url\":\"https:\/\/www.notibras.com\/site\/\",\"name\":\"Notibras\",\"description\":\"Not\u00edcias de Bras\u00edlia, do Brasil e do Mundo\",\"publisher\":{\"@id\":\"https:\/\/www.notibras.com\/site\/#organization\"},\"potentialAction\":[{\"@type\":\"SearchAction\",\"target\":{\"@type\":\"EntryPoint\",\"urlTemplate\":\"https:\/\/www.notibras.com\/site\/?s={search_term_string}\"},\"query-input\":{\"@type\":\"PropertyValueSpecification\",\"valueRequired\":true,\"valueName\":\"search_term_string\"}}],\"inLanguage\":\"pt-BR\"},{\"@type\":\"Organization\",\"@id\":\"https:\/\/www.notibras.com\/site\/#organization\",\"name\":\"Grupo Notibras de Comunica\u00e7\u00e3o\",\"url\":\"https:\/\/www.notibras.com\/site\/\",\"logo\":{\"@type\":\"ImageObject\",\"inLanguage\":\"pt-BR\",\"@id\":\"https:\/\/www.notibras.com\/site\/#\/schema\/logo\/image\/\",\"url\":\"https:\/\/www.notibras.com\/site\/wp-content\/uploads\/2023\/01\/notibras23.png\",\"contentUrl\":\"https:\/\/www.notibras.com\/site\/wp-content\/uploads\/2023\/01\/notibras23.png\",\"width\":350,\"height\":87,\"caption\":\"Grupo Notibras de Comunica\u00e7\u00e3o\"},\"image\":{\"@id\":\"https:\/\/www.notibras.com\/site\/#\/schema\/logo\/image\/\"},\"sameAs\":[\"https:\/\/www.facebook.com\/notibras\/\",\"https:\/\/x.com\/Notibras\",\"https:\/\/www.instagram.com\/notibras\/\"]},{\"@type\":\"Person\",\"@id\":\"https:\/\/www.notibras.com\/site\/#\/schema\/person\/36ab0979449956132d3e5b517ea76ac8\",\"name\":\"Reda\u00e7\u00e3o\",\"image\":{\"@type\":\"ImageObject\",\"inLanguage\":\"pt-BR\",\"@id\":\"https:\/\/secure.gravatar.com\/avatar\/e0a867bdedb85fd243eadf09663511f96fc81e0720a4a42581f334ad4303aa6b?s=96&d=mm&r=g\",\"url\":\"https:\/\/secure.gravatar.com\/avatar\/e0a867bdedb85fd243eadf09663511f96fc81e0720a4a42581f334ad4303aa6b?s=96&d=mm&r=g\",\"contentUrl\":\"https:\/\/secure.gravatar.com\/avatar\/e0a867bdedb85fd243eadf09663511f96fc81e0720a4a42581f334ad4303aa6b?s=96&d=mm&r=g\",\"caption\":\"Reda\u00e7\u00e3o\"}}]}<\/script>\n<!-- \/ Yoast SEO plugin. -->","yoast_head_json":{"title":"Governo admite atraso, mas garante pagar Aux\u00edlio G\u00e1s - Notibras","robots":{"index":"index","follow":"follow","max-snippet":"max-snippet:-1","max-image-preview":"max-image-preview:large","max-video-preview":"max-video-preview:-1"},"canonical":"https:\/\/www.notibras.com\/site\/governo-admite-atraso-mas-garante-pagar-auxilio-gas\/","og_locale":"pt_BR","og_type":"article","og_title":"Governo admite atraso, mas garante pagar Aux\u00edlio G\u00e1s - Notibras","og_description":"O Minist\u00e9rio do Desenvolvimento e Assist\u00eancia Social, Fam\u00edlia e Combate \u00e0 Fome (MDS) confirmou o bloqueio de verbas previamente or\u00e7adas para bancar o pagamento do Aux\u00edlio G\u00e1s, um dos programas sociais do governo. A pasta, contudo, negou a interrup\u00e7\u00e3o no pagamento do benef\u00edcio. O bloqueio de verbas do Aux\u00edlio G\u00e1s foi informado ao Congresso Nacional [&hellip;]","og_url":"https:\/\/www.notibras.com\/site\/governo-admite-atraso-mas-garante-pagar-auxilio-gas\/","og_site_name":"Notibras","article_publisher":"https:\/\/www.facebook.com\/notibras\/","article_published_time":"2023-08-07T03:00:27+00:00","article_modified_time":"2023-08-07T11:29:40+00:00","og_image":[{"width":1170,"height":700,"url":"https:\/\/www.notibras.com\/site\/wp-content\/uploads\/2023\/08\/tmcj_0025-3.jpg","type":"image\/jpeg"}],"author":"Reda\u00e7\u00e3o","twitter_card":"summary_large_image","twitter_creator":"@Notibras","twitter_site":"@Notibras","twitter_misc":{"Escrito por":"Reda\u00e7\u00e3o","Est. tempo de leitura":"2 minutos"},"schema":{"@context":"https:\/\/schema.org","@graph":[{"@type":"Article","@id":"https:\/\/www.notibras.com\/site\/governo-admite-atraso-mas-garante-pagar-auxilio-gas\/#article","isPartOf":{"@id":"https:\/\/www.notibras.com\/site\/governo-admite-atraso-mas-garante-pagar-auxilio-gas\/"},"author":{"name":"Reda\u00e7\u00e3o","@id":"https:\/\/www.notibras.com\/site\/#\/schema\/person\/36ab0979449956132d3e5b517ea76ac8"},"headline":"Governo admite atraso, mas garante pagar Aux\u00edlio G\u00e1s","datePublished":"2023-08-07T03:00:27+00:00","dateModified":"2023-08-07T11:29:40+00:00","mainEntityOfPage":{"@id":"https:\/\/www.notibras.com\/site\/governo-admite-atraso-mas-garante-pagar-auxilio-gas\/"},"wordCount":402,"publisher":{"@id":"https:\/\/www.notibras.com\/site\/#organization"},"image":{"@id":"https:\/\/www.notibras.com\/site\/governo-admite-atraso-mas-garante-pagar-auxilio-gas\/#primaryimage"},"thumbnailUrl":"https:\/\/www.notibras.com\/site\/wp-content\/uploads\/2023\/08\/tmcj_0025-3.jpg","articleSection":["Quadradinho em Foco"],"inLanguage":"pt-BR"},{"@type":"WebPage","@id":"https:\/\/www.notibras.com\/site\/governo-admite-atraso-mas-garante-pagar-auxilio-gas\/","url":"https:\/\/www.notibras.com\/site\/governo-admite-atraso-mas-garante-pagar-auxilio-gas\/","name":"Governo admite atraso, mas garante pagar Aux\u00edlio G\u00e1s - Notibras","isPartOf":{"@id":"https:\/\/www.notibras.com\/site\/#website"},"primaryImageOfPage":{"@id":"https:\/\/www.notibras.com\/site\/governo-admite-atraso-mas-garante-pagar-auxilio-gas\/#primaryimage"},"image":{"@id":"https:\/\/www.notibras.com\/site\/governo-admite-atraso-mas-garante-pagar-auxilio-gas\/#primaryimage"},"thumbnailUrl":"https:\/\/www.notibras.com\/site\/wp-content\/uploads\/2023\/08\/tmcj_0025-3.jpg","datePublished":"2023-08-07T03:00:27+00:00","dateModified":"2023-08-07T11:29:40+00:00","breadcrumb":{"@id":"https:\/\/www.notibras.com\/site\/governo-admite-atraso-mas-garante-pagar-auxilio-gas\/#breadcrumb"},"inLanguage":"pt-BR","potentialAction":[{"@type":"ReadAction","target":["https:\/\/www.notibras.com\/site\/governo-admite-atraso-mas-garante-pagar-auxilio-gas\/"]}]},{"@type":"ImageObject","inLanguage":"pt-BR","@id":"https:\/\/www.notibras.com\/site\/governo-admite-atraso-mas-garante-pagar-auxilio-gas\/#primaryimage","url":"https:\/\/www.notibras.com\/site\/wp-content\/uploads\/2023\/08\/tmcj_0025-3.jpg","contentUrl":"https:\/\/www.notibras.com\/site\/wp-content\/uploads\/2023\/08\/tmcj_0025-3.jpg","width":1170,"height":700},{"@type":"BreadcrumbList","@id":"https:\/\/www.notibras.com\/site\/governo-admite-atraso-mas-garante-pagar-auxilio-gas\/#breadcrumb","itemListElement":[{"@type":"ListItem","position":1,"name":"In\u00edcio","item":"https:\/\/www.notibras.com\/site\/"},{"@type":"ListItem","position":2,"name":"Governo admite atraso, mas garante pagar Aux\u00edlio G\u00e1s"}]},{"@type":"WebSite","@id":"https:\/\/www.notibras.com\/site\/#website","url":"https:\/\/www.notibras.com\/site\/","name":"Notibras","description":"Not\u00edcias de Bras\u00edlia, do Brasil e do Mundo","publisher":{"@id":"https:\/\/www.notibras.com\/site\/#organization"},"potentialAction":[{"@type":"SearchAction","target":{"@type":"EntryPoint","urlTemplate":"https:\/\/www.notibras.com\/site\/?s={search_term_string}"},"query-input":{"@type":"PropertyValueSpecification","valueRequired":true,"valueName":"search_term_string"}}],"inLanguage":"pt-BR"},{"@type":"Organization","@id":"https:\/\/www.notibras.com\/site\/#organization","name":"Grupo Notibras de Comunica\u00e7\u00e3o","url":"https:\/\/www.notibras.com\/site\/","logo":{"@type":"ImageObject","inLanguage":"pt-BR","@id":"https:\/\/www.notibras.com\/site\/#\/schema\/logo\/image\/","url":"https:\/\/www.notibras.com\/site\/wp-content\/uploads\/2023\/01\/notibras23.png","contentUrl":"https:\/\/www.notibras.com\/site\/wp-content\/uploads\/2023\/01\/notibras23.png","width":350,"height":87,"caption":"Grupo Notibras de Comunica\u00e7\u00e3o"},"image":{"@id":"https:\/\/www.notibras.com\/site\/#\/schema\/logo\/image\/"},"sameAs":["https:\/\/www.facebook.com\/notibras\/","https:\/\/x.com\/Notibras","https:\/\/www.instagram.com\/notibras\/"]},{"@type":"Person","@id":"https:\/\/www.notibras.com\/site\/#\/schema\/person\/36ab0979449956132d3e5b517ea76ac8","name":"Reda\u00e7\u00e3o","image":{"@type":"ImageObject","inLanguage":"pt-BR","@id":"https:\/\/secure.gravatar.com\/avatar\/e0a867bdedb85fd243eadf09663511f96fc81e0720a4a42581f334ad4303aa6b?s=96&d=mm&r=g","url":"https:\/\/secure.gravatar.com\/avatar\/e0a867bdedb85fd243eadf09663511f96fc81e0720a4a42581f334ad4303aa6b?s=96&d=mm&r=g","contentUrl":"https:\/\/secure.gravatar.com\/avatar\/e0a867bdedb85fd243eadf09663511f96fc81e0720a4a42581f334ad4303aa6b?s=96&d=mm&r=g","caption":"Reda\u00e7\u00e3o"}}]}},"amp_enabled":true,"_links":{"self":[{"href":"https:\/\/www.notibras.com\/site\/wp-json\/wp\/v2\/posts\/310426","targetHints":{"allow":["GET"]}}],"collection":[{"href":"https:\/\/www.notibras.com\/site\/wp-json\/wp\/v2\/posts"}],"about":[{"href":"https:\/\/www.notibras.com\/site\/wp-json\/wp\/v2\/types\/post"}],"author":[{"embeddable":true,"href":"https:\/\/www.notibras.com\/site\/wp-json\/wp\/v2\/users\/2"}],"replies":[{"embeddable":true,"href":"https:\/\/www.notibras.com\/site\/wp-json\/wp\/v2\/comments?post=310426"}],"version-history":[{"count":1,"href":"https:\/\/www.notibras.com\/site\/wp-json\/wp\/v2\/posts\/310426\/revisions"}],"predecessor-version":[{"id":310428,"href":"https:\/\/www.notibras.com\/site\/wp-json\/wp\/v2\/posts\/310426\/revisions\/310428"}],"wp:featuredmedia":[{"embeddable":true,"href":"https:\/\/www.notibras.com\/site\/wp-json\/wp\/v2\/media\/310427"}],"wp:attachment":[{"href":"https:\/\/www.notibras.com\/site\/wp-json\/wp\/v2\/media?parent=310426"}],"wp:term":[{"taxonomy":"category","embeddable":true,"href":"https:\/\/www.notibras.com\/site\/wp-json\/wp\/v2\/categories?post=310426"},{"taxonomy":"post_tag","embeddable":true,"href":"https:\/\/www.notibras.com\/site\/wp-json\/wp\/v2\/tags?post=310426"}],"curies":[{"name":"wp","href":"https:\/\/api.w.org\/{rel}","templated":true}]}}