{"id":310429,"date":"2023-08-07T06:31:22","date_gmt":"2023-08-07T09:31:22","guid":{"rendered":"https:\/\/www.notibras.com\/site\/?p=310429"},"modified":"2023-08-07T08:47:28","modified_gmt":"2023-08-07T11:47:28","slug":"cordel-embasa-sentenca-da-lei-da-maria-da-penha","status":"publish","type":"post","link":"https:\/\/www.notibras.com\/site\/cordel-embasa-sentenca-da-lei-da-maria-da-penha\/","title":{"rendered":"Cordel embasa senten\u00e7a da Lei Maria da Penha"},"content":{"rendered":"<p>&#8220;E se acaso for o homem que da mulher apanhar, \u00e9 viol\u00eancia dom\u00e9stica, voc\u00ea pode me explicar? Tudo pode acontecer no \u00e2mbito familiar, mas nesse caso \u00e9 diferente, a lei \u00e9 bastante clara por ser uma quest\u00e3o de g\u00eanero, somente a mulher ampara. Se a mulher for valente, o homem que livre a cara\u201d. Este \u00e9 o trecho de A Lei Maria da Penha em Cordel, do artista cearense Ti\u00e3o Simpatia, citado pelo juiz paranaense Marcelo Quintin durante o julgamento de uma a\u00e7\u00e3o no qual o marido queria indeniza\u00e7\u00e3o e medida protetiva contra a esposa. Quintin usou o trecho para embasar sua senten\u00e7a, na qual negou a aplica\u00e7\u00e3o da Lei Maria da Penha, em 2019.<\/p>\n<p>\u201cApesar de ser uma pe\u00e7a art\u00edstica e cultural do Brasil, o Cordel trata de forma detalhada e traz informa\u00e7\u00f5es jur\u00eddicas. E a\u00ed eu pensei que poderia levar aquela mensagem de forma mais f\u00e1cil pro jurisdicionado. Eu citei o trecho que trata de o homem n\u00e3o poder ser escorrido pela Lei Maria da Penha e a\u00ed a gente explica que h\u00e1 a prote\u00e7\u00e3o de determinado segmento da sociedade por ter isonomia, de se agir de forma desigual para trazer a verdadeira equidade\u201d, explicou o juiz.<\/p>\n<p>Segundo ele, basta trabalhar em uma vara criminal do pa\u00eds para saber que a maioria absoluta dos crimes que ocorrem no Brasil hoje \u00e9 de viol\u00eancia dom\u00e9stica. Para o magistrado, muitas vezes a sociedade tenta levar essa quest\u00e3o para o lado biol\u00f3gico ou para um segmento pol\u00edtico, mas a realidade brasileira \u00e9 a de mulheres que sofrem viol\u00eancia todos os dias. \u201cBasta visitar uma vara criminal e saber que isso \u00e9 verdade. Todas as campanhas que se fizerem a respeito desse assunto s\u00e3o muito bem-vindas e n\u00f3s estamos justamente no Agosto Lil\u00e1s, que lembra essa quest\u00e3o. Todas as iniciativas s\u00e3o de extrema import\u00e2ncia\u201d, ressaltou.<\/p>\n<p>Quintin contou que na \u00e9poca em que preferiu a decis\u00e3o citando cordel, recebeu muitas cr\u00edticas de homens que o questionavam sobre a n\u00e3o exist\u00eancia de leis que os protejam em situa\u00e7\u00f5es de viol\u00eancia dom\u00e9stica. Segundo ele, \u00e9 necess\u00e1rio lembrar que o homem tem prote\u00e7\u00e3o na legisla\u00e7\u00e3o comum, do C\u00f3digo Penal e de outras leis que j\u00e1 existem. \u201cMas por conta dessa desigualdade f\u00e1tica que enfrentamos diariamente de mulheres v\u00edtimas todos os dias, temos uma lei espec\u00edfica e protetiva desse segmento social.<\/p>\n<p>O juiz destacou que de 2019 para c\u00e1 houve melhorias na lei, como a puni\u00e7\u00e3o para o crime de persegui\u00e7\u00e3o, tamb\u00e9m conhecido como stalker, para a viol\u00eancia psicol\u00f3gica. Tamb\u00e9m houve melhorias nas campanhas feitas por diversas entidades da sociedade civil. \u201cMas o que n\u00f3s precisamos efetivamente \u00e9 de maior fiscaliza\u00e7\u00e3o e maior atendimento \u00e0s v\u00edtimas de viol\u00eancia dom\u00e9stica que est\u00e3o nos rinc\u00f5es do pa\u00eds, naquelas cidades do interior, em cidades onde o acesso \u00e0s autoridades e aos seus direitos propriamente ditos fica dificultado. Nesses lugares mais distantes \u00e9 onde vemos ocorrer com mais frequ\u00eancia viol\u00eancia de ares medievais contra mulheres\u201d, afirmou Quintin.<\/p>\n<p>De acordo com o juiz, apesar de ter penas previstas na lei, a frequ\u00eancia dos feminic\u00eddios em casos de viol\u00eancia dom\u00e9stica \u00e9 muito maior do que os crimes de homic\u00eddio em outros campos. Ele acredita que se n\u00e3o houver uma a\u00e7\u00e3o r\u00e1pida para tentar parar a viol\u00eancia dom\u00e9stica no seu in\u00edcio, quando ainda est\u00e1 no est\u00e1gio da amea\u00e7a psicol\u00f3gica ou persegui\u00e7\u00e3o, o segundo est\u00e1gio j\u00e1 ser\u00e1 de viol\u00eancia f\u00edsica.<\/p>\n<p>\u201cSe n\u00f3s n\u00e3o estancarmos essa viol\u00eancia logo no in\u00edcio, ela vai se graduando de forma a chegar a um feminic\u00eddio. S\u00e3o v\u00e1rias as ocasi\u00f5es em que isso acontece na vida real e nos deixa entristecido. Eu tive o caso de um agressor que, no in\u00edcio, amea\u00e7ava e fazia crimes mais leves. Acabou que ele tentou matar a companheira, foi a julgamento, recebeu uma pena muito leve, foi solto em duas semanas e consumou o homic\u00eddio que havia tentado l\u00e1 atr\u00e1s. Isso acontece com frequ\u00eancia gigantesca, infelizmente\u201d.<\/p>\n","protected":false},"excerpt":{"rendered":"<p>&#8220;E se acaso for o homem que da mulher apanhar, \u00e9 viol\u00eancia dom\u00e9stica, voc\u00ea pode me explicar? Tudo pode acontecer no \u00e2mbito familiar, mas nesse caso \u00e9 diferente, a lei \u00e9 bastante clara por ser uma quest\u00e3o de g\u00eanero, somente a mulher ampara. Se a mulher for valente, o homem que livre a cara\u201d. Este [&hellip;]<\/p>\n","protected":false},"author":2,"featured_media":310430,"comment_status":"closed","ping_status":"closed","sticky":false,"template":"","format":"standard","meta":{"_acf_changed":false,"footnotes":""},"categories":[161],"tags":[],"class_list":["post-310429","post","type-post","status-publish","format-standard","has-post-thumbnail","hentry","category-quadradinho-em-foco"],"acf":[],"yoast_head":"<!-- This site is optimized with the Yoast SEO plugin v27.2 - https:\/\/yoast.com\/product\/yoast-seo-wordpress\/ -->\n<title>Cordel embasa senten\u00e7a da Lei Maria da Penha - Notibras<\/title>\n<meta name=\"robots\" content=\"index, follow, max-snippet:-1, max-image-preview:large, max-video-preview:-1\" \/>\n<link rel=\"canonical\" href=\"https:\/\/www.notibras.com\/site\/cordel-embasa-sentenca-da-lei-da-maria-da-penha\/\" \/>\n<meta property=\"og:locale\" content=\"pt_BR\" \/>\n<meta property=\"og:type\" content=\"article\" \/>\n<meta property=\"og:title\" content=\"Cordel embasa senten\u00e7a da Lei Maria da Penha - Notibras\" \/>\n<meta property=\"og:description\" content=\"&#8220;E se acaso for o homem que da mulher apanhar, \u00e9 viol\u00eancia dom\u00e9stica, voc\u00ea pode me explicar? Tudo pode acontecer no \u00e2mbito familiar, mas nesse caso \u00e9 diferente, a lei \u00e9 bastante clara por ser uma quest\u00e3o de g\u00eanero, somente a mulher ampara. Se a mulher for valente, o homem que livre a cara\u201d. Este [&hellip;]\" \/>\n<meta property=\"og:url\" content=\"https:\/\/www.notibras.com\/site\/cordel-embasa-sentenca-da-lei-da-maria-da-penha\/\" \/>\n<meta property=\"og:site_name\" content=\"Notibras\" \/>\n<meta property=\"article:publisher\" content=\"https:\/\/www.facebook.com\/notibras\/\" \/>\n<meta property=\"article:published_time\" content=\"2023-08-07T09:31:22+00:00\" \/>\n<meta property=\"article:modified_time\" content=\"2023-08-07T11:47:28+00:00\" \/>\n<meta property=\"og:image\" content=\"https:\/\/www.notibras.com\/site\/wp-content\/uploads\/2023\/08\/violencia_contar_mulher_mcajr_abr_0308221246-1.jpg\" \/>\n\t<meta property=\"og:image:width\" content=\"1170\" \/>\n\t<meta property=\"og:image:height\" content=\"700\" \/>\n\t<meta property=\"og:image:type\" content=\"image\/jpeg\" \/>\n<meta name=\"author\" content=\"Reda\u00e7\u00e3o\" \/>\n<meta name=\"twitter:card\" content=\"summary_large_image\" \/>\n<meta name=\"twitter:creator\" content=\"@Notibras\" \/>\n<meta name=\"twitter:site\" content=\"@Notibras\" \/>\n<meta name=\"twitter:label1\" content=\"Escrito por\" \/>\n\t<meta name=\"twitter:data1\" content=\"Reda\u00e7\u00e3o\" \/>\n\t<meta name=\"twitter:label2\" content=\"Est. tempo de leitura\" \/>\n\t<meta name=\"twitter:data2\" content=\"4 minutos\" \/>\n<script type=\"application\/ld+json\" class=\"yoast-schema-graph\">{\"@context\":\"https:\/\/schema.org\",\"@graph\":[{\"@type\":\"Article\",\"@id\":\"https:\/\/www.notibras.com\/site\/cordel-embasa-sentenca-da-lei-da-maria-da-penha\/#article\",\"isPartOf\":{\"@id\":\"https:\/\/www.notibras.com\/site\/cordel-embasa-sentenca-da-lei-da-maria-da-penha\/\"},\"author\":{\"name\":\"Reda\u00e7\u00e3o\",\"@id\":\"https:\/\/www.notibras.com\/site\/#\/schema\/person\/36ab0979449956132d3e5b517ea76ac8\"},\"headline\":\"Cordel embasa senten\u00e7a da Lei Maria da Penha\",\"datePublished\":\"2023-08-07T09:31:22+00:00\",\"dateModified\":\"2023-08-07T11:47:28+00:00\",\"mainEntityOfPage\":{\"@id\":\"https:\/\/www.notibras.com\/site\/cordel-embasa-sentenca-da-lei-da-maria-da-penha\/\"},\"wordCount\":727,\"publisher\":{\"@id\":\"https:\/\/www.notibras.com\/site\/#organization\"},\"image\":{\"@id\":\"https:\/\/www.notibras.com\/site\/cordel-embasa-sentenca-da-lei-da-maria-da-penha\/#primaryimage\"},\"thumbnailUrl\":\"https:\/\/www.notibras.com\/site\/wp-content\/uploads\/2023\/08\/violencia_contar_mulher_mcajr_abr_0308221246-1.jpg\",\"articleSection\":[\"Quadradinho em Foco\"],\"inLanguage\":\"pt-BR\"},{\"@type\":\"WebPage\",\"@id\":\"https:\/\/www.notibras.com\/site\/cordel-embasa-sentenca-da-lei-da-maria-da-penha\/\",\"url\":\"https:\/\/www.notibras.com\/site\/cordel-embasa-sentenca-da-lei-da-maria-da-penha\/\",\"name\":\"Cordel embasa senten\u00e7a da Lei Maria da Penha - Notibras\",\"isPartOf\":{\"@id\":\"https:\/\/www.notibras.com\/site\/#website\"},\"primaryImageOfPage\":{\"@id\":\"https:\/\/www.notibras.com\/site\/cordel-embasa-sentenca-da-lei-da-maria-da-penha\/#primaryimage\"},\"image\":{\"@id\":\"https:\/\/www.notibras.com\/site\/cordel-embasa-sentenca-da-lei-da-maria-da-penha\/#primaryimage\"},\"thumbnailUrl\":\"https:\/\/www.notibras.com\/site\/wp-content\/uploads\/2023\/08\/violencia_contar_mulher_mcajr_abr_0308221246-1.jpg\",\"datePublished\":\"2023-08-07T09:31:22+00:00\",\"dateModified\":\"2023-08-07T11:47:28+00:00\",\"breadcrumb\":{\"@id\":\"https:\/\/www.notibras.com\/site\/cordel-embasa-sentenca-da-lei-da-maria-da-penha\/#breadcrumb\"},\"inLanguage\":\"pt-BR\",\"potentialAction\":[{\"@type\":\"ReadAction\",\"target\":[\"https:\/\/www.notibras.com\/site\/cordel-embasa-sentenca-da-lei-da-maria-da-penha\/\"]}]},{\"@type\":\"ImageObject\",\"inLanguage\":\"pt-BR\",\"@id\":\"https:\/\/www.notibras.com\/site\/cordel-embasa-sentenca-da-lei-da-maria-da-penha\/#primaryimage\",\"url\":\"https:\/\/www.notibras.com\/site\/wp-content\/uploads\/2023\/08\/violencia_contar_mulher_mcajr_abr_0308221246-1.jpg\",\"contentUrl\":\"https:\/\/www.notibras.com\/site\/wp-content\/uploads\/2023\/08\/violencia_contar_mulher_mcajr_abr_0308221246-1.jpg\",\"width\":1170,\"height\":700,\"caption\":\"O sinal \u201cX\u201d feito com batom vermelho (ou qualquer outro material) na palma da m\u00e3o ou em um peda\u00e7o de papel, o que for mais f\u00e1cil, permite que a pessoa treinada reconhe\u00e7a que aquela mulher foi v\u00edtima de viol\u00eancia dom\u00e9stica e, assim, acione a Pol\u00edcia Militar.\"},{\"@type\":\"BreadcrumbList\",\"@id\":\"https:\/\/www.notibras.com\/site\/cordel-embasa-sentenca-da-lei-da-maria-da-penha\/#breadcrumb\",\"itemListElement\":[{\"@type\":\"ListItem\",\"position\":1,\"name\":\"In\u00edcio\",\"item\":\"https:\/\/www.notibras.com\/site\/\"},{\"@type\":\"ListItem\",\"position\":2,\"name\":\"Cordel embasa senten\u00e7a da Lei Maria da Penha\"}]},{\"@type\":\"WebSite\",\"@id\":\"https:\/\/www.notibras.com\/site\/#website\",\"url\":\"https:\/\/www.notibras.com\/site\/\",\"name\":\"Notibras\",\"description\":\"Not\u00edcias de Bras\u00edlia, do Brasil e do Mundo\",\"publisher\":{\"@id\":\"https:\/\/www.notibras.com\/site\/#organization\"},\"potentialAction\":[{\"@type\":\"SearchAction\",\"target\":{\"@type\":\"EntryPoint\",\"urlTemplate\":\"https:\/\/www.notibras.com\/site\/?s={search_term_string}\"},\"query-input\":{\"@type\":\"PropertyValueSpecification\",\"valueRequired\":true,\"valueName\":\"search_term_string\"}}],\"inLanguage\":\"pt-BR\"},{\"@type\":\"Organization\",\"@id\":\"https:\/\/www.notibras.com\/site\/#organization\",\"name\":\"Grupo Notibras de Comunica\u00e7\u00e3o\",\"url\":\"https:\/\/www.notibras.com\/site\/\",\"logo\":{\"@type\":\"ImageObject\",\"inLanguage\":\"pt-BR\",\"@id\":\"https:\/\/www.notibras.com\/site\/#\/schema\/logo\/image\/\",\"url\":\"https:\/\/www.notibras.com\/site\/wp-content\/uploads\/2023\/01\/notibras23.png\",\"contentUrl\":\"https:\/\/www.notibras.com\/site\/wp-content\/uploads\/2023\/01\/notibras23.png\",\"width\":350,\"height\":87,\"caption\":\"Grupo Notibras de Comunica\u00e7\u00e3o\"},\"image\":{\"@id\":\"https:\/\/www.notibras.com\/site\/#\/schema\/logo\/image\/\"},\"sameAs\":[\"https:\/\/www.facebook.com\/notibras\/\",\"https:\/\/x.com\/Notibras\",\"https:\/\/www.instagram.com\/notibras\/\"]},{\"@type\":\"Person\",\"@id\":\"https:\/\/www.notibras.com\/site\/#\/schema\/person\/36ab0979449956132d3e5b517ea76ac8\",\"name\":\"Reda\u00e7\u00e3o\",\"image\":{\"@type\":\"ImageObject\",\"inLanguage\":\"pt-BR\",\"@id\":\"https:\/\/secure.gravatar.com\/avatar\/e0a867bdedb85fd243eadf09663511f96fc81e0720a4a42581f334ad4303aa6b?s=96&d=mm&r=g\",\"url\":\"https:\/\/secure.gravatar.com\/avatar\/e0a867bdedb85fd243eadf09663511f96fc81e0720a4a42581f334ad4303aa6b?s=96&d=mm&r=g\",\"contentUrl\":\"https:\/\/secure.gravatar.com\/avatar\/e0a867bdedb85fd243eadf09663511f96fc81e0720a4a42581f334ad4303aa6b?s=96&d=mm&r=g\",\"caption\":\"Reda\u00e7\u00e3o\"}}]}<\/script>\n<!-- \/ Yoast SEO plugin. -->","yoast_head_json":{"title":"Cordel embasa senten\u00e7a da Lei Maria da Penha - Notibras","robots":{"index":"index","follow":"follow","max-snippet":"max-snippet:-1","max-image-preview":"max-image-preview:large","max-video-preview":"max-video-preview:-1"},"canonical":"https:\/\/www.notibras.com\/site\/cordel-embasa-sentenca-da-lei-da-maria-da-penha\/","og_locale":"pt_BR","og_type":"article","og_title":"Cordel embasa senten\u00e7a da Lei Maria da Penha - Notibras","og_description":"&#8220;E se acaso for o homem que da mulher apanhar, \u00e9 viol\u00eancia dom\u00e9stica, voc\u00ea pode me explicar? Tudo pode acontecer no \u00e2mbito familiar, mas nesse caso \u00e9 diferente, a lei \u00e9 bastante clara por ser uma quest\u00e3o de g\u00eanero, somente a mulher ampara. Se a mulher for valente, o homem que livre a cara\u201d. Este [&hellip;]","og_url":"https:\/\/www.notibras.com\/site\/cordel-embasa-sentenca-da-lei-da-maria-da-penha\/","og_site_name":"Notibras","article_publisher":"https:\/\/www.facebook.com\/notibras\/","article_published_time":"2023-08-07T09:31:22+00:00","article_modified_time":"2023-08-07T11:47:28+00:00","og_image":[{"width":1170,"height":700,"url":"https:\/\/www.notibras.com\/site\/wp-content\/uploads\/2023\/08\/violencia_contar_mulher_mcajr_abr_0308221246-1.jpg","type":"image\/jpeg"}],"author":"Reda\u00e7\u00e3o","twitter_card":"summary_large_image","twitter_creator":"@Notibras","twitter_site":"@Notibras","twitter_misc":{"Escrito por":"Reda\u00e7\u00e3o","Est. tempo de leitura":"4 minutos"},"schema":{"@context":"https:\/\/schema.org","@graph":[{"@type":"Article","@id":"https:\/\/www.notibras.com\/site\/cordel-embasa-sentenca-da-lei-da-maria-da-penha\/#article","isPartOf":{"@id":"https:\/\/www.notibras.com\/site\/cordel-embasa-sentenca-da-lei-da-maria-da-penha\/"},"author":{"name":"Reda\u00e7\u00e3o","@id":"https:\/\/www.notibras.com\/site\/#\/schema\/person\/36ab0979449956132d3e5b517ea76ac8"},"headline":"Cordel embasa senten\u00e7a da Lei Maria da Penha","datePublished":"2023-08-07T09:31:22+00:00","dateModified":"2023-08-07T11:47:28+00:00","mainEntityOfPage":{"@id":"https:\/\/www.notibras.com\/site\/cordel-embasa-sentenca-da-lei-da-maria-da-penha\/"},"wordCount":727,"publisher":{"@id":"https:\/\/www.notibras.com\/site\/#organization"},"image":{"@id":"https:\/\/www.notibras.com\/site\/cordel-embasa-sentenca-da-lei-da-maria-da-penha\/#primaryimage"},"thumbnailUrl":"https:\/\/www.notibras.com\/site\/wp-content\/uploads\/2023\/08\/violencia_contar_mulher_mcajr_abr_0308221246-1.jpg","articleSection":["Quadradinho em Foco"],"inLanguage":"pt-BR"},{"@type":"WebPage","@id":"https:\/\/www.notibras.com\/site\/cordel-embasa-sentenca-da-lei-da-maria-da-penha\/","url":"https:\/\/www.notibras.com\/site\/cordel-embasa-sentenca-da-lei-da-maria-da-penha\/","name":"Cordel embasa senten\u00e7a da Lei Maria da Penha - Notibras","isPartOf":{"@id":"https:\/\/www.notibras.com\/site\/#website"},"primaryImageOfPage":{"@id":"https:\/\/www.notibras.com\/site\/cordel-embasa-sentenca-da-lei-da-maria-da-penha\/#primaryimage"},"image":{"@id":"https:\/\/www.notibras.com\/site\/cordel-embasa-sentenca-da-lei-da-maria-da-penha\/#primaryimage"},"thumbnailUrl":"https:\/\/www.notibras.com\/site\/wp-content\/uploads\/2023\/08\/violencia_contar_mulher_mcajr_abr_0308221246-1.jpg","datePublished":"2023-08-07T09:31:22+00:00","dateModified":"2023-08-07T11:47:28+00:00","breadcrumb":{"@id":"https:\/\/www.notibras.com\/site\/cordel-embasa-sentenca-da-lei-da-maria-da-penha\/#breadcrumb"},"inLanguage":"pt-BR","potentialAction":[{"@type":"ReadAction","target":["https:\/\/www.notibras.com\/site\/cordel-embasa-sentenca-da-lei-da-maria-da-penha\/"]}]},{"@type":"ImageObject","inLanguage":"pt-BR","@id":"https:\/\/www.notibras.com\/site\/cordel-embasa-sentenca-da-lei-da-maria-da-penha\/#primaryimage","url":"https:\/\/www.notibras.com\/site\/wp-content\/uploads\/2023\/08\/violencia_contar_mulher_mcajr_abr_0308221246-1.jpg","contentUrl":"https:\/\/www.notibras.com\/site\/wp-content\/uploads\/2023\/08\/violencia_contar_mulher_mcajr_abr_0308221246-1.jpg","width":1170,"height":700,"caption":"O sinal \u201cX\u201d feito com batom vermelho (ou qualquer outro material) na palma da m\u00e3o ou em um peda\u00e7o de papel, o que for mais f\u00e1cil, permite que a pessoa treinada reconhe\u00e7a que aquela mulher foi v\u00edtima de viol\u00eancia dom\u00e9stica e, assim, acione a Pol\u00edcia Militar."},{"@type":"BreadcrumbList","@id":"https:\/\/www.notibras.com\/site\/cordel-embasa-sentenca-da-lei-da-maria-da-penha\/#breadcrumb","itemListElement":[{"@type":"ListItem","position":1,"name":"In\u00edcio","item":"https:\/\/www.notibras.com\/site\/"},{"@type":"ListItem","position":2,"name":"Cordel embasa senten\u00e7a da Lei Maria da Penha"}]},{"@type":"WebSite","@id":"https:\/\/www.notibras.com\/site\/#website","url":"https:\/\/www.notibras.com\/site\/","name":"Notibras","description":"Not\u00edcias de Bras\u00edlia, do Brasil e do Mundo","publisher":{"@id":"https:\/\/www.notibras.com\/site\/#organization"},"potentialAction":[{"@type":"SearchAction","target":{"@type":"EntryPoint","urlTemplate":"https:\/\/www.notibras.com\/site\/?s={search_term_string}"},"query-input":{"@type":"PropertyValueSpecification","valueRequired":true,"valueName":"search_term_string"}}],"inLanguage":"pt-BR"},{"@type":"Organization","@id":"https:\/\/www.notibras.com\/site\/#organization","name":"Grupo Notibras de Comunica\u00e7\u00e3o","url":"https:\/\/www.notibras.com\/site\/","logo":{"@type":"ImageObject","inLanguage":"pt-BR","@id":"https:\/\/www.notibras.com\/site\/#\/schema\/logo\/image\/","url":"https:\/\/www.notibras.com\/site\/wp-content\/uploads\/2023\/01\/notibras23.png","contentUrl":"https:\/\/www.notibras.com\/site\/wp-content\/uploads\/2023\/01\/notibras23.png","width":350,"height":87,"caption":"Grupo Notibras de Comunica\u00e7\u00e3o"},"image":{"@id":"https:\/\/www.notibras.com\/site\/#\/schema\/logo\/image\/"},"sameAs":["https:\/\/www.facebook.com\/notibras\/","https:\/\/x.com\/Notibras","https:\/\/www.instagram.com\/notibras\/"]},{"@type":"Person","@id":"https:\/\/www.notibras.com\/site\/#\/schema\/person\/36ab0979449956132d3e5b517ea76ac8","name":"Reda\u00e7\u00e3o","image":{"@type":"ImageObject","inLanguage":"pt-BR","@id":"https:\/\/secure.gravatar.com\/avatar\/e0a867bdedb85fd243eadf09663511f96fc81e0720a4a42581f334ad4303aa6b?s=96&d=mm&r=g","url":"https:\/\/secure.gravatar.com\/avatar\/e0a867bdedb85fd243eadf09663511f96fc81e0720a4a42581f334ad4303aa6b?s=96&d=mm&r=g","contentUrl":"https:\/\/secure.gravatar.com\/avatar\/e0a867bdedb85fd243eadf09663511f96fc81e0720a4a42581f334ad4303aa6b?s=96&d=mm&r=g","caption":"Reda\u00e7\u00e3o"}}]}},"amp_enabled":true,"_links":{"self":[{"href":"https:\/\/www.notibras.com\/site\/wp-json\/wp\/v2\/posts\/310429","targetHints":{"allow":["GET"]}}],"collection":[{"href":"https:\/\/www.notibras.com\/site\/wp-json\/wp\/v2\/posts"}],"about":[{"href":"https:\/\/www.notibras.com\/site\/wp-json\/wp\/v2\/types\/post"}],"author":[{"embeddable":true,"href":"https:\/\/www.notibras.com\/site\/wp-json\/wp\/v2\/users\/2"}],"replies":[{"embeddable":true,"href":"https:\/\/www.notibras.com\/site\/wp-json\/wp\/v2\/comments?post=310429"}],"version-history":[{"count":2,"href":"https:\/\/www.notibras.com\/site\/wp-json\/wp\/v2\/posts\/310429\/revisions"}],"predecessor-version":[{"id":310433,"href":"https:\/\/www.notibras.com\/site\/wp-json\/wp\/v2\/posts\/310429\/revisions\/310433"}],"wp:featuredmedia":[{"embeddable":true,"href":"https:\/\/www.notibras.com\/site\/wp-json\/wp\/v2\/media\/310430"}],"wp:attachment":[{"href":"https:\/\/www.notibras.com\/site\/wp-json\/wp\/v2\/media?parent=310429"}],"wp:term":[{"taxonomy":"category","embeddable":true,"href":"https:\/\/www.notibras.com\/site\/wp-json\/wp\/v2\/categories?post=310429"},{"taxonomy":"post_tag","embeddable":true,"href":"https:\/\/www.notibras.com\/site\/wp-json\/wp\/v2\/tags?post=310429"}],"curies":[{"name":"wp","href":"https:\/\/api.w.org\/{rel}","templated":true}]}}