{"id":310434,"date":"2023-08-07T00:00:37","date_gmt":"2023-08-07T03:00:37","guid":{"rendered":"https:\/\/www.notibras.com\/site\/?p=310434"},"modified":"2023-08-07T08:50:30","modified_gmt":"2023-08-07T11:50:30","slug":"universidades-podem-combinar-conhecimentos-tradicionais-e-academicos","status":"publish","type":"post","link":"https:\/\/www.notibras.com\/site\/universidades-podem-combinar-conhecimentos-tradicionais-e-academicos\/","title":{"rendered":"Universidades podem combinar conhecimentos tradicionais e acad\u00eamicos"},"content":{"rendered":"<p>Conhecimentos tradicionais e acad\u00eamicos podem se somar, ampliando horizontes e benef\u00edcios para gente e meio ambiente. \u00c9 o que pensa o primeiro ind\u00edgena a integrar a Dire\u00e7\u00e3o Executiva da Uni\u00e3o Nacional dos Estudantes (UNE), Tel Guajajara, de 23 anos.<\/p>\n<p>Estudante do quinto semestre de direito, o diretor de Cultura da UNE \u00e9 origin\u00e1rio da Terra Ind\u00edgena Morro Branco, localizada em Graja\u00fa, no Maranh\u00e3o. E \u00e9 filho da cacique de sua aldeia \u2013 a Cacique Virgulino.<\/p>\n<p>\u201cSou filho da luta\u201d, apresenta-se o estudante \u201cextremamente ativo\u201d no ambiente universit\u00e1rio. Foi idealizador do 1\u00ba Encontro dos Estudantes Ind\u00edgenas da Amaz\u00f4nia, tendo inclusive ajudado na cria\u00e7\u00e3o da Uni\u00e3o Plurinacional dos Estudantes Ind\u00edgenas, entre 2021 e 2022. Fundou tamb\u00e9m o Circuito Curupira, que \u00e9 uma rede de a\u00e7\u00f5es estudantis em defesa de a\u00e7\u00f5es clim\u00e1ticas.<\/p>\n<p>Ele foi um dos participantes da plen\u00e1ria transversal sobre juventude do Di\u00e1logos Amaz\u00f4nicos, evento preparat\u00f3rio que resultar\u00e1 em sugest\u00f5es de pol\u00edticas p\u00fablicas a serem encaminhadas aos chefes de Estado que participar\u00e3o da C\u00fapula da Amaz\u00f4nia, nos dias 8 e 9, em Bel\u00e9m.<\/p>\n<p><strong>Dois mundos<\/strong><br \/>\nA viv\u00eancia no ambiente universit\u00e1rio possibilitou ao estudante ind\u00edgena \u201cvivenciar dois mundos\u201d: o das tradi\u00e7\u00f5es ind\u00edgenas e o acad\u00eamico. E tamb\u00e9m o levou a algumas conclus\u00f5es. Uma delas \u00e9 que a universidade \u201cpode ser a intersec\u00e7\u00e3o desses dois mundos\u201d, motivo pelo qual defende, entre seus pares, a cria\u00e7\u00e3o da Universidade Integrada da Amaz\u00f4nia. \u201cEla facilitaria a produ\u00e7\u00e3o de debates transversais, juntando conhecimentos\u201d, disse \u00e0 Ag\u00eancia Brasil o estudante ind\u00edgena e dirigente da UNE.<\/p>\n<p>Segundo Tel Guajajara, o mundo acad\u00eamico, tem muito a aprender sobre os conhecimentos tradicionais. \u201cAfinal, somos tamb\u00e9m campo de estudo\u201d, disse o jovem. \u201cNossa sensa\u00e7\u00e3o, ao viver no ambiente acad\u00eamico, \u00e9 de que ensinamos tanto quanto aprendemos, uma vez que as pessoas nos desconhecem. Para n\u00f3s, as universidades s\u00e3o uma ferramenta que pode nos ajudar a melhorar a vida de nossos povos\u201d, acrescentou.<\/p>\n<p><strong>O aprender<\/strong><br \/>\nPara Tel Guajajara, existe uma certa limita\u00e7\u00e3o entre os n\u00e3o ind\u00edgenas sobre o termo \u201caprender\u201d. \u201cNossas comunidades s\u00e3o tamb\u00e9m uma esp\u00e9cie de universidade. \u00c9 curioso vermos que os brancos s\u00f3 aprendem por meio de papel escrito. N\u00f3s aprendemos muito a partir das conversas. Temos muita tradi\u00e7\u00e3o oral.\u201d<\/p>\n<p>\u201cO problema \u00e9 que as secretarias de Educa\u00e7\u00e3o n\u00e3o reconhecem isso, e as universidades cobram diplomas de papel. Com isso, nos limitam ao ensino m\u00e9dio. Lamento muito o fato de muitos dos meus primos n\u00e3o terem o privil\u00e9gio que tenho, de ser estudante universit\u00e1rio\u201d, afirmou.<\/p>\n<p>Para ampliar o acesso das comunidades ind\u00edgenas ao ensino superior, Tel defende a cria\u00e7\u00e3o de universidades em territ\u00f3rios ind\u00edgenas. Ele, no entanto, considera fundamental que as institui\u00e7\u00f5es tenham uma boa estrutura de laborat\u00f3rios.<\/p>\n<p>\u201cAs universidades precisam ser interiorizadas, mas com estrutura e com disposi\u00e7\u00e3o para enxergar isso como uma via de duas m\u00e3os, onde o conhecimento \u00e9 compartilhado. Todos aprender\u00e3o com todos\u201d, disse.<\/p>\n<p><strong>\u00c1reas com potencial<\/strong><br \/>\nSegundo Tel Guajajara, o potencial disso seria imenso, principalmente para \u00e1reas de conhecimento como as de biologia, qu\u00edmica, farm\u00e1cia e medicina. \u201cMas, repito, \u00e9 fundamental que isso seja feito com uma boa estrutura de laborat\u00f3rios.\u201d<\/p>\n<p>O acesso do estudante \u00e0 universidade foi poss\u00edvel gra\u00e7as \u00e0s a\u00e7\u00f5es afirmativas que garantiram cotas para ind\u00edgenas no ensino superior. Ele percebe que majoritariamente a op\u00e7\u00e3o dos cotistas \u00e9 por cursos das \u00e1reas de direito e sa\u00fade \u2013 faltando, portanto, profissionais ind\u00edgenas nas \u00e1reas de ci\u00eancias aplicadas e de comportamento humano.<\/p>\n<p>\u201cIsso nos possibilitaria avan\u00e7ar nas quest\u00f5es ambientais e de conscientiza\u00e7\u00e3o\u201d, disse ele, ao defender, tamb\u00e9m, mais estudantes ind\u00edgenas em cursos da \u00e1rea rela\u00e7\u00f5es internacionais. \u201cEu mesmo penso em, depois de cursar direito, fazer rela\u00e7\u00f5es internacionais porque a diplomacia pode ser um elo entre as comunidades ind\u00edgenas e o mundo\u201d, argumentou.<\/p>\n<p>Outras \u00e1reas de conhecimento acad\u00eamico citadas por ele como de potencial para as comunidades ind\u00edgenas s\u00e3o os voltados para a tecnologia e a inova\u00e7\u00e3o. \u201cPensamos em cursos que nos ajudem a usar sat\u00e9lites para monitorarmos, com maior independ\u00eancia, nossas florestas.\u201d<\/p>\n<p><strong>Disputas<\/strong><br \/>\nA competitividade no mundo acad\u00eamico \u00e9 uma coisa que incomoda o estudante ind\u00edgena. \u201cEssas disputas internas s\u00e3o bastante prejudiciais e representam um grande choque cultural que vivenciamos. Inclusive, h\u00e1 casos de estudantes ind\u00edgenas que se apresentam como n\u00e3o ind\u00edgenas, para evitar serem v\u00edtimas de racismo.\u201d<\/p>\n<p>\u201cEu mesmo j\u00e1 fui chamado de Come Sapo at\u00e9 por professores, quando estudei o ensino m\u00e9dio. No primeiro semestre da universidade, alguns estudantes se recusaram a fazer trabalhos acad\u00eamicos comigo, sob a justificativa de que as tem\u00e1ticas pensadas por mim n\u00e3o tinham precedentes\u201d, acrescentou.<\/p>\n<p>E o trabalho proposto por ele era exatamente sobre \u201cvisibilidade dos povos ind\u00edgenas nas universidades\u201d.<\/p>\n","protected":false},"excerpt":{"rendered":"<p>Conhecimentos tradicionais e acad\u00eamicos podem se somar, ampliando horizontes e benef\u00edcios para gente e meio ambiente. \u00c9 o que pensa o primeiro ind\u00edgena a integrar a Dire\u00e7\u00e3o Executiva da Uni\u00e3o Nacional dos Estudantes (UNE), Tel Guajajara, de 23 anos. Estudante do quinto semestre de direito, o diretor de Cultura da UNE \u00e9 origin\u00e1rio da Terra [&hellip;]<\/p>\n","protected":false},"author":2,"featured_media":310435,"comment_status":"closed","ping_status":"closed","sticky":false,"template":"","format":"standard","meta":{"_acf_changed":false,"footnotes":""},"categories":[161],"tags":[],"class_list":["post-310434","post","type-post","status-publish","format-standard","has-post-thumbnail","hentry","category-quadradinho-em-foco"],"acf":[],"yoast_head":"<!-- This site is optimized with the Yoast SEO plugin v27.2 - https:\/\/yoast.com\/product\/yoast-seo-wordpress\/ -->\n<title>Universidades podem combinar conhecimentos tradicionais e acad\u00eamicos - Notibras<\/title>\n<meta name=\"robots\" content=\"index, follow, max-snippet:-1, max-image-preview:large, max-video-preview:-1\" \/>\n<link rel=\"canonical\" href=\"https:\/\/www.notibras.com\/site\/universidades-podem-combinar-conhecimentos-tradicionais-e-academicos\/\" \/>\n<meta property=\"og:locale\" content=\"pt_BR\" \/>\n<meta property=\"og:type\" content=\"article\" \/>\n<meta property=\"og:title\" content=\"Universidades podem combinar conhecimentos tradicionais e acad\u00eamicos - Notibras\" \/>\n<meta property=\"og:description\" content=\"Conhecimentos tradicionais e acad\u00eamicos podem se somar, ampliando horizontes e benef\u00edcios para gente e meio ambiente. \u00c9 o que pensa o primeiro ind\u00edgena a integrar a Dire\u00e7\u00e3o Executiva da Uni\u00e3o Nacional dos Estudantes (UNE), Tel Guajajara, de 23 anos. Estudante do quinto semestre de direito, o diretor de Cultura da UNE \u00e9 origin\u00e1rio da Terra [&hellip;]\" \/>\n<meta property=\"og:url\" content=\"https:\/\/www.notibras.com\/site\/universidades-podem-combinar-conhecimentos-tradicionais-e-academicos\/\" \/>\n<meta property=\"og:site_name\" content=\"Notibras\" \/>\n<meta property=\"article:publisher\" content=\"https:\/\/www.facebook.com\/notibras\/\" \/>\n<meta property=\"article:published_time\" content=\"2023-08-07T03:00:37+00:00\" \/>\n<meta property=\"article:modified_time\" content=\"2023-08-07T11:50:30+00:00\" \/>\n<meta property=\"og:image\" content=\"https:\/\/www.notibras.com\/site\/wp-content\/uploads\/2023\/08\/whatsapp_image_2023-08-05_at_5.43.56_pm.jpg\" \/>\n\t<meta property=\"og:image:width\" content=\"1170\" \/>\n\t<meta property=\"og:image:height\" content=\"700\" \/>\n\t<meta property=\"og:image:type\" content=\"image\/jpeg\" \/>\n<meta name=\"author\" content=\"Reda\u00e7\u00e3o\" \/>\n<meta name=\"twitter:card\" content=\"summary_large_image\" \/>\n<meta name=\"twitter:creator\" content=\"@Notibras\" \/>\n<meta name=\"twitter:site\" content=\"@Notibras\" \/>\n<meta name=\"twitter:label1\" content=\"Escrito por\" \/>\n\t<meta name=\"twitter:data1\" content=\"Reda\u00e7\u00e3o\" \/>\n\t<meta name=\"twitter:label2\" content=\"Est. tempo de leitura\" \/>\n\t<meta name=\"twitter:data2\" content=\"5 minutos\" \/>\n<script type=\"application\/ld+json\" class=\"yoast-schema-graph\">{\"@context\":\"https:\/\/schema.org\",\"@graph\":[{\"@type\":\"Article\",\"@id\":\"https:\/\/www.notibras.com\/site\/universidades-podem-combinar-conhecimentos-tradicionais-e-academicos\/#article\",\"isPartOf\":{\"@id\":\"https:\/\/www.notibras.com\/site\/universidades-podem-combinar-conhecimentos-tradicionais-e-academicos\/\"},\"author\":{\"name\":\"Reda\u00e7\u00e3o\",\"@id\":\"https:\/\/www.notibras.com\/site\/#\/schema\/person\/36ab0979449956132d3e5b517ea76ac8\"},\"headline\":\"Universidades podem combinar conhecimentos tradicionais e acad\u00eamicos\",\"datePublished\":\"2023-08-07T03:00:37+00:00\",\"dateModified\":\"2023-08-07T11:50:30+00:00\",\"mainEntityOfPage\":{\"@id\":\"https:\/\/www.notibras.com\/site\/universidades-podem-combinar-conhecimentos-tradicionais-e-academicos\/\"},\"wordCount\":845,\"publisher\":{\"@id\":\"https:\/\/www.notibras.com\/site\/#organization\"},\"image\":{\"@id\":\"https:\/\/www.notibras.com\/site\/universidades-podem-combinar-conhecimentos-tradicionais-e-academicos\/#primaryimage\"},\"thumbnailUrl\":\"https:\/\/www.notibras.com\/site\/wp-content\/uploads\/2023\/08\/whatsapp_image_2023-08-05_at_5.43.56_pm.jpg\",\"articleSection\":[\"Quadradinho em Foco\"],\"inLanguage\":\"pt-BR\"},{\"@type\":\"WebPage\",\"@id\":\"https:\/\/www.notibras.com\/site\/universidades-podem-combinar-conhecimentos-tradicionais-e-academicos\/\",\"url\":\"https:\/\/www.notibras.com\/site\/universidades-podem-combinar-conhecimentos-tradicionais-e-academicos\/\",\"name\":\"Universidades podem combinar conhecimentos tradicionais e acad\u00eamicos - Notibras\",\"isPartOf\":{\"@id\":\"https:\/\/www.notibras.com\/site\/#website\"},\"primaryImageOfPage\":{\"@id\":\"https:\/\/www.notibras.com\/site\/universidades-podem-combinar-conhecimentos-tradicionais-e-academicos\/#primaryimage\"},\"image\":{\"@id\":\"https:\/\/www.notibras.com\/site\/universidades-podem-combinar-conhecimentos-tradicionais-e-academicos\/#primaryimage\"},\"thumbnailUrl\":\"https:\/\/www.notibras.com\/site\/wp-content\/uploads\/2023\/08\/whatsapp_image_2023-08-05_at_5.43.56_pm.jpg\",\"datePublished\":\"2023-08-07T03:00:37+00:00\",\"dateModified\":\"2023-08-07T11:50:30+00:00\",\"breadcrumb\":{\"@id\":\"https:\/\/www.notibras.com\/site\/universidades-podem-combinar-conhecimentos-tradicionais-e-academicos\/#breadcrumb\"},\"inLanguage\":\"pt-BR\",\"potentialAction\":[{\"@type\":\"ReadAction\",\"target\":[\"https:\/\/www.notibras.com\/site\/universidades-podem-combinar-conhecimentos-tradicionais-e-academicos\/\"]}]},{\"@type\":\"ImageObject\",\"inLanguage\":\"pt-BR\",\"@id\":\"https:\/\/www.notibras.com\/site\/universidades-podem-combinar-conhecimentos-tradicionais-e-academicos\/#primaryimage\",\"url\":\"https:\/\/www.notibras.com\/site\/wp-content\/uploads\/2023\/08\/whatsapp_image_2023-08-05_at_5.43.56_pm.jpg\",\"contentUrl\":\"https:\/\/www.notibras.com\/site\/wp-content\/uploads\/2023\/08\/whatsapp_image_2023-08-05_at_5.43.56_pm.jpg\",\"width\":1170,\"height\":700},{\"@type\":\"BreadcrumbList\",\"@id\":\"https:\/\/www.notibras.com\/site\/universidades-podem-combinar-conhecimentos-tradicionais-e-academicos\/#breadcrumb\",\"itemListElement\":[{\"@type\":\"ListItem\",\"position\":1,\"name\":\"In\u00edcio\",\"item\":\"https:\/\/www.notibras.com\/site\/\"},{\"@type\":\"ListItem\",\"position\":2,\"name\":\"Universidades podem combinar conhecimentos tradicionais e acad\u00eamicos\"}]},{\"@type\":\"WebSite\",\"@id\":\"https:\/\/www.notibras.com\/site\/#website\",\"url\":\"https:\/\/www.notibras.com\/site\/\",\"name\":\"Notibras\",\"description\":\"Not\u00edcias de Bras\u00edlia, do Brasil e do Mundo\",\"publisher\":{\"@id\":\"https:\/\/www.notibras.com\/site\/#organization\"},\"potentialAction\":[{\"@type\":\"SearchAction\",\"target\":{\"@type\":\"EntryPoint\",\"urlTemplate\":\"https:\/\/www.notibras.com\/site\/?s={search_term_string}\"},\"query-input\":{\"@type\":\"PropertyValueSpecification\",\"valueRequired\":true,\"valueName\":\"search_term_string\"}}],\"inLanguage\":\"pt-BR\"},{\"@type\":\"Organization\",\"@id\":\"https:\/\/www.notibras.com\/site\/#organization\",\"name\":\"Grupo Notibras de Comunica\u00e7\u00e3o\",\"url\":\"https:\/\/www.notibras.com\/site\/\",\"logo\":{\"@type\":\"ImageObject\",\"inLanguage\":\"pt-BR\",\"@id\":\"https:\/\/www.notibras.com\/site\/#\/schema\/logo\/image\/\",\"url\":\"https:\/\/www.notibras.com\/site\/wp-content\/uploads\/2023\/01\/notibras23.png\",\"contentUrl\":\"https:\/\/www.notibras.com\/site\/wp-content\/uploads\/2023\/01\/notibras23.png\",\"width\":350,\"height\":87,\"caption\":\"Grupo Notibras de Comunica\u00e7\u00e3o\"},\"image\":{\"@id\":\"https:\/\/www.notibras.com\/site\/#\/schema\/logo\/image\/\"},\"sameAs\":[\"https:\/\/www.facebook.com\/notibras\/\",\"https:\/\/x.com\/Notibras\",\"https:\/\/www.instagram.com\/notibras\/\"]},{\"@type\":\"Person\",\"@id\":\"https:\/\/www.notibras.com\/site\/#\/schema\/person\/36ab0979449956132d3e5b517ea76ac8\",\"name\":\"Reda\u00e7\u00e3o\",\"image\":{\"@type\":\"ImageObject\",\"inLanguage\":\"pt-BR\",\"@id\":\"https:\/\/secure.gravatar.com\/avatar\/e0a867bdedb85fd243eadf09663511f96fc81e0720a4a42581f334ad4303aa6b?s=96&d=mm&r=g\",\"url\":\"https:\/\/secure.gravatar.com\/avatar\/e0a867bdedb85fd243eadf09663511f96fc81e0720a4a42581f334ad4303aa6b?s=96&d=mm&r=g\",\"contentUrl\":\"https:\/\/secure.gravatar.com\/avatar\/e0a867bdedb85fd243eadf09663511f96fc81e0720a4a42581f334ad4303aa6b?s=96&d=mm&r=g\",\"caption\":\"Reda\u00e7\u00e3o\"}}]}<\/script>\n<!-- \/ Yoast SEO plugin. -->","yoast_head_json":{"title":"Universidades podem combinar conhecimentos tradicionais e acad\u00eamicos - Notibras","robots":{"index":"index","follow":"follow","max-snippet":"max-snippet:-1","max-image-preview":"max-image-preview:large","max-video-preview":"max-video-preview:-1"},"canonical":"https:\/\/www.notibras.com\/site\/universidades-podem-combinar-conhecimentos-tradicionais-e-academicos\/","og_locale":"pt_BR","og_type":"article","og_title":"Universidades podem combinar conhecimentos tradicionais e acad\u00eamicos - Notibras","og_description":"Conhecimentos tradicionais e acad\u00eamicos podem se somar, ampliando horizontes e benef\u00edcios para gente e meio ambiente. \u00c9 o que pensa o primeiro ind\u00edgena a integrar a Dire\u00e7\u00e3o Executiva da Uni\u00e3o Nacional dos Estudantes (UNE), Tel Guajajara, de 23 anos. Estudante do quinto semestre de direito, o diretor de Cultura da UNE \u00e9 origin\u00e1rio da Terra [&hellip;]","og_url":"https:\/\/www.notibras.com\/site\/universidades-podem-combinar-conhecimentos-tradicionais-e-academicos\/","og_site_name":"Notibras","article_publisher":"https:\/\/www.facebook.com\/notibras\/","article_published_time":"2023-08-07T03:00:37+00:00","article_modified_time":"2023-08-07T11:50:30+00:00","og_image":[{"width":1170,"height":700,"url":"https:\/\/www.notibras.com\/site\/wp-content\/uploads\/2023\/08\/whatsapp_image_2023-08-05_at_5.43.56_pm.jpg","type":"image\/jpeg"}],"author":"Reda\u00e7\u00e3o","twitter_card":"summary_large_image","twitter_creator":"@Notibras","twitter_site":"@Notibras","twitter_misc":{"Escrito por":"Reda\u00e7\u00e3o","Est. tempo de leitura":"5 minutos"},"schema":{"@context":"https:\/\/schema.org","@graph":[{"@type":"Article","@id":"https:\/\/www.notibras.com\/site\/universidades-podem-combinar-conhecimentos-tradicionais-e-academicos\/#article","isPartOf":{"@id":"https:\/\/www.notibras.com\/site\/universidades-podem-combinar-conhecimentos-tradicionais-e-academicos\/"},"author":{"name":"Reda\u00e7\u00e3o","@id":"https:\/\/www.notibras.com\/site\/#\/schema\/person\/36ab0979449956132d3e5b517ea76ac8"},"headline":"Universidades podem combinar conhecimentos tradicionais e acad\u00eamicos","datePublished":"2023-08-07T03:00:37+00:00","dateModified":"2023-08-07T11:50:30+00:00","mainEntityOfPage":{"@id":"https:\/\/www.notibras.com\/site\/universidades-podem-combinar-conhecimentos-tradicionais-e-academicos\/"},"wordCount":845,"publisher":{"@id":"https:\/\/www.notibras.com\/site\/#organization"},"image":{"@id":"https:\/\/www.notibras.com\/site\/universidades-podem-combinar-conhecimentos-tradicionais-e-academicos\/#primaryimage"},"thumbnailUrl":"https:\/\/www.notibras.com\/site\/wp-content\/uploads\/2023\/08\/whatsapp_image_2023-08-05_at_5.43.56_pm.jpg","articleSection":["Quadradinho em Foco"],"inLanguage":"pt-BR"},{"@type":"WebPage","@id":"https:\/\/www.notibras.com\/site\/universidades-podem-combinar-conhecimentos-tradicionais-e-academicos\/","url":"https:\/\/www.notibras.com\/site\/universidades-podem-combinar-conhecimentos-tradicionais-e-academicos\/","name":"Universidades podem combinar conhecimentos tradicionais e acad\u00eamicos - Notibras","isPartOf":{"@id":"https:\/\/www.notibras.com\/site\/#website"},"primaryImageOfPage":{"@id":"https:\/\/www.notibras.com\/site\/universidades-podem-combinar-conhecimentos-tradicionais-e-academicos\/#primaryimage"},"image":{"@id":"https:\/\/www.notibras.com\/site\/universidades-podem-combinar-conhecimentos-tradicionais-e-academicos\/#primaryimage"},"thumbnailUrl":"https:\/\/www.notibras.com\/site\/wp-content\/uploads\/2023\/08\/whatsapp_image_2023-08-05_at_5.43.56_pm.jpg","datePublished":"2023-08-07T03:00:37+00:00","dateModified":"2023-08-07T11:50:30+00:00","breadcrumb":{"@id":"https:\/\/www.notibras.com\/site\/universidades-podem-combinar-conhecimentos-tradicionais-e-academicos\/#breadcrumb"},"inLanguage":"pt-BR","potentialAction":[{"@type":"ReadAction","target":["https:\/\/www.notibras.com\/site\/universidades-podem-combinar-conhecimentos-tradicionais-e-academicos\/"]}]},{"@type":"ImageObject","inLanguage":"pt-BR","@id":"https:\/\/www.notibras.com\/site\/universidades-podem-combinar-conhecimentos-tradicionais-e-academicos\/#primaryimage","url":"https:\/\/www.notibras.com\/site\/wp-content\/uploads\/2023\/08\/whatsapp_image_2023-08-05_at_5.43.56_pm.jpg","contentUrl":"https:\/\/www.notibras.com\/site\/wp-content\/uploads\/2023\/08\/whatsapp_image_2023-08-05_at_5.43.56_pm.jpg","width":1170,"height":700},{"@type":"BreadcrumbList","@id":"https:\/\/www.notibras.com\/site\/universidades-podem-combinar-conhecimentos-tradicionais-e-academicos\/#breadcrumb","itemListElement":[{"@type":"ListItem","position":1,"name":"In\u00edcio","item":"https:\/\/www.notibras.com\/site\/"},{"@type":"ListItem","position":2,"name":"Universidades podem combinar conhecimentos tradicionais e acad\u00eamicos"}]},{"@type":"WebSite","@id":"https:\/\/www.notibras.com\/site\/#website","url":"https:\/\/www.notibras.com\/site\/","name":"Notibras","description":"Not\u00edcias de Bras\u00edlia, do Brasil e do Mundo","publisher":{"@id":"https:\/\/www.notibras.com\/site\/#organization"},"potentialAction":[{"@type":"SearchAction","target":{"@type":"EntryPoint","urlTemplate":"https:\/\/www.notibras.com\/site\/?s={search_term_string}"},"query-input":{"@type":"PropertyValueSpecification","valueRequired":true,"valueName":"search_term_string"}}],"inLanguage":"pt-BR"},{"@type":"Organization","@id":"https:\/\/www.notibras.com\/site\/#organization","name":"Grupo Notibras de Comunica\u00e7\u00e3o","url":"https:\/\/www.notibras.com\/site\/","logo":{"@type":"ImageObject","inLanguage":"pt-BR","@id":"https:\/\/www.notibras.com\/site\/#\/schema\/logo\/image\/","url":"https:\/\/www.notibras.com\/site\/wp-content\/uploads\/2023\/01\/notibras23.png","contentUrl":"https:\/\/www.notibras.com\/site\/wp-content\/uploads\/2023\/01\/notibras23.png","width":350,"height":87,"caption":"Grupo Notibras de Comunica\u00e7\u00e3o"},"image":{"@id":"https:\/\/www.notibras.com\/site\/#\/schema\/logo\/image\/"},"sameAs":["https:\/\/www.facebook.com\/notibras\/","https:\/\/x.com\/Notibras","https:\/\/www.instagram.com\/notibras\/"]},{"@type":"Person","@id":"https:\/\/www.notibras.com\/site\/#\/schema\/person\/36ab0979449956132d3e5b517ea76ac8","name":"Reda\u00e7\u00e3o","image":{"@type":"ImageObject","inLanguage":"pt-BR","@id":"https:\/\/secure.gravatar.com\/avatar\/e0a867bdedb85fd243eadf09663511f96fc81e0720a4a42581f334ad4303aa6b?s=96&d=mm&r=g","url":"https:\/\/secure.gravatar.com\/avatar\/e0a867bdedb85fd243eadf09663511f96fc81e0720a4a42581f334ad4303aa6b?s=96&d=mm&r=g","contentUrl":"https:\/\/secure.gravatar.com\/avatar\/e0a867bdedb85fd243eadf09663511f96fc81e0720a4a42581f334ad4303aa6b?s=96&d=mm&r=g","caption":"Reda\u00e7\u00e3o"}}]}},"amp_enabled":true,"_links":{"self":[{"href":"https:\/\/www.notibras.com\/site\/wp-json\/wp\/v2\/posts\/310434","targetHints":{"allow":["GET"]}}],"collection":[{"href":"https:\/\/www.notibras.com\/site\/wp-json\/wp\/v2\/posts"}],"about":[{"href":"https:\/\/www.notibras.com\/site\/wp-json\/wp\/v2\/types\/post"}],"author":[{"embeddable":true,"href":"https:\/\/www.notibras.com\/site\/wp-json\/wp\/v2\/users\/2"}],"replies":[{"embeddable":true,"href":"https:\/\/www.notibras.com\/site\/wp-json\/wp\/v2\/comments?post=310434"}],"version-history":[{"count":1,"href":"https:\/\/www.notibras.com\/site\/wp-json\/wp\/v2\/posts\/310434\/revisions"}],"predecessor-version":[{"id":310436,"href":"https:\/\/www.notibras.com\/site\/wp-json\/wp\/v2\/posts\/310434\/revisions\/310436"}],"wp:featuredmedia":[{"embeddable":true,"href":"https:\/\/www.notibras.com\/site\/wp-json\/wp\/v2\/media\/310435"}],"wp:attachment":[{"href":"https:\/\/www.notibras.com\/site\/wp-json\/wp\/v2\/media?parent=310434"}],"wp:term":[{"taxonomy":"category","embeddable":true,"href":"https:\/\/www.notibras.com\/site\/wp-json\/wp\/v2\/categories?post=310434"},{"taxonomy":"post_tag","embeddable":true,"href":"https:\/\/www.notibras.com\/site\/wp-json\/wp\/v2\/tags?post=310434"}],"curies":[{"name":"wp","href":"https:\/\/api.w.org\/{rel}","templated":true}]}}