{"id":310475,"date":"2023-08-07T18:25:24","date_gmt":"2023-08-07T21:25:24","guid":{"rendered":"https:\/\/www.notibras.com\/site\/?p=310475"},"modified":"2023-08-07T18:27:48","modified_gmt":"2023-08-07T21:27:48","slug":"pgr-pede-condenacao-de-so-40-dos-1-290-golpistas-do-8-de-janeiro","status":"publish","type":"post","link":"https:\/\/www.notibras.com\/site\/pgr-pede-condenacao-de-so-40-dos-1-290-golpistas-do-8-de-janeiro\/","title":{"rendered":"PGR pede condena\u00e7\u00e3o de s\u00f3 40 dos 1.290 golpistas de janeiro"},"content":{"rendered":"<p>A Procuradoria-Geral da Rep\u00fablica (PGR) pediu nesta segunda-feira (7) a condena\u00e7\u00e3o de 40 acusados de participa\u00e7\u00e3o nos atos golpistas de 8 de janeiro. A soma das acusa\u00e7\u00f5es pode chegar a 30 anos de pris\u00e3o.<\/p>\n<p>Conforme documento de alega\u00e7\u00f5es finais enviado ao Supremo Tribunal Federal o subprocurador Carlos Frederico Santos sustenta que o grupo invadiu a sede do pr\u00f3prio STF, o Congresso e o Pal\u00e1cio do Planalto e deve ser condenado por associa\u00e7\u00e3o criminosa armada, aboli\u00e7\u00e3o violenta do Estado Democr\u00e1tico de Direito, golpe de Estado e dano contra o patrim\u00f4nio da Uni\u00e3o.<\/p>\n<p>A procuradoria afirma que os atos contaram com articula\u00e7\u00e3o pr\u00e9via, por meio de envio de mensagens de convoca\u00e7\u00e3o pelas redes sociais. Al\u00e9m disso, foi constatada a presen\u00e7a de CACs, grupo formado por ca\u00e7adores, atiradores e colecionadores de armas de fogo entre os manifestantes.<\/p>\n<p>A procuradoria tamb\u00e9m estimou que o ressarcimento dos preju\u00edzos causados pela depreda\u00e7\u00e3o nas sedes dos Tr\u00eas Poderes \u00e9 de R$ 25 milh\u00f5es, valor que engloba R$ 3,5 milh\u00f5es (Senado); R$ 1,1 milh\u00e3o (C\u00e2mara dos Deputados); R$ 9 milh\u00f5es (Pal\u00e1cio do Planalto) e R$ 11,4 milh\u00f5es (Supremo Tribunal Federal).<\/p>\n<p>Em setembro, o Supremo pretende julgar as primeiras a\u00e7\u00f5es penais contra investigados pelos atos de 8 de janeiro. Desde o in\u00edcio das investiga\u00e7\u00f5es, 1.290 investigados se tornaram r\u00e9us no STF.<\/p>\n","protected":false},"excerpt":{"rendered":"<p>A Procuradoria-Geral da Rep\u00fablica (PGR) pediu nesta segunda-feira (7) a condena\u00e7\u00e3o de 40 acusados de participa\u00e7\u00e3o nos atos golpistas de 8 de janeiro. A soma das acusa\u00e7\u00f5es pode chegar a 30 anos de pris\u00e3o. Conforme documento de alega\u00e7\u00f5es finais enviado ao Supremo Tribunal Federal o subprocurador Carlos Frederico Santos sustenta que o grupo invadiu a [&hellip;]<\/p>\n","protected":false},"author":2,"featured_media":310476,"comment_status":"closed","ping_status":"closed","sticky":false,"template":"","format":"standard","meta":{"_acf_changed":false,"footnotes":""},"categories":[161],"tags":[95],"class_list":["post-310475","post","type-post","status-publish","format-standard","has-post-thumbnail","hentry","category-quadradinho-em-foco","tag-capa"],"acf":[],"yoast_head":"<!-- This site is optimized with the Yoast SEO plugin v27.2 - https:\/\/yoast.com\/product\/yoast-seo-wordpress\/ -->\n<title>PGR pede condena\u00e7\u00e3o de s\u00f3 40 dos 1.290 golpistas de janeiro - Notibras<\/title>\n<meta name=\"robots\" content=\"index, follow, max-snippet:-1, max-image-preview:large, max-video-preview:-1\" \/>\n<link rel=\"canonical\" href=\"https:\/\/www.notibras.com\/site\/pgr-pede-condenacao-de-so-40-dos-1-290-golpistas-do-8-de-janeiro\/\" \/>\n<meta property=\"og:locale\" content=\"pt_BR\" \/>\n<meta property=\"og:type\" content=\"article\" \/>\n<meta property=\"og:title\" content=\"PGR pede condena\u00e7\u00e3o de s\u00f3 40 dos 1.290 golpistas de janeiro - Notibras\" \/>\n<meta property=\"og:description\" content=\"A Procuradoria-Geral da Rep\u00fablica (PGR) pediu nesta segunda-feira (7) a condena\u00e7\u00e3o de 40 acusados de participa\u00e7\u00e3o nos atos golpistas de 8 de janeiro. A soma das acusa\u00e7\u00f5es pode chegar a 30 anos de pris\u00e3o. Conforme documento de alega\u00e7\u00f5es finais enviado ao Supremo Tribunal Federal o subprocurador Carlos Frederico Santos sustenta que o grupo invadiu a [&hellip;]\" \/>\n<meta property=\"og:url\" content=\"https:\/\/www.notibras.com\/site\/pgr-pede-condenacao-de-so-40-dos-1-290-golpistas-do-8-de-janeiro\/\" \/>\n<meta property=\"og:site_name\" content=\"Notibras\" \/>\n<meta property=\"article:publisher\" content=\"https:\/\/www.facebook.com\/notibras\/\" \/>\n<meta property=\"article:published_time\" content=\"2023-08-07T21:25:24+00:00\" \/>\n<meta property=\"article:modified_time\" content=\"2023-08-07T21:27:48+00:00\" \/>\n<meta property=\"og:image\" content=\"https:\/\/www.notibras.com\/site\/wp-content\/uploads\/2023\/08\/ja_9445.jpg\" \/>\n\t<meta property=\"og:image:width\" content=\"1170\" \/>\n\t<meta property=\"og:image:height\" content=\"700\" \/>\n\t<meta property=\"og:image:type\" content=\"image\/jpeg\" \/>\n<meta name=\"author\" content=\"Reda\u00e7\u00e3o\" \/>\n<meta name=\"twitter:card\" content=\"summary_large_image\" \/>\n<meta name=\"twitter:creator\" content=\"@Notibras\" \/>\n<meta name=\"twitter:site\" content=\"@Notibras\" \/>\n<meta name=\"twitter:label1\" content=\"Escrito por\" \/>\n\t<meta name=\"twitter:data1\" content=\"Reda\u00e7\u00e3o\" \/>\n\t<meta name=\"twitter:label2\" content=\"Est. tempo de leitura\" \/>\n\t<meta name=\"twitter:data2\" content=\"2 minutos\" \/>\n<script type=\"application\/ld+json\" class=\"yoast-schema-graph\">{\"@context\":\"https:\/\/schema.org\",\"@graph\":[{\"@type\":\"Article\",\"@id\":\"https:\/\/www.notibras.com\/site\/pgr-pede-condenacao-de-so-40-dos-1-290-golpistas-do-8-de-janeiro\/#article\",\"isPartOf\":{\"@id\":\"https:\/\/www.notibras.com\/site\/pgr-pede-condenacao-de-so-40-dos-1-290-golpistas-do-8-de-janeiro\/\"},\"author\":{\"name\":\"Reda\u00e7\u00e3o\",\"@id\":\"https:\/\/www.notibras.com\/site\/#\/schema\/person\/36ab0979449956132d3e5b517ea76ac8\"},\"headline\":\"PGR pede condena\u00e7\u00e3o de s\u00f3 40 dos 1.290 golpistas de janeiro\",\"datePublished\":\"2023-08-07T21:25:24+00:00\",\"dateModified\":\"2023-08-07T21:27:48+00:00\",\"mainEntityOfPage\":{\"@id\":\"https:\/\/www.notibras.com\/site\/pgr-pede-condenacao-de-so-40-dos-1-290-golpistas-do-8-de-janeiro\/\"},\"wordCount\":244,\"publisher\":{\"@id\":\"https:\/\/www.notibras.com\/site\/#organization\"},\"image\":{\"@id\":\"https:\/\/www.notibras.com\/site\/pgr-pede-condenacao-de-so-40-dos-1-290-golpistas-do-8-de-janeiro\/#primaryimage\"},\"thumbnailUrl\":\"https:\/\/www.notibras.com\/site\/wp-content\/uploads\/2023\/08\/ja_9445.jpg\",\"keywords\":[\"capa\"],\"articleSection\":[\"Quadradinho em Foco\"],\"inLanguage\":\"pt-BR\"},{\"@type\":\"WebPage\",\"@id\":\"https:\/\/www.notibras.com\/site\/pgr-pede-condenacao-de-so-40-dos-1-290-golpistas-do-8-de-janeiro\/\",\"url\":\"https:\/\/www.notibras.com\/site\/pgr-pede-condenacao-de-so-40-dos-1-290-golpistas-do-8-de-janeiro\/\",\"name\":\"PGR pede condena\u00e7\u00e3o de s\u00f3 40 dos 1.290 golpistas de janeiro - Notibras\",\"isPartOf\":{\"@id\":\"https:\/\/www.notibras.com\/site\/#website\"},\"primaryImageOfPage\":{\"@id\":\"https:\/\/www.notibras.com\/site\/pgr-pede-condenacao-de-so-40-dos-1-290-golpistas-do-8-de-janeiro\/#primaryimage\"},\"image\":{\"@id\":\"https:\/\/www.notibras.com\/site\/pgr-pede-condenacao-de-so-40-dos-1-290-golpistas-do-8-de-janeiro\/#primaryimage\"},\"thumbnailUrl\":\"https:\/\/www.notibras.com\/site\/wp-content\/uploads\/2023\/08\/ja_9445.jpg\",\"datePublished\":\"2023-08-07T21:25:24+00:00\",\"dateModified\":\"2023-08-07T21:27:48+00:00\",\"breadcrumb\":{\"@id\":\"https:\/\/www.notibras.com\/site\/pgr-pede-condenacao-de-so-40-dos-1-290-golpistas-do-8-de-janeiro\/#breadcrumb\"},\"inLanguage\":\"pt-BR\",\"potentialAction\":[{\"@type\":\"ReadAction\",\"target\":[\"https:\/\/www.notibras.com\/site\/pgr-pede-condenacao-de-so-40-dos-1-290-golpistas-do-8-de-janeiro\/\"]}]},{\"@type\":\"ImageObject\",\"inLanguage\":\"pt-BR\",\"@id\":\"https:\/\/www.notibras.com\/site\/pgr-pede-condenacao-de-so-40-dos-1-290-golpistas-do-8-de-janeiro\/#primaryimage\",\"url\":\"https:\/\/www.notibras.com\/site\/wp-content\/uploads\/2023\/08\/ja_9445.jpg\",\"contentUrl\":\"https:\/\/www.notibras.com\/site\/wp-content\/uploads\/2023\/08\/ja_9445.jpg\",\"width\":1170,\"height\":700,\"caption\":\"Manifestantes fazem ato contra governo no dia 8 de janeiro 2023\"},{\"@type\":\"BreadcrumbList\",\"@id\":\"https:\/\/www.notibras.com\/site\/pgr-pede-condenacao-de-so-40-dos-1-290-golpistas-do-8-de-janeiro\/#breadcrumb\",\"itemListElement\":[{\"@type\":\"ListItem\",\"position\":1,\"name\":\"In\u00edcio\",\"item\":\"https:\/\/www.notibras.com\/site\/\"},{\"@type\":\"ListItem\",\"position\":2,\"name\":\"PGR pede condena\u00e7\u00e3o de s\u00f3 40 dos 1.290 golpistas de janeiro\"}]},{\"@type\":\"WebSite\",\"@id\":\"https:\/\/www.notibras.com\/site\/#website\",\"url\":\"https:\/\/www.notibras.com\/site\/\",\"name\":\"Notibras\",\"description\":\"Not\u00edcias de Bras\u00edlia, do Brasil e do Mundo\",\"publisher\":{\"@id\":\"https:\/\/www.notibras.com\/site\/#organization\"},\"potentialAction\":[{\"@type\":\"SearchAction\",\"target\":{\"@type\":\"EntryPoint\",\"urlTemplate\":\"https:\/\/www.notibras.com\/site\/?s={search_term_string}\"},\"query-input\":{\"@type\":\"PropertyValueSpecification\",\"valueRequired\":true,\"valueName\":\"search_term_string\"}}],\"inLanguage\":\"pt-BR\"},{\"@type\":\"Organization\",\"@id\":\"https:\/\/www.notibras.com\/site\/#organization\",\"name\":\"Grupo Notibras de Comunica\u00e7\u00e3o\",\"url\":\"https:\/\/www.notibras.com\/site\/\",\"logo\":{\"@type\":\"ImageObject\",\"inLanguage\":\"pt-BR\",\"@id\":\"https:\/\/www.notibras.com\/site\/#\/schema\/logo\/image\/\",\"url\":\"https:\/\/www.notibras.com\/site\/wp-content\/uploads\/2023\/01\/notibras23.png\",\"contentUrl\":\"https:\/\/www.notibras.com\/site\/wp-content\/uploads\/2023\/01\/notibras23.png\",\"width\":350,\"height\":87,\"caption\":\"Grupo Notibras de Comunica\u00e7\u00e3o\"},\"image\":{\"@id\":\"https:\/\/www.notibras.com\/site\/#\/schema\/logo\/image\/\"},\"sameAs\":[\"https:\/\/www.facebook.com\/notibras\/\",\"https:\/\/x.com\/Notibras\",\"https:\/\/www.instagram.com\/notibras\/\"]},{\"@type\":\"Person\",\"@id\":\"https:\/\/www.notibras.com\/site\/#\/schema\/person\/36ab0979449956132d3e5b517ea76ac8\",\"name\":\"Reda\u00e7\u00e3o\",\"image\":{\"@type\":\"ImageObject\",\"inLanguage\":\"pt-BR\",\"@id\":\"https:\/\/secure.gravatar.com\/avatar\/e0a867bdedb85fd243eadf09663511f96fc81e0720a4a42581f334ad4303aa6b?s=96&d=mm&r=g\",\"url\":\"https:\/\/secure.gravatar.com\/avatar\/e0a867bdedb85fd243eadf09663511f96fc81e0720a4a42581f334ad4303aa6b?s=96&d=mm&r=g\",\"contentUrl\":\"https:\/\/secure.gravatar.com\/avatar\/e0a867bdedb85fd243eadf09663511f96fc81e0720a4a42581f334ad4303aa6b?s=96&d=mm&r=g\",\"caption\":\"Reda\u00e7\u00e3o\"}}]}<\/script>\n<!-- \/ Yoast SEO plugin. -->","yoast_head_json":{"title":"PGR pede condena\u00e7\u00e3o de s\u00f3 40 dos 1.290 golpistas de janeiro - Notibras","robots":{"index":"index","follow":"follow","max-snippet":"max-snippet:-1","max-image-preview":"max-image-preview:large","max-video-preview":"max-video-preview:-1"},"canonical":"https:\/\/www.notibras.com\/site\/pgr-pede-condenacao-de-so-40-dos-1-290-golpistas-do-8-de-janeiro\/","og_locale":"pt_BR","og_type":"article","og_title":"PGR pede condena\u00e7\u00e3o de s\u00f3 40 dos 1.290 golpistas de janeiro - Notibras","og_description":"A Procuradoria-Geral da Rep\u00fablica (PGR) pediu nesta segunda-feira (7) a condena\u00e7\u00e3o de 40 acusados de participa\u00e7\u00e3o nos atos golpistas de 8 de janeiro. A soma das acusa\u00e7\u00f5es pode chegar a 30 anos de pris\u00e3o. Conforme documento de alega\u00e7\u00f5es finais enviado ao Supremo Tribunal Federal o subprocurador Carlos Frederico Santos sustenta que o grupo invadiu a [&hellip;]","og_url":"https:\/\/www.notibras.com\/site\/pgr-pede-condenacao-de-so-40-dos-1-290-golpistas-do-8-de-janeiro\/","og_site_name":"Notibras","article_publisher":"https:\/\/www.facebook.com\/notibras\/","article_published_time":"2023-08-07T21:25:24+00:00","article_modified_time":"2023-08-07T21:27:48+00:00","og_image":[{"width":1170,"height":700,"url":"https:\/\/www.notibras.com\/site\/wp-content\/uploads\/2023\/08\/ja_9445.jpg","type":"image\/jpeg"}],"author":"Reda\u00e7\u00e3o","twitter_card":"summary_large_image","twitter_creator":"@Notibras","twitter_site":"@Notibras","twitter_misc":{"Escrito por":"Reda\u00e7\u00e3o","Est. tempo de leitura":"2 minutos"},"schema":{"@context":"https:\/\/schema.org","@graph":[{"@type":"Article","@id":"https:\/\/www.notibras.com\/site\/pgr-pede-condenacao-de-so-40-dos-1-290-golpistas-do-8-de-janeiro\/#article","isPartOf":{"@id":"https:\/\/www.notibras.com\/site\/pgr-pede-condenacao-de-so-40-dos-1-290-golpistas-do-8-de-janeiro\/"},"author":{"name":"Reda\u00e7\u00e3o","@id":"https:\/\/www.notibras.com\/site\/#\/schema\/person\/36ab0979449956132d3e5b517ea76ac8"},"headline":"PGR pede condena\u00e7\u00e3o de s\u00f3 40 dos 1.290 golpistas de janeiro","datePublished":"2023-08-07T21:25:24+00:00","dateModified":"2023-08-07T21:27:48+00:00","mainEntityOfPage":{"@id":"https:\/\/www.notibras.com\/site\/pgr-pede-condenacao-de-so-40-dos-1-290-golpistas-do-8-de-janeiro\/"},"wordCount":244,"publisher":{"@id":"https:\/\/www.notibras.com\/site\/#organization"},"image":{"@id":"https:\/\/www.notibras.com\/site\/pgr-pede-condenacao-de-so-40-dos-1-290-golpistas-do-8-de-janeiro\/#primaryimage"},"thumbnailUrl":"https:\/\/www.notibras.com\/site\/wp-content\/uploads\/2023\/08\/ja_9445.jpg","keywords":["capa"],"articleSection":["Quadradinho em Foco"],"inLanguage":"pt-BR"},{"@type":"WebPage","@id":"https:\/\/www.notibras.com\/site\/pgr-pede-condenacao-de-so-40-dos-1-290-golpistas-do-8-de-janeiro\/","url":"https:\/\/www.notibras.com\/site\/pgr-pede-condenacao-de-so-40-dos-1-290-golpistas-do-8-de-janeiro\/","name":"PGR pede condena\u00e7\u00e3o de s\u00f3 40 dos 1.290 golpistas de janeiro - Notibras","isPartOf":{"@id":"https:\/\/www.notibras.com\/site\/#website"},"primaryImageOfPage":{"@id":"https:\/\/www.notibras.com\/site\/pgr-pede-condenacao-de-so-40-dos-1-290-golpistas-do-8-de-janeiro\/#primaryimage"},"image":{"@id":"https:\/\/www.notibras.com\/site\/pgr-pede-condenacao-de-so-40-dos-1-290-golpistas-do-8-de-janeiro\/#primaryimage"},"thumbnailUrl":"https:\/\/www.notibras.com\/site\/wp-content\/uploads\/2023\/08\/ja_9445.jpg","datePublished":"2023-08-07T21:25:24+00:00","dateModified":"2023-08-07T21:27:48+00:00","breadcrumb":{"@id":"https:\/\/www.notibras.com\/site\/pgr-pede-condenacao-de-so-40-dos-1-290-golpistas-do-8-de-janeiro\/#breadcrumb"},"inLanguage":"pt-BR","potentialAction":[{"@type":"ReadAction","target":["https:\/\/www.notibras.com\/site\/pgr-pede-condenacao-de-so-40-dos-1-290-golpistas-do-8-de-janeiro\/"]}]},{"@type":"ImageObject","inLanguage":"pt-BR","@id":"https:\/\/www.notibras.com\/site\/pgr-pede-condenacao-de-so-40-dos-1-290-golpistas-do-8-de-janeiro\/#primaryimage","url":"https:\/\/www.notibras.com\/site\/wp-content\/uploads\/2023\/08\/ja_9445.jpg","contentUrl":"https:\/\/www.notibras.com\/site\/wp-content\/uploads\/2023\/08\/ja_9445.jpg","width":1170,"height":700,"caption":"Manifestantes fazem ato contra governo no dia 8 de janeiro 2023"},{"@type":"BreadcrumbList","@id":"https:\/\/www.notibras.com\/site\/pgr-pede-condenacao-de-so-40-dos-1-290-golpistas-do-8-de-janeiro\/#breadcrumb","itemListElement":[{"@type":"ListItem","position":1,"name":"In\u00edcio","item":"https:\/\/www.notibras.com\/site\/"},{"@type":"ListItem","position":2,"name":"PGR pede condena\u00e7\u00e3o de s\u00f3 40 dos 1.290 golpistas de janeiro"}]},{"@type":"WebSite","@id":"https:\/\/www.notibras.com\/site\/#website","url":"https:\/\/www.notibras.com\/site\/","name":"Notibras","description":"Not\u00edcias de Bras\u00edlia, do Brasil e do Mundo","publisher":{"@id":"https:\/\/www.notibras.com\/site\/#organization"},"potentialAction":[{"@type":"SearchAction","target":{"@type":"EntryPoint","urlTemplate":"https:\/\/www.notibras.com\/site\/?s={search_term_string}"},"query-input":{"@type":"PropertyValueSpecification","valueRequired":true,"valueName":"search_term_string"}}],"inLanguage":"pt-BR"},{"@type":"Organization","@id":"https:\/\/www.notibras.com\/site\/#organization","name":"Grupo Notibras de Comunica\u00e7\u00e3o","url":"https:\/\/www.notibras.com\/site\/","logo":{"@type":"ImageObject","inLanguage":"pt-BR","@id":"https:\/\/www.notibras.com\/site\/#\/schema\/logo\/image\/","url":"https:\/\/www.notibras.com\/site\/wp-content\/uploads\/2023\/01\/notibras23.png","contentUrl":"https:\/\/www.notibras.com\/site\/wp-content\/uploads\/2023\/01\/notibras23.png","width":350,"height":87,"caption":"Grupo Notibras de Comunica\u00e7\u00e3o"},"image":{"@id":"https:\/\/www.notibras.com\/site\/#\/schema\/logo\/image\/"},"sameAs":["https:\/\/www.facebook.com\/notibras\/","https:\/\/x.com\/Notibras","https:\/\/www.instagram.com\/notibras\/"]},{"@type":"Person","@id":"https:\/\/www.notibras.com\/site\/#\/schema\/person\/36ab0979449956132d3e5b517ea76ac8","name":"Reda\u00e7\u00e3o","image":{"@type":"ImageObject","inLanguage":"pt-BR","@id":"https:\/\/secure.gravatar.com\/avatar\/e0a867bdedb85fd243eadf09663511f96fc81e0720a4a42581f334ad4303aa6b?s=96&d=mm&r=g","url":"https:\/\/secure.gravatar.com\/avatar\/e0a867bdedb85fd243eadf09663511f96fc81e0720a4a42581f334ad4303aa6b?s=96&d=mm&r=g","contentUrl":"https:\/\/secure.gravatar.com\/avatar\/e0a867bdedb85fd243eadf09663511f96fc81e0720a4a42581f334ad4303aa6b?s=96&d=mm&r=g","caption":"Reda\u00e7\u00e3o"}}]}},"amp_enabled":true,"_links":{"self":[{"href":"https:\/\/www.notibras.com\/site\/wp-json\/wp\/v2\/posts\/310475","targetHints":{"allow":["GET"]}}],"collection":[{"href":"https:\/\/www.notibras.com\/site\/wp-json\/wp\/v2\/posts"}],"about":[{"href":"https:\/\/www.notibras.com\/site\/wp-json\/wp\/v2\/types\/post"}],"author":[{"embeddable":true,"href":"https:\/\/www.notibras.com\/site\/wp-json\/wp\/v2\/users\/2"}],"replies":[{"embeddable":true,"href":"https:\/\/www.notibras.com\/site\/wp-json\/wp\/v2\/comments?post=310475"}],"version-history":[{"count":5,"href":"https:\/\/www.notibras.com\/site\/wp-json\/wp\/v2\/posts\/310475\/revisions"}],"predecessor-version":[{"id":310481,"href":"https:\/\/www.notibras.com\/site\/wp-json\/wp\/v2\/posts\/310475\/revisions\/310481"}],"wp:featuredmedia":[{"embeddable":true,"href":"https:\/\/www.notibras.com\/site\/wp-json\/wp\/v2\/media\/310476"}],"wp:attachment":[{"href":"https:\/\/www.notibras.com\/site\/wp-json\/wp\/v2\/media?parent=310475"}],"wp:term":[{"taxonomy":"category","embeddable":true,"href":"https:\/\/www.notibras.com\/site\/wp-json\/wp\/v2\/categories?post=310475"},{"taxonomy":"post_tag","embeddable":true,"href":"https:\/\/www.notibras.com\/site\/wp-json\/wp\/v2\/tags?post=310475"}],"curies":[{"name":"wp","href":"https:\/\/api.w.org\/{rel}","templated":true}]}}