{"id":310493,"date":"2023-08-08T06:55:12","date_gmt":"2023-08-08T09:55:12","guid":{"rendered":"https:\/\/www.notibras.com\/site\/?p=310493"},"modified":"2023-08-08T08:12:30","modified_gmt":"2023-08-08T11:12:30","slug":"campanha-mobilizar-sociedade-contra-misoginia","status":"publish","type":"post","link":"https:\/\/www.notibras.com\/site\/campanha-mobilizar-sociedade-contra-misoginia\/","title":{"rendered":"Campanha mobiliza a sociedade contra misoginia"},"content":{"rendered":"<p>Diante do aumento de casos de feminic\u00eddio no pa\u00eds, o Minist\u00e9rio das Mulheres lan\u00e7ou nesta segunda-feira (7) campanha de enfrentamento \u00e0 misoginia, que \u00e9 o \u00f3dio ou avers\u00e3o \u00e0s mulheres.<\/p>\n<p>Chamada \u201cBrasil sem viol\u00eancia contra a mulher. Brasil com respeito\u201d, a campanha prev\u00ea a veicula\u00e7\u00e3o de pe\u00e7as digitais e impressas com o objetivo de mobilizar a sociedade. De acordo com o minist\u00e9rio, as pe\u00e7as ser\u00e3o divulgadas, em parceria, pelas ag\u00eancias e concession\u00e1rias do Minist\u00e9rio dos Transportes, pelos Correios e secretarias estaduais da mulher.<\/p>\n<p>\u201cA campanha mostra que a misoginia \u00e9 a raiz de todas as formas de viol\u00eancia contra as mulheres e tamb\u00e9m das desigualdades de g\u00eanero. Com n\u00fameros t\u00e3o graves de feminic\u00eddio e viol\u00eancia sexual no pa\u00eds, atingindo uma quantidade t\u00e3o significativa de meninas, esperamos que, cada vez mais, todas as pessoas \u2013 e n\u00e3o apenas mulheres \u2013 saibam identificar e agir contra as diversas situa\u00e7\u00f5es de misoginia presentes em nossa sociedade, seja buscando ou oferecendo apoio, seja denunciando\u201d, diz a ministra das Mulheres, Cida Gon\u00e7alves, em nota divulgada pela pasta.<\/p>\n<p>Dados da Rede Observat\u00f3rios da Seguran\u00e7a apontam que a cada quatro horas uma mulher \u00e9 v\u00edtima de viol\u00eancia no Brasil. Em 2022, foram mais de 2.400 casos registrados, sendo quase 500 feminic\u00eddios, ou seja, a cada dia ao menos uma mulher morreu apenas por ser mulher.<\/p>\n<p>A campanha faz parte da programa\u00e7\u00e3o do Agosto Lil\u00e1s, dedicado ao combate das diferentes formas de viol\u00eancia contra as mulheres, como f\u00edsica, psicol\u00f3gica, moral, patrimonial, sexual e pol\u00edtica.<\/p>\n<p>Para denunciar viol\u00eancia contra a mulher, basta acionar o Ligue 180 pelo telefone ou WhatsApp. O servi\u00e7o \u00e9 gratuito, funciona 24 horas, todos os dias da semana, inclusive finais de semana e feriados, e pode ser acionado de qualquer lugar do Brasil. O Ligue 180 pode ser adicionado no WhatsApp a partir do envio de uma mensagem para o n\u00famero (61) 9610-0180.<\/p>\n","protected":false},"excerpt":{"rendered":"<p>Diante do aumento de casos de feminic\u00eddio no pa\u00eds, o Minist\u00e9rio das Mulheres lan\u00e7ou nesta segunda-feira (7) campanha de enfrentamento \u00e0 misoginia, que \u00e9 o \u00f3dio ou avers\u00e3o \u00e0s mulheres. Chamada \u201cBrasil sem viol\u00eancia contra a mulher. Brasil com respeito\u201d, a campanha prev\u00ea a veicula\u00e7\u00e3o de pe\u00e7as digitais e impressas com o objetivo de mobilizar [&hellip;]<\/p>\n","protected":false},"author":2,"featured_media":310494,"comment_status":"closed","ping_status":"closed","sticky":false,"template":"","format":"standard","meta":{"_acf_changed":false,"footnotes":""},"categories":[161],"tags":[95],"class_list":["post-310493","post","type-post","status-publish","format-standard","has-post-thumbnail","hentry","category-quadradinho-em-foco","tag-capa"],"acf":[],"yoast_head":"<!-- This site is optimized with the Yoast SEO plugin v27.2 - https:\/\/yoast.com\/product\/yoast-seo-wordpress\/ -->\n<title>Campanha mobiliza a sociedade contra misoginia - Notibras<\/title>\n<meta name=\"robots\" content=\"index, follow, max-snippet:-1, max-image-preview:large, max-video-preview:-1\" \/>\n<link rel=\"canonical\" href=\"https:\/\/www.notibras.com\/site\/campanha-mobilizar-sociedade-contra-misoginia\/\" \/>\n<meta property=\"og:locale\" content=\"pt_BR\" \/>\n<meta property=\"og:type\" content=\"article\" \/>\n<meta property=\"og:title\" content=\"Campanha mobiliza a sociedade contra misoginia - Notibras\" \/>\n<meta property=\"og:description\" content=\"Diante do aumento de casos de feminic\u00eddio no pa\u00eds, o Minist\u00e9rio das Mulheres lan\u00e7ou nesta segunda-feira (7) campanha de enfrentamento \u00e0 misoginia, que \u00e9 o \u00f3dio ou avers\u00e3o \u00e0s mulheres. Chamada \u201cBrasil sem viol\u00eancia contra a mulher. Brasil com respeito\u201d, a campanha prev\u00ea a veicula\u00e7\u00e3o de pe\u00e7as digitais e impressas com o objetivo de mobilizar [&hellip;]\" \/>\n<meta property=\"og:url\" content=\"https:\/\/www.notibras.com\/site\/campanha-mobilizar-sociedade-contra-misoginia\/\" \/>\n<meta property=\"og:site_name\" content=\"Notibras\" \/>\n<meta property=\"article:publisher\" content=\"https:\/\/www.facebook.com\/notibras\/\" \/>\n<meta property=\"article:published_time\" content=\"2023-08-08T09:55:12+00:00\" \/>\n<meta property=\"article:modified_time\" content=\"2023-08-08T11:12:30+00:00\" \/>\n<meta property=\"og:image\" content=\"https:\/\/www.notibras.com\/site\/wp-content\/uploads\/2023\/08\/trbr1209_0.jpg\" \/>\n\t<meta property=\"og:image:width\" content=\"1170\" \/>\n\t<meta property=\"og:image:height\" content=\"700\" \/>\n\t<meta property=\"og:image:type\" content=\"image\/jpeg\" \/>\n<meta name=\"author\" content=\"Reda\u00e7\u00e3o\" \/>\n<meta name=\"twitter:card\" content=\"summary_large_image\" \/>\n<meta name=\"twitter:creator\" content=\"@Notibras\" \/>\n<meta name=\"twitter:site\" content=\"@Notibras\" \/>\n<meta name=\"twitter:label1\" content=\"Escrito por\" \/>\n\t<meta name=\"twitter:data1\" content=\"Reda\u00e7\u00e3o\" \/>\n\t<meta name=\"twitter:label2\" content=\"Est. tempo de leitura\" \/>\n\t<meta name=\"twitter:data2\" content=\"2 minutos\" \/>\n<script type=\"application\/ld+json\" class=\"yoast-schema-graph\">{\"@context\":\"https:\/\/schema.org\",\"@graph\":[{\"@type\":\"Article\",\"@id\":\"https:\/\/www.notibras.com\/site\/campanha-mobilizar-sociedade-contra-misoginia\/#article\",\"isPartOf\":{\"@id\":\"https:\/\/www.notibras.com\/site\/campanha-mobilizar-sociedade-contra-misoginia\/\"},\"author\":{\"name\":\"Reda\u00e7\u00e3o\",\"@id\":\"https:\/\/www.notibras.com\/site\/#\/schema\/person\/36ab0979449956132d3e5b517ea76ac8\"},\"headline\":\"Campanha mobiliza a sociedade contra misoginia\",\"datePublished\":\"2023-08-08T09:55:12+00:00\",\"dateModified\":\"2023-08-08T11:12:30+00:00\",\"mainEntityOfPage\":{\"@id\":\"https:\/\/www.notibras.com\/site\/campanha-mobilizar-sociedade-contra-misoginia\/\"},\"wordCount\":339,\"publisher\":{\"@id\":\"https:\/\/www.notibras.com\/site\/#organization\"},\"image\":{\"@id\":\"https:\/\/www.notibras.com\/site\/campanha-mobilizar-sociedade-contra-misoginia\/#primaryimage\"},\"thumbnailUrl\":\"https:\/\/www.notibras.com\/site\/wp-content\/uploads\/2023\/08\/trbr1209_0.jpg\",\"keywords\":[\"capa\"],\"articleSection\":[\"Quadradinho em Foco\"],\"inLanguage\":\"pt-BR\"},{\"@type\":\"WebPage\",\"@id\":\"https:\/\/www.notibras.com\/site\/campanha-mobilizar-sociedade-contra-misoginia\/\",\"url\":\"https:\/\/www.notibras.com\/site\/campanha-mobilizar-sociedade-contra-misoginia\/\",\"name\":\"Campanha mobiliza a sociedade contra misoginia - Notibras\",\"isPartOf\":{\"@id\":\"https:\/\/www.notibras.com\/site\/#website\"},\"primaryImageOfPage\":{\"@id\":\"https:\/\/www.notibras.com\/site\/campanha-mobilizar-sociedade-contra-misoginia\/#primaryimage\"},\"image\":{\"@id\":\"https:\/\/www.notibras.com\/site\/campanha-mobilizar-sociedade-contra-misoginia\/#primaryimage\"},\"thumbnailUrl\":\"https:\/\/www.notibras.com\/site\/wp-content\/uploads\/2023\/08\/trbr1209_0.jpg\",\"datePublished\":\"2023-08-08T09:55:12+00:00\",\"dateModified\":\"2023-08-08T11:12:30+00:00\",\"breadcrumb\":{\"@id\":\"https:\/\/www.notibras.com\/site\/campanha-mobilizar-sociedade-contra-misoginia\/#breadcrumb\"},\"inLanguage\":\"pt-BR\",\"potentialAction\":[{\"@type\":\"ReadAction\",\"target\":[\"https:\/\/www.notibras.com\/site\/campanha-mobilizar-sociedade-contra-misoginia\/\"]}]},{\"@type\":\"ImageObject\",\"inLanguage\":\"pt-BR\",\"@id\":\"https:\/\/www.notibras.com\/site\/campanha-mobilizar-sociedade-contra-misoginia\/#primaryimage\",\"url\":\"https:\/\/www.notibras.com\/site\/wp-content\/uploads\/2023\/08\/trbr1209_0.jpg\",\"contentUrl\":\"https:\/\/www.notibras.com\/site\/wp-content\/uploads\/2023\/08\/trbr1209_0.jpg\",\"width\":1170,\"height\":700},{\"@type\":\"BreadcrumbList\",\"@id\":\"https:\/\/www.notibras.com\/site\/campanha-mobilizar-sociedade-contra-misoginia\/#breadcrumb\",\"itemListElement\":[{\"@type\":\"ListItem\",\"position\":1,\"name\":\"In\u00edcio\",\"item\":\"https:\/\/www.notibras.com\/site\/\"},{\"@type\":\"ListItem\",\"position\":2,\"name\":\"Campanha mobiliza a sociedade contra misoginia\"}]},{\"@type\":\"WebSite\",\"@id\":\"https:\/\/www.notibras.com\/site\/#website\",\"url\":\"https:\/\/www.notibras.com\/site\/\",\"name\":\"Notibras\",\"description\":\"Not\u00edcias de Bras\u00edlia, do Brasil e do Mundo\",\"publisher\":{\"@id\":\"https:\/\/www.notibras.com\/site\/#organization\"},\"potentialAction\":[{\"@type\":\"SearchAction\",\"target\":{\"@type\":\"EntryPoint\",\"urlTemplate\":\"https:\/\/www.notibras.com\/site\/?s={search_term_string}\"},\"query-input\":{\"@type\":\"PropertyValueSpecification\",\"valueRequired\":true,\"valueName\":\"search_term_string\"}}],\"inLanguage\":\"pt-BR\"},{\"@type\":\"Organization\",\"@id\":\"https:\/\/www.notibras.com\/site\/#organization\",\"name\":\"Grupo Notibras de Comunica\u00e7\u00e3o\",\"url\":\"https:\/\/www.notibras.com\/site\/\",\"logo\":{\"@type\":\"ImageObject\",\"inLanguage\":\"pt-BR\",\"@id\":\"https:\/\/www.notibras.com\/site\/#\/schema\/logo\/image\/\",\"url\":\"https:\/\/www.notibras.com\/site\/wp-content\/uploads\/2023\/01\/notibras23.png\",\"contentUrl\":\"https:\/\/www.notibras.com\/site\/wp-content\/uploads\/2023\/01\/notibras23.png\",\"width\":350,\"height\":87,\"caption\":\"Grupo Notibras de Comunica\u00e7\u00e3o\"},\"image\":{\"@id\":\"https:\/\/www.notibras.com\/site\/#\/schema\/logo\/image\/\"},\"sameAs\":[\"https:\/\/www.facebook.com\/notibras\/\",\"https:\/\/x.com\/Notibras\",\"https:\/\/www.instagram.com\/notibras\/\"]},{\"@type\":\"Person\",\"@id\":\"https:\/\/www.notibras.com\/site\/#\/schema\/person\/36ab0979449956132d3e5b517ea76ac8\",\"name\":\"Reda\u00e7\u00e3o\",\"image\":{\"@type\":\"ImageObject\",\"inLanguage\":\"pt-BR\",\"@id\":\"https:\/\/secure.gravatar.com\/avatar\/e0a867bdedb85fd243eadf09663511f96fc81e0720a4a42581f334ad4303aa6b?s=96&d=mm&r=g\",\"url\":\"https:\/\/secure.gravatar.com\/avatar\/e0a867bdedb85fd243eadf09663511f96fc81e0720a4a42581f334ad4303aa6b?s=96&d=mm&r=g\",\"contentUrl\":\"https:\/\/secure.gravatar.com\/avatar\/e0a867bdedb85fd243eadf09663511f96fc81e0720a4a42581f334ad4303aa6b?s=96&d=mm&r=g\",\"caption\":\"Reda\u00e7\u00e3o\"}}]}<\/script>\n<!-- \/ Yoast SEO plugin. -->","yoast_head_json":{"title":"Campanha mobiliza a sociedade contra misoginia - Notibras","robots":{"index":"index","follow":"follow","max-snippet":"max-snippet:-1","max-image-preview":"max-image-preview:large","max-video-preview":"max-video-preview:-1"},"canonical":"https:\/\/www.notibras.com\/site\/campanha-mobilizar-sociedade-contra-misoginia\/","og_locale":"pt_BR","og_type":"article","og_title":"Campanha mobiliza a sociedade contra misoginia - Notibras","og_description":"Diante do aumento de casos de feminic\u00eddio no pa\u00eds, o Minist\u00e9rio das Mulheres lan\u00e7ou nesta segunda-feira (7) campanha de enfrentamento \u00e0 misoginia, que \u00e9 o \u00f3dio ou avers\u00e3o \u00e0s mulheres. Chamada \u201cBrasil sem viol\u00eancia contra a mulher. Brasil com respeito\u201d, a campanha prev\u00ea a veicula\u00e7\u00e3o de pe\u00e7as digitais e impressas com o objetivo de mobilizar [&hellip;]","og_url":"https:\/\/www.notibras.com\/site\/campanha-mobilizar-sociedade-contra-misoginia\/","og_site_name":"Notibras","article_publisher":"https:\/\/www.facebook.com\/notibras\/","article_published_time":"2023-08-08T09:55:12+00:00","article_modified_time":"2023-08-08T11:12:30+00:00","og_image":[{"width":1170,"height":700,"url":"https:\/\/www.notibras.com\/site\/wp-content\/uploads\/2023\/08\/trbr1209_0.jpg","type":"image\/jpeg"}],"author":"Reda\u00e7\u00e3o","twitter_card":"summary_large_image","twitter_creator":"@Notibras","twitter_site":"@Notibras","twitter_misc":{"Escrito por":"Reda\u00e7\u00e3o","Est. tempo de leitura":"2 minutos"},"schema":{"@context":"https:\/\/schema.org","@graph":[{"@type":"Article","@id":"https:\/\/www.notibras.com\/site\/campanha-mobilizar-sociedade-contra-misoginia\/#article","isPartOf":{"@id":"https:\/\/www.notibras.com\/site\/campanha-mobilizar-sociedade-contra-misoginia\/"},"author":{"name":"Reda\u00e7\u00e3o","@id":"https:\/\/www.notibras.com\/site\/#\/schema\/person\/36ab0979449956132d3e5b517ea76ac8"},"headline":"Campanha mobiliza a sociedade contra misoginia","datePublished":"2023-08-08T09:55:12+00:00","dateModified":"2023-08-08T11:12:30+00:00","mainEntityOfPage":{"@id":"https:\/\/www.notibras.com\/site\/campanha-mobilizar-sociedade-contra-misoginia\/"},"wordCount":339,"publisher":{"@id":"https:\/\/www.notibras.com\/site\/#organization"},"image":{"@id":"https:\/\/www.notibras.com\/site\/campanha-mobilizar-sociedade-contra-misoginia\/#primaryimage"},"thumbnailUrl":"https:\/\/www.notibras.com\/site\/wp-content\/uploads\/2023\/08\/trbr1209_0.jpg","keywords":["capa"],"articleSection":["Quadradinho em Foco"],"inLanguage":"pt-BR"},{"@type":"WebPage","@id":"https:\/\/www.notibras.com\/site\/campanha-mobilizar-sociedade-contra-misoginia\/","url":"https:\/\/www.notibras.com\/site\/campanha-mobilizar-sociedade-contra-misoginia\/","name":"Campanha mobiliza a sociedade contra misoginia - Notibras","isPartOf":{"@id":"https:\/\/www.notibras.com\/site\/#website"},"primaryImageOfPage":{"@id":"https:\/\/www.notibras.com\/site\/campanha-mobilizar-sociedade-contra-misoginia\/#primaryimage"},"image":{"@id":"https:\/\/www.notibras.com\/site\/campanha-mobilizar-sociedade-contra-misoginia\/#primaryimage"},"thumbnailUrl":"https:\/\/www.notibras.com\/site\/wp-content\/uploads\/2023\/08\/trbr1209_0.jpg","datePublished":"2023-08-08T09:55:12+00:00","dateModified":"2023-08-08T11:12:30+00:00","breadcrumb":{"@id":"https:\/\/www.notibras.com\/site\/campanha-mobilizar-sociedade-contra-misoginia\/#breadcrumb"},"inLanguage":"pt-BR","potentialAction":[{"@type":"ReadAction","target":["https:\/\/www.notibras.com\/site\/campanha-mobilizar-sociedade-contra-misoginia\/"]}]},{"@type":"ImageObject","inLanguage":"pt-BR","@id":"https:\/\/www.notibras.com\/site\/campanha-mobilizar-sociedade-contra-misoginia\/#primaryimage","url":"https:\/\/www.notibras.com\/site\/wp-content\/uploads\/2023\/08\/trbr1209_0.jpg","contentUrl":"https:\/\/www.notibras.com\/site\/wp-content\/uploads\/2023\/08\/trbr1209_0.jpg","width":1170,"height":700},{"@type":"BreadcrumbList","@id":"https:\/\/www.notibras.com\/site\/campanha-mobilizar-sociedade-contra-misoginia\/#breadcrumb","itemListElement":[{"@type":"ListItem","position":1,"name":"In\u00edcio","item":"https:\/\/www.notibras.com\/site\/"},{"@type":"ListItem","position":2,"name":"Campanha mobiliza a sociedade contra misoginia"}]},{"@type":"WebSite","@id":"https:\/\/www.notibras.com\/site\/#website","url":"https:\/\/www.notibras.com\/site\/","name":"Notibras","description":"Not\u00edcias de Bras\u00edlia, do Brasil e do Mundo","publisher":{"@id":"https:\/\/www.notibras.com\/site\/#organization"},"potentialAction":[{"@type":"SearchAction","target":{"@type":"EntryPoint","urlTemplate":"https:\/\/www.notibras.com\/site\/?s={search_term_string}"},"query-input":{"@type":"PropertyValueSpecification","valueRequired":true,"valueName":"search_term_string"}}],"inLanguage":"pt-BR"},{"@type":"Organization","@id":"https:\/\/www.notibras.com\/site\/#organization","name":"Grupo Notibras de Comunica\u00e7\u00e3o","url":"https:\/\/www.notibras.com\/site\/","logo":{"@type":"ImageObject","inLanguage":"pt-BR","@id":"https:\/\/www.notibras.com\/site\/#\/schema\/logo\/image\/","url":"https:\/\/www.notibras.com\/site\/wp-content\/uploads\/2023\/01\/notibras23.png","contentUrl":"https:\/\/www.notibras.com\/site\/wp-content\/uploads\/2023\/01\/notibras23.png","width":350,"height":87,"caption":"Grupo Notibras de Comunica\u00e7\u00e3o"},"image":{"@id":"https:\/\/www.notibras.com\/site\/#\/schema\/logo\/image\/"},"sameAs":["https:\/\/www.facebook.com\/notibras\/","https:\/\/x.com\/Notibras","https:\/\/www.instagram.com\/notibras\/"]},{"@type":"Person","@id":"https:\/\/www.notibras.com\/site\/#\/schema\/person\/36ab0979449956132d3e5b517ea76ac8","name":"Reda\u00e7\u00e3o","image":{"@type":"ImageObject","inLanguage":"pt-BR","@id":"https:\/\/secure.gravatar.com\/avatar\/e0a867bdedb85fd243eadf09663511f96fc81e0720a4a42581f334ad4303aa6b?s=96&d=mm&r=g","url":"https:\/\/secure.gravatar.com\/avatar\/e0a867bdedb85fd243eadf09663511f96fc81e0720a4a42581f334ad4303aa6b?s=96&d=mm&r=g","contentUrl":"https:\/\/secure.gravatar.com\/avatar\/e0a867bdedb85fd243eadf09663511f96fc81e0720a4a42581f334ad4303aa6b?s=96&d=mm&r=g","caption":"Reda\u00e7\u00e3o"}}]}},"amp_enabled":true,"_links":{"self":[{"href":"https:\/\/www.notibras.com\/site\/wp-json\/wp\/v2\/posts\/310493","targetHints":{"allow":["GET"]}}],"collection":[{"href":"https:\/\/www.notibras.com\/site\/wp-json\/wp\/v2\/posts"}],"about":[{"href":"https:\/\/www.notibras.com\/site\/wp-json\/wp\/v2\/types\/post"}],"author":[{"embeddable":true,"href":"https:\/\/www.notibras.com\/site\/wp-json\/wp\/v2\/users\/2"}],"replies":[{"embeddable":true,"href":"https:\/\/www.notibras.com\/site\/wp-json\/wp\/v2\/comments?post=310493"}],"version-history":[{"count":2,"href":"https:\/\/www.notibras.com\/site\/wp-json\/wp\/v2\/posts\/310493\/revisions"}],"predecessor-version":[{"id":310496,"href":"https:\/\/www.notibras.com\/site\/wp-json\/wp\/v2\/posts\/310493\/revisions\/310496"}],"wp:featuredmedia":[{"embeddable":true,"href":"https:\/\/www.notibras.com\/site\/wp-json\/wp\/v2\/media\/310494"}],"wp:attachment":[{"href":"https:\/\/www.notibras.com\/site\/wp-json\/wp\/v2\/media?parent=310493"}],"wp:term":[{"taxonomy":"category","embeddable":true,"href":"https:\/\/www.notibras.com\/site\/wp-json\/wp\/v2\/categories?post=310493"},{"taxonomy":"post_tag","embeddable":true,"href":"https:\/\/www.notibras.com\/site\/wp-json\/wp\/v2\/tags?post=310493"}],"curies":[{"name":"wp","href":"https:\/\/api.w.org\/{rel}","templated":true}]}}