{"id":310511,"date":"2023-08-08T08:50:31","date_gmt":"2023-08-08T11:50:31","guid":{"rendered":"https:\/\/www.notibras.com\/site\/?p=310511"},"modified":"2023-08-08T08:50:31","modified_gmt":"2023-08-08T11:50:31","slug":"faxineiro-define-colunista-como-autor-do-que-ja-foi","status":"publish","type":"post","link":"https:\/\/www.notibras.com\/site\/faxineiro-define-colunista-como-autor-do-que-ja-foi\/","title":{"rendered":"Faxineiro define colunista como autor do que j\u00e1 foi"},"content":{"rendered":"<p>Ab\u00edlio Augusto Prado era amado por milh\u00f5es. Sim, por milh\u00f5es de leitores \u00e1vidos pela coluna mais badalada do mais renomado jornal da cidade. Tamanha fama lhe trazia certas benesses, como jantares dos mais concorridos nos seletos clubes. E, nessas ocasi\u00f5es, um monte daquelas pessoas carregadas de brilhantes eram todas elogios aos escritos perspicazes do colunista.<\/p>\n<p>Assuntos variados eram abordados por Ab\u00edlio. Um verdadeiro analista dos ocorridos, sejam antigos, sejam at\u00e9 mesmo os do dia anterior. Que sapi\u00eancia!!! Muitos ficavam surpresos com tamanha capacidade de an\u00e1lise. Era um g\u00eanio!!! Tanto \u00e9 que iria receber, naquele dia, uma justa homenagem pelos preciosos servi\u00e7os prestados \u00e0 comunidade: o t\u00edtulo de cidad\u00e3o honor\u00e1rio, com direito at\u00e9 \u00e0 chave da cidade.<\/p>\n<p>Mal deu os primeiros passos na enorme cal\u00e7ada do Country Club, Ab\u00edlio foi cercado por entusiastas. E ondas de parab\u00e9ns daqui, congratula\u00e7\u00f5es dali, apertos de m\u00e3os acol\u00e1, tapinhas nas costas de todos lugares. Entrou no grande sal\u00e3o, apinhado de gente desfilando os \u00faltimos modelitos, todos assinados por estilistas renomados. Bateu aquele frio na barriga, tamanha a expectativa.<\/p>\n<p>Foi direto para o banheiro, onde jogou litros e litros de \u00e1gua no rosto. Um sorriso nervoso tomou-lhe a face. Sacou diversas folhas de papel do suporte ao lado. No entanto, antes que pudesse enxugar-se, eis que entra um velho empurrando um carrinho com material de limpeza. Uma breve troca de olhares, nada mais.<\/p>\n<p>O faxineiro come\u00e7ou a recolher o lixo, ao mesmo tempo em que Ab\u00edlio passava o papel na face. Assim que terminou de se enxugar, depositou o papel-toalha na lixeira do carrinho. O velho agradeceu pela gentileza e, ent\u00e3o, o homenageado, mais altivo do que nunca, resolveu conceder um breve interl\u00fadio.<\/p>\n<p>&#8211; Sabe quem sou eu?<\/p>\n<p>Diante do sil\u00eancio ensurdecedor do homem da limpeza, Ab\u00edlio n\u00e3o resistiu e se apresentou. Fez um breve relato dos seus fundamentais servi\u00e7os prestados \u00e0 sociedade.<\/p>\n<p>&#8211; Eu decifro os motivos pelos quais algo se deu de uma forma ou outra. Entendeu?<\/p>\n<p>&#8211; Ah, t\u00e1! Voc\u00ea \u00e9 o profeta dos fatos acontecidos.<\/p>\n","protected":false},"excerpt":{"rendered":"<p>Ab\u00edlio Augusto Prado era amado por milh\u00f5es. Sim, por milh\u00f5es de leitores \u00e1vidos pela coluna mais badalada do mais renomado jornal da cidade. Tamanha fama lhe trazia certas benesses, como jantares dos mais concorridos nos seletos clubes. E, nessas ocasi\u00f5es, um monte daquelas pessoas carregadas de brilhantes eram todas elogios aos escritos perspicazes do colunista. [&hellip;]<\/p>\n","protected":false},"author":2,"featured_media":310513,"comment_status":"closed","ping_status":"closed","sticky":false,"template":"","format":"standard","meta":{"_acf_changed":false,"footnotes":""},"categories":[161],"tags":[],"class_list":["post-310511","post","type-post","status-publish","format-standard","has-post-thumbnail","hentry","category-quadradinho-em-foco"],"acf":[],"yoast_head":"<!-- This site is optimized with the Yoast SEO plugin v27.2 - https:\/\/yoast.com\/product\/yoast-seo-wordpress\/ -->\n<title>Faxineiro define colunista como autor do que j\u00e1 foi - Notibras<\/title>\n<meta name=\"robots\" content=\"index, follow, max-snippet:-1, max-image-preview:large, max-video-preview:-1\" \/>\n<link rel=\"canonical\" href=\"https:\/\/www.notibras.com\/site\/faxineiro-define-colunista-como-autor-do-que-ja-foi\/\" \/>\n<meta property=\"og:locale\" content=\"pt_BR\" \/>\n<meta property=\"og:type\" content=\"article\" \/>\n<meta property=\"og:title\" content=\"Faxineiro define colunista como autor do que j\u00e1 foi - Notibras\" \/>\n<meta property=\"og:description\" content=\"Ab\u00edlio Augusto Prado era amado por milh\u00f5es. Sim, por milh\u00f5es de leitores \u00e1vidos pela coluna mais badalada do mais renomado jornal da cidade. Tamanha fama lhe trazia certas benesses, como jantares dos mais concorridos nos seletos clubes. E, nessas ocasi\u00f5es, um monte daquelas pessoas carregadas de brilhantes eram todas elogios aos escritos perspicazes do colunista. [&hellip;]\" \/>\n<meta property=\"og:url\" content=\"https:\/\/www.notibras.com\/site\/faxineiro-define-colunista-como-autor-do-que-ja-foi\/\" \/>\n<meta property=\"og:site_name\" content=\"Notibras\" \/>\n<meta property=\"article:publisher\" content=\"https:\/\/www.facebook.com\/notibras\/\" \/>\n<meta property=\"article:published_time\" content=\"2023-08-08T11:50:31+00:00\" \/>\n<meta property=\"og:image\" content=\"https:\/\/www.notibras.com\/site\/wp-content\/uploads\/2023\/08\/sfera-cristallo.jpg\" \/>\n\t<meta property=\"og:image:width\" content=\"700\" \/>\n\t<meta property=\"og:image:height\" content=\"467\" \/>\n\t<meta property=\"og:image:type\" content=\"image\/jpeg\" \/>\n<meta name=\"author\" content=\"Reda\u00e7\u00e3o\" \/>\n<meta name=\"twitter:card\" content=\"summary_large_image\" \/>\n<meta name=\"twitter:creator\" content=\"@Notibras\" \/>\n<meta name=\"twitter:site\" content=\"@Notibras\" \/>\n<meta name=\"twitter:label1\" content=\"Escrito por\" \/>\n\t<meta name=\"twitter:data1\" content=\"Reda\u00e7\u00e3o\" \/>\n\t<meta name=\"twitter:label2\" content=\"Est. tempo de leitura\" \/>\n\t<meta name=\"twitter:data2\" content=\"2 minutos\" \/>\n<script type=\"application\/ld+json\" class=\"yoast-schema-graph\">{\"@context\":\"https:\/\/schema.org\",\"@graph\":[{\"@type\":\"Article\",\"@id\":\"https:\/\/www.notibras.com\/site\/faxineiro-define-colunista-como-autor-do-que-ja-foi\/#article\",\"isPartOf\":{\"@id\":\"https:\/\/www.notibras.com\/site\/faxineiro-define-colunista-como-autor-do-que-ja-foi\/\"},\"author\":{\"name\":\"Reda\u00e7\u00e3o\",\"@id\":\"https:\/\/www.notibras.com\/site\/#\/schema\/person\/36ab0979449956132d3e5b517ea76ac8\"},\"headline\":\"Faxineiro define colunista como autor do que j\u00e1 foi\",\"datePublished\":\"2023-08-08T11:50:31+00:00\",\"mainEntityOfPage\":{\"@id\":\"https:\/\/www.notibras.com\/site\/faxineiro-define-colunista-como-autor-do-que-ja-foi\/\"},\"wordCount\":363,\"publisher\":{\"@id\":\"https:\/\/www.notibras.com\/site\/#organization\"},\"image\":{\"@id\":\"https:\/\/www.notibras.com\/site\/faxineiro-define-colunista-como-autor-do-que-ja-foi\/#primaryimage\"},\"thumbnailUrl\":\"https:\/\/www.notibras.com\/site\/wp-content\/uploads\/2023\/08\/sfera-cristallo.jpg\",\"articleSection\":[\"Quadradinho em Foco\"],\"inLanguage\":\"pt-BR\"},{\"@type\":\"WebPage\",\"@id\":\"https:\/\/www.notibras.com\/site\/faxineiro-define-colunista-como-autor-do-que-ja-foi\/\",\"url\":\"https:\/\/www.notibras.com\/site\/faxineiro-define-colunista-como-autor-do-que-ja-foi\/\",\"name\":\"Faxineiro define colunista como autor do que j\u00e1 foi - Notibras\",\"isPartOf\":{\"@id\":\"https:\/\/www.notibras.com\/site\/#website\"},\"primaryImageOfPage\":{\"@id\":\"https:\/\/www.notibras.com\/site\/faxineiro-define-colunista-como-autor-do-que-ja-foi\/#primaryimage\"},\"image\":{\"@id\":\"https:\/\/www.notibras.com\/site\/faxineiro-define-colunista-como-autor-do-que-ja-foi\/#primaryimage\"},\"thumbnailUrl\":\"https:\/\/www.notibras.com\/site\/wp-content\/uploads\/2023\/08\/sfera-cristallo.jpg\",\"datePublished\":\"2023-08-08T11:50:31+00:00\",\"breadcrumb\":{\"@id\":\"https:\/\/www.notibras.com\/site\/faxineiro-define-colunista-como-autor-do-que-ja-foi\/#breadcrumb\"},\"inLanguage\":\"pt-BR\",\"potentialAction\":[{\"@type\":\"ReadAction\",\"target\":[\"https:\/\/www.notibras.com\/site\/faxineiro-define-colunista-como-autor-do-que-ja-foi\/\"]}]},{\"@type\":\"ImageObject\",\"inLanguage\":\"pt-BR\",\"@id\":\"https:\/\/www.notibras.com\/site\/faxineiro-define-colunista-como-autor-do-que-ja-foi\/#primaryimage\",\"url\":\"https:\/\/www.notibras.com\/site\/wp-content\/uploads\/2023\/08\/sfera-cristallo.jpg\",\"contentUrl\":\"https:\/\/www.notibras.com\/site\/wp-content\/uploads\/2023\/08\/sfera-cristallo.jpg\",\"width\":700,\"height\":467},{\"@type\":\"BreadcrumbList\",\"@id\":\"https:\/\/www.notibras.com\/site\/faxineiro-define-colunista-como-autor-do-que-ja-foi\/#breadcrumb\",\"itemListElement\":[{\"@type\":\"ListItem\",\"position\":1,\"name\":\"In\u00edcio\",\"item\":\"https:\/\/www.notibras.com\/site\/\"},{\"@type\":\"ListItem\",\"position\":2,\"name\":\"Faxineiro define colunista como autor do que j\u00e1 foi\"}]},{\"@type\":\"WebSite\",\"@id\":\"https:\/\/www.notibras.com\/site\/#website\",\"url\":\"https:\/\/www.notibras.com\/site\/\",\"name\":\"Notibras\",\"description\":\"Not\u00edcias de Bras\u00edlia, do Brasil e do Mundo\",\"publisher\":{\"@id\":\"https:\/\/www.notibras.com\/site\/#organization\"},\"potentialAction\":[{\"@type\":\"SearchAction\",\"target\":{\"@type\":\"EntryPoint\",\"urlTemplate\":\"https:\/\/www.notibras.com\/site\/?s={search_term_string}\"},\"query-input\":{\"@type\":\"PropertyValueSpecification\",\"valueRequired\":true,\"valueName\":\"search_term_string\"}}],\"inLanguage\":\"pt-BR\"},{\"@type\":\"Organization\",\"@id\":\"https:\/\/www.notibras.com\/site\/#organization\",\"name\":\"Grupo Notibras de Comunica\u00e7\u00e3o\",\"url\":\"https:\/\/www.notibras.com\/site\/\",\"logo\":{\"@type\":\"ImageObject\",\"inLanguage\":\"pt-BR\",\"@id\":\"https:\/\/www.notibras.com\/site\/#\/schema\/logo\/image\/\",\"url\":\"https:\/\/www.notibras.com\/site\/wp-content\/uploads\/2023\/01\/notibras23.png\",\"contentUrl\":\"https:\/\/www.notibras.com\/site\/wp-content\/uploads\/2023\/01\/notibras23.png\",\"width\":350,\"height\":87,\"caption\":\"Grupo Notibras de Comunica\u00e7\u00e3o\"},\"image\":{\"@id\":\"https:\/\/www.notibras.com\/site\/#\/schema\/logo\/image\/\"},\"sameAs\":[\"https:\/\/www.facebook.com\/notibras\/\",\"https:\/\/x.com\/Notibras\",\"https:\/\/www.instagram.com\/notibras\/\"]},{\"@type\":\"Person\",\"@id\":\"https:\/\/www.notibras.com\/site\/#\/schema\/person\/36ab0979449956132d3e5b517ea76ac8\",\"name\":\"Reda\u00e7\u00e3o\",\"image\":{\"@type\":\"ImageObject\",\"inLanguage\":\"pt-BR\",\"@id\":\"https:\/\/secure.gravatar.com\/avatar\/e0a867bdedb85fd243eadf09663511f96fc81e0720a4a42581f334ad4303aa6b?s=96&d=mm&r=g\",\"url\":\"https:\/\/secure.gravatar.com\/avatar\/e0a867bdedb85fd243eadf09663511f96fc81e0720a4a42581f334ad4303aa6b?s=96&d=mm&r=g\",\"contentUrl\":\"https:\/\/secure.gravatar.com\/avatar\/e0a867bdedb85fd243eadf09663511f96fc81e0720a4a42581f334ad4303aa6b?s=96&d=mm&r=g\",\"caption\":\"Reda\u00e7\u00e3o\"}}]}<\/script>\n<!-- \/ Yoast SEO plugin. -->","yoast_head_json":{"title":"Faxineiro define colunista como autor do que j\u00e1 foi - Notibras","robots":{"index":"index","follow":"follow","max-snippet":"max-snippet:-1","max-image-preview":"max-image-preview:large","max-video-preview":"max-video-preview:-1"},"canonical":"https:\/\/www.notibras.com\/site\/faxineiro-define-colunista-como-autor-do-que-ja-foi\/","og_locale":"pt_BR","og_type":"article","og_title":"Faxineiro define colunista como autor do que j\u00e1 foi - Notibras","og_description":"Ab\u00edlio Augusto Prado era amado por milh\u00f5es. Sim, por milh\u00f5es de leitores \u00e1vidos pela coluna mais badalada do mais renomado jornal da cidade. Tamanha fama lhe trazia certas benesses, como jantares dos mais concorridos nos seletos clubes. E, nessas ocasi\u00f5es, um monte daquelas pessoas carregadas de brilhantes eram todas elogios aos escritos perspicazes do colunista. [&hellip;]","og_url":"https:\/\/www.notibras.com\/site\/faxineiro-define-colunista-como-autor-do-que-ja-foi\/","og_site_name":"Notibras","article_publisher":"https:\/\/www.facebook.com\/notibras\/","article_published_time":"2023-08-08T11:50:31+00:00","og_image":[{"width":700,"height":467,"url":"https:\/\/www.notibras.com\/site\/wp-content\/uploads\/2023\/08\/sfera-cristallo.jpg","type":"image\/jpeg"}],"author":"Reda\u00e7\u00e3o","twitter_card":"summary_large_image","twitter_creator":"@Notibras","twitter_site":"@Notibras","twitter_misc":{"Escrito por":"Reda\u00e7\u00e3o","Est. tempo de leitura":"2 minutos"},"schema":{"@context":"https:\/\/schema.org","@graph":[{"@type":"Article","@id":"https:\/\/www.notibras.com\/site\/faxineiro-define-colunista-como-autor-do-que-ja-foi\/#article","isPartOf":{"@id":"https:\/\/www.notibras.com\/site\/faxineiro-define-colunista-como-autor-do-que-ja-foi\/"},"author":{"name":"Reda\u00e7\u00e3o","@id":"https:\/\/www.notibras.com\/site\/#\/schema\/person\/36ab0979449956132d3e5b517ea76ac8"},"headline":"Faxineiro define colunista como autor do que j\u00e1 foi","datePublished":"2023-08-08T11:50:31+00:00","mainEntityOfPage":{"@id":"https:\/\/www.notibras.com\/site\/faxineiro-define-colunista-como-autor-do-que-ja-foi\/"},"wordCount":363,"publisher":{"@id":"https:\/\/www.notibras.com\/site\/#organization"},"image":{"@id":"https:\/\/www.notibras.com\/site\/faxineiro-define-colunista-como-autor-do-que-ja-foi\/#primaryimage"},"thumbnailUrl":"https:\/\/www.notibras.com\/site\/wp-content\/uploads\/2023\/08\/sfera-cristallo.jpg","articleSection":["Quadradinho em Foco"],"inLanguage":"pt-BR"},{"@type":"WebPage","@id":"https:\/\/www.notibras.com\/site\/faxineiro-define-colunista-como-autor-do-que-ja-foi\/","url":"https:\/\/www.notibras.com\/site\/faxineiro-define-colunista-como-autor-do-que-ja-foi\/","name":"Faxineiro define colunista como autor do que j\u00e1 foi - Notibras","isPartOf":{"@id":"https:\/\/www.notibras.com\/site\/#website"},"primaryImageOfPage":{"@id":"https:\/\/www.notibras.com\/site\/faxineiro-define-colunista-como-autor-do-que-ja-foi\/#primaryimage"},"image":{"@id":"https:\/\/www.notibras.com\/site\/faxineiro-define-colunista-como-autor-do-que-ja-foi\/#primaryimage"},"thumbnailUrl":"https:\/\/www.notibras.com\/site\/wp-content\/uploads\/2023\/08\/sfera-cristallo.jpg","datePublished":"2023-08-08T11:50:31+00:00","breadcrumb":{"@id":"https:\/\/www.notibras.com\/site\/faxineiro-define-colunista-como-autor-do-que-ja-foi\/#breadcrumb"},"inLanguage":"pt-BR","potentialAction":[{"@type":"ReadAction","target":["https:\/\/www.notibras.com\/site\/faxineiro-define-colunista-como-autor-do-que-ja-foi\/"]}]},{"@type":"ImageObject","inLanguage":"pt-BR","@id":"https:\/\/www.notibras.com\/site\/faxineiro-define-colunista-como-autor-do-que-ja-foi\/#primaryimage","url":"https:\/\/www.notibras.com\/site\/wp-content\/uploads\/2023\/08\/sfera-cristallo.jpg","contentUrl":"https:\/\/www.notibras.com\/site\/wp-content\/uploads\/2023\/08\/sfera-cristallo.jpg","width":700,"height":467},{"@type":"BreadcrumbList","@id":"https:\/\/www.notibras.com\/site\/faxineiro-define-colunista-como-autor-do-que-ja-foi\/#breadcrumb","itemListElement":[{"@type":"ListItem","position":1,"name":"In\u00edcio","item":"https:\/\/www.notibras.com\/site\/"},{"@type":"ListItem","position":2,"name":"Faxineiro define colunista como autor do que j\u00e1 foi"}]},{"@type":"WebSite","@id":"https:\/\/www.notibras.com\/site\/#website","url":"https:\/\/www.notibras.com\/site\/","name":"Notibras","description":"Not\u00edcias de Bras\u00edlia, do Brasil e do Mundo","publisher":{"@id":"https:\/\/www.notibras.com\/site\/#organization"},"potentialAction":[{"@type":"SearchAction","target":{"@type":"EntryPoint","urlTemplate":"https:\/\/www.notibras.com\/site\/?s={search_term_string}"},"query-input":{"@type":"PropertyValueSpecification","valueRequired":true,"valueName":"search_term_string"}}],"inLanguage":"pt-BR"},{"@type":"Organization","@id":"https:\/\/www.notibras.com\/site\/#organization","name":"Grupo Notibras de Comunica\u00e7\u00e3o","url":"https:\/\/www.notibras.com\/site\/","logo":{"@type":"ImageObject","inLanguage":"pt-BR","@id":"https:\/\/www.notibras.com\/site\/#\/schema\/logo\/image\/","url":"https:\/\/www.notibras.com\/site\/wp-content\/uploads\/2023\/01\/notibras23.png","contentUrl":"https:\/\/www.notibras.com\/site\/wp-content\/uploads\/2023\/01\/notibras23.png","width":350,"height":87,"caption":"Grupo Notibras de Comunica\u00e7\u00e3o"},"image":{"@id":"https:\/\/www.notibras.com\/site\/#\/schema\/logo\/image\/"},"sameAs":["https:\/\/www.facebook.com\/notibras\/","https:\/\/x.com\/Notibras","https:\/\/www.instagram.com\/notibras\/"]},{"@type":"Person","@id":"https:\/\/www.notibras.com\/site\/#\/schema\/person\/36ab0979449956132d3e5b517ea76ac8","name":"Reda\u00e7\u00e3o","image":{"@type":"ImageObject","inLanguage":"pt-BR","@id":"https:\/\/secure.gravatar.com\/avatar\/e0a867bdedb85fd243eadf09663511f96fc81e0720a4a42581f334ad4303aa6b?s=96&d=mm&r=g","url":"https:\/\/secure.gravatar.com\/avatar\/e0a867bdedb85fd243eadf09663511f96fc81e0720a4a42581f334ad4303aa6b?s=96&d=mm&r=g","contentUrl":"https:\/\/secure.gravatar.com\/avatar\/e0a867bdedb85fd243eadf09663511f96fc81e0720a4a42581f334ad4303aa6b?s=96&d=mm&r=g","caption":"Reda\u00e7\u00e3o"}}]}},"amp_enabled":true,"_links":{"self":[{"href":"https:\/\/www.notibras.com\/site\/wp-json\/wp\/v2\/posts\/310511","targetHints":{"allow":["GET"]}}],"collection":[{"href":"https:\/\/www.notibras.com\/site\/wp-json\/wp\/v2\/posts"}],"about":[{"href":"https:\/\/www.notibras.com\/site\/wp-json\/wp\/v2\/types\/post"}],"author":[{"embeddable":true,"href":"https:\/\/www.notibras.com\/site\/wp-json\/wp\/v2\/users\/2"}],"replies":[{"embeddable":true,"href":"https:\/\/www.notibras.com\/site\/wp-json\/wp\/v2\/comments?post=310511"}],"version-history":[{"count":1,"href":"https:\/\/www.notibras.com\/site\/wp-json\/wp\/v2\/posts\/310511\/revisions"}],"predecessor-version":[{"id":310514,"href":"https:\/\/www.notibras.com\/site\/wp-json\/wp\/v2\/posts\/310511\/revisions\/310514"}],"wp:featuredmedia":[{"embeddable":true,"href":"https:\/\/www.notibras.com\/site\/wp-json\/wp\/v2\/media\/310513"}],"wp:attachment":[{"href":"https:\/\/www.notibras.com\/site\/wp-json\/wp\/v2\/media?parent=310511"}],"wp:term":[{"taxonomy":"category","embeddable":true,"href":"https:\/\/www.notibras.com\/site\/wp-json\/wp\/v2\/categories?post=310511"},{"taxonomy":"post_tag","embeddable":true,"href":"https:\/\/www.notibras.com\/site\/wp-json\/wp\/v2\/tags?post=310511"}],"curies":[{"name":"wp","href":"https:\/\/api.w.org\/{rel}","templated":true}]}}