{"id":310522,"date":"2023-08-08T00:00:37","date_gmt":"2023-08-08T03:00:37","guid":{"rendered":"https:\/\/www.notibras.com\/site\/?p=310522"},"modified":"2023-08-08T09:20:58","modified_gmt":"2023-08-08T12:20:58","slug":"lula-autoriza-ozonioterapia-como-tratamento-complementar","status":"publish","type":"post","link":"https:\/\/www.notibras.com\/site\/lula-autoriza-ozonioterapia-como-tratamento-complementar\/","title":{"rendered":"Lula autoriza ozonioterapia como tratamento complementar"},"content":{"rendered":"<p>O presidente Luiz In\u00e1cio Lula da Silva sancionou, na segunda-feira (7), a lei (14.648\/2023) que autoriza a terapia com oz\u00f4nio. O texto foi publicado no Di\u00e1rio Oficial da Uni\u00e3o. De acordo com a nova legisla\u00e7\u00e3o, a ozonioterapia somente poder\u00e1 ser realizada por profissional de sa\u00fade de n\u00edvel superior inscrito em seu conselho de fiscaliza\u00e7\u00e3o profissional.<\/p>\n<p>Outra exig\u00eancia da norma \u00e9 que a t\u00e9cnica somente poder\u00e1 ser aplicada por meio de equipamento de produ\u00e7\u00e3o de oz\u00f4nio medicinal, devidamente regularizado pela Ag\u00eancia Nacional de Vigil\u00e2ncia Sanit\u00e1ria (Anvisa). O uso desses equipamentos fora das finalidades autorizadas de ag\u00eancia reguladora resulta em infra\u00e7\u00e3o sanit\u00e1ria estar\u00e3o sujeitas a penalidades previstas em Lei n\u00ba 6437\/1977.<\/p>\n<p>O governo federal determinou tamb\u00e9m que, antes da aplica\u00e7\u00e3o da ozonioterapia, o profissional respons\u00e1vel dever\u00e1 informar ao paciente que o procedimento possui car\u00e1ter complementar a outros tratamentos.<\/p>\n<p><strong>Uso<\/strong><br \/>\nA ozonioterapia aplica uma mistura gasosa de oz\u00f4nio e oxig\u00eanio, nos pacientes. Alguns especialistas da \u00e1rea da sa\u00fade defendem o uso da t\u00e9cnica para melhorar a oxigena\u00e7\u00e3o dos tecidos e tamb\u00e9m fortalecer seu sistema imunol\u00f3gico.<\/p>\n<p>\u00c9 o caso da Associa\u00e7\u00e3o Brasileira de Ozonioterapia (Aboz), entidade que representa profissionais desta \u00e1rea. A associa\u00e7\u00e3o publicou, em seu site, que a ozonioterapia tem reconhecimento terap\u00eautico e que \u201cacompanha de perto o avan\u00e7o das pesquisas realizadas no Brasil e em outros pa\u00edses\u201d.<\/p>\n<p>A Anvisa classifica o oz\u00f4nio como \u201cum g\u00e1s com forte poder oxidante e bactericida\u201d. Procurada pela reportagem a Anvisa informa que publicou, nesta segunda-feira, um comunicado \u00e0 imprensa. Nele, a ag\u00eancia reguladora ratificou que os equipamentos que utilizam a ozonioterapia, aprovados por ela, somente possuem indica\u00e7\u00f5es de uso para tratamento da c\u00e1rie; periodontia; endodontia; cirurgia odontol\u00f3gica, al\u00e9m da aplica\u00e7\u00e3o est\u00e9tica para aux\u00edlio \u00e0 limpeza e assepsia de pele, conforme nota t\u00e9cnica publicada em dezembro de 2022.<\/p>\n<p>O comunicado informa ainda que para outras indica\u00e7\u00f5es m\u00e9dicas no Brasil ainda n\u00e3o foram comprovadas evid\u00eancias cient\u00edficas sobre sua efic\u00e1cia e seguran\u00e7a. Apesar disso, novos empregos da t\u00e9cnica poder\u00e3o ser aprovados pela Ag\u00eancia.<\/p>\n<p>&#8220;Em que pese n\u00e3o haver equipamentos de produ\u00e7\u00e3o de oz\u00f4nio aprovados junto a esta ag\u00eancia para uso em indica\u00e7\u00f5es m\u00e9dicas no Brasil, visto que ainda n\u00e3o foram apresentadas evid\u00eancias cient\u00edficas que comprovem sua efic\u00e1cia e seguran\u00e7a, novas indica\u00e7\u00f5es de uso da ozonioterapia poder\u00e3o ser aprovadas pela ag\u00eancia, no caso de novas submiss\u00f5es de pedidos de regulariza\u00e7\u00e3o de equipamentos emissores de oz\u00f4nio, desde que as empresas respons\u00e1veis apresentem os estudos necess\u00e1rios \u00e0 comprova\u00e7\u00e3o de sua efic\u00e1cia e seguran\u00e7a, conforme disposto na Resolu\u00e7\u00e3o de Diretoria Colegiada &#8211; RDC n\u00ba 546\/2021 e na Resolu\u00e7\u00e3o de Diretoria Colegiada &#8211; RDC n\u00ba 548\/2021.&#8221;<\/p>\n<p>O Minist\u00e9rio disse que os servi\u00e7os oferecidos pelo Sistema \u00danico e Sa\u00fade (SUS) s\u00e3o aqueles autorizados pela Anvisa. &#8220;Outras inclus\u00f5es somente ser\u00e3o analisadas \u00e0 medida em que novos equipamentos e aplica\u00e7\u00f5es de ozonioterapia sejam aprovados pela Anvisa, com sua efetividade e seguran\u00e7a comprovadas&#8221;, conclui o Minist\u00e9rio da Sa\u00fade.<\/p>\n<p><strong>Outros posicionamentos<\/strong><br \/>\nO uso da t\u00e9cnica da ozonioterapia divide opini\u00f5es. Algumas entidades entendem que o procedimento n\u00e3o tem efic\u00e1cia comprovada cientificamente e se posicionam contr\u00e1rias \u00e0 libera\u00e7\u00e3o desta t\u00e9cnica. A pr\u00e1tica j\u00e1 teve sua validade questionada, em 2020, quando foi apontada, sem qualquer valida\u00e7\u00e3o cient\u00edfica, para o tratamento de pessoas infectadas pelo Sars-Cov-2 ou para terapia de qualquer outra enfermidade, .<\/p>\n<p>Em julho de 2018, o Conselho Federal de Medicina (CFM) publicou, no Di\u00e1rio Oficial da Uni\u00e3o, a resolu\u00e7\u00e3o n\u00ba 2.181\/2018, que define a t\u00e9cnica como pr\u00e1tica experimental no pa\u00eds.<\/p>\n<p>O CFM enviou nota onde afirma que \u201ca san\u00e7\u00e3o da Lei n\u00ba 14.648\/23, pela Presid\u00eancia da Rep\u00fablica, n\u00e3o contradiz os termos da Resolu\u00e7\u00e3o n\u00ba 2.181\/2018, do pr\u00f3prio colegiado, que continua em vigor\u201d. A autarquia esclarece, tamb\u00e9m, que mant\u00e9m grupo de trabalho espec\u00edfico que avalia a efic\u00e1cia e a seguran\u00e7a do uso da ozonioterapia.<\/p>\n<p>\u201cA san\u00e7\u00e3o da Lei n\u00ba 14.648\/23, pela Presid\u00eancia da Rep\u00fablica, n\u00e3o contradiz os termos da Resolu\u00e7\u00e3o n\u00ba 2.181\/2018, do Conselho Federal de Medicina (CFM), que continua em vigor, sendo que a autarquia mant\u00e9m grupo de trabalho espec\u00edfico que avalia a efic\u00e1cia e a seguran\u00e7a do uso da ozonioterapia\u201d, se posiciona o CFM.<\/p>\n<p>Em nota, a Associa\u00e7\u00e3o M\u00e9dica Brasileira (AMB) se posicionou contrariamente \u00e0 autoriza\u00e7\u00e3o da pr\u00e1tica no Brasil. At\u00e9 o momento, n\u00e3o h\u00e1 evid\u00eancias cient\u00edficas de qualidade que justifiquem sequer a revis\u00e3o da Resolu\u00e7\u00e3o CFM n\u00ba 2.181\/2018, para que a ozonioterapia deixe de ser considerada como tratamento experimental, quanto mais uma lei neste sentido\u201d. A AMB entende que a ozonioterapia deve continuar como tratamento experimental at\u00e9 que evid\u00eancias cient\u00edficas de qualidade possam alterar este status.<\/p>\n<p>\u201cA ozonioterapia deve continuar como tratamento experimental at\u00e9 que evid\u00eancias cient\u00edficas de qualidade possam alterar este status, o que deve ser feito pelo Conselho Federal de Medicina a quem compete \u201ceditar normas para definir o car\u00e1ter experimental de procedimentos em Medicina, autorizando ou vedando a sua pr\u00e1tica pelos m\u00e9dicos\u201d, diz nota da Associa\u00e7\u00e3o M\u00e9dica Brasileira.<\/p>\n<p><strong>Nota do Minist\u00e9rio da Sa\u00fade<\/strong><br \/>\nDiante da san\u00e7\u00e3o da Lei 14.648, de 04\/08\/2023, que autoriza a ozonioterapia no territ\u00f3rio nacional, a Anvisa enviou nota em que reitera que, at\u00e9 o momento, os equipamentos aprovados junto \u00e0 ag\u00eancia somente possuem as seguinte indica\u00e7\u00f5es: &#8220;dent\u00edstica: tratamento da c\u00e1rie dental \u2013 a\u00e7\u00e3o antimicrobiana; periodontia: preven\u00e7\u00e3o e tratamento dos quadros inflamat\u00f3rios\/infecciosos; endodontia: potencializa\u00e7\u00e3o da fase de sanifica\u00e7\u00e3o do sistema de canais radiculares; cirurgia odontol\u00f3gica: aux\u00edlio no processo de repara\u00e7\u00e3o tecidual; est\u00e9tica: aux\u00edlio \u00e0 limpeza e assepsia de pele\u201d, conforme Nota T\u00e9cnica N\u00ba 43.<\/p>\n<p>&#8220;Em que pese n\u00e3o haver equipamentos de produ\u00e7\u00e3o de oz\u00f4nio aprovados junto a esta ag\u00eancia para uso em indica\u00e7\u00f5es m\u00e9dicas no Brasil, visto que ainda n\u00e3o foram apresentadas evid\u00eancias cient\u00edficas que comprovem sua efic\u00e1cia e seguran\u00e7a, novas indica\u00e7\u00f5es de uso da ozonioterapia poder\u00e3o ser aprovadas pela ag\u00eancia, no caso de novas submiss\u00f5es de pedidos de regulariza\u00e7\u00e3o de equipamentos emissores de oz\u00f4nio, desde que as empresas respons\u00e1veis apresentem os estudos necess\u00e1rios \u00e0 comprova\u00e7\u00e3o de sua efic\u00e1cia e seguran\u00e7a, conforme disposto na Resolu\u00e7\u00e3o de Diretoria Colegiada &#8211; RDC n\u00ba 546\/2021 e na Resolu\u00e7\u00e3o de Diretoria Colegiada &#8211; RDC n\u00ba 548\/2021.&#8221;<\/p>\n","protected":false},"excerpt":{"rendered":"<p>O presidente Luiz In\u00e1cio Lula da Silva sancionou, na segunda-feira (7), a lei (14.648\/2023) que autoriza a terapia com oz\u00f4nio. O texto foi publicado no Di\u00e1rio Oficial da Uni\u00e3o. De acordo com a nova legisla\u00e7\u00e3o, a ozonioterapia somente poder\u00e1 ser realizada por profissional de sa\u00fade de n\u00edvel superior inscrito em seu conselho de fiscaliza\u00e7\u00e3o profissional. [&hellip;]<\/p>\n","protected":false},"author":2,"featured_media":310523,"comment_status":"closed","ping_status":"closed","sticky":false,"template":"","format":"standard","meta":{"_acf_changed":false,"footnotes":""},"categories":[161],"tags":[],"class_list":["post-310522","post","type-post","status-publish","format-standard","has-post-thumbnail","hentry","category-quadradinho-em-foco"],"acf":[],"yoast_head":"<!-- This site is optimized with the Yoast SEO plugin v27.2 - https:\/\/yoast.com\/product\/yoast-seo-wordpress\/ -->\n<title>Lula autoriza ozonioterapia como tratamento complementar - Notibras<\/title>\n<meta name=\"robots\" content=\"index, follow, max-snippet:-1, max-image-preview:large, max-video-preview:-1\" \/>\n<link rel=\"canonical\" href=\"https:\/\/www.notibras.com\/site\/lula-autoriza-ozonioterapia-como-tratamento-complementar\/\" \/>\n<meta property=\"og:locale\" content=\"pt_BR\" \/>\n<meta property=\"og:type\" content=\"article\" \/>\n<meta property=\"og:title\" content=\"Lula autoriza ozonioterapia como tratamento complementar - Notibras\" \/>\n<meta property=\"og:description\" content=\"O presidente Luiz In\u00e1cio Lula da Silva sancionou, na segunda-feira (7), a lei (14.648\/2023) que autoriza a terapia com oz\u00f4nio. O texto foi publicado no Di\u00e1rio Oficial da Uni\u00e3o. De acordo com a nova legisla\u00e7\u00e3o, a ozonioterapia somente poder\u00e1 ser realizada por profissional de sa\u00fade de n\u00edvel superior inscrito em seu conselho de fiscaliza\u00e7\u00e3o profissional. [&hellip;]\" \/>\n<meta property=\"og:url\" content=\"https:\/\/www.notibras.com\/site\/lula-autoriza-ozonioterapia-como-tratamento-complementar\/\" \/>\n<meta property=\"og:site_name\" content=\"Notibras\" \/>\n<meta property=\"article:publisher\" content=\"https:\/\/www.facebook.com\/notibras\/\" \/>\n<meta property=\"article:published_time\" content=\"2023-08-08T03:00:37+00:00\" \/>\n<meta property=\"article:modified_time\" content=\"2023-08-08T12:20:58+00:00\" \/>\n<meta property=\"og:image\" content=\"https:\/\/www.notibras.com\/site\/wp-content\/uploads\/2023\/08\/vaccination-2722937.jpg\" \/>\n\t<meta property=\"og:image:width\" content=\"1170\" \/>\n\t<meta property=\"og:image:height\" content=\"700\" \/>\n\t<meta property=\"og:image:type\" content=\"image\/jpeg\" \/>\n<meta name=\"author\" content=\"Reda\u00e7\u00e3o\" \/>\n<meta name=\"twitter:card\" content=\"summary_large_image\" \/>\n<meta name=\"twitter:creator\" content=\"@Notibras\" \/>\n<meta name=\"twitter:site\" content=\"@Notibras\" \/>\n<meta name=\"twitter:label1\" content=\"Escrito por\" \/>\n\t<meta name=\"twitter:data1\" content=\"Reda\u00e7\u00e3o\" \/>\n\t<meta name=\"twitter:label2\" content=\"Est. tempo de leitura\" \/>\n\t<meta name=\"twitter:data2\" content=\"6 minutos\" \/>\n<script type=\"application\/ld+json\" class=\"yoast-schema-graph\">{\"@context\":\"https:\/\/schema.org\",\"@graph\":[{\"@type\":\"Article\",\"@id\":\"https:\/\/www.notibras.com\/site\/lula-autoriza-ozonioterapia-como-tratamento-complementar\/#article\",\"isPartOf\":{\"@id\":\"https:\/\/www.notibras.com\/site\/lula-autoriza-ozonioterapia-como-tratamento-complementar\/\"},\"author\":{\"name\":\"Reda\u00e7\u00e3o\",\"@id\":\"https:\/\/www.notibras.com\/site\/#\/schema\/person\/36ab0979449956132d3e5b517ea76ac8\"},\"headline\":\"Lula autoriza ozonioterapia como tratamento complementar\",\"datePublished\":\"2023-08-08T03:00:37+00:00\",\"dateModified\":\"2023-08-08T12:20:58+00:00\",\"mainEntityOfPage\":{\"@id\":\"https:\/\/www.notibras.com\/site\/lula-autoriza-ozonioterapia-como-tratamento-complementar\/\"},\"wordCount\":1142,\"publisher\":{\"@id\":\"https:\/\/www.notibras.com\/site\/#organization\"},\"image\":{\"@id\":\"https:\/\/www.notibras.com\/site\/lula-autoriza-ozonioterapia-como-tratamento-complementar\/#primaryimage\"},\"thumbnailUrl\":\"https:\/\/www.notibras.com\/site\/wp-content\/uploads\/2023\/08\/vaccination-2722937.jpg\",\"articleSection\":[\"Quadradinho em Foco\"],\"inLanguage\":\"pt-BR\"},{\"@type\":\"WebPage\",\"@id\":\"https:\/\/www.notibras.com\/site\/lula-autoriza-ozonioterapia-como-tratamento-complementar\/\",\"url\":\"https:\/\/www.notibras.com\/site\/lula-autoriza-ozonioterapia-como-tratamento-complementar\/\",\"name\":\"Lula autoriza ozonioterapia como tratamento complementar - Notibras\",\"isPartOf\":{\"@id\":\"https:\/\/www.notibras.com\/site\/#website\"},\"primaryImageOfPage\":{\"@id\":\"https:\/\/www.notibras.com\/site\/lula-autoriza-ozonioterapia-como-tratamento-complementar\/#primaryimage\"},\"image\":{\"@id\":\"https:\/\/www.notibras.com\/site\/lula-autoriza-ozonioterapia-como-tratamento-complementar\/#primaryimage\"},\"thumbnailUrl\":\"https:\/\/www.notibras.com\/site\/wp-content\/uploads\/2023\/08\/vaccination-2722937.jpg\",\"datePublished\":\"2023-08-08T03:00:37+00:00\",\"dateModified\":\"2023-08-08T12:20:58+00:00\",\"breadcrumb\":{\"@id\":\"https:\/\/www.notibras.com\/site\/lula-autoriza-ozonioterapia-como-tratamento-complementar\/#breadcrumb\"},\"inLanguage\":\"pt-BR\",\"potentialAction\":[{\"@type\":\"ReadAction\",\"target\":[\"https:\/\/www.notibras.com\/site\/lula-autoriza-ozonioterapia-como-tratamento-complementar\/\"]}]},{\"@type\":\"ImageObject\",\"inLanguage\":\"pt-BR\",\"@id\":\"https:\/\/www.notibras.com\/site\/lula-autoriza-ozonioterapia-como-tratamento-complementar\/#primaryimage\",\"url\":\"https:\/\/www.notibras.com\/site\/wp-content\/uploads\/2023\/08\/vaccination-2722937.jpg\",\"contentUrl\":\"https:\/\/www.notibras.com\/site\/wp-content\/uploads\/2023\/08\/vaccination-2722937.jpg\",\"width\":1170,\"height\":700,\"caption\":\"Mat\u00e9ria sobre Ozonioterapia. Foto: whitesession\/Pixabay\"},{\"@type\":\"BreadcrumbList\",\"@id\":\"https:\/\/www.notibras.com\/site\/lula-autoriza-ozonioterapia-como-tratamento-complementar\/#breadcrumb\",\"itemListElement\":[{\"@type\":\"ListItem\",\"position\":1,\"name\":\"In\u00edcio\",\"item\":\"https:\/\/www.notibras.com\/site\/\"},{\"@type\":\"ListItem\",\"position\":2,\"name\":\"Lula autoriza ozonioterapia como tratamento complementar\"}]},{\"@type\":\"WebSite\",\"@id\":\"https:\/\/www.notibras.com\/site\/#website\",\"url\":\"https:\/\/www.notibras.com\/site\/\",\"name\":\"Notibras\",\"description\":\"Not\u00edcias de Bras\u00edlia, do Brasil e do Mundo\",\"publisher\":{\"@id\":\"https:\/\/www.notibras.com\/site\/#organization\"},\"potentialAction\":[{\"@type\":\"SearchAction\",\"target\":{\"@type\":\"EntryPoint\",\"urlTemplate\":\"https:\/\/www.notibras.com\/site\/?s={search_term_string}\"},\"query-input\":{\"@type\":\"PropertyValueSpecification\",\"valueRequired\":true,\"valueName\":\"search_term_string\"}}],\"inLanguage\":\"pt-BR\"},{\"@type\":\"Organization\",\"@id\":\"https:\/\/www.notibras.com\/site\/#organization\",\"name\":\"Grupo Notibras de Comunica\u00e7\u00e3o\",\"url\":\"https:\/\/www.notibras.com\/site\/\",\"logo\":{\"@type\":\"ImageObject\",\"inLanguage\":\"pt-BR\",\"@id\":\"https:\/\/www.notibras.com\/site\/#\/schema\/logo\/image\/\",\"url\":\"https:\/\/www.notibras.com\/site\/wp-content\/uploads\/2023\/01\/notibras23.png\",\"contentUrl\":\"https:\/\/www.notibras.com\/site\/wp-content\/uploads\/2023\/01\/notibras23.png\",\"width\":350,\"height\":87,\"caption\":\"Grupo Notibras de Comunica\u00e7\u00e3o\"},\"image\":{\"@id\":\"https:\/\/www.notibras.com\/site\/#\/schema\/logo\/image\/\"},\"sameAs\":[\"https:\/\/www.facebook.com\/notibras\/\",\"https:\/\/x.com\/Notibras\",\"https:\/\/www.instagram.com\/notibras\/\"]},{\"@type\":\"Person\",\"@id\":\"https:\/\/www.notibras.com\/site\/#\/schema\/person\/36ab0979449956132d3e5b517ea76ac8\",\"name\":\"Reda\u00e7\u00e3o\",\"image\":{\"@type\":\"ImageObject\",\"inLanguage\":\"pt-BR\",\"@id\":\"https:\/\/secure.gravatar.com\/avatar\/e0a867bdedb85fd243eadf09663511f96fc81e0720a4a42581f334ad4303aa6b?s=96&d=mm&r=g\",\"url\":\"https:\/\/secure.gravatar.com\/avatar\/e0a867bdedb85fd243eadf09663511f96fc81e0720a4a42581f334ad4303aa6b?s=96&d=mm&r=g\",\"contentUrl\":\"https:\/\/secure.gravatar.com\/avatar\/e0a867bdedb85fd243eadf09663511f96fc81e0720a4a42581f334ad4303aa6b?s=96&d=mm&r=g\",\"caption\":\"Reda\u00e7\u00e3o\"}}]}<\/script>\n<!-- \/ Yoast SEO plugin. -->","yoast_head_json":{"title":"Lula autoriza ozonioterapia como tratamento complementar - Notibras","robots":{"index":"index","follow":"follow","max-snippet":"max-snippet:-1","max-image-preview":"max-image-preview:large","max-video-preview":"max-video-preview:-1"},"canonical":"https:\/\/www.notibras.com\/site\/lula-autoriza-ozonioterapia-como-tratamento-complementar\/","og_locale":"pt_BR","og_type":"article","og_title":"Lula autoriza ozonioterapia como tratamento complementar - Notibras","og_description":"O presidente Luiz In\u00e1cio Lula da Silva sancionou, na segunda-feira (7), a lei (14.648\/2023) que autoriza a terapia com oz\u00f4nio. O texto foi publicado no Di\u00e1rio Oficial da Uni\u00e3o. De acordo com a nova legisla\u00e7\u00e3o, a ozonioterapia somente poder\u00e1 ser realizada por profissional de sa\u00fade de n\u00edvel superior inscrito em seu conselho de fiscaliza\u00e7\u00e3o profissional. [&hellip;]","og_url":"https:\/\/www.notibras.com\/site\/lula-autoriza-ozonioterapia-como-tratamento-complementar\/","og_site_name":"Notibras","article_publisher":"https:\/\/www.facebook.com\/notibras\/","article_published_time":"2023-08-08T03:00:37+00:00","article_modified_time":"2023-08-08T12:20:58+00:00","og_image":[{"width":1170,"height":700,"url":"https:\/\/www.notibras.com\/site\/wp-content\/uploads\/2023\/08\/vaccination-2722937.jpg","type":"image\/jpeg"}],"author":"Reda\u00e7\u00e3o","twitter_card":"summary_large_image","twitter_creator":"@Notibras","twitter_site":"@Notibras","twitter_misc":{"Escrito por":"Reda\u00e7\u00e3o","Est. tempo de leitura":"6 minutos"},"schema":{"@context":"https:\/\/schema.org","@graph":[{"@type":"Article","@id":"https:\/\/www.notibras.com\/site\/lula-autoriza-ozonioterapia-como-tratamento-complementar\/#article","isPartOf":{"@id":"https:\/\/www.notibras.com\/site\/lula-autoriza-ozonioterapia-como-tratamento-complementar\/"},"author":{"name":"Reda\u00e7\u00e3o","@id":"https:\/\/www.notibras.com\/site\/#\/schema\/person\/36ab0979449956132d3e5b517ea76ac8"},"headline":"Lula autoriza ozonioterapia como tratamento complementar","datePublished":"2023-08-08T03:00:37+00:00","dateModified":"2023-08-08T12:20:58+00:00","mainEntityOfPage":{"@id":"https:\/\/www.notibras.com\/site\/lula-autoriza-ozonioterapia-como-tratamento-complementar\/"},"wordCount":1142,"publisher":{"@id":"https:\/\/www.notibras.com\/site\/#organization"},"image":{"@id":"https:\/\/www.notibras.com\/site\/lula-autoriza-ozonioterapia-como-tratamento-complementar\/#primaryimage"},"thumbnailUrl":"https:\/\/www.notibras.com\/site\/wp-content\/uploads\/2023\/08\/vaccination-2722937.jpg","articleSection":["Quadradinho em Foco"],"inLanguage":"pt-BR"},{"@type":"WebPage","@id":"https:\/\/www.notibras.com\/site\/lula-autoriza-ozonioterapia-como-tratamento-complementar\/","url":"https:\/\/www.notibras.com\/site\/lula-autoriza-ozonioterapia-como-tratamento-complementar\/","name":"Lula autoriza ozonioterapia como tratamento complementar - Notibras","isPartOf":{"@id":"https:\/\/www.notibras.com\/site\/#website"},"primaryImageOfPage":{"@id":"https:\/\/www.notibras.com\/site\/lula-autoriza-ozonioterapia-como-tratamento-complementar\/#primaryimage"},"image":{"@id":"https:\/\/www.notibras.com\/site\/lula-autoriza-ozonioterapia-como-tratamento-complementar\/#primaryimage"},"thumbnailUrl":"https:\/\/www.notibras.com\/site\/wp-content\/uploads\/2023\/08\/vaccination-2722937.jpg","datePublished":"2023-08-08T03:00:37+00:00","dateModified":"2023-08-08T12:20:58+00:00","breadcrumb":{"@id":"https:\/\/www.notibras.com\/site\/lula-autoriza-ozonioterapia-como-tratamento-complementar\/#breadcrumb"},"inLanguage":"pt-BR","potentialAction":[{"@type":"ReadAction","target":["https:\/\/www.notibras.com\/site\/lula-autoriza-ozonioterapia-como-tratamento-complementar\/"]}]},{"@type":"ImageObject","inLanguage":"pt-BR","@id":"https:\/\/www.notibras.com\/site\/lula-autoriza-ozonioterapia-como-tratamento-complementar\/#primaryimage","url":"https:\/\/www.notibras.com\/site\/wp-content\/uploads\/2023\/08\/vaccination-2722937.jpg","contentUrl":"https:\/\/www.notibras.com\/site\/wp-content\/uploads\/2023\/08\/vaccination-2722937.jpg","width":1170,"height":700,"caption":"Mat\u00e9ria sobre Ozonioterapia. Foto: whitesession\/Pixabay"},{"@type":"BreadcrumbList","@id":"https:\/\/www.notibras.com\/site\/lula-autoriza-ozonioterapia-como-tratamento-complementar\/#breadcrumb","itemListElement":[{"@type":"ListItem","position":1,"name":"In\u00edcio","item":"https:\/\/www.notibras.com\/site\/"},{"@type":"ListItem","position":2,"name":"Lula autoriza ozonioterapia como tratamento complementar"}]},{"@type":"WebSite","@id":"https:\/\/www.notibras.com\/site\/#website","url":"https:\/\/www.notibras.com\/site\/","name":"Notibras","description":"Not\u00edcias de Bras\u00edlia, do Brasil e do Mundo","publisher":{"@id":"https:\/\/www.notibras.com\/site\/#organization"},"potentialAction":[{"@type":"SearchAction","target":{"@type":"EntryPoint","urlTemplate":"https:\/\/www.notibras.com\/site\/?s={search_term_string}"},"query-input":{"@type":"PropertyValueSpecification","valueRequired":true,"valueName":"search_term_string"}}],"inLanguage":"pt-BR"},{"@type":"Organization","@id":"https:\/\/www.notibras.com\/site\/#organization","name":"Grupo Notibras de Comunica\u00e7\u00e3o","url":"https:\/\/www.notibras.com\/site\/","logo":{"@type":"ImageObject","inLanguage":"pt-BR","@id":"https:\/\/www.notibras.com\/site\/#\/schema\/logo\/image\/","url":"https:\/\/www.notibras.com\/site\/wp-content\/uploads\/2023\/01\/notibras23.png","contentUrl":"https:\/\/www.notibras.com\/site\/wp-content\/uploads\/2023\/01\/notibras23.png","width":350,"height":87,"caption":"Grupo Notibras de Comunica\u00e7\u00e3o"},"image":{"@id":"https:\/\/www.notibras.com\/site\/#\/schema\/logo\/image\/"},"sameAs":["https:\/\/www.facebook.com\/notibras\/","https:\/\/x.com\/Notibras","https:\/\/www.instagram.com\/notibras\/"]},{"@type":"Person","@id":"https:\/\/www.notibras.com\/site\/#\/schema\/person\/36ab0979449956132d3e5b517ea76ac8","name":"Reda\u00e7\u00e3o","image":{"@type":"ImageObject","inLanguage":"pt-BR","@id":"https:\/\/secure.gravatar.com\/avatar\/e0a867bdedb85fd243eadf09663511f96fc81e0720a4a42581f334ad4303aa6b?s=96&d=mm&r=g","url":"https:\/\/secure.gravatar.com\/avatar\/e0a867bdedb85fd243eadf09663511f96fc81e0720a4a42581f334ad4303aa6b?s=96&d=mm&r=g","contentUrl":"https:\/\/secure.gravatar.com\/avatar\/e0a867bdedb85fd243eadf09663511f96fc81e0720a4a42581f334ad4303aa6b?s=96&d=mm&r=g","caption":"Reda\u00e7\u00e3o"}}]}},"amp_enabled":true,"_links":{"self":[{"href":"https:\/\/www.notibras.com\/site\/wp-json\/wp\/v2\/posts\/310522","targetHints":{"allow":["GET"]}}],"collection":[{"href":"https:\/\/www.notibras.com\/site\/wp-json\/wp\/v2\/posts"}],"about":[{"href":"https:\/\/www.notibras.com\/site\/wp-json\/wp\/v2\/types\/post"}],"author":[{"embeddable":true,"href":"https:\/\/www.notibras.com\/site\/wp-json\/wp\/v2\/users\/2"}],"replies":[{"embeddable":true,"href":"https:\/\/www.notibras.com\/site\/wp-json\/wp\/v2\/comments?post=310522"}],"version-history":[{"count":1,"href":"https:\/\/www.notibras.com\/site\/wp-json\/wp\/v2\/posts\/310522\/revisions"}],"predecessor-version":[{"id":310524,"href":"https:\/\/www.notibras.com\/site\/wp-json\/wp\/v2\/posts\/310522\/revisions\/310524"}],"wp:featuredmedia":[{"embeddable":true,"href":"https:\/\/www.notibras.com\/site\/wp-json\/wp\/v2\/media\/310523"}],"wp:attachment":[{"href":"https:\/\/www.notibras.com\/site\/wp-json\/wp\/v2\/media?parent=310522"}],"wp:term":[{"taxonomy":"category","embeddable":true,"href":"https:\/\/www.notibras.com\/site\/wp-json\/wp\/v2\/categories?post=310522"},{"taxonomy":"post_tag","embeddable":true,"href":"https:\/\/www.notibras.com\/site\/wp-json\/wp\/v2\/tags?post=310522"}],"curies":[{"name":"wp","href":"https:\/\/api.w.org\/{rel}","templated":true}]}}