{"id":310528,"date":"2023-08-08T10:32:20","date_gmt":"2023-08-08T13:32:20","guid":{"rendered":"https:\/\/www.notibras.com\/site\/?p=310528"},"modified":"2023-08-08T10:33:54","modified_gmt":"2023-08-08T13:33:54","slug":"plano-de-saude-coletivo-sobe-bem-acima-do-plano-individual","status":"publish","type":"post","link":"https:\/\/www.notibras.com\/site\/plano-de-saude-coletivo-sobe-bem-acima-do-plano-individual\/","title":{"rendered":"Plano de sa\u00fade coletivo sobe bem acima do plano individual"},"content":{"rendered":"<p>Pesquisa realizada pelo Instituto Brasileiro de Defesa do Consumidor (Idec) mostra que, nos \u00faltimos cinco anos, os reajustes dos planos de sa\u00fade coletivos chegaram a ser quase duas vezes maiores que os dos individuais.<\/p>\n<p>Segundo o estudo, quase todas as categorias de planos coletivos tiveram reajustes m\u00e9dios consistentemente superiores aos individuais. Enquanto a varia\u00e7\u00e3o do pre\u00e7o m\u00e9dio de mensalidades de planos de sa\u00fade individuais, contratados em 2017 para a faixa et\u00e1ria de 39 a 44 anos, passou de R$ 522,55 para R$ 707,59 em 2022, os coletivos empresariais contratados para grupos com at\u00e9 29 pessoas (micro e pequenas empresas) sa\u00edram de R$ R$ 539,83 para R$ 984,44.<\/p>\n<p>Em 2017 somente os planos por ades\u00e3o eram mais em conta que os individuais, com pre\u00e7o inicial de R$ 485,03. No entanto, com o decorrer do tempo, eles acabaram se mostrando \u201cum mau neg\u00f3cio\u201d, segundo o Idec: em 2022, as mensalidades m\u00e9dias de contratos de at\u00e9 29 pessoas passaram a custar R$ 845,53, e as de contratos maiores, R$ 813,29.<\/p>\n<p>As mensalidades dos planos individuais cresceram 35,41% no per\u00edodo, enquanto as de planos coletivos apresentaram valores bem superiores: os coletivos empresariais, com 30 vidas ou mais, aumentaram 58,94%; os coletivos por ades\u00e3o, com 30 vidas ou mais, 67,68%; os coletivos por ades\u00e3o, com at\u00e9 29 vidas, 74,33%; e os coletivos empresariais, com at\u00e9 29 vidas, aumentaram 82,36%.<\/p>\n<p>Para o Idec, os aumentos t\u00eam sido desregulados, sem controle e t\u00eam afetado a vida da maior parte dos consumidores de planos de sa\u00fade, j\u00e1 que cerca de 80% deles s\u00e3o coletivos. Por isso, o Idec tem feito uma campanha, chamada de Chega de Aumento.<\/p>\n<p>\u201cEssa pesquisa \u00e9 muito importante para mostrar como os planos coletivos acabam se tornando armadilha para grande parcela dos consumidores do pa\u00eds, que acreditam estar escolhendo a melhor alternativa quando contratam um plano de sa\u00fade. Com grande disponibilidade, ao contr\u00e1rio da oferta cada vez mais reduzida dos planos individuais, os coletivos dominam o mercado e acabam se tornando uma bomba-rel\u00f3gio que, ao longo do tempo, vai aumentando a chance de explodir\u201d, disse, em nota, Ana Carolina Navarrete, coordenadora do programa de sa\u00fade do Idec.<\/p>\n<p>Para os pesquisadores do instituto, a Ag\u00eancia Nacional de Sa\u00fade Suplementar (ANS) precisa criar limites para esses reajustes. Eles tamb\u00e9m sugerem que a ANS padronize as cl\u00e1usulas de reajuste em todos os contratos coletivos, estabele\u00e7a um par\u00e2metro de razoabilidade para os aumentos de pre\u00e7os de planos coletivos maiores de 30 vidas, pro\u00edba o cancelamento unilateral pelas empresas e estabele\u00e7a a obrigatoriedade de as operadoras venderem planos coletivos diretamente ao consumidor final, sem intermedia\u00e7\u00e3o das administradoras de benef\u00edcios.<\/p>\n<p>A ANS informou que \u201cregula e monitora os reajustes aplicados pelas operadoras a todos os tipos de planos\u201d e que \u201cas regras de defini\u00e7\u00e3o e de aplica\u00e7\u00e3o dos percentuais \u00e9 que variam de acordo com o tipo de contrata\u00e7\u00e3o do plano e com o tamanho das carteiras\u201d.<\/p>\n<p>A ag\u00eancia observou ainda que vem estudando mudan\u00e7as nas regras de reajuste de planos coletivos. \u201cEntretanto, n\u00e3o h\u00e1 pretens\u00e3o de regular o plano coletivo como o individual, mas de criar ferramentas de transpar\u00eancia e previsibilidade, o que estimularia a concorr\u00eancia, a discuss\u00e3o de pre\u00e7o e a qualidade\u201d, disse a ANS em nota.<\/p>\n<p>\u201cNo caso dos planos individuais ou familiares, em que a contrata\u00e7\u00e3o \u00e9 feita por pessoas f\u00edsicas, a ANS determina o percentual m\u00e1ximo que pode ser aplicado. A metodologia de c\u00e1lculo \u00e9 baseada na varia\u00e7\u00e3o das despesas m\u00e9dicas dos planos individuais de um ano para o outro, apuradas nas demonstra\u00e7\u00f5es cont\u00e1beis das operadoras e em um \u00edndice de infla\u00e7\u00e3o, trazendo mais transpar\u00eancia e previsibilidade ao \u00edndice de reajuste\u201d, explicou a ANS.<\/p>\n<p>\u201cPara os planos coletivos com at\u00e9 29 vidas, a ANS instituiu o agrupamento de contratos (pool de risco). Com essa medida, as operadoras devem reunir em um \u00fanico grupo todos os seus contratos coletivos com menos de 30 benefici\u00e1rios para aplica\u00e7\u00e3o do mesmo percentual de reajuste. O objetivo \u00e9 a dilui\u00e7\u00e3o do risco desses contratos para aplica\u00e7\u00e3o do reajuste ao consumidor, conferindo maior equil\u00edbrio no \u00edndice calculado em raz\u00e3o do maior n\u00famero de benefici\u00e1rios considerados\u201d, acrescentou a ANS.<\/p>\n<p>\u201cPara os planos coletivos com 30 ou mais benefici\u00e1rios, as cl\u00e1usulas de reajuste s\u00e3o estipuladas por livre negocia\u00e7\u00e3o entre a pessoa jur\u00eddica contratante e a operadora ou administradora de benef\u00edcios contratada. A justificativa do percentual proposto deve ser fundamentada pela operadora e seus c\u00e1lculos disponibilizados para confer\u00eancia pela pessoa jur\u00eddica contratante\u201d, explicou a ag\u00eancia.<\/p>\n<p>A ANS ressaltou que a sociedade pode acompanhar os reajustes aplicados aos planos por meio do painel din\u00e2mico Reajuste de Planos Coletivos. Por essa ferramenta, o consumidor poder\u00e1 verificar e comparar os \u00edndices aplicados pelas operadoras.<\/p>\n","protected":false},"excerpt":{"rendered":"<p>Pesquisa realizada pelo Instituto Brasileiro de Defesa do Consumidor (Idec) mostra que, nos \u00faltimos cinco anos, os reajustes dos planos de sa\u00fade coletivos chegaram a ser quase duas vezes maiores que os dos individuais. Segundo o estudo, quase todas as categorias de planos coletivos tiveram reajustes m\u00e9dios consistentemente superiores aos individuais. Enquanto a varia\u00e7\u00e3o do [&hellip;]<\/p>\n","protected":false},"author":2,"featured_media":310529,"comment_status":"closed","ping_status":"closed","sticky":false,"template":"","format":"standard","meta":{"_acf_changed":false,"footnotes":""},"categories":[161],"tags":[95],"class_list":["post-310528","post","type-post","status-publish","format-standard","has-post-thumbnail","hentry","category-quadradinho-em-foco","tag-capa"],"acf":[],"yoast_head":"<!-- This site is optimized with the Yoast SEO plugin v27.2 - https:\/\/yoast.com\/product\/yoast-seo-wordpress\/ -->\n<title>Plano de sa\u00fade coletivo sobe bem acima do plano individual - Notibras<\/title>\n<meta name=\"robots\" content=\"index, follow, max-snippet:-1, max-image-preview:large, max-video-preview:-1\" \/>\n<link rel=\"canonical\" href=\"https:\/\/www.notibras.com\/site\/plano-de-saude-coletivo-sobe-bem-acima-do-plano-individual\/\" \/>\n<meta property=\"og:locale\" content=\"pt_BR\" \/>\n<meta property=\"og:type\" content=\"article\" \/>\n<meta property=\"og:title\" content=\"Plano de sa\u00fade coletivo sobe bem acima do plano individual - Notibras\" \/>\n<meta property=\"og:description\" content=\"Pesquisa realizada pelo Instituto Brasileiro de Defesa do Consumidor (Idec) mostra que, nos \u00faltimos cinco anos, os reajustes dos planos de sa\u00fade coletivos chegaram a ser quase duas vezes maiores que os dos individuais. Segundo o estudo, quase todas as categorias de planos coletivos tiveram reajustes m\u00e9dios consistentemente superiores aos individuais. Enquanto a varia\u00e7\u00e3o do [&hellip;]\" \/>\n<meta property=\"og:url\" content=\"https:\/\/www.notibras.com\/site\/plano-de-saude-coletivo-sobe-bem-acima-do-plano-individual\/\" \/>\n<meta property=\"og:site_name\" content=\"Notibras\" \/>\n<meta property=\"article:publisher\" content=\"https:\/\/www.facebook.com\/notibras\/\" \/>\n<meta property=\"article:published_time\" content=\"2023-08-08T13:32:20+00:00\" \/>\n<meta property=\"article:modified_time\" content=\"2023-08-08T13:33:54+00:00\" \/>\n<meta property=\"og:image\" content=\"https:\/\/www.notibras.com\/site\/wp-content\/uploads\/2023\/08\/hospital-1.jpg\" \/>\n\t<meta property=\"og:image:width\" content=\"1170\" \/>\n\t<meta property=\"og:image:height\" content=\"700\" \/>\n\t<meta property=\"og:image:type\" content=\"image\/jpeg\" \/>\n<meta name=\"author\" content=\"Reda\u00e7\u00e3o\" \/>\n<meta name=\"twitter:card\" content=\"summary_large_image\" \/>\n<meta name=\"twitter:creator\" content=\"@Notibras\" \/>\n<meta name=\"twitter:site\" content=\"@Notibras\" \/>\n<meta name=\"twitter:label1\" content=\"Escrito por\" \/>\n\t<meta name=\"twitter:data1\" content=\"Reda\u00e7\u00e3o\" \/>\n\t<meta name=\"twitter:label2\" content=\"Est. tempo de leitura\" \/>\n\t<meta name=\"twitter:data2\" content=\"5 minutos\" \/>\n<script type=\"application\/ld+json\" class=\"yoast-schema-graph\">{\"@context\":\"https:\/\/schema.org\",\"@graph\":[{\"@type\":\"Article\",\"@id\":\"https:\/\/www.notibras.com\/site\/plano-de-saude-coletivo-sobe-bem-acima-do-plano-individual\/#article\",\"isPartOf\":{\"@id\":\"https:\/\/www.notibras.com\/site\/plano-de-saude-coletivo-sobe-bem-acima-do-plano-individual\/\"},\"author\":{\"name\":\"Reda\u00e7\u00e3o\",\"@id\":\"https:\/\/www.notibras.com\/site\/#\/schema\/person\/36ab0979449956132d3e5b517ea76ac8\"},\"headline\":\"Plano de sa\u00fade coletivo sobe bem acima do plano individual\",\"datePublished\":\"2023-08-08T13:32:20+00:00\",\"dateModified\":\"2023-08-08T13:33:54+00:00\",\"mainEntityOfPage\":{\"@id\":\"https:\/\/www.notibras.com\/site\/plano-de-saude-coletivo-sobe-bem-acima-do-plano-individual\/\"},\"wordCount\":819,\"publisher\":{\"@id\":\"https:\/\/www.notibras.com\/site\/#organization\"},\"image\":{\"@id\":\"https:\/\/www.notibras.com\/site\/plano-de-saude-coletivo-sobe-bem-acima-do-plano-individual\/#primaryimage\"},\"thumbnailUrl\":\"https:\/\/www.notibras.com\/site\/wp-content\/uploads\/2023\/08\/hospital-1.jpg\",\"keywords\":[\"capa\"],\"articleSection\":[\"Quadradinho em Foco\"],\"inLanguage\":\"pt-BR\"},{\"@type\":\"WebPage\",\"@id\":\"https:\/\/www.notibras.com\/site\/plano-de-saude-coletivo-sobe-bem-acima-do-plano-individual\/\",\"url\":\"https:\/\/www.notibras.com\/site\/plano-de-saude-coletivo-sobe-bem-acima-do-plano-individual\/\",\"name\":\"Plano de sa\u00fade coletivo sobe bem acima do plano individual - Notibras\",\"isPartOf\":{\"@id\":\"https:\/\/www.notibras.com\/site\/#website\"},\"primaryImageOfPage\":{\"@id\":\"https:\/\/www.notibras.com\/site\/plano-de-saude-coletivo-sobe-bem-acima-do-plano-individual\/#primaryimage\"},\"image\":{\"@id\":\"https:\/\/www.notibras.com\/site\/plano-de-saude-coletivo-sobe-bem-acima-do-plano-individual\/#primaryimage\"},\"thumbnailUrl\":\"https:\/\/www.notibras.com\/site\/wp-content\/uploads\/2023\/08\/hospital-1.jpg\",\"datePublished\":\"2023-08-08T13:32:20+00:00\",\"dateModified\":\"2023-08-08T13:33:54+00:00\",\"breadcrumb\":{\"@id\":\"https:\/\/www.notibras.com\/site\/plano-de-saude-coletivo-sobe-bem-acima-do-plano-individual\/#breadcrumb\"},\"inLanguage\":\"pt-BR\",\"potentialAction\":[{\"@type\":\"ReadAction\",\"target\":[\"https:\/\/www.notibras.com\/site\/plano-de-saude-coletivo-sobe-bem-acima-do-plano-individual\/\"]}]},{\"@type\":\"ImageObject\",\"inLanguage\":\"pt-BR\",\"@id\":\"https:\/\/www.notibras.com\/site\/plano-de-saude-coletivo-sobe-bem-acima-do-plano-individual\/#primaryimage\",\"url\":\"https:\/\/www.notibras.com\/site\/wp-content\/uploads\/2023\/08\/hospital-1.jpg\",\"contentUrl\":\"https:\/\/www.notibras.com\/site\/wp-content\/uploads\/2023\/08\/hospital-1.jpg\",\"width\":1170,\"height\":700,\"caption\":\"Bras\u00edlia - Unidade de Terapia Intensiva (UTI) do Hospital Regional de Taguatinga. Em alguns hospitais do Distrito Federal faltam leitos para os pacientes. Foto: Marcello Casal JR\/ABr\"},{\"@type\":\"BreadcrumbList\",\"@id\":\"https:\/\/www.notibras.com\/site\/plano-de-saude-coletivo-sobe-bem-acima-do-plano-individual\/#breadcrumb\",\"itemListElement\":[{\"@type\":\"ListItem\",\"position\":1,\"name\":\"In\u00edcio\",\"item\":\"https:\/\/www.notibras.com\/site\/\"},{\"@type\":\"ListItem\",\"position\":2,\"name\":\"Plano de sa\u00fade coletivo sobe bem acima do plano individual\"}]},{\"@type\":\"WebSite\",\"@id\":\"https:\/\/www.notibras.com\/site\/#website\",\"url\":\"https:\/\/www.notibras.com\/site\/\",\"name\":\"Notibras\",\"description\":\"Not\u00edcias de Bras\u00edlia, do Brasil e do Mundo\",\"publisher\":{\"@id\":\"https:\/\/www.notibras.com\/site\/#organization\"},\"potentialAction\":[{\"@type\":\"SearchAction\",\"target\":{\"@type\":\"EntryPoint\",\"urlTemplate\":\"https:\/\/www.notibras.com\/site\/?s={search_term_string}\"},\"query-input\":{\"@type\":\"PropertyValueSpecification\",\"valueRequired\":true,\"valueName\":\"search_term_string\"}}],\"inLanguage\":\"pt-BR\"},{\"@type\":\"Organization\",\"@id\":\"https:\/\/www.notibras.com\/site\/#organization\",\"name\":\"Grupo Notibras de Comunica\u00e7\u00e3o\",\"url\":\"https:\/\/www.notibras.com\/site\/\",\"logo\":{\"@type\":\"ImageObject\",\"inLanguage\":\"pt-BR\",\"@id\":\"https:\/\/www.notibras.com\/site\/#\/schema\/logo\/image\/\",\"url\":\"https:\/\/www.notibras.com\/site\/wp-content\/uploads\/2023\/01\/notibras23.png\",\"contentUrl\":\"https:\/\/www.notibras.com\/site\/wp-content\/uploads\/2023\/01\/notibras23.png\",\"width\":350,\"height\":87,\"caption\":\"Grupo Notibras de Comunica\u00e7\u00e3o\"},\"image\":{\"@id\":\"https:\/\/www.notibras.com\/site\/#\/schema\/logo\/image\/\"},\"sameAs\":[\"https:\/\/www.facebook.com\/notibras\/\",\"https:\/\/x.com\/Notibras\",\"https:\/\/www.instagram.com\/notibras\/\"]},{\"@type\":\"Person\",\"@id\":\"https:\/\/www.notibras.com\/site\/#\/schema\/person\/36ab0979449956132d3e5b517ea76ac8\",\"name\":\"Reda\u00e7\u00e3o\",\"image\":{\"@type\":\"ImageObject\",\"inLanguage\":\"pt-BR\",\"@id\":\"https:\/\/secure.gravatar.com\/avatar\/e0a867bdedb85fd243eadf09663511f96fc81e0720a4a42581f334ad4303aa6b?s=96&d=mm&r=g\",\"url\":\"https:\/\/secure.gravatar.com\/avatar\/e0a867bdedb85fd243eadf09663511f96fc81e0720a4a42581f334ad4303aa6b?s=96&d=mm&r=g\",\"contentUrl\":\"https:\/\/secure.gravatar.com\/avatar\/e0a867bdedb85fd243eadf09663511f96fc81e0720a4a42581f334ad4303aa6b?s=96&d=mm&r=g\",\"caption\":\"Reda\u00e7\u00e3o\"}}]}<\/script>\n<!-- \/ Yoast SEO plugin. -->","yoast_head_json":{"title":"Plano de sa\u00fade coletivo sobe bem acima do plano individual - Notibras","robots":{"index":"index","follow":"follow","max-snippet":"max-snippet:-1","max-image-preview":"max-image-preview:large","max-video-preview":"max-video-preview:-1"},"canonical":"https:\/\/www.notibras.com\/site\/plano-de-saude-coletivo-sobe-bem-acima-do-plano-individual\/","og_locale":"pt_BR","og_type":"article","og_title":"Plano de sa\u00fade coletivo sobe bem acima do plano individual - Notibras","og_description":"Pesquisa realizada pelo Instituto Brasileiro de Defesa do Consumidor (Idec) mostra que, nos \u00faltimos cinco anos, os reajustes dos planos de sa\u00fade coletivos chegaram a ser quase duas vezes maiores que os dos individuais. Segundo o estudo, quase todas as categorias de planos coletivos tiveram reajustes m\u00e9dios consistentemente superiores aos individuais. Enquanto a varia\u00e7\u00e3o do [&hellip;]","og_url":"https:\/\/www.notibras.com\/site\/plano-de-saude-coletivo-sobe-bem-acima-do-plano-individual\/","og_site_name":"Notibras","article_publisher":"https:\/\/www.facebook.com\/notibras\/","article_published_time":"2023-08-08T13:32:20+00:00","article_modified_time":"2023-08-08T13:33:54+00:00","og_image":[{"width":1170,"height":700,"url":"https:\/\/www.notibras.com\/site\/wp-content\/uploads\/2023\/08\/hospital-1.jpg","type":"image\/jpeg"}],"author":"Reda\u00e7\u00e3o","twitter_card":"summary_large_image","twitter_creator":"@Notibras","twitter_site":"@Notibras","twitter_misc":{"Escrito por":"Reda\u00e7\u00e3o","Est. tempo de leitura":"5 minutos"},"schema":{"@context":"https:\/\/schema.org","@graph":[{"@type":"Article","@id":"https:\/\/www.notibras.com\/site\/plano-de-saude-coletivo-sobe-bem-acima-do-plano-individual\/#article","isPartOf":{"@id":"https:\/\/www.notibras.com\/site\/plano-de-saude-coletivo-sobe-bem-acima-do-plano-individual\/"},"author":{"name":"Reda\u00e7\u00e3o","@id":"https:\/\/www.notibras.com\/site\/#\/schema\/person\/36ab0979449956132d3e5b517ea76ac8"},"headline":"Plano de sa\u00fade coletivo sobe bem acima do plano individual","datePublished":"2023-08-08T13:32:20+00:00","dateModified":"2023-08-08T13:33:54+00:00","mainEntityOfPage":{"@id":"https:\/\/www.notibras.com\/site\/plano-de-saude-coletivo-sobe-bem-acima-do-plano-individual\/"},"wordCount":819,"publisher":{"@id":"https:\/\/www.notibras.com\/site\/#organization"},"image":{"@id":"https:\/\/www.notibras.com\/site\/plano-de-saude-coletivo-sobe-bem-acima-do-plano-individual\/#primaryimage"},"thumbnailUrl":"https:\/\/www.notibras.com\/site\/wp-content\/uploads\/2023\/08\/hospital-1.jpg","keywords":["capa"],"articleSection":["Quadradinho em Foco"],"inLanguage":"pt-BR"},{"@type":"WebPage","@id":"https:\/\/www.notibras.com\/site\/plano-de-saude-coletivo-sobe-bem-acima-do-plano-individual\/","url":"https:\/\/www.notibras.com\/site\/plano-de-saude-coletivo-sobe-bem-acima-do-plano-individual\/","name":"Plano de sa\u00fade coletivo sobe bem acima do plano individual - Notibras","isPartOf":{"@id":"https:\/\/www.notibras.com\/site\/#website"},"primaryImageOfPage":{"@id":"https:\/\/www.notibras.com\/site\/plano-de-saude-coletivo-sobe-bem-acima-do-plano-individual\/#primaryimage"},"image":{"@id":"https:\/\/www.notibras.com\/site\/plano-de-saude-coletivo-sobe-bem-acima-do-plano-individual\/#primaryimage"},"thumbnailUrl":"https:\/\/www.notibras.com\/site\/wp-content\/uploads\/2023\/08\/hospital-1.jpg","datePublished":"2023-08-08T13:32:20+00:00","dateModified":"2023-08-08T13:33:54+00:00","breadcrumb":{"@id":"https:\/\/www.notibras.com\/site\/plano-de-saude-coletivo-sobe-bem-acima-do-plano-individual\/#breadcrumb"},"inLanguage":"pt-BR","potentialAction":[{"@type":"ReadAction","target":["https:\/\/www.notibras.com\/site\/plano-de-saude-coletivo-sobe-bem-acima-do-plano-individual\/"]}]},{"@type":"ImageObject","inLanguage":"pt-BR","@id":"https:\/\/www.notibras.com\/site\/plano-de-saude-coletivo-sobe-bem-acima-do-plano-individual\/#primaryimage","url":"https:\/\/www.notibras.com\/site\/wp-content\/uploads\/2023\/08\/hospital-1.jpg","contentUrl":"https:\/\/www.notibras.com\/site\/wp-content\/uploads\/2023\/08\/hospital-1.jpg","width":1170,"height":700,"caption":"Bras\u00edlia - Unidade de Terapia Intensiva (UTI) do Hospital Regional de Taguatinga. Em alguns hospitais do Distrito Federal faltam leitos para os pacientes. Foto: Marcello Casal JR\/ABr"},{"@type":"BreadcrumbList","@id":"https:\/\/www.notibras.com\/site\/plano-de-saude-coletivo-sobe-bem-acima-do-plano-individual\/#breadcrumb","itemListElement":[{"@type":"ListItem","position":1,"name":"In\u00edcio","item":"https:\/\/www.notibras.com\/site\/"},{"@type":"ListItem","position":2,"name":"Plano de sa\u00fade coletivo sobe bem acima do plano individual"}]},{"@type":"WebSite","@id":"https:\/\/www.notibras.com\/site\/#website","url":"https:\/\/www.notibras.com\/site\/","name":"Notibras","description":"Not\u00edcias de Bras\u00edlia, do Brasil e do Mundo","publisher":{"@id":"https:\/\/www.notibras.com\/site\/#organization"},"potentialAction":[{"@type":"SearchAction","target":{"@type":"EntryPoint","urlTemplate":"https:\/\/www.notibras.com\/site\/?s={search_term_string}"},"query-input":{"@type":"PropertyValueSpecification","valueRequired":true,"valueName":"search_term_string"}}],"inLanguage":"pt-BR"},{"@type":"Organization","@id":"https:\/\/www.notibras.com\/site\/#organization","name":"Grupo Notibras de Comunica\u00e7\u00e3o","url":"https:\/\/www.notibras.com\/site\/","logo":{"@type":"ImageObject","inLanguage":"pt-BR","@id":"https:\/\/www.notibras.com\/site\/#\/schema\/logo\/image\/","url":"https:\/\/www.notibras.com\/site\/wp-content\/uploads\/2023\/01\/notibras23.png","contentUrl":"https:\/\/www.notibras.com\/site\/wp-content\/uploads\/2023\/01\/notibras23.png","width":350,"height":87,"caption":"Grupo Notibras de Comunica\u00e7\u00e3o"},"image":{"@id":"https:\/\/www.notibras.com\/site\/#\/schema\/logo\/image\/"},"sameAs":["https:\/\/www.facebook.com\/notibras\/","https:\/\/x.com\/Notibras","https:\/\/www.instagram.com\/notibras\/"]},{"@type":"Person","@id":"https:\/\/www.notibras.com\/site\/#\/schema\/person\/36ab0979449956132d3e5b517ea76ac8","name":"Reda\u00e7\u00e3o","image":{"@type":"ImageObject","inLanguage":"pt-BR","@id":"https:\/\/secure.gravatar.com\/avatar\/e0a867bdedb85fd243eadf09663511f96fc81e0720a4a42581f334ad4303aa6b?s=96&d=mm&r=g","url":"https:\/\/secure.gravatar.com\/avatar\/e0a867bdedb85fd243eadf09663511f96fc81e0720a4a42581f334ad4303aa6b?s=96&d=mm&r=g","contentUrl":"https:\/\/secure.gravatar.com\/avatar\/e0a867bdedb85fd243eadf09663511f96fc81e0720a4a42581f334ad4303aa6b?s=96&d=mm&r=g","caption":"Reda\u00e7\u00e3o"}}]}},"amp_enabled":true,"_links":{"self":[{"href":"https:\/\/www.notibras.com\/site\/wp-json\/wp\/v2\/posts\/310528","targetHints":{"allow":["GET"]}}],"collection":[{"href":"https:\/\/www.notibras.com\/site\/wp-json\/wp\/v2\/posts"}],"about":[{"href":"https:\/\/www.notibras.com\/site\/wp-json\/wp\/v2\/types\/post"}],"author":[{"embeddable":true,"href":"https:\/\/www.notibras.com\/site\/wp-json\/wp\/v2\/users\/2"}],"replies":[{"embeddable":true,"href":"https:\/\/www.notibras.com\/site\/wp-json\/wp\/v2\/comments?post=310528"}],"version-history":[{"count":2,"href":"https:\/\/www.notibras.com\/site\/wp-json\/wp\/v2\/posts\/310528\/revisions"}],"predecessor-version":[{"id":310531,"href":"https:\/\/www.notibras.com\/site\/wp-json\/wp\/v2\/posts\/310528\/revisions\/310531"}],"wp:featuredmedia":[{"embeddable":true,"href":"https:\/\/www.notibras.com\/site\/wp-json\/wp\/v2\/media\/310529"}],"wp:attachment":[{"href":"https:\/\/www.notibras.com\/site\/wp-json\/wp\/v2\/media?parent=310528"}],"wp:term":[{"taxonomy":"category","embeddable":true,"href":"https:\/\/www.notibras.com\/site\/wp-json\/wp\/v2\/categories?post=310528"},{"taxonomy":"post_tag","embeddable":true,"href":"https:\/\/www.notibras.com\/site\/wp-json\/wp\/v2\/tags?post=310528"}],"curies":[{"name":"wp","href":"https:\/\/api.w.org\/{rel}","templated":true}]}}