{"id":310558,"date":"2023-08-08T20:33:15","date_gmt":"2023-08-08T23:33:15","guid":{"rendered":"https:\/\/www.notibras.com\/site\/?p=310558"},"modified":"2023-08-08T20:33:15","modified_gmt":"2023-08-08T23:33:15","slug":"novas-opcoes-de-pratos-na-festa-do-dia-dos-pais","status":"publish","type":"post","link":"https:\/\/www.notibras.com\/site\/novas-opcoes-de-pratos-na-festa-do-dia-dos-pais\/","title":{"rendered":"Novas op\u00e7\u00f5es de pratos na festa do Dia dos Pais"},"content":{"rendered":"<p>Celebra\u00e7\u00e3o em torno da mesa, com comida caprichada e farta para toda a fam\u00edlia ou amigos, \u00e9 uma marca registrada da gastronomia italiana. O Abbraccio, restaurante inspirado nesse lifestyle, traz agora ao card\u00e1pio um dos seus carros-chefes em vers\u00e3o generosa e novas op\u00e7\u00f5es para compartilhar. A Lasagna Bolognese, um dos cl\u00e1ssicos da It\u00e1lia e da marca, agora estar\u00e1 dispon\u00edvel em uma vers\u00e3o ideal para tr\u00eas pessoas, servida de maneira bastante generosa. O Fettuccine Alfredo di Pollo, chega para abrilhantar ainda mais o menu.<\/p>\n<p>Al\u00e9m deles, outras tr\u00eas receitas do Abbraccio, que j\u00e1 eram servidas em vers\u00f5es para duas pessoas, foram revisitadas e est\u00e3o ainda mais especiais e fartas, no tamanho ideal para compartilhar e confraternizar em momentos especiais. As novidades chegam ao menu a partir do 07 de agosto e s\u00e3o excelentes pedidas j\u00e1 para o Dia dos Pais.<\/p>\n<p>\u201cO Abbraccio \u00e9 um restaurante que tem uma caracter\u00edstica bastante agregadora de celebra\u00e7\u00e3o, seja para reuni\u00f5es em fam\u00edlia ou com os amigos. Os pratos para compartilhar sempre tiveram bastante aceita\u00e7\u00e3o por aqui, principalmente nos almo\u00e7os de fam\u00edlia e nas datas festivas. H\u00e1 algum tempo pensamos em ampliar e trazer novas op\u00e7\u00f5es nesse formato para o card\u00e1pio e agora \u00e9 o momento perfeito, com a proximidade do Dia dos Pais\u201d, conta Paula Zequetti, Gerente de Marketing de Abbraccio.<\/p>\n<p>Para come\u00e7ar, a Lasagna Bolognese, deliciosamente preparada com carne bovina e su\u00edna, molho pomodoro da casa e gratinada com mozzarella e parmes\u00e3o, al\u00e9m do molho pomodoro, ganhou vers\u00e3o para tr\u00eas pessoas &#8211; um t\u00edpico prato italiano, agora para toda a fam\u00edlia que sai a R$ 149,90. J\u00e1 o Fettucine Alfredo di Pollo, perfeitamente preparado com queijo parmes\u00e3o, alho e um toque de lim\u00e3o siciliano, servido com tiras de frango grelhado, vai \u00e0 mesa para dois, a R$ 114,90.<\/p>\n<p>Al\u00e9m dessas, outras op\u00e7\u00f5es tamb\u00e9m para a fam\u00edlia s\u00e3o o Fettuccine Filetto Marsala (R$ 129,90), com tiras de fil\u00e9 mignon, finalizado ao molho especial da casa, \u00e0 base de vinho Marsala, e um toque de prosciutto e cogumelos; o Spaghetti Pomodoro com Polpetti (R$ 129,90), servido com alm\u00f4ndegas preparadas com blend de carnes bovina e su\u00edna e um toque de ervas, ao molho pomodoro da casa; e o Mignon e Fettuccine al Pomodoro (R$ 124,90), massa fettuccine ao molho pomodoro e Alfredo, acompanhada de tiras de filet mignon. Todas as op\u00e7\u00f5es servem duas pessoas.<\/p>\n","protected":false},"excerpt":{"rendered":"<p>Celebra\u00e7\u00e3o em torno da mesa, com comida caprichada e farta para toda a fam\u00edlia ou amigos, \u00e9 uma marca registrada da gastronomia italiana. O Abbraccio, restaurante inspirado nesse lifestyle, traz agora ao card\u00e1pio um dos seus carros-chefes em vers\u00e3o generosa e novas op\u00e7\u00f5es para compartilhar. A Lasagna Bolognese, um dos cl\u00e1ssicos da It\u00e1lia e da [&hellip;]<\/p>\n","protected":false},"author":2,"featured_media":310559,"comment_status":"closed","ping_status":"closed","sticky":false,"template":"","format":"standard","meta":{"_acf_changed":false,"footnotes":""},"categories":[161],"tags":[],"class_list":["post-310558","post","type-post","status-publish","format-standard","has-post-thumbnail","hentry","category-quadradinho-em-foco"],"acf":[],"yoast_head":"<!-- This site is optimized with the Yoast SEO plugin v27.2 - https:\/\/yoast.com\/product\/yoast-seo-wordpress\/ -->\n<title>Novas op\u00e7\u00f5es de pratos na festa do Dia dos Pais - Notibras<\/title>\n<meta name=\"robots\" content=\"index, follow, max-snippet:-1, max-image-preview:large, max-video-preview:-1\" \/>\n<link rel=\"canonical\" href=\"https:\/\/www.notibras.com\/site\/novas-opcoes-de-pratos-na-festa-do-dia-dos-pais\/\" \/>\n<meta property=\"og:locale\" content=\"pt_BR\" \/>\n<meta property=\"og:type\" content=\"article\" \/>\n<meta property=\"og:title\" content=\"Novas op\u00e7\u00f5es de pratos na festa do Dia dos Pais - Notibras\" \/>\n<meta property=\"og:description\" content=\"Celebra\u00e7\u00e3o em torno da mesa, com comida caprichada e farta para toda a fam\u00edlia ou amigos, \u00e9 uma marca registrada da gastronomia italiana. O Abbraccio, restaurante inspirado nesse lifestyle, traz agora ao card\u00e1pio um dos seus carros-chefes em vers\u00e3o generosa e novas op\u00e7\u00f5es para compartilhar. A Lasagna Bolognese, um dos cl\u00e1ssicos da It\u00e1lia e da [&hellip;]\" \/>\n<meta property=\"og:url\" content=\"https:\/\/www.notibras.com\/site\/novas-opcoes-de-pratos-na-festa-do-dia-dos-pais\/\" \/>\n<meta property=\"og:site_name\" content=\"Notibras\" \/>\n<meta property=\"article:publisher\" content=\"https:\/\/www.facebook.com\/notibras\/\" \/>\n<meta property=\"article:published_time\" content=\"2023-08-08T23:33:15+00:00\" \/>\n<meta property=\"og:image\" content=\"https:\/\/www.notibras.com\/site\/wp-content\/uploads\/2023\/08\/unnamed-88.jpg\" \/>\n\t<meta property=\"og:image:width\" content=\"600\" \/>\n\t<meta property=\"og:image:height\" content=\"522\" \/>\n\t<meta property=\"og:image:type\" content=\"image\/jpeg\" \/>\n<meta name=\"author\" content=\"Reda\u00e7\u00e3o\" \/>\n<meta name=\"twitter:card\" content=\"summary_large_image\" \/>\n<meta name=\"twitter:creator\" content=\"@Notibras\" \/>\n<meta name=\"twitter:site\" content=\"@Notibras\" \/>\n<meta name=\"twitter:label1\" content=\"Escrito por\" \/>\n\t<meta name=\"twitter:data1\" content=\"Reda\u00e7\u00e3o\" \/>\n\t<meta name=\"twitter:label2\" content=\"Est. tempo de leitura\" \/>\n\t<meta name=\"twitter:data2\" content=\"3 minutos\" \/>\n<script type=\"application\/ld+json\" class=\"yoast-schema-graph\">{\"@context\":\"https:\/\/schema.org\",\"@graph\":[{\"@type\":\"Article\",\"@id\":\"https:\/\/www.notibras.com\/site\/novas-opcoes-de-pratos-na-festa-do-dia-dos-pais\/#article\",\"isPartOf\":{\"@id\":\"https:\/\/www.notibras.com\/site\/novas-opcoes-de-pratos-na-festa-do-dia-dos-pais\/\"},\"author\":{\"name\":\"Reda\u00e7\u00e3o\",\"@id\":\"https:\/\/www.notibras.com\/site\/#\/schema\/person\/36ab0979449956132d3e5b517ea76ac8\"},\"headline\":\"Novas op\u00e7\u00f5es de pratos na festa do Dia dos Pais\",\"datePublished\":\"2023-08-08T23:33:15+00:00\",\"mainEntityOfPage\":{\"@id\":\"https:\/\/www.notibras.com\/site\/novas-opcoes-de-pratos-na-festa-do-dia-dos-pais\/\"},\"wordCount\":430,\"publisher\":{\"@id\":\"https:\/\/www.notibras.com\/site\/#organization\"},\"image\":{\"@id\":\"https:\/\/www.notibras.com\/site\/novas-opcoes-de-pratos-na-festa-do-dia-dos-pais\/#primaryimage\"},\"thumbnailUrl\":\"https:\/\/www.notibras.com\/site\/wp-content\/uploads\/2023\/08\/unnamed-88.jpg\",\"articleSection\":[\"Quadradinho em Foco\"],\"inLanguage\":\"pt-BR\"},{\"@type\":\"WebPage\",\"@id\":\"https:\/\/www.notibras.com\/site\/novas-opcoes-de-pratos-na-festa-do-dia-dos-pais\/\",\"url\":\"https:\/\/www.notibras.com\/site\/novas-opcoes-de-pratos-na-festa-do-dia-dos-pais\/\",\"name\":\"Novas op\u00e7\u00f5es de pratos na festa do Dia dos Pais - Notibras\",\"isPartOf\":{\"@id\":\"https:\/\/www.notibras.com\/site\/#website\"},\"primaryImageOfPage\":{\"@id\":\"https:\/\/www.notibras.com\/site\/novas-opcoes-de-pratos-na-festa-do-dia-dos-pais\/#primaryimage\"},\"image\":{\"@id\":\"https:\/\/www.notibras.com\/site\/novas-opcoes-de-pratos-na-festa-do-dia-dos-pais\/#primaryimage\"},\"thumbnailUrl\":\"https:\/\/www.notibras.com\/site\/wp-content\/uploads\/2023\/08\/unnamed-88.jpg\",\"datePublished\":\"2023-08-08T23:33:15+00:00\",\"breadcrumb\":{\"@id\":\"https:\/\/www.notibras.com\/site\/novas-opcoes-de-pratos-na-festa-do-dia-dos-pais\/#breadcrumb\"},\"inLanguage\":\"pt-BR\",\"potentialAction\":[{\"@type\":\"ReadAction\",\"target\":[\"https:\/\/www.notibras.com\/site\/novas-opcoes-de-pratos-na-festa-do-dia-dos-pais\/\"]}]},{\"@type\":\"ImageObject\",\"inLanguage\":\"pt-BR\",\"@id\":\"https:\/\/www.notibras.com\/site\/novas-opcoes-de-pratos-na-festa-do-dia-dos-pais\/#primaryimage\",\"url\":\"https:\/\/www.notibras.com\/site\/wp-content\/uploads\/2023\/08\/unnamed-88.jpg\",\"contentUrl\":\"https:\/\/www.notibras.com\/site\/wp-content\/uploads\/2023\/08\/unnamed-88.jpg\",\"width\":600,\"height\":522},{\"@type\":\"BreadcrumbList\",\"@id\":\"https:\/\/www.notibras.com\/site\/novas-opcoes-de-pratos-na-festa-do-dia-dos-pais\/#breadcrumb\",\"itemListElement\":[{\"@type\":\"ListItem\",\"position\":1,\"name\":\"In\u00edcio\",\"item\":\"https:\/\/www.notibras.com\/site\/\"},{\"@type\":\"ListItem\",\"position\":2,\"name\":\"Novas op\u00e7\u00f5es de pratos na festa do Dia dos Pais\"}]},{\"@type\":\"WebSite\",\"@id\":\"https:\/\/www.notibras.com\/site\/#website\",\"url\":\"https:\/\/www.notibras.com\/site\/\",\"name\":\"Notibras\",\"description\":\"Not\u00edcias de Bras\u00edlia, do Brasil e do Mundo\",\"publisher\":{\"@id\":\"https:\/\/www.notibras.com\/site\/#organization\"},\"potentialAction\":[{\"@type\":\"SearchAction\",\"target\":{\"@type\":\"EntryPoint\",\"urlTemplate\":\"https:\/\/www.notibras.com\/site\/?s={search_term_string}\"},\"query-input\":{\"@type\":\"PropertyValueSpecification\",\"valueRequired\":true,\"valueName\":\"search_term_string\"}}],\"inLanguage\":\"pt-BR\"},{\"@type\":\"Organization\",\"@id\":\"https:\/\/www.notibras.com\/site\/#organization\",\"name\":\"Grupo Notibras de Comunica\u00e7\u00e3o\",\"url\":\"https:\/\/www.notibras.com\/site\/\",\"logo\":{\"@type\":\"ImageObject\",\"inLanguage\":\"pt-BR\",\"@id\":\"https:\/\/www.notibras.com\/site\/#\/schema\/logo\/image\/\",\"url\":\"https:\/\/www.notibras.com\/site\/wp-content\/uploads\/2023\/01\/notibras23.png\",\"contentUrl\":\"https:\/\/www.notibras.com\/site\/wp-content\/uploads\/2023\/01\/notibras23.png\",\"width\":350,\"height\":87,\"caption\":\"Grupo Notibras de Comunica\u00e7\u00e3o\"},\"image\":{\"@id\":\"https:\/\/www.notibras.com\/site\/#\/schema\/logo\/image\/\"},\"sameAs\":[\"https:\/\/www.facebook.com\/notibras\/\",\"https:\/\/x.com\/Notibras\",\"https:\/\/www.instagram.com\/notibras\/\"]},{\"@type\":\"Person\",\"@id\":\"https:\/\/www.notibras.com\/site\/#\/schema\/person\/36ab0979449956132d3e5b517ea76ac8\",\"name\":\"Reda\u00e7\u00e3o\",\"image\":{\"@type\":\"ImageObject\",\"inLanguage\":\"pt-BR\",\"@id\":\"https:\/\/secure.gravatar.com\/avatar\/e0a867bdedb85fd243eadf09663511f96fc81e0720a4a42581f334ad4303aa6b?s=96&d=mm&r=g\",\"url\":\"https:\/\/secure.gravatar.com\/avatar\/e0a867bdedb85fd243eadf09663511f96fc81e0720a4a42581f334ad4303aa6b?s=96&d=mm&r=g\",\"contentUrl\":\"https:\/\/secure.gravatar.com\/avatar\/e0a867bdedb85fd243eadf09663511f96fc81e0720a4a42581f334ad4303aa6b?s=96&d=mm&r=g\",\"caption\":\"Reda\u00e7\u00e3o\"}}]}<\/script>\n<!-- \/ Yoast SEO plugin. -->","yoast_head_json":{"title":"Novas op\u00e7\u00f5es de pratos na festa do Dia dos Pais - Notibras","robots":{"index":"index","follow":"follow","max-snippet":"max-snippet:-1","max-image-preview":"max-image-preview:large","max-video-preview":"max-video-preview:-1"},"canonical":"https:\/\/www.notibras.com\/site\/novas-opcoes-de-pratos-na-festa-do-dia-dos-pais\/","og_locale":"pt_BR","og_type":"article","og_title":"Novas op\u00e7\u00f5es de pratos na festa do Dia dos Pais - Notibras","og_description":"Celebra\u00e7\u00e3o em torno da mesa, com comida caprichada e farta para toda a fam\u00edlia ou amigos, \u00e9 uma marca registrada da gastronomia italiana. O Abbraccio, restaurante inspirado nesse lifestyle, traz agora ao card\u00e1pio um dos seus carros-chefes em vers\u00e3o generosa e novas op\u00e7\u00f5es para compartilhar. A Lasagna Bolognese, um dos cl\u00e1ssicos da It\u00e1lia e da [&hellip;]","og_url":"https:\/\/www.notibras.com\/site\/novas-opcoes-de-pratos-na-festa-do-dia-dos-pais\/","og_site_name":"Notibras","article_publisher":"https:\/\/www.facebook.com\/notibras\/","article_published_time":"2023-08-08T23:33:15+00:00","og_image":[{"width":600,"height":522,"url":"https:\/\/www.notibras.com\/site\/wp-content\/uploads\/2023\/08\/unnamed-88.jpg","type":"image\/jpeg"}],"author":"Reda\u00e7\u00e3o","twitter_card":"summary_large_image","twitter_creator":"@Notibras","twitter_site":"@Notibras","twitter_misc":{"Escrito por":"Reda\u00e7\u00e3o","Est. tempo de leitura":"3 minutos"},"schema":{"@context":"https:\/\/schema.org","@graph":[{"@type":"Article","@id":"https:\/\/www.notibras.com\/site\/novas-opcoes-de-pratos-na-festa-do-dia-dos-pais\/#article","isPartOf":{"@id":"https:\/\/www.notibras.com\/site\/novas-opcoes-de-pratos-na-festa-do-dia-dos-pais\/"},"author":{"name":"Reda\u00e7\u00e3o","@id":"https:\/\/www.notibras.com\/site\/#\/schema\/person\/36ab0979449956132d3e5b517ea76ac8"},"headline":"Novas op\u00e7\u00f5es de pratos na festa do Dia dos Pais","datePublished":"2023-08-08T23:33:15+00:00","mainEntityOfPage":{"@id":"https:\/\/www.notibras.com\/site\/novas-opcoes-de-pratos-na-festa-do-dia-dos-pais\/"},"wordCount":430,"publisher":{"@id":"https:\/\/www.notibras.com\/site\/#organization"},"image":{"@id":"https:\/\/www.notibras.com\/site\/novas-opcoes-de-pratos-na-festa-do-dia-dos-pais\/#primaryimage"},"thumbnailUrl":"https:\/\/www.notibras.com\/site\/wp-content\/uploads\/2023\/08\/unnamed-88.jpg","articleSection":["Quadradinho em Foco"],"inLanguage":"pt-BR"},{"@type":"WebPage","@id":"https:\/\/www.notibras.com\/site\/novas-opcoes-de-pratos-na-festa-do-dia-dos-pais\/","url":"https:\/\/www.notibras.com\/site\/novas-opcoes-de-pratos-na-festa-do-dia-dos-pais\/","name":"Novas op\u00e7\u00f5es de pratos na festa do Dia dos Pais - Notibras","isPartOf":{"@id":"https:\/\/www.notibras.com\/site\/#website"},"primaryImageOfPage":{"@id":"https:\/\/www.notibras.com\/site\/novas-opcoes-de-pratos-na-festa-do-dia-dos-pais\/#primaryimage"},"image":{"@id":"https:\/\/www.notibras.com\/site\/novas-opcoes-de-pratos-na-festa-do-dia-dos-pais\/#primaryimage"},"thumbnailUrl":"https:\/\/www.notibras.com\/site\/wp-content\/uploads\/2023\/08\/unnamed-88.jpg","datePublished":"2023-08-08T23:33:15+00:00","breadcrumb":{"@id":"https:\/\/www.notibras.com\/site\/novas-opcoes-de-pratos-na-festa-do-dia-dos-pais\/#breadcrumb"},"inLanguage":"pt-BR","potentialAction":[{"@type":"ReadAction","target":["https:\/\/www.notibras.com\/site\/novas-opcoes-de-pratos-na-festa-do-dia-dos-pais\/"]}]},{"@type":"ImageObject","inLanguage":"pt-BR","@id":"https:\/\/www.notibras.com\/site\/novas-opcoes-de-pratos-na-festa-do-dia-dos-pais\/#primaryimage","url":"https:\/\/www.notibras.com\/site\/wp-content\/uploads\/2023\/08\/unnamed-88.jpg","contentUrl":"https:\/\/www.notibras.com\/site\/wp-content\/uploads\/2023\/08\/unnamed-88.jpg","width":600,"height":522},{"@type":"BreadcrumbList","@id":"https:\/\/www.notibras.com\/site\/novas-opcoes-de-pratos-na-festa-do-dia-dos-pais\/#breadcrumb","itemListElement":[{"@type":"ListItem","position":1,"name":"In\u00edcio","item":"https:\/\/www.notibras.com\/site\/"},{"@type":"ListItem","position":2,"name":"Novas op\u00e7\u00f5es de pratos na festa do Dia dos Pais"}]},{"@type":"WebSite","@id":"https:\/\/www.notibras.com\/site\/#website","url":"https:\/\/www.notibras.com\/site\/","name":"Notibras","description":"Not\u00edcias de Bras\u00edlia, do Brasil e do Mundo","publisher":{"@id":"https:\/\/www.notibras.com\/site\/#organization"},"potentialAction":[{"@type":"SearchAction","target":{"@type":"EntryPoint","urlTemplate":"https:\/\/www.notibras.com\/site\/?s={search_term_string}"},"query-input":{"@type":"PropertyValueSpecification","valueRequired":true,"valueName":"search_term_string"}}],"inLanguage":"pt-BR"},{"@type":"Organization","@id":"https:\/\/www.notibras.com\/site\/#organization","name":"Grupo Notibras de Comunica\u00e7\u00e3o","url":"https:\/\/www.notibras.com\/site\/","logo":{"@type":"ImageObject","inLanguage":"pt-BR","@id":"https:\/\/www.notibras.com\/site\/#\/schema\/logo\/image\/","url":"https:\/\/www.notibras.com\/site\/wp-content\/uploads\/2023\/01\/notibras23.png","contentUrl":"https:\/\/www.notibras.com\/site\/wp-content\/uploads\/2023\/01\/notibras23.png","width":350,"height":87,"caption":"Grupo Notibras de Comunica\u00e7\u00e3o"},"image":{"@id":"https:\/\/www.notibras.com\/site\/#\/schema\/logo\/image\/"},"sameAs":["https:\/\/www.facebook.com\/notibras\/","https:\/\/x.com\/Notibras","https:\/\/www.instagram.com\/notibras\/"]},{"@type":"Person","@id":"https:\/\/www.notibras.com\/site\/#\/schema\/person\/36ab0979449956132d3e5b517ea76ac8","name":"Reda\u00e7\u00e3o","image":{"@type":"ImageObject","inLanguage":"pt-BR","@id":"https:\/\/secure.gravatar.com\/avatar\/e0a867bdedb85fd243eadf09663511f96fc81e0720a4a42581f334ad4303aa6b?s=96&d=mm&r=g","url":"https:\/\/secure.gravatar.com\/avatar\/e0a867bdedb85fd243eadf09663511f96fc81e0720a4a42581f334ad4303aa6b?s=96&d=mm&r=g","contentUrl":"https:\/\/secure.gravatar.com\/avatar\/e0a867bdedb85fd243eadf09663511f96fc81e0720a4a42581f334ad4303aa6b?s=96&d=mm&r=g","caption":"Reda\u00e7\u00e3o"}}]}},"amp_enabled":true,"_links":{"self":[{"href":"https:\/\/www.notibras.com\/site\/wp-json\/wp\/v2\/posts\/310558","targetHints":{"allow":["GET"]}}],"collection":[{"href":"https:\/\/www.notibras.com\/site\/wp-json\/wp\/v2\/posts"}],"about":[{"href":"https:\/\/www.notibras.com\/site\/wp-json\/wp\/v2\/types\/post"}],"author":[{"embeddable":true,"href":"https:\/\/www.notibras.com\/site\/wp-json\/wp\/v2\/users\/2"}],"replies":[{"embeddable":true,"href":"https:\/\/www.notibras.com\/site\/wp-json\/wp\/v2\/comments?post=310558"}],"version-history":[{"count":1,"href":"https:\/\/www.notibras.com\/site\/wp-json\/wp\/v2\/posts\/310558\/revisions"}],"predecessor-version":[{"id":310560,"href":"https:\/\/www.notibras.com\/site\/wp-json\/wp\/v2\/posts\/310558\/revisions\/310560"}],"wp:featuredmedia":[{"embeddable":true,"href":"https:\/\/www.notibras.com\/site\/wp-json\/wp\/v2\/media\/310559"}],"wp:attachment":[{"href":"https:\/\/www.notibras.com\/site\/wp-json\/wp\/v2\/media?parent=310558"}],"wp:term":[{"taxonomy":"category","embeddable":true,"href":"https:\/\/www.notibras.com\/site\/wp-json\/wp\/v2\/categories?post=310558"},{"taxonomy":"post_tag","embeddable":true,"href":"https:\/\/www.notibras.com\/site\/wp-json\/wp\/v2\/tags?post=310558"}],"curies":[{"name":"wp","href":"https:\/\/api.w.org\/{rel}","templated":true}]}}