{"id":310589,"date":"2023-08-09T00:00:55","date_gmt":"2023-08-09T03:00:55","guid":{"rendered":"https:\/\/www.notibras.com\/site\/?p=310589"},"modified":"2023-08-09T07:05:45","modified_gmt":"2023-08-09T10:05:45","slug":"suplemento-que-promete-curar-catarata-sai-do-mercado","status":"publish","type":"post","link":"https:\/\/www.notibras.com\/site\/suplemento-que-promete-curar-catarata-sai-do-mercado\/","title":{"rendered":"Suplemento que promete curar catarata sai do mercado"},"content":{"rendered":"<p>A Ag\u00eancia Nacional de Vigil\u00e2ncia Sanit\u00e1ria (Anvisa) proibiu a fabrica\u00e7\u00e3o, distribui\u00e7\u00e3o, venda, promo\u00e7\u00e3o e o uso de suplementos alimentares que alegavam, em sua publicidade, serem capazes de tratar doen\u00e7as oculares como catarata, glaucoma e degenera\u00e7\u00e3o macular. Em nota, o Conselho Brasileiro de Oftalmologia (CBO) refor\u00e7ou o alerta para os riscos da comercializa\u00e7\u00e3o de tais produtos com a promessa de cura.<\/p>\n<p>O conselho chegou a receber diversos comunicados de seus associados sobre a venda de suplementos alimentares com a promessa de cura e tratamento de doen\u00e7as oculares. Nas propagandas, os respons\u00e1veis pelos produtos alegavam que a ingest\u00e3o dessas subst\u00e2ncias teria como efeito a melhora da vis\u00e3o de perto e longe, da vis\u00e3o emba\u00e7ada e da press\u00e3o ocular e da catarata, al\u00e9m de prevenir o surgimento e o agravamento de problemas de vis\u00e3o.<\/p>\n<p>\u201cA decis\u00e3o da Anvisa \u00e9 uma vit\u00f3ria importante, pois protege a popula\u00e7\u00e3o de propagandas enganosas e, principalmente, dos potenciais efeitos colaterais e da inefic\u00e1cia de produtos que n\u00e3o auxiliar\u00e3o no tratamento de doen\u00e7as oculares\u201d, avaliou, em nota, o presidente do conselho, Cristiano Caixeta Umbelino.<\/p>\n<p>Propaganda enganosa<br \/>\nEm comunicado, a Anvisa alerta quanto \u00e0s propagandas de produtos \u201ccom promessas milagrosas\u201d, veiculadas na internet e em outros meios de comunica\u00e7\u00e3o, que prometem prevenir, tratar e curar doen\u00e7as e agravos \u00e0 sa\u00fade, al\u00e9m de melhorar problemas est\u00e9ticos. \u201cMuitas vezes, esses produtos s\u00e3o vendidos como suplementos alimentares, ou seja, alimentos fontes de nutrientes e outras subst\u00e2ncias bioativas, para os quais n\u00e3o h\u00e1 nenhuma comprova\u00e7\u00e3o junto \u00e0 ag\u00eancia de a\u00e7\u00e3o terap\u00eautica ou est\u00e9tica.\u201d<\/p>\n<p>\u201cA Anvisa n\u00e3o aprovou nenhuma alega\u00e7\u00e3o desse tipo para suplementos alimentares e a legisla\u00e7\u00e3o sanit\u00e1ria pro\u00edbe expressamente que alimentos fa\u00e7am alega\u00e7\u00f5es de tratamento, cura, preven\u00e7\u00e3o de doen\u00e7as e agravos \u00e0 sa\u00fade. Dessa forma, qualquer propaganda de suplementos alimentares que contenha esse tipo de alega\u00e7\u00e3o \u00e9 irregular.\u201d<\/p>\n<p>Orienta\u00e7\u00f5es ao consumidor<br \/>\nA ag\u00eancia recomenda que o consumidor n\u00e3o compre nem utilize suplementos alimentares que prometam agir nas situa\u00e7\u00f5es listadas a seguir:<\/p>\n<p>&#8211; Emagrecimento;<\/p>\n<p>&#8211; Aumento da musculatura;<\/p>\n<p>&#8211; Diminui\u00e7\u00e3o de rugas, celulite, estrias, flacidez;<\/p>\n<p>&#8211; Melhora das fun\u00e7\u00f5es sexuais;<\/p>\n<p>&#8211; Aumento da fertilidade, melhora ou al\u00edvio de sintomas relacionados \u00e0 tens\u00e3o pr\u00e9-menstrual, menopausa;<\/p>\n<p>&#8211; Aumento da aten\u00e7\u00e3o e foco;<\/p>\n<p>&#8211; Doen\u00e7as degenerativas, como mal de Alzheimer, dem\u00eancia, doen\u00e7a de Parkinson;<\/p>\n<p>&#8211; C\u00e2ncer;<\/p>\n<p>&#8211; Problemas de aumento da pr\u00f3stata e disfun\u00e7\u00e3o urin\u00e1ria;<\/p>\n<p>&#8211; Problemas de vis\u00e3o;<\/p>\n<p>&#8211; Doen\u00e7as do cora\u00e7\u00e3o, press\u00e3o alta, colesterol e triglicer\u00eddeos sangu\u00edneos elevados;<\/p>\n<p>&#8211; Melhora da glicose sangu\u00ednea, diabetes e n\u00edveis de insulina;<\/p>\n<p>&#8211; Problemas gastrointestinais, como gastrite, m\u00e1 digest\u00e3o;<\/p>\n<p>&#8211; Gripe, resfriado, covid-19, pneumonia;<\/p>\n<p>&#8211; Labirintite, zumbido no ouvido (tinitus);<\/p>\n<p>&#8211; Dist\u00farbios do sono, ins\u00f4nia.<\/p>\n<p>==========<\/p>\n<p>&nbsp;<\/p>\n","protected":false},"excerpt":{"rendered":"<p>A Ag\u00eancia Nacional de Vigil\u00e2ncia Sanit\u00e1ria (Anvisa) proibiu a fabrica\u00e7\u00e3o, distribui\u00e7\u00e3o, venda, promo\u00e7\u00e3o e o uso de suplementos alimentares que alegavam, em sua publicidade, serem capazes de tratar doen\u00e7as oculares como catarata, glaucoma e degenera\u00e7\u00e3o macular. Em nota, o Conselho Brasileiro de Oftalmologia (CBO) refor\u00e7ou o alerta para os riscos da comercializa\u00e7\u00e3o de tais produtos [&hellip;]<\/p>\n","protected":false},"author":2,"featured_media":310590,"comment_status":"closed","ping_status":"closed","sticky":false,"template":"","format":"standard","meta":{"_acf_changed":false,"footnotes":""},"categories":[161],"tags":[],"class_list":["post-310589","post","type-post","status-publish","format-standard","has-post-thumbnail","hentry","category-quadradinho-em-foco"],"acf":[],"yoast_head":"<!-- This site is optimized with the Yoast SEO plugin v27.2 - https:\/\/yoast.com\/product\/yoast-seo-wordpress\/ -->\n<title>Suplemento que promete curar catarata sai do mercado - Notibras<\/title>\n<meta name=\"robots\" content=\"index, follow, max-snippet:-1, max-image-preview:large, max-video-preview:-1\" \/>\n<link rel=\"canonical\" href=\"https:\/\/www.notibras.com\/site\/suplemento-que-promete-curar-catarata-sai-do-mercado\/\" \/>\n<meta property=\"og:locale\" content=\"pt_BR\" \/>\n<meta property=\"og:type\" content=\"article\" \/>\n<meta property=\"og:title\" content=\"Suplemento que promete curar catarata sai do mercado - Notibras\" \/>\n<meta property=\"og:description\" content=\"A Ag\u00eancia Nacional de Vigil\u00e2ncia Sanit\u00e1ria (Anvisa) proibiu a fabrica\u00e7\u00e3o, distribui\u00e7\u00e3o, venda, promo\u00e7\u00e3o e o uso de suplementos alimentares que alegavam, em sua publicidade, serem capazes de tratar doen\u00e7as oculares como catarata, glaucoma e degenera\u00e7\u00e3o macular. Em nota, o Conselho Brasileiro de Oftalmologia (CBO) refor\u00e7ou o alerta para os riscos da comercializa\u00e7\u00e3o de tais produtos [&hellip;]\" \/>\n<meta property=\"og:url\" content=\"https:\/\/www.notibras.com\/site\/suplemento-que-promete-curar-catarata-sai-do-mercado\/\" \/>\n<meta property=\"og:site_name\" content=\"Notibras\" \/>\n<meta property=\"article:publisher\" content=\"https:\/\/www.facebook.com\/notibras\/\" \/>\n<meta property=\"article:published_time\" content=\"2023-08-09T03:00:55+00:00\" \/>\n<meta property=\"article:modified_time\" content=\"2023-08-09T10:05:45+00:00\" \/>\n<meta property=\"og:image\" content=\"https:\/\/www.notibras.com\/site\/wp-content\/uploads\/2023\/08\/olho.risco_.jpg\" \/>\n\t<meta property=\"og:image:width\" content=\"1170\" \/>\n\t<meta property=\"og:image:height\" content=\"700\" \/>\n\t<meta property=\"og:image:type\" content=\"image\/jpeg\" \/>\n<meta name=\"author\" content=\"Reda\u00e7\u00e3o\" \/>\n<meta name=\"twitter:card\" content=\"summary_large_image\" \/>\n<meta name=\"twitter:creator\" content=\"@Notibras\" \/>\n<meta name=\"twitter:site\" content=\"@Notibras\" \/>\n<meta name=\"twitter:label1\" content=\"Escrito por\" \/>\n\t<meta name=\"twitter:data1\" content=\"Reda\u00e7\u00e3o\" \/>\n\t<meta name=\"twitter:label2\" content=\"Est. tempo de leitura\" \/>\n\t<meta name=\"twitter:data2\" content=\"3 minutos\" \/>\n<script type=\"application\/ld+json\" class=\"yoast-schema-graph\">{\"@context\":\"https:\/\/schema.org\",\"@graph\":[{\"@type\":\"Article\",\"@id\":\"https:\/\/www.notibras.com\/site\/suplemento-que-promete-curar-catarata-sai-do-mercado\/#article\",\"isPartOf\":{\"@id\":\"https:\/\/www.notibras.com\/site\/suplemento-que-promete-curar-catarata-sai-do-mercado\/\"},\"author\":{\"name\":\"Reda\u00e7\u00e3o\",\"@id\":\"https:\/\/www.notibras.com\/site\/#\/schema\/person\/36ab0979449956132d3e5b517ea76ac8\"},\"headline\":\"Suplemento que promete curar catarata sai do mercado\",\"datePublished\":\"2023-08-09T03:00:55+00:00\",\"dateModified\":\"2023-08-09T10:05:45+00:00\",\"mainEntityOfPage\":{\"@id\":\"https:\/\/www.notibras.com\/site\/suplemento-que-promete-curar-catarata-sai-do-mercado\/\"},\"wordCount\":508,\"publisher\":{\"@id\":\"https:\/\/www.notibras.com\/site\/#organization\"},\"image\":{\"@id\":\"https:\/\/www.notibras.com\/site\/suplemento-que-promete-curar-catarata-sai-do-mercado\/#primaryimage\"},\"thumbnailUrl\":\"https:\/\/www.notibras.com\/site\/wp-content\/uploads\/2023\/08\/olho.risco_.jpg\",\"articleSection\":[\"Quadradinho em Foco\"],\"inLanguage\":\"pt-BR\"},{\"@type\":\"WebPage\",\"@id\":\"https:\/\/www.notibras.com\/site\/suplemento-que-promete-curar-catarata-sai-do-mercado\/\",\"url\":\"https:\/\/www.notibras.com\/site\/suplemento-que-promete-curar-catarata-sai-do-mercado\/\",\"name\":\"Suplemento que promete curar catarata sai do mercado - Notibras\",\"isPartOf\":{\"@id\":\"https:\/\/www.notibras.com\/site\/#website\"},\"primaryImageOfPage\":{\"@id\":\"https:\/\/www.notibras.com\/site\/suplemento-que-promete-curar-catarata-sai-do-mercado\/#primaryimage\"},\"image\":{\"@id\":\"https:\/\/www.notibras.com\/site\/suplemento-que-promete-curar-catarata-sai-do-mercado\/#primaryimage\"},\"thumbnailUrl\":\"https:\/\/www.notibras.com\/site\/wp-content\/uploads\/2023\/08\/olho.risco_.jpg\",\"datePublished\":\"2023-08-09T03:00:55+00:00\",\"dateModified\":\"2023-08-09T10:05:45+00:00\",\"breadcrumb\":{\"@id\":\"https:\/\/www.notibras.com\/site\/suplemento-que-promete-curar-catarata-sai-do-mercado\/#breadcrumb\"},\"inLanguage\":\"pt-BR\",\"potentialAction\":[{\"@type\":\"ReadAction\",\"target\":[\"https:\/\/www.notibras.com\/site\/suplemento-que-promete-curar-catarata-sai-do-mercado\/\"]}]},{\"@type\":\"ImageObject\",\"inLanguage\":\"pt-BR\",\"@id\":\"https:\/\/www.notibras.com\/site\/suplemento-que-promete-curar-catarata-sai-do-mercado\/#primaryimage\",\"url\":\"https:\/\/www.notibras.com\/site\/wp-content\/uploads\/2023\/08\/olho.risco_.jpg\",\"contentUrl\":\"https:\/\/www.notibras.com\/site\/wp-content\/uploads\/2023\/08\/olho.risco_.jpg\",\"width\":1170,\"height\":700},{\"@type\":\"BreadcrumbList\",\"@id\":\"https:\/\/www.notibras.com\/site\/suplemento-que-promete-curar-catarata-sai-do-mercado\/#breadcrumb\",\"itemListElement\":[{\"@type\":\"ListItem\",\"position\":1,\"name\":\"In\u00edcio\",\"item\":\"https:\/\/www.notibras.com\/site\/\"},{\"@type\":\"ListItem\",\"position\":2,\"name\":\"Suplemento que promete curar catarata sai do mercado\"}]},{\"@type\":\"WebSite\",\"@id\":\"https:\/\/www.notibras.com\/site\/#website\",\"url\":\"https:\/\/www.notibras.com\/site\/\",\"name\":\"Notibras\",\"description\":\"Not\u00edcias de Bras\u00edlia, do Brasil e do Mundo\",\"publisher\":{\"@id\":\"https:\/\/www.notibras.com\/site\/#organization\"},\"potentialAction\":[{\"@type\":\"SearchAction\",\"target\":{\"@type\":\"EntryPoint\",\"urlTemplate\":\"https:\/\/www.notibras.com\/site\/?s={search_term_string}\"},\"query-input\":{\"@type\":\"PropertyValueSpecification\",\"valueRequired\":true,\"valueName\":\"search_term_string\"}}],\"inLanguage\":\"pt-BR\"},{\"@type\":\"Organization\",\"@id\":\"https:\/\/www.notibras.com\/site\/#organization\",\"name\":\"Grupo Notibras de Comunica\u00e7\u00e3o\",\"url\":\"https:\/\/www.notibras.com\/site\/\",\"logo\":{\"@type\":\"ImageObject\",\"inLanguage\":\"pt-BR\",\"@id\":\"https:\/\/www.notibras.com\/site\/#\/schema\/logo\/image\/\",\"url\":\"https:\/\/www.notibras.com\/site\/wp-content\/uploads\/2023\/01\/notibras23.png\",\"contentUrl\":\"https:\/\/www.notibras.com\/site\/wp-content\/uploads\/2023\/01\/notibras23.png\",\"width\":350,\"height\":87,\"caption\":\"Grupo Notibras de Comunica\u00e7\u00e3o\"},\"image\":{\"@id\":\"https:\/\/www.notibras.com\/site\/#\/schema\/logo\/image\/\"},\"sameAs\":[\"https:\/\/www.facebook.com\/notibras\/\",\"https:\/\/x.com\/Notibras\",\"https:\/\/www.instagram.com\/notibras\/\"]},{\"@type\":\"Person\",\"@id\":\"https:\/\/www.notibras.com\/site\/#\/schema\/person\/36ab0979449956132d3e5b517ea76ac8\",\"name\":\"Reda\u00e7\u00e3o\",\"image\":{\"@type\":\"ImageObject\",\"inLanguage\":\"pt-BR\",\"@id\":\"https:\/\/secure.gravatar.com\/avatar\/e0a867bdedb85fd243eadf09663511f96fc81e0720a4a42581f334ad4303aa6b?s=96&d=mm&r=g\",\"url\":\"https:\/\/secure.gravatar.com\/avatar\/e0a867bdedb85fd243eadf09663511f96fc81e0720a4a42581f334ad4303aa6b?s=96&d=mm&r=g\",\"contentUrl\":\"https:\/\/secure.gravatar.com\/avatar\/e0a867bdedb85fd243eadf09663511f96fc81e0720a4a42581f334ad4303aa6b?s=96&d=mm&r=g\",\"caption\":\"Reda\u00e7\u00e3o\"}}]}<\/script>\n<!-- \/ Yoast SEO plugin. -->","yoast_head_json":{"title":"Suplemento que promete curar catarata sai do mercado - Notibras","robots":{"index":"index","follow":"follow","max-snippet":"max-snippet:-1","max-image-preview":"max-image-preview:large","max-video-preview":"max-video-preview:-1"},"canonical":"https:\/\/www.notibras.com\/site\/suplemento-que-promete-curar-catarata-sai-do-mercado\/","og_locale":"pt_BR","og_type":"article","og_title":"Suplemento que promete curar catarata sai do mercado - Notibras","og_description":"A Ag\u00eancia Nacional de Vigil\u00e2ncia Sanit\u00e1ria (Anvisa) proibiu a fabrica\u00e7\u00e3o, distribui\u00e7\u00e3o, venda, promo\u00e7\u00e3o e o uso de suplementos alimentares que alegavam, em sua publicidade, serem capazes de tratar doen\u00e7as oculares como catarata, glaucoma e degenera\u00e7\u00e3o macular. Em nota, o Conselho Brasileiro de Oftalmologia (CBO) refor\u00e7ou o alerta para os riscos da comercializa\u00e7\u00e3o de tais produtos [&hellip;]","og_url":"https:\/\/www.notibras.com\/site\/suplemento-que-promete-curar-catarata-sai-do-mercado\/","og_site_name":"Notibras","article_publisher":"https:\/\/www.facebook.com\/notibras\/","article_published_time":"2023-08-09T03:00:55+00:00","article_modified_time":"2023-08-09T10:05:45+00:00","og_image":[{"width":1170,"height":700,"url":"https:\/\/www.notibras.com\/site\/wp-content\/uploads\/2023\/08\/olho.risco_.jpg","type":"image\/jpeg"}],"author":"Reda\u00e7\u00e3o","twitter_card":"summary_large_image","twitter_creator":"@Notibras","twitter_site":"@Notibras","twitter_misc":{"Escrito por":"Reda\u00e7\u00e3o","Est. tempo de leitura":"3 minutos"},"schema":{"@context":"https:\/\/schema.org","@graph":[{"@type":"Article","@id":"https:\/\/www.notibras.com\/site\/suplemento-que-promete-curar-catarata-sai-do-mercado\/#article","isPartOf":{"@id":"https:\/\/www.notibras.com\/site\/suplemento-que-promete-curar-catarata-sai-do-mercado\/"},"author":{"name":"Reda\u00e7\u00e3o","@id":"https:\/\/www.notibras.com\/site\/#\/schema\/person\/36ab0979449956132d3e5b517ea76ac8"},"headline":"Suplemento que promete curar catarata sai do mercado","datePublished":"2023-08-09T03:00:55+00:00","dateModified":"2023-08-09T10:05:45+00:00","mainEntityOfPage":{"@id":"https:\/\/www.notibras.com\/site\/suplemento-que-promete-curar-catarata-sai-do-mercado\/"},"wordCount":508,"publisher":{"@id":"https:\/\/www.notibras.com\/site\/#organization"},"image":{"@id":"https:\/\/www.notibras.com\/site\/suplemento-que-promete-curar-catarata-sai-do-mercado\/#primaryimage"},"thumbnailUrl":"https:\/\/www.notibras.com\/site\/wp-content\/uploads\/2023\/08\/olho.risco_.jpg","articleSection":["Quadradinho em Foco"],"inLanguage":"pt-BR"},{"@type":"WebPage","@id":"https:\/\/www.notibras.com\/site\/suplemento-que-promete-curar-catarata-sai-do-mercado\/","url":"https:\/\/www.notibras.com\/site\/suplemento-que-promete-curar-catarata-sai-do-mercado\/","name":"Suplemento que promete curar catarata sai do mercado - Notibras","isPartOf":{"@id":"https:\/\/www.notibras.com\/site\/#website"},"primaryImageOfPage":{"@id":"https:\/\/www.notibras.com\/site\/suplemento-que-promete-curar-catarata-sai-do-mercado\/#primaryimage"},"image":{"@id":"https:\/\/www.notibras.com\/site\/suplemento-que-promete-curar-catarata-sai-do-mercado\/#primaryimage"},"thumbnailUrl":"https:\/\/www.notibras.com\/site\/wp-content\/uploads\/2023\/08\/olho.risco_.jpg","datePublished":"2023-08-09T03:00:55+00:00","dateModified":"2023-08-09T10:05:45+00:00","breadcrumb":{"@id":"https:\/\/www.notibras.com\/site\/suplemento-que-promete-curar-catarata-sai-do-mercado\/#breadcrumb"},"inLanguage":"pt-BR","potentialAction":[{"@type":"ReadAction","target":["https:\/\/www.notibras.com\/site\/suplemento-que-promete-curar-catarata-sai-do-mercado\/"]}]},{"@type":"ImageObject","inLanguage":"pt-BR","@id":"https:\/\/www.notibras.com\/site\/suplemento-que-promete-curar-catarata-sai-do-mercado\/#primaryimage","url":"https:\/\/www.notibras.com\/site\/wp-content\/uploads\/2023\/08\/olho.risco_.jpg","contentUrl":"https:\/\/www.notibras.com\/site\/wp-content\/uploads\/2023\/08\/olho.risco_.jpg","width":1170,"height":700},{"@type":"BreadcrumbList","@id":"https:\/\/www.notibras.com\/site\/suplemento-que-promete-curar-catarata-sai-do-mercado\/#breadcrumb","itemListElement":[{"@type":"ListItem","position":1,"name":"In\u00edcio","item":"https:\/\/www.notibras.com\/site\/"},{"@type":"ListItem","position":2,"name":"Suplemento que promete curar catarata sai do mercado"}]},{"@type":"WebSite","@id":"https:\/\/www.notibras.com\/site\/#website","url":"https:\/\/www.notibras.com\/site\/","name":"Notibras","description":"Not\u00edcias de Bras\u00edlia, do Brasil e do Mundo","publisher":{"@id":"https:\/\/www.notibras.com\/site\/#organization"},"potentialAction":[{"@type":"SearchAction","target":{"@type":"EntryPoint","urlTemplate":"https:\/\/www.notibras.com\/site\/?s={search_term_string}"},"query-input":{"@type":"PropertyValueSpecification","valueRequired":true,"valueName":"search_term_string"}}],"inLanguage":"pt-BR"},{"@type":"Organization","@id":"https:\/\/www.notibras.com\/site\/#organization","name":"Grupo Notibras de Comunica\u00e7\u00e3o","url":"https:\/\/www.notibras.com\/site\/","logo":{"@type":"ImageObject","inLanguage":"pt-BR","@id":"https:\/\/www.notibras.com\/site\/#\/schema\/logo\/image\/","url":"https:\/\/www.notibras.com\/site\/wp-content\/uploads\/2023\/01\/notibras23.png","contentUrl":"https:\/\/www.notibras.com\/site\/wp-content\/uploads\/2023\/01\/notibras23.png","width":350,"height":87,"caption":"Grupo Notibras de Comunica\u00e7\u00e3o"},"image":{"@id":"https:\/\/www.notibras.com\/site\/#\/schema\/logo\/image\/"},"sameAs":["https:\/\/www.facebook.com\/notibras\/","https:\/\/x.com\/Notibras","https:\/\/www.instagram.com\/notibras\/"]},{"@type":"Person","@id":"https:\/\/www.notibras.com\/site\/#\/schema\/person\/36ab0979449956132d3e5b517ea76ac8","name":"Reda\u00e7\u00e3o","image":{"@type":"ImageObject","inLanguage":"pt-BR","@id":"https:\/\/secure.gravatar.com\/avatar\/e0a867bdedb85fd243eadf09663511f96fc81e0720a4a42581f334ad4303aa6b?s=96&d=mm&r=g","url":"https:\/\/secure.gravatar.com\/avatar\/e0a867bdedb85fd243eadf09663511f96fc81e0720a4a42581f334ad4303aa6b?s=96&d=mm&r=g","contentUrl":"https:\/\/secure.gravatar.com\/avatar\/e0a867bdedb85fd243eadf09663511f96fc81e0720a4a42581f334ad4303aa6b?s=96&d=mm&r=g","caption":"Reda\u00e7\u00e3o"}}]}},"amp_enabled":true,"_links":{"self":[{"href":"https:\/\/www.notibras.com\/site\/wp-json\/wp\/v2\/posts\/310589","targetHints":{"allow":["GET"]}}],"collection":[{"href":"https:\/\/www.notibras.com\/site\/wp-json\/wp\/v2\/posts"}],"about":[{"href":"https:\/\/www.notibras.com\/site\/wp-json\/wp\/v2\/types\/post"}],"author":[{"embeddable":true,"href":"https:\/\/www.notibras.com\/site\/wp-json\/wp\/v2\/users\/2"}],"replies":[{"embeddable":true,"href":"https:\/\/www.notibras.com\/site\/wp-json\/wp\/v2\/comments?post=310589"}],"version-history":[{"count":1,"href":"https:\/\/www.notibras.com\/site\/wp-json\/wp\/v2\/posts\/310589\/revisions"}],"predecessor-version":[{"id":310591,"href":"https:\/\/www.notibras.com\/site\/wp-json\/wp\/v2\/posts\/310589\/revisions\/310591"}],"wp:featuredmedia":[{"embeddable":true,"href":"https:\/\/www.notibras.com\/site\/wp-json\/wp\/v2\/media\/310590"}],"wp:attachment":[{"href":"https:\/\/www.notibras.com\/site\/wp-json\/wp\/v2\/media?parent=310589"}],"wp:term":[{"taxonomy":"category","embeddable":true,"href":"https:\/\/www.notibras.com\/site\/wp-json\/wp\/v2\/categories?post=310589"},{"taxonomy":"post_tag","embeddable":true,"href":"https:\/\/www.notibras.com\/site\/wp-json\/wp\/v2\/tags?post=310589"}],"curies":[{"name":"wp","href":"https:\/\/api.w.org\/{rel}","templated":true}]}}