{"id":310628,"date":"2023-08-09T09:00:43","date_gmt":"2023-08-09T12:00:43","guid":{"rendered":"https:\/\/www.notibras.com\/site\/?p=310628"},"modified":"2023-08-09T10:08:39","modified_gmt":"2023-08-09T13:08:39","slug":"massa-de-ar-quente-deixa-a-umidade-abaixo-dos-20","status":"publish","type":"post","link":"https:\/\/www.notibras.com\/site\/massa-de-ar-quente-deixa-a-umidade-abaixo-dos-20\/","title":{"rendered":"Massa de ar quente deixa a umidade abaixo dos 20%"},"content":{"rendered":"<p>O Instituto Nacional de Meteorologia (Inmet) alerta, nesta quarta-feira (9), para a baixa umidade relativa do ar na Regi\u00e3o Centro-Oeste, com varia\u00e7\u00f5es entre 15% e 30%, principalmente no Distrito Federal, em Goi\u00e1s e Mato Grosso.<\/p>\n<p>Uma massa de ar quente e seco deixa o tempo est\u00e1vel e sem chuva. Os baixos valores de umidade devem ficar abaixo dos 20%, a partir das 10h, e a previs\u00e3o \u00e9 que o alerta permane\u00e7a at\u00e9 as 16h.<\/p>\n<p>Segundo o meteorologista do Inmet, Her\u00e1clio Alves, a forma\u00e7\u00e3o dessa massa de ar quente \u00e9 comum nesta \u00e9poca do ano, quando a temperatura fica mais elevada e h\u00e1 menos ocorr\u00eancia de chuva em toda a \u00e1rea central do pa\u00eds.<\/p>\n<p>Em Bras\u00edlia, a previs\u00e3o \u00e9 que os term\u00f4metros cheguem a 29\u00ba C (graus Celsius) e em Goi\u00e2nia, a m\u00e1xima deve atingir 32\u00ba. Em Cuiab\u00e1, a temperatura pode chegar aos 39\u00ba.<\/p>\n<p>A orienta\u00e7\u00e3o do meteorologista \u00e9 de que os moradores da regi\u00e3o evitem desgaste f\u00edsico nas horas mais secas e n\u00e3o se exponham ao sol nos per\u00edodos mais quentes do dia. Outra dica \u00e9 ingerir bastante l\u00edquido, para se manter hidratado e evitar qualquer reflexo na sa\u00fade causado pela seca.<\/p>\n<p>Segundo Her\u00e1clio, o risco de inc\u00eandios florestais \u00e9 alto nesta \u00e9poca do ano, com vegeta\u00e7\u00e3o ressecada, altas temperaturas e baixa umidade. \u201cOs ventos podem favorecer qualquer tipo de fogo, desde aquele da queima do lixo, at\u00e9 o da ponta de um cigarro. \u00c9 importante evitar at\u00e9 mesmo aquele churrasquinho no quintal\u201d, explica.<\/p>\n<p>Em caso de inc\u00eandio, \u00e9 poss\u00edvel acionar a Defesa Civil, por meio do telefone 199 e o Corpo de Bombeiros, pelo n\u00famero 193.<\/p>\n<p>&nbsp;<\/p>\n","protected":false},"excerpt":{"rendered":"<p>O Instituto Nacional de Meteorologia (Inmet) alerta, nesta quarta-feira (9), para a baixa umidade relativa do ar na Regi\u00e3o Centro-Oeste, com varia\u00e7\u00f5es entre 15% e 30%, principalmente no Distrito Federal, em Goi\u00e1s e Mato Grosso. Uma massa de ar quente e seco deixa o tempo est\u00e1vel e sem chuva. Os baixos valores de umidade devem [&hellip;]<\/p>\n","protected":false},"author":2,"featured_media":310629,"comment_status":"closed","ping_status":"closed","sticky":false,"template":"","format":"standard","meta":{"_acf_changed":false,"footnotes":""},"categories":[161],"tags":[95],"class_list":["post-310628","post","type-post","status-publish","format-standard","has-post-thumbnail","hentry","category-quadradinho-em-foco","tag-capa"],"acf":[],"yoast_head":"<!-- This site is optimized with the Yoast SEO plugin v27.2 - https:\/\/yoast.com\/product\/yoast-seo-wordpress\/ -->\n<title>Massa de ar quente deixa a umidade abaixo dos 20% - Notibras<\/title>\n<meta name=\"robots\" content=\"index, follow, max-snippet:-1, max-image-preview:large, max-video-preview:-1\" \/>\n<link rel=\"canonical\" href=\"https:\/\/www.notibras.com\/site\/massa-de-ar-quente-deixa-a-umidade-abaixo-dos-20\/\" \/>\n<meta property=\"og:locale\" content=\"pt_BR\" \/>\n<meta property=\"og:type\" content=\"article\" \/>\n<meta property=\"og:title\" content=\"Massa de ar quente deixa a umidade abaixo dos 20% - Notibras\" \/>\n<meta property=\"og:description\" content=\"O Instituto Nacional de Meteorologia (Inmet) alerta, nesta quarta-feira (9), para a baixa umidade relativa do ar na Regi\u00e3o Centro-Oeste, com varia\u00e7\u00f5es entre 15% e 30%, principalmente no Distrito Federal, em Goi\u00e1s e Mato Grosso. Uma massa de ar quente e seco deixa o tempo est\u00e1vel e sem chuva. Os baixos valores de umidade devem [&hellip;]\" \/>\n<meta property=\"og:url\" content=\"https:\/\/www.notibras.com\/site\/massa-de-ar-quente-deixa-a-umidade-abaixo-dos-20\/\" \/>\n<meta property=\"og:site_name\" content=\"Notibras\" \/>\n<meta property=\"article:publisher\" content=\"https:\/\/www.facebook.com\/notibras\/\" \/>\n<meta property=\"article:published_time\" content=\"2023-08-09T12:00:43+00:00\" \/>\n<meta property=\"article:modified_time\" content=\"2023-08-09T13:08:39+00:00\" \/>\n<meta property=\"og:image\" content=\"https:\/\/www.notibras.com\/site\/wp-content\/uploads\/2023\/08\/seca_mcajr_abr2807221085.jpg\" \/>\n\t<meta property=\"og:image:width\" content=\"1170\" \/>\n\t<meta property=\"og:image:height\" content=\"700\" \/>\n\t<meta property=\"og:image:type\" content=\"image\/jpeg\" \/>\n<meta name=\"author\" content=\"Reda\u00e7\u00e3o\" \/>\n<meta name=\"twitter:card\" content=\"summary_large_image\" \/>\n<meta name=\"twitter:creator\" content=\"@Notibras\" \/>\n<meta name=\"twitter:site\" content=\"@Notibras\" \/>\n<meta name=\"twitter:label1\" content=\"Escrito por\" \/>\n\t<meta name=\"twitter:data1\" content=\"Reda\u00e7\u00e3o\" \/>\n\t<meta name=\"twitter:label2\" content=\"Est. tempo de leitura\" \/>\n\t<meta name=\"twitter:data2\" content=\"2 minutos\" \/>\n<script type=\"application\/ld+json\" class=\"yoast-schema-graph\">{\"@context\":\"https:\/\/schema.org\",\"@graph\":[{\"@type\":\"Article\",\"@id\":\"https:\/\/www.notibras.com\/site\/massa-de-ar-quente-deixa-a-umidade-abaixo-dos-20\/#article\",\"isPartOf\":{\"@id\":\"https:\/\/www.notibras.com\/site\/massa-de-ar-quente-deixa-a-umidade-abaixo-dos-20\/\"},\"author\":{\"name\":\"Reda\u00e7\u00e3o\",\"@id\":\"https:\/\/www.notibras.com\/site\/#\/schema\/person\/36ab0979449956132d3e5b517ea76ac8\"},\"headline\":\"Massa de ar quente deixa a umidade abaixo dos 20%\",\"datePublished\":\"2023-08-09T12:00:43+00:00\",\"dateModified\":\"2023-08-09T13:08:39+00:00\",\"mainEntityOfPage\":{\"@id\":\"https:\/\/www.notibras.com\/site\/massa-de-ar-quente-deixa-a-umidade-abaixo-dos-20\/\"},\"wordCount\":288,\"publisher\":{\"@id\":\"https:\/\/www.notibras.com\/site\/#organization\"},\"image\":{\"@id\":\"https:\/\/www.notibras.com\/site\/massa-de-ar-quente-deixa-a-umidade-abaixo-dos-20\/#primaryimage\"},\"thumbnailUrl\":\"https:\/\/www.notibras.com\/site\/wp-content\/uploads\/2023\/08\/seca_mcajr_abr2807221085.jpg\",\"keywords\":[\"capa\"],\"articleSection\":[\"Quadradinho em Foco\"],\"inLanguage\":\"pt-BR\"},{\"@type\":\"WebPage\",\"@id\":\"https:\/\/www.notibras.com\/site\/massa-de-ar-quente-deixa-a-umidade-abaixo-dos-20\/\",\"url\":\"https:\/\/www.notibras.com\/site\/massa-de-ar-quente-deixa-a-umidade-abaixo-dos-20\/\",\"name\":\"Massa de ar quente deixa a umidade abaixo dos 20% - Notibras\",\"isPartOf\":{\"@id\":\"https:\/\/www.notibras.com\/site\/#website\"},\"primaryImageOfPage\":{\"@id\":\"https:\/\/www.notibras.com\/site\/massa-de-ar-quente-deixa-a-umidade-abaixo-dos-20\/#primaryimage\"},\"image\":{\"@id\":\"https:\/\/www.notibras.com\/site\/massa-de-ar-quente-deixa-a-umidade-abaixo-dos-20\/#primaryimage\"},\"thumbnailUrl\":\"https:\/\/www.notibras.com\/site\/wp-content\/uploads\/2023\/08\/seca_mcajr_abr2807221085.jpg\",\"datePublished\":\"2023-08-09T12:00:43+00:00\",\"dateModified\":\"2023-08-09T13:08:39+00:00\",\"breadcrumb\":{\"@id\":\"https:\/\/www.notibras.com\/site\/massa-de-ar-quente-deixa-a-umidade-abaixo-dos-20\/#breadcrumb\"},\"inLanguage\":\"pt-BR\",\"potentialAction\":[{\"@type\":\"ReadAction\",\"target\":[\"https:\/\/www.notibras.com\/site\/massa-de-ar-quente-deixa-a-umidade-abaixo-dos-20\/\"]}]},{\"@type\":\"ImageObject\",\"inLanguage\":\"pt-BR\",\"@id\":\"https:\/\/www.notibras.com\/site\/massa-de-ar-quente-deixa-a-umidade-abaixo-dos-20\/#primaryimage\",\"url\":\"https:\/\/www.notibras.com\/site\/wp-content\/uploads\/2023\/08\/seca_mcajr_abr2807221085.jpg\",\"contentUrl\":\"https:\/\/www.notibras.com\/site\/wp-content\/uploads\/2023\/08\/seca_mcajr_abr2807221085.jpg\",\"width\":1170,\"height\":700,\"caption\":\"Tempo seco na capital federal com baixa umidade relativa do ar, Bras\u00edlia vive o per\u00edodo mais cr\u00edtico de seca.\"},{\"@type\":\"BreadcrumbList\",\"@id\":\"https:\/\/www.notibras.com\/site\/massa-de-ar-quente-deixa-a-umidade-abaixo-dos-20\/#breadcrumb\",\"itemListElement\":[{\"@type\":\"ListItem\",\"position\":1,\"name\":\"In\u00edcio\",\"item\":\"https:\/\/www.notibras.com\/site\/\"},{\"@type\":\"ListItem\",\"position\":2,\"name\":\"Massa de ar quente deixa a umidade abaixo dos 20%\"}]},{\"@type\":\"WebSite\",\"@id\":\"https:\/\/www.notibras.com\/site\/#website\",\"url\":\"https:\/\/www.notibras.com\/site\/\",\"name\":\"Notibras\",\"description\":\"Not\u00edcias de Bras\u00edlia, do Brasil e do Mundo\",\"publisher\":{\"@id\":\"https:\/\/www.notibras.com\/site\/#organization\"},\"potentialAction\":[{\"@type\":\"SearchAction\",\"target\":{\"@type\":\"EntryPoint\",\"urlTemplate\":\"https:\/\/www.notibras.com\/site\/?s={search_term_string}\"},\"query-input\":{\"@type\":\"PropertyValueSpecification\",\"valueRequired\":true,\"valueName\":\"search_term_string\"}}],\"inLanguage\":\"pt-BR\"},{\"@type\":\"Organization\",\"@id\":\"https:\/\/www.notibras.com\/site\/#organization\",\"name\":\"Grupo Notibras de Comunica\u00e7\u00e3o\",\"url\":\"https:\/\/www.notibras.com\/site\/\",\"logo\":{\"@type\":\"ImageObject\",\"inLanguage\":\"pt-BR\",\"@id\":\"https:\/\/www.notibras.com\/site\/#\/schema\/logo\/image\/\",\"url\":\"https:\/\/www.notibras.com\/site\/wp-content\/uploads\/2023\/01\/notibras23.png\",\"contentUrl\":\"https:\/\/www.notibras.com\/site\/wp-content\/uploads\/2023\/01\/notibras23.png\",\"width\":350,\"height\":87,\"caption\":\"Grupo Notibras de Comunica\u00e7\u00e3o\"},\"image\":{\"@id\":\"https:\/\/www.notibras.com\/site\/#\/schema\/logo\/image\/\"},\"sameAs\":[\"https:\/\/www.facebook.com\/notibras\/\",\"https:\/\/x.com\/Notibras\",\"https:\/\/www.instagram.com\/notibras\/\"]},{\"@type\":\"Person\",\"@id\":\"https:\/\/www.notibras.com\/site\/#\/schema\/person\/36ab0979449956132d3e5b517ea76ac8\",\"name\":\"Reda\u00e7\u00e3o\",\"image\":{\"@type\":\"ImageObject\",\"inLanguage\":\"pt-BR\",\"@id\":\"https:\/\/secure.gravatar.com\/avatar\/e0a867bdedb85fd243eadf09663511f96fc81e0720a4a42581f334ad4303aa6b?s=96&d=mm&r=g\",\"url\":\"https:\/\/secure.gravatar.com\/avatar\/e0a867bdedb85fd243eadf09663511f96fc81e0720a4a42581f334ad4303aa6b?s=96&d=mm&r=g\",\"contentUrl\":\"https:\/\/secure.gravatar.com\/avatar\/e0a867bdedb85fd243eadf09663511f96fc81e0720a4a42581f334ad4303aa6b?s=96&d=mm&r=g\",\"caption\":\"Reda\u00e7\u00e3o\"}}]}<\/script>\n<!-- \/ Yoast SEO plugin. -->","yoast_head_json":{"title":"Massa de ar quente deixa a umidade abaixo dos 20% - Notibras","robots":{"index":"index","follow":"follow","max-snippet":"max-snippet:-1","max-image-preview":"max-image-preview:large","max-video-preview":"max-video-preview:-1"},"canonical":"https:\/\/www.notibras.com\/site\/massa-de-ar-quente-deixa-a-umidade-abaixo-dos-20\/","og_locale":"pt_BR","og_type":"article","og_title":"Massa de ar quente deixa a umidade abaixo dos 20% - Notibras","og_description":"O Instituto Nacional de Meteorologia (Inmet) alerta, nesta quarta-feira (9), para a baixa umidade relativa do ar na Regi\u00e3o Centro-Oeste, com varia\u00e7\u00f5es entre 15% e 30%, principalmente no Distrito Federal, em Goi\u00e1s e Mato Grosso. Uma massa de ar quente e seco deixa o tempo est\u00e1vel e sem chuva. Os baixos valores de umidade devem [&hellip;]","og_url":"https:\/\/www.notibras.com\/site\/massa-de-ar-quente-deixa-a-umidade-abaixo-dos-20\/","og_site_name":"Notibras","article_publisher":"https:\/\/www.facebook.com\/notibras\/","article_published_time":"2023-08-09T12:00:43+00:00","article_modified_time":"2023-08-09T13:08:39+00:00","og_image":[{"width":1170,"height":700,"url":"https:\/\/www.notibras.com\/site\/wp-content\/uploads\/2023\/08\/seca_mcajr_abr2807221085.jpg","type":"image\/jpeg"}],"author":"Reda\u00e7\u00e3o","twitter_card":"summary_large_image","twitter_creator":"@Notibras","twitter_site":"@Notibras","twitter_misc":{"Escrito por":"Reda\u00e7\u00e3o","Est. tempo de leitura":"2 minutos"},"schema":{"@context":"https:\/\/schema.org","@graph":[{"@type":"Article","@id":"https:\/\/www.notibras.com\/site\/massa-de-ar-quente-deixa-a-umidade-abaixo-dos-20\/#article","isPartOf":{"@id":"https:\/\/www.notibras.com\/site\/massa-de-ar-quente-deixa-a-umidade-abaixo-dos-20\/"},"author":{"name":"Reda\u00e7\u00e3o","@id":"https:\/\/www.notibras.com\/site\/#\/schema\/person\/36ab0979449956132d3e5b517ea76ac8"},"headline":"Massa de ar quente deixa a umidade abaixo dos 20%","datePublished":"2023-08-09T12:00:43+00:00","dateModified":"2023-08-09T13:08:39+00:00","mainEntityOfPage":{"@id":"https:\/\/www.notibras.com\/site\/massa-de-ar-quente-deixa-a-umidade-abaixo-dos-20\/"},"wordCount":288,"publisher":{"@id":"https:\/\/www.notibras.com\/site\/#organization"},"image":{"@id":"https:\/\/www.notibras.com\/site\/massa-de-ar-quente-deixa-a-umidade-abaixo-dos-20\/#primaryimage"},"thumbnailUrl":"https:\/\/www.notibras.com\/site\/wp-content\/uploads\/2023\/08\/seca_mcajr_abr2807221085.jpg","keywords":["capa"],"articleSection":["Quadradinho em Foco"],"inLanguage":"pt-BR"},{"@type":"WebPage","@id":"https:\/\/www.notibras.com\/site\/massa-de-ar-quente-deixa-a-umidade-abaixo-dos-20\/","url":"https:\/\/www.notibras.com\/site\/massa-de-ar-quente-deixa-a-umidade-abaixo-dos-20\/","name":"Massa de ar quente deixa a umidade abaixo dos 20% - Notibras","isPartOf":{"@id":"https:\/\/www.notibras.com\/site\/#website"},"primaryImageOfPage":{"@id":"https:\/\/www.notibras.com\/site\/massa-de-ar-quente-deixa-a-umidade-abaixo-dos-20\/#primaryimage"},"image":{"@id":"https:\/\/www.notibras.com\/site\/massa-de-ar-quente-deixa-a-umidade-abaixo-dos-20\/#primaryimage"},"thumbnailUrl":"https:\/\/www.notibras.com\/site\/wp-content\/uploads\/2023\/08\/seca_mcajr_abr2807221085.jpg","datePublished":"2023-08-09T12:00:43+00:00","dateModified":"2023-08-09T13:08:39+00:00","breadcrumb":{"@id":"https:\/\/www.notibras.com\/site\/massa-de-ar-quente-deixa-a-umidade-abaixo-dos-20\/#breadcrumb"},"inLanguage":"pt-BR","potentialAction":[{"@type":"ReadAction","target":["https:\/\/www.notibras.com\/site\/massa-de-ar-quente-deixa-a-umidade-abaixo-dos-20\/"]}]},{"@type":"ImageObject","inLanguage":"pt-BR","@id":"https:\/\/www.notibras.com\/site\/massa-de-ar-quente-deixa-a-umidade-abaixo-dos-20\/#primaryimage","url":"https:\/\/www.notibras.com\/site\/wp-content\/uploads\/2023\/08\/seca_mcajr_abr2807221085.jpg","contentUrl":"https:\/\/www.notibras.com\/site\/wp-content\/uploads\/2023\/08\/seca_mcajr_abr2807221085.jpg","width":1170,"height":700,"caption":"Tempo seco na capital federal com baixa umidade relativa do ar, Bras\u00edlia vive o per\u00edodo mais cr\u00edtico de seca."},{"@type":"BreadcrumbList","@id":"https:\/\/www.notibras.com\/site\/massa-de-ar-quente-deixa-a-umidade-abaixo-dos-20\/#breadcrumb","itemListElement":[{"@type":"ListItem","position":1,"name":"In\u00edcio","item":"https:\/\/www.notibras.com\/site\/"},{"@type":"ListItem","position":2,"name":"Massa de ar quente deixa a umidade abaixo dos 20%"}]},{"@type":"WebSite","@id":"https:\/\/www.notibras.com\/site\/#website","url":"https:\/\/www.notibras.com\/site\/","name":"Notibras","description":"Not\u00edcias de Bras\u00edlia, do Brasil e do Mundo","publisher":{"@id":"https:\/\/www.notibras.com\/site\/#organization"},"potentialAction":[{"@type":"SearchAction","target":{"@type":"EntryPoint","urlTemplate":"https:\/\/www.notibras.com\/site\/?s={search_term_string}"},"query-input":{"@type":"PropertyValueSpecification","valueRequired":true,"valueName":"search_term_string"}}],"inLanguage":"pt-BR"},{"@type":"Organization","@id":"https:\/\/www.notibras.com\/site\/#organization","name":"Grupo Notibras de Comunica\u00e7\u00e3o","url":"https:\/\/www.notibras.com\/site\/","logo":{"@type":"ImageObject","inLanguage":"pt-BR","@id":"https:\/\/www.notibras.com\/site\/#\/schema\/logo\/image\/","url":"https:\/\/www.notibras.com\/site\/wp-content\/uploads\/2023\/01\/notibras23.png","contentUrl":"https:\/\/www.notibras.com\/site\/wp-content\/uploads\/2023\/01\/notibras23.png","width":350,"height":87,"caption":"Grupo Notibras de Comunica\u00e7\u00e3o"},"image":{"@id":"https:\/\/www.notibras.com\/site\/#\/schema\/logo\/image\/"},"sameAs":["https:\/\/www.facebook.com\/notibras\/","https:\/\/x.com\/Notibras","https:\/\/www.instagram.com\/notibras\/"]},{"@type":"Person","@id":"https:\/\/www.notibras.com\/site\/#\/schema\/person\/36ab0979449956132d3e5b517ea76ac8","name":"Reda\u00e7\u00e3o","image":{"@type":"ImageObject","inLanguage":"pt-BR","@id":"https:\/\/secure.gravatar.com\/avatar\/e0a867bdedb85fd243eadf09663511f96fc81e0720a4a42581f334ad4303aa6b?s=96&d=mm&r=g","url":"https:\/\/secure.gravatar.com\/avatar\/e0a867bdedb85fd243eadf09663511f96fc81e0720a4a42581f334ad4303aa6b?s=96&d=mm&r=g","contentUrl":"https:\/\/secure.gravatar.com\/avatar\/e0a867bdedb85fd243eadf09663511f96fc81e0720a4a42581f334ad4303aa6b?s=96&d=mm&r=g","caption":"Reda\u00e7\u00e3o"}}]}},"amp_enabled":true,"_links":{"self":[{"href":"https:\/\/www.notibras.com\/site\/wp-json\/wp\/v2\/posts\/310628","targetHints":{"allow":["GET"]}}],"collection":[{"href":"https:\/\/www.notibras.com\/site\/wp-json\/wp\/v2\/posts"}],"about":[{"href":"https:\/\/www.notibras.com\/site\/wp-json\/wp\/v2\/types\/post"}],"author":[{"embeddable":true,"href":"https:\/\/www.notibras.com\/site\/wp-json\/wp\/v2\/users\/2"}],"replies":[{"embeddable":true,"href":"https:\/\/www.notibras.com\/site\/wp-json\/wp\/v2\/comments?post=310628"}],"version-history":[{"count":1,"href":"https:\/\/www.notibras.com\/site\/wp-json\/wp\/v2\/posts\/310628\/revisions"}],"predecessor-version":[{"id":310630,"href":"https:\/\/www.notibras.com\/site\/wp-json\/wp\/v2\/posts\/310628\/revisions\/310630"}],"wp:featuredmedia":[{"embeddable":true,"href":"https:\/\/www.notibras.com\/site\/wp-json\/wp\/v2\/media\/310629"}],"wp:attachment":[{"href":"https:\/\/www.notibras.com\/site\/wp-json\/wp\/v2\/media?parent=310628"}],"wp:term":[{"taxonomy":"category","embeddable":true,"href":"https:\/\/www.notibras.com\/site\/wp-json\/wp\/v2\/categories?post=310628"},{"taxonomy":"post_tag","embeddable":true,"href":"https:\/\/www.notibras.com\/site\/wp-json\/wp\/v2\/tags?post=310628"}],"curies":[{"name":"wp","href":"https:\/\/api.w.org\/{rel}","templated":true}]}}