{"id":310648,"date":"2023-08-09T15:58:10","date_gmt":"2023-08-09T18:58:10","guid":{"rendered":"https:\/\/www.notibras.com\/site\/?p=310648"},"modified":"2023-08-09T15:58:10","modified_gmt":"2023-08-09T18:58:10","slug":"terraco-faz-festa-para-os-pais-no-fim-de-semana","status":"publish","type":"post","link":"https:\/\/www.notibras.com\/site\/terraco-faz-festa-para-os-pais-no-fim-de-semana\/","title":{"rendered":"Terra\u00e7o faz festa para os pais no fim de semana"},"content":{"rendered":"<p>A comemora\u00e7\u00e3o do Dia dos Pais reflete a import\u00e2ncia deles na vida de todos e a proposta do Terra\u00e7o Shopping \u00e9 oferecer um fim de semana especial, com muita m\u00fasica na Pra\u00e7a Central, enquanto as fam\u00edlias confraternizam. No S\u00e1bado Cultural, dia 12 de agosto, \u00e0s 19h30, L\u00e9o Avelar trar\u00e1 toda sua experi\u00eancia em uma apresenta\u00e7\u00e3o recheada de energia. L\u00e9o \u00e9 integrante do elenco internacional do espet\u00e1culo Voca People e beatboxer na banda vocal Setblack.<\/p>\n<p>No domingo (13), Dia dos Pais, as fam\u00edlias poder\u00e3o aproveitar esta data t\u00e3o significativa para almo\u00e7ar ao som da banda Brave Boys, a partir das 13h. O grupo trar\u00e1 uma musicalidade diferenciada em seu repert\u00f3rio, com pop rock, rock e surf reggae. Formado pelo cantor e baixista Victor Tadeu, o baterista Jota Magalh\u00e3es e o guitarrista Daniel Rocha, a banda promete uma tarde com muita musicalidade, em homenagem aos pais.<\/p>\n<p>S\u00c1BADO CULTURAL, \u00e0s 19h30<br \/>\n12\/08 &#8211; L\u00e9o Avelar<br \/>\nALMO\u00c7O MUSICAL, \u00e0s 13h<br \/>\n13\/08 &#8211; Brave Boys Band<\/p>\n","protected":false},"excerpt":{"rendered":"<p>A comemora\u00e7\u00e3o do Dia dos Pais reflete a import\u00e2ncia deles na vida de todos e a proposta do Terra\u00e7o Shopping \u00e9 oferecer um fim de semana especial, com muita m\u00fasica na Pra\u00e7a Central, enquanto as fam\u00edlias confraternizam. No S\u00e1bado Cultural, dia 12 de agosto, \u00e0s 19h30, L\u00e9o Avelar trar\u00e1 toda sua experi\u00eancia em uma apresenta\u00e7\u00e3o [&hellip;]<\/p>\n","protected":false},"author":2,"featured_media":310649,"comment_status":"closed","ping_status":"closed","sticky":false,"template":"","format":"standard","meta":{"_acf_changed":false,"footnotes":""},"categories":[161],"tags":[],"class_list":["post-310648","post","type-post","status-publish","format-standard","has-post-thumbnail","hentry","category-quadradinho-em-foco"],"acf":[],"yoast_head":"<!-- This site is optimized with the Yoast SEO plugin v27.2 - https:\/\/yoast.com\/product\/yoast-seo-wordpress\/ -->\n<title>Terra\u00e7o faz festa para os pais no fim de semana - Notibras<\/title>\n<meta name=\"robots\" content=\"index, follow, max-snippet:-1, max-image-preview:large, max-video-preview:-1\" \/>\n<link rel=\"canonical\" href=\"https:\/\/www.notibras.com\/site\/terraco-faz-festa-para-os-pais-no-fim-de-semana\/\" \/>\n<meta property=\"og:locale\" content=\"pt_BR\" \/>\n<meta property=\"og:type\" content=\"article\" \/>\n<meta property=\"og:title\" content=\"Terra\u00e7o faz festa para os pais no fim de semana - Notibras\" \/>\n<meta property=\"og:description\" content=\"A comemora\u00e7\u00e3o do Dia dos Pais reflete a import\u00e2ncia deles na vida de todos e a proposta do Terra\u00e7o Shopping \u00e9 oferecer um fim de semana especial, com muita m\u00fasica na Pra\u00e7a Central, enquanto as fam\u00edlias confraternizam. No S\u00e1bado Cultural, dia 12 de agosto, \u00e0s 19h30, L\u00e9o Avelar trar\u00e1 toda sua experi\u00eancia em uma apresenta\u00e7\u00e3o [&hellip;]\" \/>\n<meta property=\"og:url\" content=\"https:\/\/www.notibras.com\/site\/terraco-faz-festa-para-os-pais-no-fim-de-semana\/\" \/>\n<meta property=\"og:site_name\" content=\"Notibras\" \/>\n<meta property=\"article:publisher\" content=\"https:\/\/www.facebook.com\/notibras\/\" \/>\n<meta property=\"article:published_time\" content=\"2023-08-09T18:58:10+00:00\" \/>\n<meta property=\"og:image\" content=\"https:\/\/www.notibras.com\/site\/wp-content\/uploads\/2023\/08\/Leo-Avelar.jpeg\" \/>\n\t<meta property=\"og:image:width\" content=\"853\" \/>\n\t<meta property=\"og:image:height\" content=\"1280\" \/>\n\t<meta property=\"og:image:type\" content=\"image\/jpeg\" \/>\n<meta name=\"author\" content=\"Reda\u00e7\u00e3o\" \/>\n<meta name=\"twitter:card\" content=\"summary_large_image\" \/>\n<meta name=\"twitter:creator\" content=\"@Notibras\" \/>\n<meta name=\"twitter:site\" content=\"@Notibras\" \/>\n<meta name=\"twitter:label1\" content=\"Escrito por\" \/>\n\t<meta name=\"twitter:data1\" content=\"Reda\u00e7\u00e3o\" \/>\n\t<meta name=\"twitter:label2\" content=\"Est. tempo de leitura\" \/>\n\t<meta name=\"twitter:data2\" content=\"1 minuto\" \/>\n<script type=\"application\/ld+json\" class=\"yoast-schema-graph\">{\"@context\":\"https:\/\/schema.org\",\"@graph\":[{\"@type\":\"Article\",\"@id\":\"https:\/\/www.notibras.com\/site\/terraco-faz-festa-para-os-pais-no-fim-de-semana\/#article\",\"isPartOf\":{\"@id\":\"https:\/\/www.notibras.com\/site\/terraco-faz-festa-para-os-pais-no-fim-de-semana\/\"},\"author\":{\"name\":\"Reda\u00e7\u00e3o\",\"@id\":\"https:\/\/www.notibras.com\/site\/#\/schema\/person\/36ab0979449956132d3e5b517ea76ac8\"},\"headline\":\"Terra\u00e7o faz festa para os pais no fim de semana\",\"datePublished\":\"2023-08-09T18:58:10+00:00\",\"mainEntityOfPage\":{\"@id\":\"https:\/\/www.notibras.com\/site\/terraco-faz-festa-para-os-pais-no-fim-de-semana\/\"},\"wordCount\":187,\"publisher\":{\"@id\":\"https:\/\/www.notibras.com\/site\/#organization\"},\"image\":{\"@id\":\"https:\/\/www.notibras.com\/site\/terraco-faz-festa-para-os-pais-no-fim-de-semana\/#primaryimage\"},\"thumbnailUrl\":\"https:\/\/www.notibras.com\/site\/wp-content\/uploads\/2023\/08\/Leo-Avelar.jpeg\",\"articleSection\":[\"Quadradinho em Foco\"],\"inLanguage\":\"pt-BR\"},{\"@type\":\"WebPage\",\"@id\":\"https:\/\/www.notibras.com\/site\/terraco-faz-festa-para-os-pais-no-fim-de-semana\/\",\"url\":\"https:\/\/www.notibras.com\/site\/terraco-faz-festa-para-os-pais-no-fim-de-semana\/\",\"name\":\"Terra\u00e7o faz festa para os pais no fim de semana - Notibras\",\"isPartOf\":{\"@id\":\"https:\/\/www.notibras.com\/site\/#website\"},\"primaryImageOfPage\":{\"@id\":\"https:\/\/www.notibras.com\/site\/terraco-faz-festa-para-os-pais-no-fim-de-semana\/#primaryimage\"},\"image\":{\"@id\":\"https:\/\/www.notibras.com\/site\/terraco-faz-festa-para-os-pais-no-fim-de-semana\/#primaryimage\"},\"thumbnailUrl\":\"https:\/\/www.notibras.com\/site\/wp-content\/uploads\/2023\/08\/Leo-Avelar.jpeg\",\"datePublished\":\"2023-08-09T18:58:10+00:00\",\"breadcrumb\":{\"@id\":\"https:\/\/www.notibras.com\/site\/terraco-faz-festa-para-os-pais-no-fim-de-semana\/#breadcrumb\"},\"inLanguage\":\"pt-BR\",\"potentialAction\":[{\"@type\":\"ReadAction\",\"target\":[\"https:\/\/www.notibras.com\/site\/terraco-faz-festa-para-os-pais-no-fim-de-semana\/\"]}]},{\"@type\":\"ImageObject\",\"inLanguage\":\"pt-BR\",\"@id\":\"https:\/\/www.notibras.com\/site\/terraco-faz-festa-para-os-pais-no-fim-de-semana\/#primaryimage\",\"url\":\"https:\/\/www.notibras.com\/site\/wp-content\/uploads\/2023\/08\/Leo-Avelar.jpeg\",\"contentUrl\":\"https:\/\/www.notibras.com\/site\/wp-content\/uploads\/2023\/08\/Leo-Avelar.jpeg\",\"width\":853,\"height\":1280},{\"@type\":\"BreadcrumbList\",\"@id\":\"https:\/\/www.notibras.com\/site\/terraco-faz-festa-para-os-pais-no-fim-de-semana\/#breadcrumb\",\"itemListElement\":[{\"@type\":\"ListItem\",\"position\":1,\"name\":\"In\u00edcio\",\"item\":\"https:\/\/www.notibras.com\/site\/\"},{\"@type\":\"ListItem\",\"position\":2,\"name\":\"Terra\u00e7o faz festa para os pais no fim de semana\"}]},{\"@type\":\"WebSite\",\"@id\":\"https:\/\/www.notibras.com\/site\/#website\",\"url\":\"https:\/\/www.notibras.com\/site\/\",\"name\":\"Notibras\",\"description\":\"Not\u00edcias de Bras\u00edlia, do Brasil e do Mundo\",\"publisher\":{\"@id\":\"https:\/\/www.notibras.com\/site\/#organization\"},\"potentialAction\":[{\"@type\":\"SearchAction\",\"target\":{\"@type\":\"EntryPoint\",\"urlTemplate\":\"https:\/\/www.notibras.com\/site\/?s={search_term_string}\"},\"query-input\":{\"@type\":\"PropertyValueSpecification\",\"valueRequired\":true,\"valueName\":\"search_term_string\"}}],\"inLanguage\":\"pt-BR\"},{\"@type\":\"Organization\",\"@id\":\"https:\/\/www.notibras.com\/site\/#organization\",\"name\":\"Grupo Notibras de Comunica\u00e7\u00e3o\",\"url\":\"https:\/\/www.notibras.com\/site\/\",\"logo\":{\"@type\":\"ImageObject\",\"inLanguage\":\"pt-BR\",\"@id\":\"https:\/\/www.notibras.com\/site\/#\/schema\/logo\/image\/\",\"url\":\"https:\/\/www.notibras.com\/site\/wp-content\/uploads\/2023\/01\/notibras23.png\",\"contentUrl\":\"https:\/\/www.notibras.com\/site\/wp-content\/uploads\/2023\/01\/notibras23.png\",\"width\":350,\"height\":87,\"caption\":\"Grupo Notibras de Comunica\u00e7\u00e3o\"},\"image\":{\"@id\":\"https:\/\/www.notibras.com\/site\/#\/schema\/logo\/image\/\"},\"sameAs\":[\"https:\/\/www.facebook.com\/notibras\/\",\"https:\/\/x.com\/Notibras\",\"https:\/\/www.instagram.com\/notibras\/\"]},{\"@type\":\"Person\",\"@id\":\"https:\/\/www.notibras.com\/site\/#\/schema\/person\/36ab0979449956132d3e5b517ea76ac8\",\"name\":\"Reda\u00e7\u00e3o\",\"image\":{\"@type\":\"ImageObject\",\"inLanguage\":\"pt-BR\",\"@id\":\"https:\/\/secure.gravatar.com\/avatar\/e0a867bdedb85fd243eadf09663511f96fc81e0720a4a42581f334ad4303aa6b?s=96&d=mm&r=g\",\"url\":\"https:\/\/secure.gravatar.com\/avatar\/e0a867bdedb85fd243eadf09663511f96fc81e0720a4a42581f334ad4303aa6b?s=96&d=mm&r=g\",\"contentUrl\":\"https:\/\/secure.gravatar.com\/avatar\/e0a867bdedb85fd243eadf09663511f96fc81e0720a4a42581f334ad4303aa6b?s=96&d=mm&r=g\",\"caption\":\"Reda\u00e7\u00e3o\"}}]}<\/script>\n<!-- \/ Yoast SEO plugin. -->","yoast_head_json":{"title":"Terra\u00e7o faz festa para os pais no fim de semana - Notibras","robots":{"index":"index","follow":"follow","max-snippet":"max-snippet:-1","max-image-preview":"max-image-preview:large","max-video-preview":"max-video-preview:-1"},"canonical":"https:\/\/www.notibras.com\/site\/terraco-faz-festa-para-os-pais-no-fim-de-semana\/","og_locale":"pt_BR","og_type":"article","og_title":"Terra\u00e7o faz festa para os pais no fim de semana - Notibras","og_description":"A comemora\u00e7\u00e3o do Dia dos Pais reflete a import\u00e2ncia deles na vida de todos e a proposta do Terra\u00e7o Shopping \u00e9 oferecer um fim de semana especial, com muita m\u00fasica na Pra\u00e7a Central, enquanto as fam\u00edlias confraternizam. No S\u00e1bado Cultural, dia 12 de agosto, \u00e0s 19h30, L\u00e9o Avelar trar\u00e1 toda sua experi\u00eancia em uma apresenta\u00e7\u00e3o [&hellip;]","og_url":"https:\/\/www.notibras.com\/site\/terraco-faz-festa-para-os-pais-no-fim-de-semana\/","og_site_name":"Notibras","article_publisher":"https:\/\/www.facebook.com\/notibras\/","article_published_time":"2023-08-09T18:58:10+00:00","og_image":[{"width":853,"height":1280,"url":"https:\/\/www.notibras.com\/site\/wp-content\/uploads\/2023\/08\/Leo-Avelar.jpeg","type":"image\/jpeg"}],"author":"Reda\u00e7\u00e3o","twitter_card":"summary_large_image","twitter_creator":"@Notibras","twitter_site":"@Notibras","twitter_misc":{"Escrito por":"Reda\u00e7\u00e3o","Est. tempo de leitura":"1 minuto"},"schema":{"@context":"https:\/\/schema.org","@graph":[{"@type":"Article","@id":"https:\/\/www.notibras.com\/site\/terraco-faz-festa-para-os-pais-no-fim-de-semana\/#article","isPartOf":{"@id":"https:\/\/www.notibras.com\/site\/terraco-faz-festa-para-os-pais-no-fim-de-semana\/"},"author":{"name":"Reda\u00e7\u00e3o","@id":"https:\/\/www.notibras.com\/site\/#\/schema\/person\/36ab0979449956132d3e5b517ea76ac8"},"headline":"Terra\u00e7o faz festa para os pais no fim de semana","datePublished":"2023-08-09T18:58:10+00:00","mainEntityOfPage":{"@id":"https:\/\/www.notibras.com\/site\/terraco-faz-festa-para-os-pais-no-fim-de-semana\/"},"wordCount":187,"publisher":{"@id":"https:\/\/www.notibras.com\/site\/#organization"},"image":{"@id":"https:\/\/www.notibras.com\/site\/terraco-faz-festa-para-os-pais-no-fim-de-semana\/#primaryimage"},"thumbnailUrl":"https:\/\/www.notibras.com\/site\/wp-content\/uploads\/2023\/08\/Leo-Avelar.jpeg","articleSection":["Quadradinho em Foco"],"inLanguage":"pt-BR"},{"@type":"WebPage","@id":"https:\/\/www.notibras.com\/site\/terraco-faz-festa-para-os-pais-no-fim-de-semana\/","url":"https:\/\/www.notibras.com\/site\/terraco-faz-festa-para-os-pais-no-fim-de-semana\/","name":"Terra\u00e7o faz festa para os pais no fim de semana - Notibras","isPartOf":{"@id":"https:\/\/www.notibras.com\/site\/#website"},"primaryImageOfPage":{"@id":"https:\/\/www.notibras.com\/site\/terraco-faz-festa-para-os-pais-no-fim-de-semana\/#primaryimage"},"image":{"@id":"https:\/\/www.notibras.com\/site\/terraco-faz-festa-para-os-pais-no-fim-de-semana\/#primaryimage"},"thumbnailUrl":"https:\/\/www.notibras.com\/site\/wp-content\/uploads\/2023\/08\/Leo-Avelar.jpeg","datePublished":"2023-08-09T18:58:10+00:00","breadcrumb":{"@id":"https:\/\/www.notibras.com\/site\/terraco-faz-festa-para-os-pais-no-fim-de-semana\/#breadcrumb"},"inLanguage":"pt-BR","potentialAction":[{"@type":"ReadAction","target":["https:\/\/www.notibras.com\/site\/terraco-faz-festa-para-os-pais-no-fim-de-semana\/"]}]},{"@type":"ImageObject","inLanguage":"pt-BR","@id":"https:\/\/www.notibras.com\/site\/terraco-faz-festa-para-os-pais-no-fim-de-semana\/#primaryimage","url":"https:\/\/www.notibras.com\/site\/wp-content\/uploads\/2023\/08\/Leo-Avelar.jpeg","contentUrl":"https:\/\/www.notibras.com\/site\/wp-content\/uploads\/2023\/08\/Leo-Avelar.jpeg","width":853,"height":1280},{"@type":"BreadcrumbList","@id":"https:\/\/www.notibras.com\/site\/terraco-faz-festa-para-os-pais-no-fim-de-semana\/#breadcrumb","itemListElement":[{"@type":"ListItem","position":1,"name":"In\u00edcio","item":"https:\/\/www.notibras.com\/site\/"},{"@type":"ListItem","position":2,"name":"Terra\u00e7o faz festa para os pais no fim de semana"}]},{"@type":"WebSite","@id":"https:\/\/www.notibras.com\/site\/#website","url":"https:\/\/www.notibras.com\/site\/","name":"Notibras","description":"Not\u00edcias de Bras\u00edlia, do Brasil e do Mundo","publisher":{"@id":"https:\/\/www.notibras.com\/site\/#organization"},"potentialAction":[{"@type":"SearchAction","target":{"@type":"EntryPoint","urlTemplate":"https:\/\/www.notibras.com\/site\/?s={search_term_string}"},"query-input":{"@type":"PropertyValueSpecification","valueRequired":true,"valueName":"search_term_string"}}],"inLanguage":"pt-BR"},{"@type":"Organization","@id":"https:\/\/www.notibras.com\/site\/#organization","name":"Grupo Notibras de Comunica\u00e7\u00e3o","url":"https:\/\/www.notibras.com\/site\/","logo":{"@type":"ImageObject","inLanguage":"pt-BR","@id":"https:\/\/www.notibras.com\/site\/#\/schema\/logo\/image\/","url":"https:\/\/www.notibras.com\/site\/wp-content\/uploads\/2023\/01\/notibras23.png","contentUrl":"https:\/\/www.notibras.com\/site\/wp-content\/uploads\/2023\/01\/notibras23.png","width":350,"height":87,"caption":"Grupo Notibras de Comunica\u00e7\u00e3o"},"image":{"@id":"https:\/\/www.notibras.com\/site\/#\/schema\/logo\/image\/"},"sameAs":["https:\/\/www.facebook.com\/notibras\/","https:\/\/x.com\/Notibras","https:\/\/www.instagram.com\/notibras\/"]},{"@type":"Person","@id":"https:\/\/www.notibras.com\/site\/#\/schema\/person\/36ab0979449956132d3e5b517ea76ac8","name":"Reda\u00e7\u00e3o","image":{"@type":"ImageObject","inLanguage":"pt-BR","@id":"https:\/\/secure.gravatar.com\/avatar\/e0a867bdedb85fd243eadf09663511f96fc81e0720a4a42581f334ad4303aa6b?s=96&d=mm&r=g","url":"https:\/\/secure.gravatar.com\/avatar\/e0a867bdedb85fd243eadf09663511f96fc81e0720a4a42581f334ad4303aa6b?s=96&d=mm&r=g","contentUrl":"https:\/\/secure.gravatar.com\/avatar\/e0a867bdedb85fd243eadf09663511f96fc81e0720a4a42581f334ad4303aa6b?s=96&d=mm&r=g","caption":"Reda\u00e7\u00e3o"}}]}},"amp_enabled":true,"_links":{"self":[{"href":"https:\/\/www.notibras.com\/site\/wp-json\/wp\/v2\/posts\/310648","targetHints":{"allow":["GET"]}}],"collection":[{"href":"https:\/\/www.notibras.com\/site\/wp-json\/wp\/v2\/posts"}],"about":[{"href":"https:\/\/www.notibras.com\/site\/wp-json\/wp\/v2\/types\/post"}],"author":[{"embeddable":true,"href":"https:\/\/www.notibras.com\/site\/wp-json\/wp\/v2\/users\/2"}],"replies":[{"embeddable":true,"href":"https:\/\/www.notibras.com\/site\/wp-json\/wp\/v2\/comments?post=310648"}],"version-history":[{"count":1,"href":"https:\/\/www.notibras.com\/site\/wp-json\/wp\/v2\/posts\/310648\/revisions"}],"predecessor-version":[{"id":310650,"href":"https:\/\/www.notibras.com\/site\/wp-json\/wp\/v2\/posts\/310648\/revisions\/310650"}],"wp:featuredmedia":[{"embeddable":true,"href":"https:\/\/www.notibras.com\/site\/wp-json\/wp\/v2\/media\/310649"}],"wp:attachment":[{"href":"https:\/\/www.notibras.com\/site\/wp-json\/wp\/v2\/media?parent=310648"}],"wp:term":[{"taxonomy":"category","embeddable":true,"href":"https:\/\/www.notibras.com\/site\/wp-json\/wp\/v2\/categories?post=310648"},{"taxonomy":"post_tag","embeddable":true,"href":"https:\/\/www.notibras.com\/site\/wp-json\/wp\/v2\/tags?post=310648"}],"curies":[{"name":"wp","href":"https:\/\/api.w.org\/{rel}","templated":true}]}}