{"id":310656,"date":"2023-08-09T15:28:11","date_gmt":"2023-08-09T18:28:11","guid":{"rendered":"https:\/\/www.notibras.com\/site\/?p=310656"},"modified":"2023-08-09T16:30:04","modified_gmt":"2023-08-09T19:30:04","slug":"cuidado-onde-anda-e-evite-acidentes-com-rede-eletrica","status":"publish","type":"post","link":"https:\/\/www.notibras.com\/site\/cuidado-onde-anda-e-evite-acidentes-com-rede-eletrica\/","title":{"rendered":"Cuidado onde anda e evite acidentes com rede el\u00e9trica"},"content":{"rendered":"<p>A Associa\u00e7\u00e3o Brasileira de Distribuidores de Energia El\u00e9trica (Abradee) inaugura no calend\u00e1rio nacional o Agosto Vermelho: m\u00eas de conscientiza\u00e7\u00e3o sobre acidentes com a rede el\u00e9trica. A iniciativa da Abradee faz parte da 17\u00aa Campanha Nacional de Seguran\u00e7a para a preven\u00e7\u00e3o de acidentes el\u00e9tricos: \u201cSe ligue! Entre a vida e a sorte, escolha viver com seguran\u00e7a.\u201d<\/p>\n<p>Segundo a Abradee, somente no \u00faltimo ano, foram registrados no Brasil 756 acidentes envolvendo a rede el\u00e9trica &#8211; 270 com mortes. O maior n\u00famero de mortes est\u00e1 relacionado \u00e0 constru\u00e7\u00e3o ou manuten\u00e7\u00e3o predial, cabo energizado no solo, furto de condutor e equipamento de energia, liga\u00e7\u00e3o el\u00e9trica clandestina e incidentes com equipamentos e m\u00e1quinas agr\u00edcolas.<\/p>\n<p>Para refor\u00e7ar a campanha, durante todo o m\u00eas de agosto a Abradee e as distribuidoras de energia el\u00e9trica em todo o pa\u00eds v\u00e3o promover uma s\u00e9rie de iniciativas educacionais e de conscientiza\u00e7\u00e3o. A campanha ser\u00e1 veiculada em m\u00eddias sociais, com o objetivo de alcan\u00e7ar o maior n\u00famero poss\u00edvel de pessoas.<\/p>\n<p>\u201cEssas campanhas s\u00e3o de extrema import\u00e2ncia, pois ajudam a sensibilizar a popula\u00e7\u00e3o para quest\u00f5es preventivas. Al\u00e9m disso, elas ajudam a mobilizar a sociedade para a\u00e7\u00f5es concretas como a mudan\u00e7a de comportamento\u201d, afirmou, em nota, o presidente da Abradee, Marcos Madureira.<\/p>\n<p>\u201cQueremos promover o Agosto Vermelho anualmente para lembrar \u00e0 popula\u00e7\u00e3o como \u00e9 importante cuidar para que atividades pr\u00f3ximas \u00e0 rede el\u00e9trica sejam realizadas de forma consciente, escolhendo a seguran\u00e7a em vez da sorte\u201d, disse.<\/p>\n","protected":false},"excerpt":{"rendered":"<p>A Associa\u00e7\u00e3o Brasileira de Distribuidores de Energia El\u00e9trica (Abradee) inaugura no calend\u00e1rio nacional o Agosto Vermelho: m\u00eas de conscientiza\u00e7\u00e3o sobre acidentes com a rede el\u00e9trica. A iniciativa da Abradee faz parte da 17\u00aa Campanha Nacional de Seguran\u00e7a para a preven\u00e7\u00e3o de acidentes el\u00e9tricos: \u201cSe ligue! Entre a vida e a sorte, escolha viver com seguran\u00e7a.\u201d [&hellip;]<\/p>\n","protected":false},"author":2,"featured_media":310657,"comment_status":"closed","ping_status":"closed","sticky":false,"template":"","format":"standard","meta":{"_acf_changed":false,"footnotes":""},"categories":[161],"tags":[95],"class_list":["post-310656","post","type-post","status-publish","format-standard","has-post-thumbnail","hentry","category-quadradinho-em-foco","tag-capa"],"acf":[],"yoast_head":"<!-- This site is optimized with the Yoast SEO plugin v27.2 - https:\/\/yoast.com\/product\/yoast-seo-wordpress\/ -->\n<title>Cuidado onde anda e evite acidentes com rede el\u00e9trica - Notibras<\/title>\n<meta name=\"robots\" content=\"index, follow, max-snippet:-1, max-image-preview:large, max-video-preview:-1\" \/>\n<link rel=\"canonical\" href=\"https:\/\/www.notibras.com\/site\/cuidado-onde-anda-e-evite-acidentes-com-rede-eletrica\/\" \/>\n<meta property=\"og:locale\" content=\"pt_BR\" \/>\n<meta property=\"og:type\" content=\"article\" \/>\n<meta property=\"og:title\" content=\"Cuidado onde anda e evite acidentes com rede el\u00e9trica - Notibras\" \/>\n<meta property=\"og:description\" content=\"A Associa\u00e7\u00e3o Brasileira de Distribuidores de Energia El\u00e9trica (Abradee) inaugura no calend\u00e1rio nacional o Agosto Vermelho: m\u00eas de conscientiza\u00e7\u00e3o sobre acidentes com a rede el\u00e9trica. A iniciativa da Abradee faz parte da 17\u00aa Campanha Nacional de Seguran\u00e7a para a preven\u00e7\u00e3o de acidentes el\u00e9tricos: \u201cSe ligue! Entre a vida e a sorte, escolha viver com seguran\u00e7a.\u201d [&hellip;]\" \/>\n<meta property=\"og:url\" content=\"https:\/\/www.notibras.com\/site\/cuidado-onde-anda-e-evite-acidentes-com-rede-eletrica\/\" \/>\n<meta property=\"og:site_name\" content=\"Notibras\" \/>\n<meta property=\"article:publisher\" content=\"https:\/\/www.facebook.com\/notibras\/\" \/>\n<meta property=\"article:published_time\" content=\"2023-08-09T18:28:11+00:00\" \/>\n<meta property=\"article:modified_time\" content=\"2023-08-09T19:30:04+00:00\" \/>\n<meta property=\"og:image\" content=\"https:\/\/www.notibras.com\/site\/wp-content\/uploads\/2023\/08\/rede_eletrica_mcajr_abr2807221092.jpg\" \/>\n\t<meta property=\"og:image:width\" content=\"770\" \/>\n\t<meta property=\"og:image:height\" content=\"513\" \/>\n\t<meta property=\"og:image:type\" content=\"image\/jpeg\" \/>\n<meta name=\"author\" content=\"Reda\u00e7\u00e3o\" \/>\n<meta name=\"twitter:card\" content=\"summary_large_image\" \/>\n<meta name=\"twitter:creator\" content=\"@Notibras\" \/>\n<meta name=\"twitter:site\" content=\"@Notibras\" \/>\n<meta name=\"twitter:label1\" content=\"Escrito por\" \/>\n\t<meta name=\"twitter:data1\" content=\"Reda\u00e7\u00e3o\" \/>\n\t<meta name=\"twitter:label2\" content=\"Est. tempo de leitura\" \/>\n\t<meta name=\"twitter:data2\" content=\"2 minutos\" \/>\n<script type=\"application\/ld+json\" class=\"yoast-schema-graph\">{\"@context\":\"https:\/\/schema.org\",\"@graph\":[{\"@type\":\"Article\",\"@id\":\"https:\/\/www.notibras.com\/site\/cuidado-onde-anda-e-evite-acidentes-com-rede-eletrica\/#article\",\"isPartOf\":{\"@id\":\"https:\/\/www.notibras.com\/site\/cuidado-onde-anda-e-evite-acidentes-com-rede-eletrica\/\"},\"author\":{\"name\":\"Reda\u00e7\u00e3o\",\"@id\":\"https:\/\/www.notibras.com\/site\/#\/schema\/person\/36ab0979449956132d3e5b517ea76ac8\"},\"headline\":\"Cuidado onde anda e evite acidentes com rede el\u00e9trica\",\"datePublished\":\"2023-08-09T18:28:11+00:00\",\"dateModified\":\"2023-08-09T19:30:04+00:00\",\"mainEntityOfPage\":{\"@id\":\"https:\/\/www.notibras.com\/site\/cuidado-onde-anda-e-evite-acidentes-com-rede-eletrica\/\"},\"wordCount\":276,\"publisher\":{\"@id\":\"https:\/\/www.notibras.com\/site\/#organization\"},\"image\":{\"@id\":\"https:\/\/www.notibras.com\/site\/cuidado-onde-anda-e-evite-acidentes-com-rede-eletrica\/#primaryimage\"},\"thumbnailUrl\":\"https:\/\/www.notibras.com\/site\/wp-content\/uploads\/2023\/08\/rede_eletrica_mcajr_abr2807221092.jpg\",\"keywords\":[\"capa\"],\"articleSection\":[\"Quadradinho em Foco\"],\"inLanguage\":\"pt-BR\"},{\"@type\":\"WebPage\",\"@id\":\"https:\/\/www.notibras.com\/site\/cuidado-onde-anda-e-evite-acidentes-com-rede-eletrica\/\",\"url\":\"https:\/\/www.notibras.com\/site\/cuidado-onde-anda-e-evite-acidentes-com-rede-eletrica\/\",\"name\":\"Cuidado onde anda e evite acidentes com rede el\u00e9trica - Notibras\",\"isPartOf\":{\"@id\":\"https:\/\/www.notibras.com\/site\/#website\"},\"primaryImageOfPage\":{\"@id\":\"https:\/\/www.notibras.com\/site\/cuidado-onde-anda-e-evite-acidentes-com-rede-eletrica\/#primaryimage\"},\"image\":{\"@id\":\"https:\/\/www.notibras.com\/site\/cuidado-onde-anda-e-evite-acidentes-com-rede-eletrica\/#primaryimage\"},\"thumbnailUrl\":\"https:\/\/www.notibras.com\/site\/wp-content\/uploads\/2023\/08\/rede_eletrica_mcajr_abr2807221092.jpg\",\"datePublished\":\"2023-08-09T18:28:11+00:00\",\"dateModified\":\"2023-08-09T19:30:04+00:00\",\"breadcrumb\":{\"@id\":\"https:\/\/www.notibras.com\/site\/cuidado-onde-anda-e-evite-acidentes-com-rede-eletrica\/#breadcrumb\"},\"inLanguage\":\"pt-BR\",\"potentialAction\":[{\"@type\":\"ReadAction\",\"target\":[\"https:\/\/www.notibras.com\/site\/cuidado-onde-anda-e-evite-acidentes-com-rede-eletrica\/\"]}]},{\"@type\":\"ImageObject\",\"inLanguage\":\"pt-BR\",\"@id\":\"https:\/\/www.notibras.com\/site\/cuidado-onde-anda-e-evite-acidentes-com-rede-eletrica\/#primaryimage\",\"url\":\"https:\/\/www.notibras.com\/site\/wp-content\/uploads\/2023\/08\/rede_eletrica_mcajr_abr2807221092.jpg\",\"contentUrl\":\"https:\/\/www.notibras.com\/site\/wp-content\/uploads\/2023\/08\/rede_eletrica_mcajr_abr2807221092.jpg\",\"width\":770,\"height\":513,\"caption\":\"Postes de rede el\u00e9trica\"},{\"@type\":\"BreadcrumbList\",\"@id\":\"https:\/\/www.notibras.com\/site\/cuidado-onde-anda-e-evite-acidentes-com-rede-eletrica\/#breadcrumb\",\"itemListElement\":[{\"@type\":\"ListItem\",\"position\":1,\"name\":\"In\u00edcio\",\"item\":\"https:\/\/www.notibras.com\/site\/\"},{\"@type\":\"ListItem\",\"position\":2,\"name\":\"Cuidado onde anda e evite acidentes com rede el\u00e9trica\"}]},{\"@type\":\"WebSite\",\"@id\":\"https:\/\/www.notibras.com\/site\/#website\",\"url\":\"https:\/\/www.notibras.com\/site\/\",\"name\":\"Notibras\",\"description\":\"Not\u00edcias de Bras\u00edlia, do Brasil e do Mundo\",\"publisher\":{\"@id\":\"https:\/\/www.notibras.com\/site\/#organization\"},\"potentialAction\":[{\"@type\":\"SearchAction\",\"target\":{\"@type\":\"EntryPoint\",\"urlTemplate\":\"https:\/\/www.notibras.com\/site\/?s={search_term_string}\"},\"query-input\":{\"@type\":\"PropertyValueSpecification\",\"valueRequired\":true,\"valueName\":\"search_term_string\"}}],\"inLanguage\":\"pt-BR\"},{\"@type\":\"Organization\",\"@id\":\"https:\/\/www.notibras.com\/site\/#organization\",\"name\":\"Grupo Notibras de Comunica\u00e7\u00e3o\",\"url\":\"https:\/\/www.notibras.com\/site\/\",\"logo\":{\"@type\":\"ImageObject\",\"inLanguage\":\"pt-BR\",\"@id\":\"https:\/\/www.notibras.com\/site\/#\/schema\/logo\/image\/\",\"url\":\"https:\/\/www.notibras.com\/site\/wp-content\/uploads\/2023\/01\/notibras23.png\",\"contentUrl\":\"https:\/\/www.notibras.com\/site\/wp-content\/uploads\/2023\/01\/notibras23.png\",\"width\":350,\"height\":87,\"caption\":\"Grupo Notibras de Comunica\u00e7\u00e3o\"},\"image\":{\"@id\":\"https:\/\/www.notibras.com\/site\/#\/schema\/logo\/image\/\"},\"sameAs\":[\"https:\/\/www.facebook.com\/notibras\/\",\"https:\/\/x.com\/Notibras\",\"https:\/\/www.instagram.com\/notibras\/\"]},{\"@type\":\"Person\",\"@id\":\"https:\/\/www.notibras.com\/site\/#\/schema\/person\/36ab0979449956132d3e5b517ea76ac8\",\"name\":\"Reda\u00e7\u00e3o\",\"image\":{\"@type\":\"ImageObject\",\"inLanguage\":\"pt-BR\",\"@id\":\"https:\/\/secure.gravatar.com\/avatar\/e0a867bdedb85fd243eadf09663511f96fc81e0720a4a42581f334ad4303aa6b?s=96&d=mm&r=g\",\"url\":\"https:\/\/secure.gravatar.com\/avatar\/e0a867bdedb85fd243eadf09663511f96fc81e0720a4a42581f334ad4303aa6b?s=96&d=mm&r=g\",\"contentUrl\":\"https:\/\/secure.gravatar.com\/avatar\/e0a867bdedb85fd243eadf09663511f96fc81e0720a4a42581f334ad4303aa6b?s=96&d=mm&r=g\",\"caption\":\"Reda\u00e7\u00e3o\"}}]}<\/script>\n<!-- \/ Yoast SEO plugin. -->","yoast_head_json":{"title":"Cuidado onde anda e evite acidentes com rede el\u00e9trica - Notibras","robots":{"index":"index","follow":"follow","max-snippet":"max-snippet:-1","max-image-preview":"max-image-preview:large","max-video-preview":"max-video-preview:-1"},"canonical":"https:\/\/www.notibras.com\/site\/cuidado-onde-anda-e-evite-acidentes-com-rede-eletrica\/","og_locale":"pt_BR","og_type":"article","og_title":"Cuidado onde anda e evite acidentes com rede el\u00e9trica - Notibras","og_description":"A Associa\u00e7\u00e3o Brasileira de Distribuidores de Energia El\u00e9trica (Abradee) inaugura no calend\u00e1rio nacional o Agosto Vermelho: m\u00eas de conscientiza\u00e7\u00e3o sobre acidentes com a rede el\u00e9trica. A iniciativa da Abradee faz parte da 17\u00aa Campanha Nacional de Seguran\u00e7a para a preven\u00e7\u00e3o de acidentes el\u00e9tricos: \u201cSe ligue! Entre a vida e a sorte, escolha viver com seguran\u00e7a.\u201d [&hellip;]","og_url":"https:\/\/www.notibras.com\/site\/cuidado-onde-anda-e-evite-acidentes-com-rede-eletrica\/","og_site_name":"Notibras","article_publisher":"https:\/\/www.facebook.com\/notibras\/","article_published_time":"2023-08-09T18:28:11+00:00","article_modified_time":"2023-08-09T19:30:04+00:00","og_image":[{"width":770,"height":513,"url":"https:\/\/www.notibras.com\/site\/wp-content\/uploads\/2023\/08\/rede_eletrica_mcajr_abr2807221092.jpg","type":"image\/jpeg"}],"author":"Reda\u00e7\u00e3o","twitter_card":"summary_large_image","twitter_creator":"@Notibras","twitter_site":"@Notibras","twitter_misc":{"Escrito por":"Reda\u00e7\u00e3o","Est. tempo de leitura":"2 minutos"},"schema":{"@context":"https:\/\/schema.org","@graph":[{"@type":"Article","@id":"https:\/\/www.notibras.com\/site\/cuidado-onde-anda-e-evite-acidentes-com-rede-eletrica\/#article","isPartOf":{"@id":"https:\/\/www.notibras.com\/site\/cuidado-onde-anda-e-evite-acidentes-com-rede-eletrica\/"},"author":{"name":"Reda\u00e7\u00e3o","@id":"https:\/\/www.notibras.com\/site\/#\/schema\/person\/36ab0979449956132d3e5b517ea76ac8"},"headline":"Cuidado onde anda e evite acidentes com rede el\u00e9trica","datePublished":"2023-08-09T18:28:11+00:00","dateModified":"2023-08-09T19:30:04+00:00","mainEntityOfPage":{"@id":"https:\/\/www.notibras.com\/site\/cuidado-onde-anda-e-evite-acidentes-com-rede-eletrica\/"},"wordCount":276,"publisher":{"@id":"https:\/\/www.notibras.com\/site\/#organization"},"image":{"@id":"https:\/\/www.notibras.com\/site\/cuidado-onde-anda-e-evite-acidentes-com-rede-eletrica\/#primaryimage"},"thumbnailUrl":"https:\/\/www.notibras.com\/site\/wp-content\/uploads\/2023\/08\/rede_eletrica_mcajr_abr2807221092.jpg","keywords":["capa"],"articleSection":["Quadradinho em Foco"],"inLanguage":"pt-BR"},{"@type":"WebPage","@id":"https:\/\/www.notibras.com\/site\/cuidado-onde-anda-e-evite-acidentes-com-rede-eletrica\/","url":"https:\/\/www.notibras.com\/site\/cuidado-onde-anda-e-evite-acidentes-com-rede-eletrica\/","name":"Cuidado onde anda e evite acidentes com rede el\u00e9trica - Notibras","isPartOf":{"@id":"https:\/\/www.notibras.com\/site\/#website"},"primaryImageOfPage":{"@id":"https:\/\/www.notibras.com\/site\/cuidado-onde-anda-e-evite-acidentes-com-rede-eletrica\/#primaryimage"},"image":{"@id":"https:\/\/www.notibras.com\/site\/cuidado-onde-anda-e-evite-acidentes-com-rede-eletrica\/#primaryimage"},"thumbnailUrl":"https:\/\/www.notibras.com\/site\/wp-content\/uploads\/2023\/08\/rede_eletrica_mcajr_abr2807221092.jpg","datePublished":"2023-08-09T18:28:11+00:00","dateModified":"2023-08-09T19:30:04+00:00","breadcrumb":{"@id":"https:\/\/www.notibras.com\/site\/cuidado-onde-anda-e-evite-acidentes-com-rede-eletrica\/#breadcrumb"},"inLanguage":"pt-BR","potentialAction":[{"@type":"ReadAction","target":["https:\/\/www.notibras.com\/site\/cuidado-onde-anda-e-evite-acidentes-com-rede-eletrica\/"]}]},{"@type":"ImageObject","inLanguage":"pt-BR","@id":"https:\/\/www.notibras.com\/site\/cuidado-onde-anda-e-evite-acidentes-com-rede-eletrica\/#primaryimage","url":"https:\/\/www.notibras.com\/site\/wp-content\/uploads\/2023\/08\/rede_eletrica_mcajr_abr2807221092.jpg","contentUrl":"https:\/\/www.notibras.com\/site\/wp-content\/uploads\/2023\/08\/rede_eletrica_mcajr_abr2807221092.jpg","width":770,"height":513,"caption":"Postes de rede el\u00e9trica"},{"@type":"BreadcrumbList","@id":"https:\/\/www.notibras.com\/site\/cuidado-onde-anda-e-evite-acidentes-com-rede-eletrica\/#breadcrumb","itemListElement":[{"@type":"ListItem","position":1,"name":"In\u00edcio","item":"https:\/\/www.notibras.com\/site\/"},{"@type":"ListItem","position":2,"name":"Cuidado onde anda e evite acidentes com rede el\u00e9trica"}]},{"@type":"WebSite","@id":"https:\/\/www.notibras.com\/site\/#website","url":"https:\/\/www.notibras.com\/site\/","name":"Notibras","description":"Not\u00edcias de Bras\u00edlia, do Brasil e do Mundo","publisher":{"@id":"https:\/\/www.notibras.com\/site\/#organization"},"potentialAction":[{"@type":"SearchAction","target":{"@type":"EntryPoint","urlTemplate":"https:\/\/www.notibras.com\/site\/?s={search_term_string}"},"query-input":{"@type":"PropertyValueSpecification","valueRequired":true,"valueName":"search_term_string"}}],"inLanguage":"pt-BR"},{"@type":"Organization","@id":"https:\/\/www.notibras.com\/site\/#organization","name":"Grupo Notibras de Comunica\u00e7\u00e3o","url":"https:\/\/www.notibras.com\/site\/","logo":{"@type":"ImageObject","inLanguage":"pt-BR","@id":"https:\/\/www.notibras.com\/site\/#\/schema\/logo\/image\/","url":"https:\/\/www.notibras.com\/site\/wp-content\/uploads\/2023\/01\/notibras23.png","contentUrl":"https:\/\/www.notibras.com\/site\/wp-content\/uploads\/2023\/01\/notibras23.png","width":350,"height":87,"caption":"Grupo Notibras de Comunica\u00e7\u00e3o"},"image":{"@id":"https:\/\/www.notibras.com\/site\/#\/schema\/logo\/image\/"},"sameAs":["https:\/\/www.facebook.com\/notibras\/","https:\/\/x.com\/Notibras","https:\/\/www.instagram.com\/notibras\/"]},{"@type":"Person","@id":"https:\/\/www.notibras.com\/site\/#\/schema\/person\/36ab0979449956132d3e5b517ea76ac8","name":"Reda\u00e7\u00e3o","image":{"@type":"ImageObject","inLanguage":"pt-BR","@id":"https:\/\/secure.gravatar.com\/avatar\/e0a867bdedb85fd243eadf09663511f96fc81e0720a4a42581f334ad4303aa6b?s=96&d=mm&r=g","url":"https:\/\/secure.gravatar.com\/avatar\/e0a867bdedb85fd243eadf09663511f96fc81e0720a4a42581f334ad4303aa6b?s=96&d=mm&r=g","contentUrl":"https:\/\/secure.gravatar.com\/avatar\/e0a867bdedb85fd243eadf09663511f96fc81e0720a4a42581f334ad4303aa6b?s=96&d=mm&r=g","caption":"Reda\u00e7\u00e3o"}}]}},"amp_enabled":true,"_links":{"self":[{"href":"https:\/\/www.notibras.com\/site\/wp-json\/wp\/v2\/posts\/310656","targetHints":{"allow":["GET"]}}],"collection":[{"href":"https:\/\/www.notibras.com\/site\/wp-json\/wp\/v2\/posts"}],"about":[{"href":"https:\/\/www.notibras.com\/site\/wp-json\/wp\/v2\/types\/post"}],"author":[{"embeddable":true,"href":"https:\/\/www.notibras.com\/site\/wp-json\/wp\/v2\/users\/2"}],"replies":[{"embeddable":true,"href":"https:\/\/www.notibras.com\/site\/wp-json\/wp\/v2\/comments?post=310656"}],"version-history":[{"count":1,"href":"https:\/\/www.notibras.com\/site\/wp-json\/wp\/v2\/posts\/310656\/revisions"}],"predecessor-version":[{"id":310658,"href":"https:\/\/www.notibras.com\/site\/wp-json\/wp\/v2\/posts\/310656\/revisions\/310658"}],"wp:featuredmedia":[{"embeddable":true,"href":"https:\/\/www.notibras.com\/site\/wp-json\/wp\/v2\/media\/310657"}],"wp:attachment":[{"href":"https:\/\/www.notibras.com\/site\/wp-json\/wp\/v2\/media?parent=310656"}],"wp:term":[{"taxonomy":"category","embeddable":true,"href":"https:\/\/www.notibras.com\/site\/wp-json\/wp\/v2\/categories?post=310656"},{"taxonomy":"post_tag","embeddable":true,"href":"https:\/\/www.notibras.com\/site\/wp-json\/wp\/v2\/tags?post=310656"}],"curies":[{"name":"wp","href":"https:\/\/api.w.org\/{rel}","templated":true}]}}