{"id":310690,"date":"2023-08-10T06:11:25","date_gmt":"2023-08-10T09:11:25","guid":{"rendered":"https:\/\/www.notibras.com\/site\/?p=310690"},"modified":"2023-08-10T07:13:58","modified_gmt":"2023-08-10T10:13:58","slug":"vem-ai-o-repasse-para-pagamento-do-piso-da-enfermagem","status":"publish","type":"post","link":"https:\/\/www.notibras.com\/site\/vem-ai-o-repasse-para-pagamento-do-piso-da-enfermagem\/","title":{"rendered":"Vem a\u00ed o repasse para pagamento do piso da enfermagem"},"content":{"rendered":"<p>O Minist\u00e9rio da Sa\u00fade informa: o primeiro repasse complementar aos estados e munic\u00edpios para o pagamento do piso nacional da enfermagem ser\u00e1 feito at\u00e9 o dia 21 deste m\u00eas. O calend\u00e1rio de repasses foi acertado com estados, munic\u00edpios e o Distrito Federal.<\/p>\n<p>Os profissionais (federais, estaduais, municipais e do Distrito Federal) ir\u00e3o receber nove parcelas em 2023, com valores retroativos a maio e o 13\u00ba sal\u00e1rio. Para o pagamento do piso, o governo federal destinar\u00e1 R$ 7,3 bilh\u00f5es.<\/p>\n<p>No in\u00edcio de agosto, foram pagos aos servidores federais da categoria de enfermagem os valores complementares dos meses de maio e junho e a parcela de julho. A pasta informou que as demais parcelas ser\u00e3o pagas at\u00e9 dezembro, bem como o 13\u00ba sal\u00e1rio.<\/p>\n<p>\u201cDe acordo com as orienta\u00e7\u00f5es da Advocacia-Geral da Uni\u00e3o (AGU), o c\u00e1lculo do piso ser\u00e1 aplicado considerando o vencimento b\u00e1sico e as gratifica\u00e7\u00f5es de car\u00e1ter geral, fixas e permanentes, n\u00e3o inclu\u00eddas as de cunho pessoal\u201d, informou em nota o Minist\u00e9rio da Sa\u00fade.<\/p>\n<p><strong>Entenda<\/strong><br \/>\nEm maio, o ministro Lu\u00eds Roberto Barroso, do Supremo Tribunal Federal (STF), liberou o pagamento do piso nacional da enfermagem ap\u00f3s o presidente Luiz In\u00e1cio Lula da Silva ter sancionado a abertura de cr\u00e9dito especial de R$ 7,3 bilh\u00f5es para o pagamento do piso.<\/p>\n<p>At\u00e9 ent\u00e3o, o novo piso nacional, definido pela Lei n\u00ba 14.434, estava suspenso, desde setembro de 2022, por decis\u00e3o do pr\u00f3prio Barroso, at\u00e9 que os entes p\u00fablicos e privados da \u00e1rea da sa\u00fade esclarecessem o impacto financeiro. Segundo os estados, o impacto nas contas locais \u00e9 de R$ 10,5 bilh\u00f5es e n\u00e3o h\u00e1 recursos para suplementar o pagamento.<\/p>\n<p>Na nova decis\u00e3o, Barroso determinou que estados, Distrito Federal e munic\u00edpios, bem como \u00e0s entidades privadas que atendam, no m\u00ednimo, 60% de seus pacientes pelo Sistema \u00danico de Sa\u00fade (SUS), a obrigatoriedade de implementa\u00e7\u00e3o do piso nacional s\u00f3 existe no limite dos recursos recebidos por meio da assist\u00eancia financeira prestada pela Uni\u00e3o para essa finalidade.<\/p>\n","protected":false},"excerpt":{"rendered":"<p>O Minist\u00e9rio da Sa\u00fade informa: o primeiro repasse complementar aos estados e munic\u00edpios para o pagamento do piso nacional da enfermagem ser\u00e1 feito at\u00e9 o dia 21 deste m\u00eas. O calend\u00e1rio de repasses foi acertado com estados, munic\u00edpios e o Distrito Federal. Os profissionais (federais, estaduais, municipais e do Distrito Federal) ir\u00e3o receber nove parcelas [&hellip;]<\/p>\n","protected":false},"author":2,"featured_media":310691,"comment_status":"closed","ping_status":"closed","sticky":false,"template":"","format":"standard","meta":{"_acf_changed":false,"footnotes":""},"categories":[161],"tags":[95],"class_list":["post-310690","post","type-post","status-publish","format-standard","has-post-thumbnail","hentry","category-quadradinho-em-foco","tag-capa"],"acf":[],"yoast_head":"<!-- This site is optimized with the Yoast SEO plugin v27.2 - https:\/\/yoast.com\/product\/yoast-seo-wordpress\/ -->\n<title>Vem a\u00ed o repasse para pagamento do piso da enfermagem - Notibras<\/title>\n<meta name=\"robots\" content=\"index, follow, max-snippet:-1, max-image-preview:large, max-video-preview:-1\" \/>\n<link rel=\"canonical\" href=\"https:\/\/www.notibras.com\/site\/vem-ai-o-repasse-para-pagamento-do-piso-da-enfermagem\/\" \/>\n<meta property=\"og:locale\" content=\"pt_BR\" \/>\n<meta property=\"og:type\" content=\"article\" \/>\n<meta property=\"og:title\" content=\"Vem a\u00ed o repasse para pagamento do piso da enfermagem - Notibras\" \/>\n<meta property=\"og:description\" content=\"O Minist\u00e9rio da Sa\u00fade informa: o primeiro repasse complementar aos estados e munic\u00edpios para o pagamento do piso nacional da enfermagem ser\u00e1 feito at\u00e9 o dia 21 deste m\u00eas. O calend\u00e1rio de repasses foi acertado com estados, munic\u00edpios e o Distrito Federal. Os profissionais (federais, estaduais, municipais e do Distrito Federal) ir\u00e3o receber nove parcelas [&hellip;]\" \/>\n<meta property=\"og:url\" content=\"https:\/\/www.notibras.com\/site\/vem-ai-o-repasse-para-pagamento-do-piso-da-enfermagem\/\" \/>\n<meta property=\"og:site_name\" content=\"Notibras\" \/>\n<meta property=\"article:publisher\" content=\"https:\/\/www.facebook.com\/notibras\/\" \/>\n<meta property=\"article:published_time\" content=\"2023-08-10T09:11:25+00:00\" \/>\n<meta property=\"article:modified_time\" content=\"2023-08-10T10:13:58+00:00\" \/>\n<meta property=\"og:image\" content=\"https:\/\/www.notibras.com\/site\/wp-content\/uploads\/2023\/08\/vacina_de_oxford_astrazeneca_tnrgo_2701214160.jpg\" \/>\n\t<meta property=\"og:image:width\" content=\"1170\" \/>\n\t<meta property=\"og:image:height\" content=\"700\" \/>\n\t<meta property=\"og:image:type\" content=\"image\/jpeg\" \/>\n<meta name=\"author\" content=\"Reda\u00e7\u00e3o\" \/>\n<meta name=\"twitter:card\" content=\"summary_large_image\" \/>\n<meta name=\"twitter:creator\" content=\"@Notibras\" \/>\n<meta name=\"twitter:site\" content=\"@Notibras\" \/>\n<meta name=\"twitter:label1\" content=\"Escrito por\" \/>\n\t<meta name=\"twitter:data1\" content=\"Reda\u00e7\u00e3o\" \/>\n\t<meta name=\"twitter:label2\" content=\"Est. tempo de leitura\" \/>\n\t<meta name=\"twitter:data2\" content=\"2 minutos\" \/>\n<script type=\"application\/ld+json\" class=\"yoast-schema-graph\">{\"@context\":\"https:\/\/schema.org\",\"@graph\":[{\"@type\":\"Article\",\"@id\":\"https:\/\/www.notibras.com\/site\/vem-ai-o-repasse-para-pagamento-do-piso-da-enfermagem\/#article\",\"isPartOf\":{\"@id\":\"https:\/\/www.notibras.com\/site\/vem-ai-o-repasse-para-pagamento-do-piso-da-enfermagem\/\"},\"author\":{\"name\":\"Reda\u00e7\u00e3o\",\"@id\":\"https:\/\/www.notibras.com\/site\/#\/schema\/person\/36ab0979449956132d3e5b517ea76ac8\"},\"headline\":\"Vem a\u00ed o repasse para pagamento do piso da enfermagem\",\"datePublished\":\"2023-08-10T09:11:25+00:00\",\"dateModified\":\"2023-08-10T10:13:58+00:00\",\"mainEntityOfPage\":{\"@id\":\"https:\/\/www.notibras.com\/site\/vem-ai-o-repasse-para-pagamento-do-piso-da-enfermagem\/\"},\"wordCount\":361,\"publisher\":{\"@id\":\"https:\/\/www.notibras.com\/site\/#organization\"},\"image\":{\"@id\":\"https:\/\/www.notibras.com\/site\/vem-ai-o-repasse-para-pagamento-do-piso-da-enfermagem\/#primaryimage\"},\"thumbnailUrl\":\"https:\/\/www.notibras.com\/site\/wp-content\/uploads\/2023\/08\/vacina_de_oxford_astrazeneca_tnrgo_2701214160.jpg\",\"keywords\":[\"capa\"],\"articleSection\":[\"Quadradinho em Foco\"],\"inLanguage\":\"pt-BR\"},{\"@type\":\"WebPage\",\"@id\":\"https:\/\/www.notibras.com\/site\/vem-ai-o-repasse-para-pagamento-do-piso-da-enfermagem\/\",\"url\":\"https:\/\/www.notibras.com\/site\/vem-ai-o-repasse-para-pagamento-do-piso-da-enfermagem\/\",\"name\":\"Vem a\u00ed o repasse para pagamento do piso da enfermagem - Notibras\",\"isPartOf\":{\"@id\":\"https:\/\/www.notibras.com\/site\/#website\"},\"primaryImageOfPage\":{\"@id\":\"https:\/\/www.notibras.com\/site\/vem-ai-o-repasse-para-pagamento-do-piso-da-enfermagem\/#primaryimage\"},\"image\":{\"@id\":\"https:\/\/www.notibras.com\/site\/vem-ai-o-repasse-para-pagamento-do-piso-da-enfermagem\/#primaryimage\"},\"thumbnailUrl\":\"https:\/\/www.notibras.com\/site\/wp-content\/uploads\/2023\/08\/vacina_de_oxford_astrazeneca_tnrgo_2701214160.jpg\",\"datePublished\":\"2023-08-10T09:11:25+00:00\",\"dateModified\":\"2023-08-10T10:13:58+00:00\",\"breadcrumb\":{\"@id\":\"https:\/\/www.notibras.com\/site\/vem-ai-o-repasse-para-pagamento-do-piso-da-enfermagem\/#breadcrumb\"},\"inLanguage\":\"pt-BR\",\"potentialAction\":[{\"@type\":\"ReadAction\",\"target\":[\"https:\/\/www.notibras.com\/site\/vem-ai-o-repasse-para-pagamento-do-piso-da-enfermagem\/\"]}]},{\"@type\":\"ImageObject\",\"inLanguage\":\"pt-BR\",\"@id\":\"https:\/\/www.notibras.com\/site\/vem-ai-o-repasse-para-pagamento-do-piso-da-enfermagem\/#primaryimage\",\"url\":\"https:\/\/www.notibras.com\/site\/wp-content\/uploads\/2023\/08\/vacina_de_oxford_astrazeneca_tnrgo_2701214160.jpg\",\"contentUrl\":\"https:\/\/www.notibras.com\/site\/wp-content\/uploads\/2023\/08\/vacina_de_oxford_astrazeneca_tnrgo_2701214160.jpg\",\"width\":1170,\"height\":700,\"caption\":\"A t\u00e9cnica de enfermagem, Paula Roberta Moreira mostra a ampola da vacina contra a covid-19 antes de aplicar a inje\u00e7\u00e3o. Vacina\u00e7\u00e3o dos profissionais de sa\u00fade, veterin\u00e1rios e agentes funer\u00e1rios com 60 anos ou mais de idade, que estam na ativa, na Cl\u00ednica da Fam\u00edlia Est\u00e1cio de S\u00e1, na regi\u00e3o central da cidade. O munic\u00edpio do Rio de Janeiro ampliou hoje (27) o p\u00fablico-alvo da campanha de vacina\u00e7\u00e3o contra a covid-19.\"},{\"@type\":\"BreadcrumbList\",\"@id\":\"https:\/\/www.notibras.com\/site\/vem-ai-o-repasse-para-pagamento-do-piso-da-enfermagem\/#breadcrumb\",\"itemListElement\":[{\"@type\":\"ListItem\",\"position\":1,\"name\":\"In\u00edcio\",\"item\":\"https:\/\/www.notibras.com\/site\/\"},{\"@type\":\"ListItem\",\"position\":2,\"name\":\"Vem a\u00ed o repasse para pagamento do piso da enfermagem\"}]},{\"@type\":\"WebSite\",\"@id\":\"https:\/\/www.notibras.com\/site\/#website\",\"url\":\"https:\/\/www.notibras.com\/site\/\",\"name\":\"Notibras\",\"description\":\"Not\u00edcias de Bras\u00edlia, do Brasil e do Mundo\",\"publisher\":{\"@id\":\"https:\/\/www.notibras.com\/site\/#organization\"},\"potentialAction\":[{\"@type\":\"SearchAction\",\"target\":{\"@type\":\"EntryPoint\",\"urlTemplate\":\"https:\/\/www.notibras.com\/site\/?s={search_term_string}\"},\"query-input\":{\"@type\":\"PropertyValueSpecification\",\"valueRequired\":true,\"valueName\":\"search_term_string\"}}],\"inLanguage\":\"pt-BR\"},{\"@type\":\"Organization\",\"@id\":\"https:\/\/www.notibras.com\/site\/#organization\",\"name\":\"Grupo Notibras de Comunica\u00e7\u00e3o\",\"url\":\"https:\/\/www.notibras.com\/site\/\",\"logo\":{\"@type\":\"ImageObject\",\"inLanguage\":\"pt-BR\",\"@id\":\"https:\/\/www.notibras.com\/site\/#\/schema\/logo\/image\/\",\"url\":\"https:\/\/www.notibras.com\/site\/wp-content\/uploads\/2023\/01\/notibras23.png\",\"contentUrl\":\"https:\/\/www.notibras.com\/site\/wp-content\/uploads\/2023\/01\/notibras23.png\",\"width\":350,\"height\":87,\"caption\":\"Grupo Notibras de Comunica\u00e7\u00e3o\"},\"image\":{\"@id\":\"https:\/\/www.notibras.com\/site\/#\/schema\/logo\/image\/\"},\"sameAs\":[\"https:\/\/www.facebook.com\/notibras\/\",\"https:\/\/x.com\/Notibras\",\"https:\/\/www.instagram.com\/notibras\/\"]},{\"@type\":\"Person\",\"@id\":\"https:\/\/www.notibras.com\/site\/#\/schema\/person\/36ab0979449956132d3e5b517ea76ac8\",\"name\":\"Reda\u00e7\u00e3o\",\"image\":{\"@type\":\"ImageObject\",\"inLanguage\":\"pt-BR\",\"@id\":\"https:\/\/secure.gravatar.com\/avatar\/e0a867bdedb85fd243eadf09663511f96fc81e0720a4a42581f334ad4303aa6b?s=96&d=mm&r=g\",\"url\":\"https:\/\/secure.gravatar.com\/avatar\/e0a867bdedb85fd243eadf09663511f96fc81e0720a4a42581f334ad4303aa6b?s=96&d=mm&r=g\",\"contentUrl\":\"https:\/\/secure.gravatar.com\/avatar\/e0a867bdedb85fd243eadf09663511f96fc81e0720a4a42581f334ad4303aa6b?s=96&d=mm&r=g\",\"caption\":\"Reda\u00e7\u00e3o\"}}]}<\/script>\n<!-- \/ Yoast SEO plugin. -->","yoast_head_json":{"title":"Vem a\u00ed o repasse para pagamento do piso da enfermagem - Notibras","robots":{"index":"index","follow":"follow","max-snippet":"max-snippet:-1","max-image-preview":"max-image-preview:large","max-video-preview":"max-video-preview:-1"},"canonical":"https:\/\/www.notibras.com\/site\/vem-ai-o-repasse-para-pagamento-do-piso-da-enfermagem\/","og_locale":"pt_BR","og_type":"article","og_title":"Vem a\u00ed o repasse para pagamento do piso da enfermagem - Notibras","og_description":"O Minist\u00e9rio da Sa\u00fade informa: o primeiro repasse complementar aos estados e munic\u00edpios para o pagamento do piso nacional da enfermagem ser\u00e1 feito at\u00e9 o dia 21 deste m\u00eas. O calend\u00e1rio de repasses foi acertado com estados, munic\u00edpios e o Distrito Federal. Os profissionais (federais, estaduais, municipais e do Distrito Federal) ir\u00e3o receber nove parcelas [&hellip;]","og_url":"https:\/\/www.notibras.com\/site\/vem-ai-o-repasse-para-pagamento-do-piso-da-enfermagem\/","og_site_name":"Notibras","article_publisher":"https:\/\/www.facebook.com\/notibras\/","article_published_time":"2023-08-10T09:11:25+00:00","article_modified_time":"2023-08-10T10:13:58+00:00","og_image":[{"width":1170,"height":700,"url":"https:\/\/www.notibras.com\/site\/wp-content\/uploads\/2023\/08\/vacina_de_oxford_astrazeneca_tnrgo_2701214160.jpg","type":"image\/jpeg"}],"author":"Reda\u00e7\u00e3o","twitter_card":"summary_large_image","twitter_creator":"@Notibras","twitter_site":"@Notibras","twitter_misc":{"Escrito por":"Reda\u00e7\u00e3o","Est. tempo de leitura":"2 minutos"},"schema":{"@context":"https:\/\/schema.org","@graph":[{"@type":"Article","@id":"https:\/\/www.notibras.com\/site\/vem-ai-o-repasse-para-pagamento-do-piso-da-enfermagem\/#article","isPartOf":{"@id":"https:\/\/www.notibras.com\/site\/vem-ai-o-repasse-para-pagamento-do-piso-da-enfermagem\/"},"author":{"name":"Reda\u00e7\u00e3o","@id":"https:\/\/www.notibras.com\/site\/#\/schema\/person\/36ab0979449956132d3e5b517ea76ac8"},"headline":"Vem a\u00ed o repasse para pagamento do piso da enfermagem","datePublished":"2023-08-10T09:11:25+00:00","dateModified":"2023-08-10T10:13:58+00:00","mainEntityOfPage":{"@id":"https:\/\/www.notibras.com\/site\/vem-ai-o-repasse-para-pagamento-do-piso-da-enfermagem\/"},"wordCount":361,"publisher":{"@id":"https:\/\/www.notibras.com\/site\/#organization"},"image":{"@id":"https:\/\/www.notibras.com\/site\/vem-ai-o-repasse-para-pagamento-do-piso-da-enfermagem\/#primaryimage"},"thumbnailUrl":"https:\/\/www.notibras.com\/site\/wp-content\/uploads\/2023\/08\/vacina_de_oxford_astrazeneca_tnrgo_2701214160.jpg","keywords":["capa"],"articleSection":["Quadradinho em Foco"],"inLanguage":"pt-BR"},{"@type":"WebPage","@id":"https:\/\/www.notibras.com\/site\/vem-ai-o-repasse-para-pagamento-do-piso-da-enfermagem\/","url":"https:\/\/www.notibras.com\/site\/vem-ai-o-repasse-para-pagamento-do-piso-da-enfermagem\/","name":"Vem a\u00ed o repasse para pagamento do piso da enfermagem - Notibras","isPartOf":{"@id":"https:\/\/www.notibras.com\/site\/#website"},"primaryImageOfPage":{"@id":"https:\/\/www.notibras.com\/site\/vem-ai-o-repasse-para-pagamento-do-piso-da-enfermagem\/#primaryimage"},"image":{"@id":"https:\/\/www.notibras.com\/site\/vem-ai-o-repasse-para-pagamento-do-piso-da-enfermagem\/#primaryimage"},"thumbnailUrl":"https:\/\/www.notibras.com\/site\/wp-content\/uploads\/2023\/08\/vacina_de_oxford_astrazeneca_tnrgo_2701214160.jpg","datePublished":"2023-08-10T09:11:25+00:00","dateModified":"2023-08-10T10:13:58+00:00","breadcrumb":{"@id":"https:\/\/www.notibras.com\/site\/vem-ai-o-repasse-para-pagamento-do-piso-da-enfermagem\/#breadcrumb"},"inLanguage":"pt-BR","potentialAction":[{"@type":"ReadAction","target":["https:\/\/www.notibras.com\/site\/vem-ai-o-repasse-para-pagamento-do-piso-da-enfermagem\/"]}]},{"@type":"ImageObject","inLanguage":"pt-BR","@id":"https:\/\/www.notibras.com\/site\/vem-ai-o-repasse-para-pagamento-do-piso-da-enfermagem\/#primaryimage","url":"https:\/\/www.notibras.com\/site\/wp-content\/uploads\/2023\/08\/vacina_de_oxford_astrazeneca_tnrgo_2701214160.jpg","contentUrl":"https:\/\/www.notibras.com\/site\/wp-content\/uploads\/2023\/08\/vacina_de_oxford_astrazeneca_tnrgo_2701214160.jpg","width":1170,"height":700,"caption":"A t\u00e9cnica de enfermagem, Paula Roberta Moreira mostra a ampola da vacina contra a covid-19 antes de aplicar a inje\u00e7\u00e3o. Vacina\u00e7\u00e3o dos profissionais de sa\u00fade, veterin\u00e1rios e agentes funer\u00e1rios com 60 anos ou mais de idade, que estam na ativa, na Cl\u00ednica da Fam\u00edlia Est\u00e1cio de S\u00e1, na regi\u00e3o central da cidade. O munic\u00edpio do Rio de Janeiro ampliou hoje (27) o p\u00fablico-alvo da campanha de vacina\u00e7\u00e3o contra a covid-19."},{"@type":"BreadcrumbList","@id":"https:\/\/www.notibras.com\/site\/vem-ai-o-repasse-para-pagamento-do-piso-da-enfermagem\/#breadcrumb","itemListElement":[{"@type":"ListItem","position":1,"name":"In\u00edcio","item":"https:\/\/www.notibras.com\/site\/"},{"@type":"ListItem","position":2,"name":"Vem a\u00ed o repasse para pagamento do piso da enfermagem"}]},{"@type":"WebSite","@id":"https:\/\/www.notibras.com\/site\/#website","url":"https:\/\/www.notibras.com\/site\/","name":"Notibras","description":"Not\u00edcias de Bras\u00edlia, do Brasil e do Mundo","publisher":{"@id":"https:\/\/www.notibras.com\/site\/#organization"},"potentialAction":[{"@type":"SearchAction","target":{"@type":"EntryPoint","urlTemplate":"https:\/\/www.notibras.com\/site\/?s={search_term_string}"},"query-input":{"@type":"PropertyValueSpecification","valueRequired":true,"valueName":"search_term_string"}}],"inLanguage":"pt-BR"},{"@type":"Organization","@id":"https:\/\/www.notibras.com\/site\/#organization","name":"Grupo Notibras de Comunica\u00e7\u00e3o","url":"https:\/\/www.notibras.com\/site\/","logo":{"@type":"ImageObject","inLanguage":"pt-BR","@id":"https:\/\/www.notibras.com\/site\/#\/schema\/logo\/image\/","url":"https:\/\/www.notibras.com\/site\/wp-content\/uploads\/2023\/01\/notibras23.png","contentUrl":"https:\/\/www.notibras.com\/site\/wp-content\/uploads\/2023\/01\/notibras23.png","width":350,"height":87,"caption":"Grupo Notibras de Comunica\u00e7\u00e3o"},"image":{"@id":"https:\/\/www.notibras.com\/site\/#\/schema\/logo\/image\/"},"sameAs":["https:\/\/www.facebook.com\/notibras\/","https:\/\/x.com\/Notibras","https:\/\/www.instagram.com\/notibras\/"]},{"@type":"Person","@id":"https:\/\/www.notibras.com\/site\/#\/schema\/person\/36ab0979449956132d3e5b517ea76ac8","name":"Reda\u00e7\u00e3o","image":{"@type":"ImageObject","inLanguage":"pt-BR","@id":"https:\/\/secure.gravatar.com\/avatar\/e0a867bdedb85fd243eadf09663511f96fc81e0720a4a42581f334ad4303aa6b?s=96&d=mm&r=g","url":"https:\/\/secure.gravatar.com\/avatar\/e0a867bdedb85fd243eadf09663511f96fc81e0720a4a42581f334ad4303aa6b?s=96&d=mm&r=g","contentUrl":"https:\/\/secure.gravatar.com\/avatar\/e0a867bdedb85fd243eadf09663511f96fc81e0720a4a42581f334ad4303aa6b?s=96&d=mm&r=g","caption":"Reda\u00e7\u00e3o"}}]}},"amp_enabled":true,"_links":{"self":[{"href":"https:\/\/www.notibras.com\/site\/wp-json\/wp\/v2\/posts\/310690","targetHints":{"allow":["GET"]}}],"collection":[{"href":"https:\/\/www.notibras.com\/site\/wp-json\/wp\/v2\/posts"}],"about":[{"href":"https:\/\/www.notibras.com\/site\/wp-json\/wp\/v2\/types\/post"}],"author":[{"embeddable":true,"href":"https:\/\/www.notibras.com\/site\/wp-json\/wp\/v2\/users\/2"}],"replies":[{"embeddable":true,"href":"https:\/\/www.notibras.com\/site\/wp-json\/wp\/v2\/comments?post=310690"}],"version-history":[{"count":1,"href":"https:\/\/www.notibras.com\/site\/wp-json\/wp\/v2\/posts\/310690\/revisions"}],"predecessor-version":[{"id":310692,"href":"https:\/\/www.notibras.com\/site\/wp-json\/wp\/v2\/posts\/310690\/revisions\/310692"}],"wp:featuredmedia":[{"embeddable":true,"href":"https:\/\/www.notibras.com\/site\/wp-json\/wp\/v2\/media\/310691"}],"wp:attachment":[{"href":"https:\/\/www.notibras.com\/site\/wp-json\/wp\/v2\/media?parent=310690"}],"wp:term":[{"taxonomy":"category","embeddable":true,"href":"https:\/\/www.notibras.com\/site\/wp-json\/wp\/v2\/categories?post=310690"},{"taxonomy":"post_tag","embeddable":true,"href":"https:\/\/www.notibras.com\/site\/wp-json\/wp\/v2\/tags?post=310690"}],"curies":[{"name":"wp","href":"https:\/\/api.w.org\/{rel}","templated":true}]}}