{"id":310728,"date":"2023-08-10T15:47:27","date_gmt":"2023-08-10T18:47:27","guid":{"rendered":"https:\/\/www.notibras.com\/site\/?p=310728"},"modified":"2023-08-10T15:47:27","modified_gmt":"2023-08-10T18:47:27","slug":"pratos-especiais-e-brinde-para-o-dono-da-festa","status":"publish","type":"post","link":"https:\/\/www.notibras.com\/site\/pratos-especiais-e-brinde-para-o-dono-da-festa\/","title":{"rendered":"Pratos especiais e brinde para o dono da festa"},"content":{"rendered":"<p>Celebrado no segundo domingo de agosto, o Dia dos Pais marca o reconhecimento daqueles que cuidam e est\u00e3o presentes (mesmo que longe!) em todas as horas. Por isso, nada melhor do que comemorar a data e retribuir todo este carinho com uma refei\u00e7\u00e3o deliciosa e especial.<\/p>\n<p>Nos restaurantes do grupo Bloomin\u2019 Brands &#8211; Outback Steakhouse, Abbraccio e Aussie Grill -, a hospitalidade calorosa e os momentos de celebra\u00e7\u00e3o s\u00e3o marcas registradas, e no Dia dos Pais, n\u00e3o seria diferente: as tr\u00eas marcas oferecem pratos exclusivos e cheios de sabor para toda a fam\u00edlia comemorarem a data da melhor forma.<\/p>\n<p><strong>Outback Steakhouse<\/strong><br \/>\nPara os pais que amam uma novidade, os pratos do Outback Festival s\u00e3o a escolha certa da marca para a data &#8211; op\u00e7\u00f5es deliciosas e ideais para compartilhar com a fam\u00edlia. A Ribs Rocker Crown (R$ 129,90) \u00e9 a atra\u00e7\u00e3o principal, no formato de coroa, recheada com Mac N\u2019 Cheese e Ribs desfiada como topping, acompanhada de Aussie Cheese Fries e p\u00e9talas da Bloomin\u2019 Onion. O Catupiry Madness Burger (R$ 54,90), traz um hamb\u00farguer de carne, com Catupiry\u00ae Original empanado, maionese verde, cebola roxa e finalizado com Smoked Mayo. E para a sobremesa, o Popstars Trio (R$ 49,90) apresenta uma releitura de cl\u00e1ssicos, como o Choco Cinnamon Banoffee, o S\u2019mores e o Brownie Thunder. Para deixar o domingo ainda mais especial, o Outback vai presentear os pais que forem a um de seus restaurantes pelo Brasil, somente neste dia e enquanto durarem os estoques nas unidades, com uma meia exclusiva em parceria com a Lupo\u00ae&#xfe0f;*.<\/p>\n<p>*Promo\u00e7\u00e3o v\u00e1lida somente para os pais, no dia 13\/08\/2023, enquanto durarem os estoques. Na compra de um prato principal, ganhe um par de meias personalizadas Lupo, tamanho \u00fanico. A meia Lupo\u00ae&#xfe0f; \u00e9 um brinde e sua oferta n\u00e3o altera o valor do prato. Imagens meramente ilustrativas. N\u00e3o \u00e9 v\u00e1lido para delivery e take away. Marca Lupo\u00ae&#xfe0f; uso autorizado pelo titular.<\/p>\n<p><strong>Abbraccio<\/strong><br \/>\nO Abbraccio, restaurante inspirado no lifestyle italiano, acaba de lan\u00e7ar em seu card\u00e1pio novas op\u00e7\u00f5es de pratos para compartilhar, entre elas a Lasagna Bolognese (R$ 149,90), um de seus carros-chefes. O prato, que chega agora em vers\u00e3o para tr\u00eas pessoas, generosa para toda a fam\u00edlia, \u00e9 deliciosamente preparado com carne bovina e su\u00edna, molho pomodoro da casa e gratinada com mozzarella e parmes\u00e3o. Outra novidade da marca e ideal para a data \u00e9 o Fettucine Alfredo di Pollo (R$ 114,90), perfeitamente preparado com queijo parmes\u00e3o, alho e um toque de lim\u00e3o siciliano, servido com tiras de frango grelhado. Este \u00e9 um prato ideal para dois. Para as crian\u00e7as que v\u00e3o celebrar com os pais, o Abbraccio oferece uma atividade exclusiva e com excelente custo-benef\u00edcio, que j\u00e1 \u00e9 sucesso consolidado da marca: a experi\u00eancia Piccolino. Por apenas R$24,90, crian\u00e7as de at\u00e9 12 anos podem preparar a sua pr\u00f3pria pizza no restaurante. Depois, ela \u00e9 assada e os pequenos podem degustar o resultado final, al\u00e9m de receberem um avental personalizado e um livro de atividades da Turma do Piccolino. No Abbraccio, o cliente tamb\u00e9m tem a op\u00e7\u00e3o de presentear o seu pai com o gift card da marca para ele utilizar quando preferir.<\/p>\n<p><strong>Aussie Grill<\/strong><br \/>\nO Aussie Grill \u00e9 a escolha certa para os pais que amam lanches e aperitivos. Entre os queridinhos da marca est\u00e1 o Smoked Honey Mustard, um sanduba de respeito que traz peito de frango empanado e crocante, com cerca de 115 gramas, servido com alface, tomate, picles, maionese defumada e molho Honey Mustard, no p\u00e3o tipo brioche. O Chicken Cone Waffle (R$24,90) \u00e9 uma \u00f3tima escolha para quem gosta de unir sabores diferentes. Um cone de chocolate crocante, recheado com um delicioso creme de frango, queijo e bacon, finalizado com pops de frango empanados envoltos no molho Sriracha Aioli. E que tal se deliciar com as tirinhas de frango empanado preparadas com mix de temperos que exalam croc\u00e2ncia? As Crispy Chicken Tenders (R$14,90) &#8211; dispon\u00edveis tamb\u00e9m na vers\u00e3o com seis unidades (R$ 22,90) \u2013 s\u00e3o acompanhadas pelo molho Aussie Honey Mustard, de mostarda e mel, garantindo muito sabor e croc\u00e2ncia.<\/p>\n","protected":false},"excerpt":{"rendered":"<p>Celebrado no segundo domingo de agosto, o Dia dos Pais marca o reconhecimento daqueles que cuidam e est\u00e3o presentes (mesmo que longe!) em todas as horas. Por isso, nada melhor do que comemorar a data e retribuir todo este carinho com uma refei\u00e7\u00e3o deliciosa e especial. Nos restaurantes do grupo Bloomin\u2019 Brands &#8211; Outback Steakhouse, [&hellip;]<\/p>\n","protected":false},"author":2,"featured_media":310729,"comment_status":"closed","ping_status":"closed","sticky":false,"template":"","format":"standard","meta":{"_acf_changed":false,"footnotes":""},"categories":[161],"tags":[],"class_list":["post-310728","post","type-post","status-publish","format-standard","has-post-thumbnail","hentry","category-quadradinho-em-foco"],"acf":[],"yoast_head":"<!-- This site is optimized with the Yoast SEO plugin v27.2 - https:\/\/yoast.com\/product\/yoast-seo-wordpress\/ -->\n<title>Pratos especiais e brinde para o dono da festa - Notibras<\/title>\n<meta name=\"robots\" content=\"index, follow, max-snippet:-1, max-image-preview:large, max-video-preview:-1\" \/>\n<link rel=\"canonical\" href=\"https:\/\/www.notibras.com\/site\/pratos-especiais-e-brinde-para-o-dono-da-festa\/\" \/>\n<meta property=\"og:locale\" content=\"pt_BR\" \/>\n<meta property=\"og:type\" content=\"article\" \/>\n<meta property=\"og:title\" content=\"Pratos especiais e brinde para o dono da festa - Notibras\" \/>\n<meta property=\"og:description\" content=\"Celebrado no segundo domingo de agosto, o Dia dos Pais marca o reconhecimento daqueles que cuidam e est\u00e3o presentes (mesmo que longe!) em todas as horas. Por isso, nada melhor do que comemorar a data e retribuir todo este carinho com uma refei\u00e7\u00e3o deliciosa e especial. Nos restaurantes do grupo Bloomin\u2019 Brands &#8211; Outback Steakhouse, [&hellip;]\" \/>\n<meta property=\"og:url\" content=\"https:\/\/www.notibras.com\/site\/pratos-especiais-e-brinde-para-o-dono-da-festa\/\" \/>\n<meta property=\"og:site_name\" content=\"Notibras\" \/>\n<meta property=\"article:publisher\" content=\"https:\/\/www.facebook.com\/notibras\/\" \/>\n<meta property=\"article:published_time\" content=\"2023-08-10T18:47:27+00:00\" \/>\n<meta property=\"og:image\" content=\"https:\/\/www.notibras.com\/site\/wp-content\/uploads\/2023\/08\/meia-.jpg\" \/>\n\t<meta property=\"og:image:width\" content=\"1080\" \/>\n\t<meta property=\"og:image:height\" content=\"1080\" \/>\n\t<meta property=\"og:image:type\" content=\"image\/jpeg\" \/>\n<meta name=\"author\" content=\"Reda\u00e7\u00e3o\" \/>\n<meta name=\"twitter:card\" content=\"summary_large_image\" \/>\n<meta name=\"twitter:creator\" content=\"@Notibras\" \/>\n<meta name=\"twitter:site\" content=\"@Notibras\" \/>\n<meta name=\"twitter:label1\" content=\"Escrito por\" \/>\n\t<meta name=\"twitter:data1\" content=\"Reda\u00e7\u00e3o\" \/>\n\t<meta name=\"twitter:label2\" content=\"Est. tempo de leitura\" \/>\n\t<meta name=\"twitter:data2\" content=\"4 minutos\" \/>\n<script type=\"application\/ld+json\" class=\"yoast-schema-graph\">{\"@context\":\"https:\/\/schema.org\",\"@graph\":[{\"@type\":\"Article\",\"@id\":\"https:\/\/www.notibras.com\/site\/pratos-especiais-e-brinde-para-o-dono-da-festa\/#article\",\"isPartOf\":{\"@id\":\"https:\/\/www.notibras.com\/site\/pratos-especiais-e-brinde-para-o-dono-da-festa\/\"},\"author\":{\"name\":\"Reda\u00e7\u00e3o\",\"@id\":\"https:\/\/www.notibras.com\/site\/#\/schema\/person\/36ab0979449956132d3e5b517ea76ac8\"},\"headline\":\"Pratos especiais e brinde para o dono da festa\",\"datePublished\":\"2023-08-10T18:47:27+00:00\",\"mainEntityOfPage\":{\"@id\":\"https:\/\/www.notibras.com\/site\/pratos-especiais-e-brinde-para-o-dono-da-festa\/\"},\"wordCount\":711,\"publisher\":{\"@id\":\"https:\/\/www.notibras.com\/site\/#organization\"},\"image\":{\"@id\":\"https:\/\/www.notibras.com\/site\/pratos-especiais-e-brinde-para-o-dono-da-festa\/#primaryimage\"},\"thumbnailUrl\":\"https:\/\/www.notibras.com\/site\/wp-content\/uploads\/2023\/08\/meia-.jpg\",\"articleSection\":[\"Quadradinho em Foco\"],\"inLanguage\":\"pt-BR\"},{\"@type\":\"WebPage\",\"@id\":\"https:\/\/www.notibras.com\/site\/pratos-especiais-e-brinde-para-o-dono-da-festa\/\",\"url\":\"https:\/\/www.notibras.com\/site\/pratos-especiais-e-brinde-para-o-dono-da-festa\/\",\"name\":\"Pratos especiais e brinde para o dono da festa - Notibras\",\"isPartOf\":{\"@id\":\"https:\/\/www.notibras.com\/site\/#website\"},\"primaryImageOfPage\":{\"@id\":\"https:\/\/www.notibras.com\/site\/pratos-especiais-e-brinde-para-o-dono-da-festa\/#primaryimage\"},\"image\":{\"@id\":\"https:\/\/www.notibras.com\/site\/pratos-especiais-e-brinde-para-o-dono-da-festa\/#primaryimage\"},\"thumbnailUrl\":\"https:\/\/www.notibras.com\/site\/wp-content\/uploads\/2023\/08\/meia-.jpg\",\"datePublished\":\"2023-08-10T18:47:27+00:00\",\"breadcrumb\":{\"@id\":\"https:\/\/www.notibras.com\/site\/pratos-especiais-e-brinde-para-o-dono-da-festa\/#breadcrumb\"},\"inLanguage\":\"pt-BR\",\"potentialAction\":[{\"@type\":\"ReadAction\",\"target\":[\"https:\/\/www.notibras.com\/site\/pratos-especiais-e-brinde-para-o-dono-da-festa\/\"]}]},{\"@type\":\"ImageObject\",\"inLanguage\":\"pt-BR\",\"@id\":\"https:\/\/www.notibras.com\/site\/pratos-especiais-e-brinde-para-o-dono-da-festa\/#primaryimage\",\"url\":\"https:\/\/www.notibras.com\/site\/wp-content\/uploads\/2023\/08\/meia-.jpg\",\"contentUrl\":\"https:\/\/www.notibras.com\/site\/wp-content\/uploads\/2023\/08\/meia-.jpg\",\"width\":1080,\"height\":1080},{\"@type\":\"BreadcrumbList\",\"@id\":\"https:\/\/www.notibras.com\/site\/pratos-especiais-e-brinde-para-o-dono-da-festa\/#breadcrumb\",\"itemListElement\":[{\"@type\":\"ListItem\",\"position\":1,\"name\":\"In\u00edcio\",\"item\":\"https:\/\/www.notibras.com\/site\/\"},{\"@type\":\"ListItem\",\"position\":2,\"name\":\"Pratos especiais e brinde para o dono da festa\"}]},{\"@type\":\"WebSite\",\"@id\":\"https:\/\/www.notibras.com\/site\/#website\",\"url\":\"https:\/\/www.notibras.com\/site\/\",\"name\":\"Notibras\",\"description\":\"Not\u00edcias de Bras\u00edlia, do Brasil e do Mundo\",\"publisher\":{\"@id\":\"https:\/\/www.notibras.com\/site\/#organization\"},\"potentialAction\":[{\"@type\":\"SearchAction\",\"target\":{\"@type\":\"EntryPoint\",\"urlTemplate\":\"https:\/\/www.notibras.com\/site\/?s={search_term_string}\"},\"query-input\":{\"@type\":\"PropertyValueSpecification\",\"valueRequired\":true,\"valueName\":\"search_term_string\"}}],\"inLanguage\":\"pt-BR\"},{\"@type\":\"Organization\",\"@id\":\"https:\/\/www.notibras.com\/site\/#organization\",\"name\":\"Grupo Notibras de Comunica\u00e7\u00e3o\",\"url\":\"https:\/\/www.notibras.com\/site\/\",\"logo\":{\"@type\":\"ImageObject\",\"inLanguage\":\"pt-BR\",\"@id\":\"https:\/\/www.notibras.com\/site\/#\/schema\/logo\/image\/\",\"url\":\"https:\/\/www.notibras.com\/site\/wp-content\/uploads\/2023\/01\/notibras23.png\",\"contentUrl\":\"https:\/\/www.notibras.com\/site\/wp-content\/uploads\/2023\/01\/notibras23.png\",\"width\":350,\"height\":87,\"caption\":\"Grupo Notibras de Comunica\u00e7\u00e3o\"},\"image\":{\"@id\":\"https:\/\/www.notibras.com\/site\/#\/schema\/logo\/image\/\"},\"sameAs\":[\"https:\/\/www.facebook.com\/notibras\/\",\"https:\/\/x.com\/Notibras\",\"https:\/\/www.instagram.com\/notibras\/\"]},{\"@type\":\"Person\",\"@id\":\"https:\/\/www.notibras.com\/site\/#\/schema\/person\/36ab0979449956132d3e5b517ea76ac8\",\"name\":\"Reda\u00e7\u00e3o\",\"image\":{\"@type\":\"ImageObject\",\"inLanguage\":\"pt-BR\",\"@id\":\"https:\/\/secure.gravatar.com\/avatar\/e0a867bdedb85fd243eadf09663511f96fc81e0720a4a42581f334ad4303aa6b?s=96&d=mm&r=g\",\"url\":\"https:\/\/secure.gravatar.com\/avatar\/e0a867bdedb85fd243eadf09663511f96fc81e0720a4a42581f334ad4303aa6b?s=96&d=mm&r=g\",\"contentUrl\":\"https:\/\/secure.gravatar.com\/avatar\/e0a867bdedb85fd243eadf09663511f96fc81e0720a4a42581f334ad4303aa6b?s=96&d=mm&r=g\",\"caption\":\"Reda\u00e7\u00e3o\"}}]}<\/script>\n<!-- \/ Yoast SEO plugin. -->","yoast_head_json":{"title":"Pratos especiais e brinde para o dono da festa - Notibras","robots":{"index":"index","follow":"follow","max-snippet":"max-snippet:-1","max-image-preview":"max-image-preview:large","max-video-preview":"max-video-preview:-1"},"canonical":"https:\/\/www.notibras.com\/site\/pratos-especiais-e-brinde-para-o-dono-da-festa\/","og_locale":"pt_BR","og_type":"article","og_title":"Pratos especiais e brinde para o dono da festa - Notibras","og_description":"Celebrado no segundo domingo de agosto, o Dia dos Pais marca o reconhecimento daqueles que cuidam e est\u00e3o presentes (mesmo que longe!) em todas as horas. Por isso, nada melhor do que comemorar a data e retribuir todo este carinho com uma refei\u00e7\u00e3o deliciosa e especial. Nos restaurantes do grupo Bloomin\u2019 Brands &#8211; Outback Steakhouse, [&hellip;]","og_url":"https:\/\/www.notibras.com\/site\/pratos-especiais-e-brinde-para-o-dono-da-festa\/","og_site_name":"Notibras","article_publisher":"https:\/\/www.facebook.com\/notibras\/","article_published_time":"2023-08-10T18:47:27+00:00","og_image":[{"width":1080,"height":1080,"url":"https:\/\/www.notibras.com\/site\/wp-content\/uploads\/2023\/08\/meia-.jpg","type":"image\/jpeg"}],"author":"Reda\u00e7\u00e3o","twitter_card":"summary_large_image","twitter_creator":"@Notibras","twitter_site":"@Notibras","twitter_misc":{"Escrito por":"Reda\u00e7\u00e3o","Est. tempo de leitura":"4 minutos"},"schema":{"@context":"https:\/\/schema.org","@graph":[{"@type":"Article","@id":"https:\/\/www.notibras.com\/site\/pratos-especiais-e-brinde-para-o-dono-da-festa\/#article","isPartOf":{"@id":"https:\/\/www.notibras.com\/site\/pratos-especiais-e-brinde-para-o-dono-da-festa\/"},"author":{"name":"Reda\u00e7\u00e3o","@id":"https:\/\/www.notibras.com\/site\/#\/schema\/person\/36ab0979449956132d3e5b517ea76ac8"},"headline":"Pratos especiais e brinde para o dono da festa","datePublished":"2023-08-10T18:47:27+00:00","mainEntityOfPage":{"@id":"https:\/\/www.notibras.com\/site\/pratos-especiais-e-brinde-para-o-dono-da-festa\/"},"wordCount":711,"publisher":{"@id":"https:\/\/www.notibras.com\/site\/#organization"},"image":{"@id":"https:\/\/www.notibras.com\/site\/pratos-especiais-e-brinde-para-o-dono-da-festa\/#primaryimage"},"thumbnailUrl":"https:\/\/www.notibras.com\/site\/wp-content\/uploads\/2023\/08\/meia-.jpg","articleSection":["Quadradinho em Foco"],"inLanguage":"pt-BR"},{"@type":"WebPage","@id":"https:\/\/www.notibras.com\/site\/pratos-especiais-e-brinde-para-o-dono-da-festa\/","url":"https:\/\/www.notibras.com\/site\/pratos-especiais-e-brinde-para-o-dono-da-festa\/","name":"Pratos especiais e brinde para o dono da festa - Notibras","isPartOf":{"@id":"https:\/\/www.notibras.com\/site\/#website"},"primaryImageOfPage":{"@id":"https:\/\/www.notibras.com\/site\/pratos-especiais-e-brinde-para-o-dono-da-festa\/#primaryimage"},"image":{"@id":"https:\/\/www.notibras.com\/site\/pratos-especiais-e-brinde-para-o-dono-da-festa\/#primaryimage"},"thumbnailUrl":"https:\/\/www.notibras.com\/site\/wp-content\/uploads\/2023\/08\/meia-.jpg","datePublished":"2023-08-10T18:47:27+00:00","breadcrumb":{"@id":"https:\/\/www.notibras.com\/site\/pratos-especiais-e-brinde-para-o-dono-da-festa\/#breadcrumb"},"inLanguage":"pt-BR","potentialAction":[{"@type":"ReadAction","target":["https:\/\/www.notibras.com\/site\/pratos-especiais-e-brinde-para-o-dono-da-festa\/"]}]},{"@type":"ImageObject","inLanguage":"pt-BR","@id":"https:\/\/www.notibras.com\/site\/pratos-especiais-e-brinde-para-o-dono-da-festa\/#primaryimage","url":"https:\/\/www.notibras.com\/site\/wp-content\/uploads\/2023\/08\/meia-.jpg","contentUrl":"https:\/\/www.notibras.com\/site\/wp-content\/uploads\/2023\/08\/meia-.jpg","width":1080,"height":1080},{"@type":"BreadcrumbList","@id":"https:\/\/www.notibras.com\/site\/pratos-especiais-e-brinde-para-o-dono-da-festa\/#breadcrumb","itemListElement":[{"@type":"ListItem","position":1,"name":"In\u00edcio","item":"https:\/\/www.notibras.com\/site\/"},{"@type":"ListItem","position":2,"name":"Pratos especiais e brinde para o dono da festa"}]},{"@type":"WebSite","@id":"https:\/\/www.notibras.com\/site\/#website","url":"https:\/\/www.notibras.com\/site\/","name":"Notibras","description":"Not\u00edcias de Bras\u00edlia, do Brasil e do Mundo","publisher":{"@id":"https:\/\/www.notibras.com\/site\/#organization"},"potentialAction":[{"@type":"SearchAction","target":{"@type":"EntryPoint","urlTemplate":"https:\/\/www.notibras.com\/site\/?s={search_term_string}"},"query-input":{"@type":"PropertyValueSpecification","valueRequired":true,"valueName":"search_term_string"}}],"inLanguage":"pt-BR"},{"@type":"Organization","@id":"https:\/\/www.notibras.com\/site\/#organization","name":"Grupo Notibras de Comunica\u00e7\u00e3o","url":"https:\/\/www.notibras.com\/site\/","logo":{"@type":"ImageObject","inLanguage":"pt-BR","@id":"https:\/\/www.notibras.com\/site\/#\/schema\/logo\/image\/","url":"https:\/\/www.notibras.com\/site\/wp-content\/uploads\/2023\/01\/notibras23.png","contentUrl":"https:\/\/www.notibras.com\/site\/wp-content\/uploads\/2023\/01\/notibras23.png","width":350,"height":87,"caption":"Grupo Notibras de Comunica\u00e7\u00e3o"},"image":{"@id":"https:\/\/www.notibras.com\/site\/#\/schema\/logo\/image\/"},"sameAs":["https:\/\/www.facebook.com\/notibras\/","https:\/\/x.com\/Notibras","https:\/\/www.instagram.com\/notibras\/"]},{"@type":"Person","@id":"https:\/\/www.notibras.com\/site\/#\/schema\/person\/36ab0979449956132d3e5b517ea76ac8","name":"Reda\u00e7\u00e3o","image":{"@type":"ImageObject","inLanguage":"pt-BR","@id":"https:\/\/secure.gravatar.com\/avatar\/e0a867bdedb85fd243eadf09663511f96fc81e0720a4a42581f334ad4303aa6b?s=96&d=mm&r=g","url":"https:\/\/secure.gravatar.com\/avatar\/e0a867bdedb85fd243eadf09663511f96fc81e0720a4a42581f334ad4303aa6b?s=96&d=mm&r=g","contentUrl":"https:\/\/secure.gravatar.com\/avatar\/e0a867bdedb85fd243eadf09663511f96fc81e0720a4a42581f334ad4303aa6b?s=96&d=mm&r=g","caption":"Reda\u00e7\u00e3o"}}]}},"amp_enabled":true,"_links":{"self":[{"href":"https:\/\/www.notibras.com\/site\/wp-json\/wp\/v2\/posts\/310728","targetHints":{"allow":["GET"]}}],"collection":[{"href":"https:\/\/www.notibras.com\/site\/wp-json\/wp\/v2\/posts"}],"about":[{"href":"https:\/\/www.notibras.com\/site\/wp-json\/wp\/v2\/types\/post"}],"author":[{"embeddable":true,"href":"https:\/\/www.notibras.com\/site\/wp-json\/wp\/v2\/users\/2"}],"replies":[{"embeddable":true,"href":"https:\/\/www.notibras.com\/site\/wp-json\/wp\/v2\/comments?post=310728"}],"version-history":[{"count":1,"href":"https:\/\/www.notibras.com\/site\/wp-json\/wp\/v2\/posts\/310728\/revisions"}],"predecessor-version":[{"id":310730,"href":"https:\/\/www.notibras.com\/site\/wp-json\/wp\/v2\/posts\/310728\/revisions\/310730"}],"wp:featuredmedia":[{"embeddable":true,"href":"https:\/\/www.notibras.com\/site\/wp-json\/wp\/v2\/media\/310729"}],"wp:attachment":[{"href":"https:\/\/www.notibras.com\/site\/wp-json\/wp\/v2\/media?parent=310728"}],"wp:term":[{"taxonomy":"category","embeddable":true,"href":"https:\/\/www.notibras.com\/site\/wp-json\/wp\/v2\/categories?post=310728"},{"taxonomy":"post_tag","embeddable":true,"href":"https:\/\/www.notibras.com\/site\/wp-json\/wp\/v2\/tags?post=310728"}],"curies":[{"name":"wp","href":"https:\/\/api.w.org\/{rel}","templated":true}]}}