{"id":310734,"date":"2023-08-11T03:43:58","date_gmt":"2023-08-11T06:43:58","guid":{"rendered":"https:\/\/www.notibras.com\/site\/?p=310734"},"modified":"2023-08-11T03:43:58","modified_gmt":"2023-08-11T06:43:58","slug":"cidade-estrutural-vive-tempo-de-arte-cultura-e-saude","status":"publish","type":"post","link":"https:\/\/www.notibras.com\/site\/cidade-estrutural-vive-tempo-de-arte-cultura-e-saude\/","title":{"rendered":"Cidade Estrutural vive tempo de arte, cultura e sa\u00fade"},"content":{"rendered":"<p>O Festival Territ\u00f3rios Ballroom, primeiro festival LGBTQIAP+ da Cidade Estrutural, acontecer\u00e1 de 17 a 20 de agosto com uma programa\u00e7\u00e3o educativa e diversa. Com objetivo de celebrar e promover vidas, o evento tem uma programa\u00e7\u00e3o de dan\u00e7a voguing, autoconhecimento, cultura Ballroom, e tamb\u00e9m com outros temas relevantes para a comunidade, como sa\u00fade sexual, preven\u00e7\u00e3o, diagn\u00f3stico e tratamento HIV\/AIDS na periferia. \u00c9 um projeto de inclus\u00e3o, acolhimento e educa\u00e7\u00e3o por territ\u00f3rios de respeito \u00e0 diversidade sexual.<\/p>\n<p>Durante quatro dias, o festival oferecer\u00e1 uma s\u00e9rie de atividades como rodas de conversa, oficinas e balls (bailes) sobre diferentes aspectos da Cultura Ballroom e sa\u00fade. Teremos di\u00e1logos sobre capacidade transformadora da arte, consci\u00eancia corporal com a dan\u00e7a voguing e espa\u00e7os de conscientiza\u00e7\u00e3o sobre o respeito \u00e0 vida de pessoas vivendo com HIV. O Territ\u00f3rios Ballroom vai criar um ambiente de aprendizado, di\u00e1logo e reflex\u00e3o entre todes. Para finalizar a programa\u00e7\u00e3o, ser\u00e3o realizadas duas balls, que s\u00e3o bailes de celebra\u00e7\u00e3o e encontro de pessoas LGTBQIAP+, com competi\u00e7\u00f5es de performances e express\u00f5es Ballroom entre os coletivos e as pessoas da cena.<\/p>\n<p>Ronnalty Cordeiro, diretor art\u00edstico do festival, acredita que a realiza\u00e7\u00e3o desse festival abre portas para a comunidade LGBTQIAP+ na periferia. Afirma que essa a\u00e7\u00e3o traz em si a pluralidade que existe no territ\u00f3rio que sempre viveu sob o estigma do lix\u00e3o, que j\u00e1 foi considerado um dos maiores da Am\u00e9rica Latina. &#8220;Esse acontecimento diversifica e traz \u00e0 tona a pluralidade cultural da Cidade e principalmente a import\u00e2ncia de mais iniciativas e festivais que colorem a nossa cidade e ressignificam os olhares e preconceitos sobre nossa comunidade&#8221; afirma Ronnalty.<\/p>\n<p><strong>Cultura Ballroom<\/strong><br \/>\nA Ballroom \u00e9 um movimento art\u00edstico e social que surgiu no Harlem, Nova York, no final do s\u00e9culo XIX e se desenvolveu ao longo do s\u00e9culo XX, como uma tecnologia de resist\u00eancia e express\u00e3o da comunidade LGBTQIAP+ pelo mundo. Foi criada por pessoas pretas, trans e latinas que buscavam um lugar de acolhimento, celebra\u00e7\u00e3o e empoderamento ao desafiar o racismo e a transfobia dos concursos de beleza da \u00e9poca. Al\u00e9m disso, diante da pandemia do HIV\/AIDS na d\u00e9cada de 80, o movimento Ballroom se intensificou, tornando-se tamb\u00e9m um espa\u00e7o de conscientiza\u00e7\u00e3o e prote\u00e7\u00e3o contra as viol\u00eancias e estigmas relacionados \u00e0 infec\u00e7\u00e3o pelo v\u00edrus.<\/p>\n<p>No Brasil, a cena do DF \u00e9 uma das pioneiras nacionais, mas nunca aconteceu nenhuma movimenta\u00e7\u00e3o da cena na Cidade Estrutural. Agora, essa cidade que j\u00e1 foi muito estigmatizada, recebe uma experi\u00eancia enriquecedora, no qual o p\u00fablico participante e a comunidade poder\u00e1 conhecer novas express\u00f5es art\u00edsticas e compartilhar viv\u00eancias, opini\u00f5es e tirar d\u00favidas sobre cultura e vidas LGBTQIAP+. As oficinas de dan\u00e7a proporcionar\u00e3o o aprendizado de t\u00e9cnicas, movimentos e incentivar\u00e3o express\u00f5es art\u00edsticas, representatividade e autoconfian\u00e7a. Um lugar para aprender e trocar com as experi\u00eancias de outras pessoas, ampliar conhecimentos e perspectivas.<\/p>\n","protected":false},"excerpt":{"rendered":"<p>O Festival Territ\u00f3rios Ballroom, primeiro festival LGBTQIAP+ da Cidade Estrutural, acontecer\u00e1 de 17 a 20 de agosto com uma programa\u00e7\u00e3o educativa e diversa. Com objetivo de celebrar e promover vidas, o evento tem uma programa\u00e7\u00e3o de dan\u00e7a voguing, autoconhecimento, cultura Ballroom, e tamb\u00e9m com outros temas relevantes para a comunidade, como sa\u00fade sexual, preven\u00e7\u00e3o, diagn\u00f3stico [&hellip;]<\/p>\n","protected":false},"author":2,"featured_media":310735,"comment_status":"closed","ping_status":"closed","sticky":false,"template":"","format":"standard","meta":{"_acf_changed":false,"footnotes":""},"categories":[161],"tags":[],"class_list":["post-310734","post","type-post","status-publish","format-standard","has-post-thumbnail","hentry","category-quadradinho-em-foco"],"acf":[],"yoast_head":"<!-- This site is optimized with the Yoast SEO plugin v27.2 - https:\/\/yoast.com\/product\/yoast-seo-wordpress\/ -->\n<title>Cidade Estrutural vive tempo de arte, cultura e sa\u00fade - Notibras<\/title>\n<meta name=\"robots\" content=\"index, follow, max-snippet:-1, max-image-preview:large, max-video-preview:-1\" \/>\n<link rel=\"canonical\" href=\"https:\/\/www.notibras.com\/site\/cidade-estrutural-vive-tempo-de-arte-cultura-e-saude\/\" \/>\n<meta property=\"og:locale\" content=\"pt_BR\" \/>\n<meta property=\"og:type\" content=\"article\" \/>\n<meta property=\"og:title\" content=\"Cidade Estrutural vive tempo de arte, cultura e sa\u00fade - Notibras\" \/>\n<meta property=\"og:description\" content=\"O Festival Territ\u00f3rios Ballroom, primeiro festival LGBTQIAP+ da Cidade Estrutural, acontecer\u00e1 de 17 a 20 de agosto com uma programa\u00e7\u00e3o educativa e diversa. Com objetivo de celebrar e promover vidas, o evento tem uma programa\u00e7\u00e3o de dan\u00e7a voguing, autoconhecimento, cultura Ballroom, e tamb\u00e9m com outros temas relevantes para a comunidade, como sa\u00fade sexual, preven\u00e7\u00e3o, diagn\u00f3stico [&hellip;]\" \/>\n<meta property=\"og:url\" content=\"https:\/\/www.notibras.com\/site\/cidade-estrutural-vive-tempo-de-arte-cultura-e-saude\/\" \/>\n<meta property=\"og:site_name\" content=\"Notibras\" \/>\n<meta property=\"article:publisher\" content=\"https:\/\/www.facebook.com\/notibras\/\" \/>\n<meta property=\"article:published_time\" content=\"2023-08-11T06:43:58+00:00\" \/>\n<meta property=\"og:image\" content=\"https:\/\/www.notibras.com\/site\/wp-content\/uploads\/2023\/08\/FOTO_WEBERT_DA_CRUZ-5-scaled-1.jpg\" \/>\n\t<meta property=\"og:image:width\" content=\"2048\" \/>\n\t<meta property=\"og:image:height\" content=\"1365\" \/>\n\t<meta property=\"og:image:type\" content=\"image\/jpeg\" \/>\n<meta name=\"author\" content=\"Reda\u00e7\u00e3o\" \/>\n<meta name=\"twitter:card\" content=\"summary_large_image\" \/>\n<meta name=\"twitter:creator\" content=\"@Notibras\" \/>\n<meta name=\"twitter:site\" content=\"@Notibras\" \/>\n<meta name=\"twitter:label1\" content=\"Escrito por\" \/>\n\t<meta name=\"twitter:data1\" content=\"Reda\u00e7\u00e3o\" \/>\n\t<meta name=\"twitter:label2\" content=\"Est. tempo de leitura\" \/>\n\t<meta name=\"twitter:data2\" content=\"3 minutos\" \/>\n<script type=\"application\/ld+json\" class=\"yoast-schema-graph\">{\"@context\":\"https:\/\/schema.org\",\"@graph\":[{\"@type\":\"Article\",\"@id\":\"https:\/\/www.notibras.com\/site\/cidade-estrutural-vive-tempo-de-arte-cultura-e-saude\/#article\",\"isPartOf\":{\"@id\":\"https:\/\/www.notibras.com\/site\/cidade-estrutural-vive-tempo-de-arte-cultura-e-saude\/\"},\"author\":{\"name\":\"Reda\u00e7\u00e3o\",\"@id\":\"https:\/\/www.notibras.com\/site\/#\/schema\/person\/36ab0979449956132d3e5b517ea76ac8\"},\"headline\":\"Cidade Estrutural vive tempo de arte, cultura e sa\u00fade\",\"datePublished\":\"2023-08-11T06:43:58+00:00\",\"mainEntityOfPage\":{\"@id\":\"https:\/\/www.notibras.com\/site\/cidade-estrutural-vive-tempo-de-arte-cultura-e-saude\/\"},\"wordCount\":526,\"publisher\":{\"@id\":\"https:\/\/www.notibras.com\/site\/#organization\"},\"image\":{\"@id\":\"https:\/\/www.notibras.com\/site\/cidade-estrutural-vive-tempo-de-arte-cultura-e-saude\/#primaryimage\"},\"thumbnailUrl\":\"https:\/\/www.notibras.com\/site\/wp-content\/uploads\/2023\/08\/FOTO_WEBERT_DA_CRUZ-5-scaled-1.jpg\",\"articleSection\":[\"Quadradinho em Foco\"],\"inLanguage\":\"pt-BR\"},{\"@type\":\"WebPage\",\"@id\":\"https:\/\/www.notibras.com\/site\/cidade-estrutural-vive-tempo-de-arte-cultura-e-saude\/\",\"url\":\"https:\/\/www.notibras.com\/site\/cidade-estrutural-vive-tempo-de-arte-cultura-e-saude\/\",\"name\":\"Cidade Estrutural vive tempo de arte, cultura e sa\u00fade - Notibras\",\"isPartOf\":{\"@id\":\"https:\/\/www.notibras.com\/site\/#website\"},\"primaryImageOfPage\":{\"@id\":\"https:\/\/www.notibras.com\/site\/cidade-estrutural-vive-tempo-de-arte-cultura-e-saude\/#primaryimage\"},\"image\":{\"@id\":\"https:\/\/www.notibras.com\/site\/cidade-estrutural-vive-tempo-de-arte-cultura-e-saude\/#primaryimage\"},\"thumbnailUrl\":\"https:\/\/www.notibras.com\/site\/wp-content\/uploads\/2023\/08\/FOTO_WEBERT_DA_CRUZ-5-scaled-1.jpg\",\"datePublished\":\"2023-08-11T06:43:58+00:00\",\"breadcrumb\":{\"@id\":\"https:\/\/www.notibras.com\/site\/cidade-estrutural-vive-tempo-de-arte-cultura-e-saude\/#breadcrumb\"},\"inLanguage\":\"pt-BR\",\"potentialAction\":[{\"@type\":\"ReadAction\",\"target\":[\"https:\/\/www.notibras.com\/site\/cidade-estrutural-vive-tempo-de-arte-cultura-e-saude\/\"]}]},{\"@type\":\"ImageObject\",\"inLanguage\":\"pt-BR\",\"@id\":\"https:\/\/www.notibras.com\/site\/cidade-estrutural-vive-tempo-de-arte-cultura-e-saude\/#primaryimage\",\"url\":\"https:\/\/www.notibras.com\/site\/wp-content\/uploads\/2023\/08\/FOTO_WEBERT_DA_CRUZ-5-scaled-1.jpg\",\"contentUrl\":\"https:\/\/www.notibras.com\/site\/wp-content\/uploads\/2023\/08\/FOTO_WEBERT_DA_CRUZ-5-scaled-1.jpg\",\"width\":2048,\"height\":1365},{\"@type\":\"BreadcrumbList\",\"@id\":\"https:\/\/www.notibras.com\/site\/cidade-estrutural-vive-tempo-de-arte-cultura-e-saude\/#breadcrumb\",\"itemListElement\":[{\"@type\":\"ListItem\",\"position\":1,\"name\":\"In\u00edcio\",\"item\":\"https:\/\/www.notibras.com\/site\/\"},{\"@type\":\"ListItem\",\"position\":2,\"name\":\"Cidade Estrutural vive tempo de arte, cultura e sa\u00fade\"}]},{\"@type\":\"WebSite\",\"@id\":\"https:\/\/www.notibras.com\/site\/#website\",\"url\":\"https:\/\/www.notibras.com\/site\/\",\"name\":\"Notibras\",\"description\":\"Not\u00edcias de Bras\u00edlia, do Brasil e do Mundo\",\"publisher\":{\"@id\":\"https:\/\/www.notibras.com\/site\/#organization\"},\"potentialAction\":[{\"@type\":\"SearchAction\",\"target\":{\"@type\":\"EntryPoint\",\"urlTemplate\":\"https:\/\/www.notibras.com\/site\/?s={search_term_string}\"},\"query-input\":{\"@type\":\"PropertyValueSpecification\",\"valueRequired\":true,\"valueName\":\"search_term_string\"}}],\"inLanguage\":\"pt-BR\"},{\"@type\":\"Organization\",\"@id\":\"https:\/\/www.notibras.com\/site\/#organization\",\"name\":\"Grupo Notibras de Comunica\u00e7\u00e3o\",\"url\":\"https:\/\/www.notibras.com\/site\/\",\"logo\":{\"@type\":\"ImageObject\",\"inLanguage\":\"pt-BR\",\"@id\":\"https:\/\/www.notibras.com\/site\/#\/schema\/logo\/image\/\",\"url\":\"https:\/\/www.notibras.com\/site\/wp-content\/uploads\/2023\/01\/notibras23.png\",\"contentUrl\":\"https:\/\/www.notibras.com\/site\/wp-content\/uploads\/2023\/01\/notibras23.png\",\"width\":350,\"height\":87,\"caption\":\"Grupo Notibras de Comunica\u00e7\u00e3o\"},\"image\":{\"@id\":\"https:\/\/www.notibras.com\/site\/#\/schema\/logo\/image\/\"},\"sameAs\":[\"https:\/\/www.facebook.com\/notibras\/\",\"https:\/\/x.com\/Notibras\",\"https:\/\/www.instagram.com\/notibras\/\"]},{\"@type\":\"Person\",\"@id\":\"https:\/\/www.notibras.com\/site\/#\/schema\/person\/36ab0979449956132d3e5b517ea76ac8\",\"name\":\"Reda\u00e7\u00e3o\",\"image\":{\"@type\":\"ImageObject\",\"inLanguage\":\"pt-BR\",\"@id\":\"https:\/\/secure.gravatar.com\/avatar\/e0a867bdedb85fd243eadf09663511f96fc81e0720a4a42581f334ad4303aa6b?s=96&d=mm&r=g\",\"url\":\"https:\/\/secure.gravatar.com\/avatar\/e0a867bdedb85fd243eadf09663511f96fc81e0720a4a42581f334ad4303aa6b?s=96&d=mm&r=g\",\"contentUrl\":\"https:\/\/secure.gravatar.com\/avatar\/e0a867bdedb85fd243eadf09663511f96fc81e0720a4a42581f334ad4303aa6b?s=96&d=mm&r=g\",\"caption\":\"Reda\u00e7\u00e3o\"}}]}<\/script>\n<!-- \/ Yoast SEO plugin. -->","yoast_head_json":{"title":"Cidade Estrutural vive tempo de arte, cultura e sa\u00fade - Notibras","robots":{"index":"index","follow":"follow","max-snippet":"max-snippet:-1","max-image-preview":"max-image-preview:large","max-video-preview":"max-video-preview:-1"},"canonical":"https:\/\/www.notibras.com\/site\/cidade-estrutural-vive-tempo-de-arte-cultura-e-saude\/","og_locale":"pt_BR","og_type":"article","og_title":"Cidade Estrutural vive tempo de arte, cultura e sa\u00fade - Notibras","og_description":"O Festival Territ\u00f3rios Ballroom, primeiro festival LGBTQIAP+ da Cidade Estrutural, acontecer\u00e1 de 17 a 20 de agosto com uma programa\u00e7\u00e3o educativa e diversa. Com objetivo de celebrar e promover vidas, o evento tem uma programa\u00e7\u00e3o de dan\u00e7a voguing, autoconhecimento, cultura Ballroom, e tamb\u00e9m com outros temas relevantes para a comunidade, como sa\u00fade sexual, preven\u00e7\u00e3o, diagn\u00f3stico [&hellip;]","og_url":"https:\/\/www.notibras.com\/site\/cidade-estrutural-vive-tempo-de-arte-cultura-e-saude\/","og_site_name":"Notibras","article_publisher":"https:\/\/www.facebook.com\/notibras\/","article_published_time":"2023-08-11T06:43:58+00:00","og_image":[{"width":2048,"height":1365,"url":"https:\/\/www.notibras.com\/site\/wp-content\/uploads\/2023\/08\/FOTO_WEBERT_DA_CRUZ-5-scaled-1.jpg","type":"image\/jpeg"}],"author":"Reda\u00e7\u00e3o","twitter_card":"summary_large_image","twitter_creator":"@Notibras","twitter_site":"@Notibras","twitter_misc":{"Escrito por":"Reda\u00e7\u00e3o","Est. tempo de leitura":"3 minutos"},"schema":{"@context":"https:\/\/schema.org","@graph":[{"@type":"Article","@id":"https:\/\/www.notibras.com\/site\/cidade-estrutural-vive-tempo-de-arte-cultura-e-saude\/#article","isPartOf":{"@id":"https:\/\/www.notibras.com\/site\/cidade-estrutural-vive-tempo-de-arte-cultura-e-saude\/"},"author":{"name":"Reda\u00e7\u00e3o","@id":"https:\/\/www.notibras.com\/site\/#\/schema\/person\/36ab0979449956132d3e5b517ea76ac8"},"headline":"Cidade Estrutural vive tempo de arte, cultura e sa\u00fade","datePublished":"2023-08-11T06:43:58+00:00","mainEntityOfPage":{"@id":"https:\/\/www.notibras.com\/site\/cidade-estrutural-vive-tempo-de-arte-cultura-e-saude\/"},"wordCount":526,"publisher":{"@id":"https:\/\/www.notibras.com\/site\/#organization"},"image":{"@id":"https:\/\/www.notibras.com\/site\/cidade-estrutural-vive-tempo-de-arte-cultura-e-saude\/#primaryimage"},"thumbnailUrl":"https:\/\/www.notibras.com\/site\/wp-content\/uploads\/2023\/08\/FOTO_WEBERT_DA_CRUZ-5-scaled-1.jpg","articleSection":["Quadradinho em Foco"],"inLanguage":"pt-BR"},{"@type":"WebPage","@id":"https:\/\/www.notibras.com\/site\/cidade-estrutural-vive-tempo-de-arte-cultura-e-saude\/","url":"https:\/\/www.notibras.com\/site\/cidade-estrutural-vive-tempo-de-arte-cultura-e-saude\/","name":"Cidade Estrutural vive tempo de arte, cultura e sa\u00fade - Notibras","isPartOf":{"@id":"https:\/\/www.notibras.com\/site\/#website"},"primaryImageOfPage":{"@id":"https:\/\/www.notibras.com\/site\/cidade-estrutural-vive-tempo-de-arte-cultura-e-saude\/#primaryimage"},"image":{"@id":"https:\/\/www.notibras.com\/site\/cidade-estrutural-vive-tempo-de-arte-cultura-e-saude\/#primaryimage"},"thumbnailUrl":"https:\/\/www.notibras.com\/site\/wp-content\/uploads\/2023\/08\/FOTO_WEBERT_DA_CRUZ-5-scaled-1.jpg","datePublished":"2023-08-11T06:43:58+00:00","breadcrumb":{"@id":"https:\/\/www.notibras.com\/site\/cidade-estrutural-vive-tempo-de-arte-cultura-e-saude\/#breadcrumb"},"inLanguage":"pt-BR","potentialAction":[{"@type":"ReadAction","target":["https:\/\/www.notibras.com\/site\/cidade-estrutural-vive-tempo-de-arte-cultura-e-saude\/"]}]},{"@type":"ImageObject","inLanguage":"pt-BR","@id":"https:\/\/www.notibras.com\/site\/cidade-estrutural-vive-tempo-de-arte-cultura-e-saude\/#primaryimage","url":"https:\/\/www.notibras.com\/site\/wp-content\/uploads\/2023\/08\/FOTO_WEBERT_DA_CRUZ-5-scaled-1.jpg","contentUrl":"https:\/\/www.notibras.com\/site\/wp-content\/uploads\/2023\/08\/FOTO_WEBERT_DA_CRUZ-5-scaled-1.jpg","width":2048,"height":1365},{"@type":"BreadcrumbList","@id":"https:\/\/www.notibras.com\/site\/cidade-estrutural-vive-tempo-de-arte-cultura-e-saude\/#breadcrumb","itemListElement":[{"@type":"ListItem","position":1,"name":"In\u00edcio","item":"https:\/\/www.notibras.com\/site\/"},{"@type":"ListItem","position":2,"name":"Cidade Estrutural vive tempo de arte, cultura e sa\u00fade"}]},{"@type":"WebSite","@id":"https:\/\/www.notibras.com\/site\/#website","url":"https:\/\/www.notibras.com\/site\/","name":"Notibras","description":"Not\u00edcias de Bras\u00edlia, do Brasil e do Mundo","publisher":{"@id":"https:\/\/www.notibras.com\/site\/#organization"},"potentialAction":[{"@type":"SearchAction","target":{"@type":"EntryPoint","urlTemplate":"https:\/\/www.notibras.com\/site\/?s={search_term_string}"},"query-input":{"@type":"PropertyValueSpecification","valueRequired":true,"valueName":"search_term_string"}}],"inLanguage":"pt-BR"},{"@type":"Organization","@id":"https:\/\/www.notibras.com\/site\/#organization","name":"Grupo Notibras de Comunica\u00e7\u00e3o","url":"https:\/\/www.notibras.com\/site\/","logo":{"@type":"ImageObject","inLanguage":"pt-BR","@id":"https:\/\/www.notibras.com\/site\/#\/schema\/logo\/image\/","url":"https:\/\/www.notibras.com\/site\/wp-content\/uploads\/2023\/01\/notibras23.png","contentUrl":"https:\/\/www.notibras.com\/site\/wp-content\/uploads\/2023\/01\/notibras23.png","width":350,"height":87,"caption":"Grupo Notibras de Comunica\u00e7\u00e3o"},"image":{"@id":"https:\/\/www.notibras.com\/site\/#\/schema\/logo\/image\/"},"sameAs":["https:\/\/www.facebook.com\/notibras\/","https:\/\/x.com\/Notibras","https:\/\/www.instagram.com\/notibras\/"]},{"@type":"Person","@id":"https:\/\/www.notibras.com\/site\/#\/schema\/person\/36ab0979449956132d3e5b517ea76ac8","name":"Reda\u00e7\u00e3o","image":{"@type":"ImageObject","inLanguage":"pt-BR","@id":"https:\/\/secure.gravatar.com\/avatar\/e0a867bdedb85fd243eadf09663511f96fc81e0720a4a42581f334ad4303aa6b?s=96&d=mm&r=g","url":"https:\/\/secure.gravatar.com\/avatar\/e0a867bdedb85fd243eadf09663511f96fc81e0720a4a42581f334ad4303aa6b?s=96&d=mm&r=g","contentUrl":"https:\/\/secure.gravatar.com\/avatar\/e0a867bdedb85fd243eadf09663511f96fc81e0720a4a42581f334ad4303aa6b?s=96&d=mm&r=g","caption":"Reda\u00e7\u00e3o"}}]}},"amp_enabled":true,"_links":{"self":[{"href":"https:\/\/www.notibras.com\/site\/wp-json\/wp\/v2\/posts\/310734","targetHints":{"allow":["GET"]}}],"collection":[{"href":"https:\/\/www.notibras.com\/site\/wp-json\/wp\/v2\/posts"}],"about":[{"href":"https:\/\/www.notibras.com\/site\/wp-json\/wp\/v2\/types\/post"}],"author":[{"embeddable":true,"href":"https:\/\/www.notibras.com\/site\/wp-json\/wp\/v2\/users\/2"}],"replies":[{"embeddable":true,"href":"https:\/\/www.notibras.com\/site\/wp-json\/wp\/v2\/comments?post=310734"}],"version-history":[{"count":1,"href":"https:\/\/www.notibras.com\/site\/wp-json\/wp\/v2\/posts\/310734\/revisions"}],"predecessor-version":[{"id":310736,"href":"https:\/\/www.notibras.com\/site\/wp-json\/wp\/v2\/posts\/310734\/revisions\/310736"}],"wp:featuredmedia":[{"embeddable":true,"href":"https:\/\/www.notibras.com\/site\/wp-json\/wp\/v2\/media\/310735"}],"wp:attachment":[{"href":"https:\/\/www.notibras.com\/site\/wp-json\/wp\/v2\/media?parent=310734"}],"wp:term":[{"taxonomy":"category","embeddable":true,"href":"https:\/\/www.notibras.com\/site\/wp-json\/wp\/v2\/categories?post=310734"},{"taxonomy":"post_tag","embeddable":true,"href":"https:\/\/www.notibras.com\/site\/wp-json\/wp\/v2\/tags?post=310734"}],"curies":[{"name":"wp","href":"https:\/\/api.w.org\/{rel}","templated":true}]}}