{"id":31074,"date":"2014-12-13T22:00:23","date_gmt":"2014-12-14T01:00:23","guid":{"rendered":"http:\/\/www.notibras.com\/site\/?p=31074"},"modified":"2014-12-14T12:28:56","modified_gmt":"2014-12-14T15:28:56","slug":"marina-vence-pobreza-e-analfabetismo-para-ser-top-10-do-financial-times","status":"publish","type":"post","link":"https:\/\/www.notibras.com\/site\/marina-vence-pobreza-e-analfabetismo-para-ser-top-10-do-financial-times\/","title":{"rendered":"Marina vence analfabetismo e pobreza e vira Top 10 mundial"},"content":{"rendered":"<p>A ex-candidata \u00e0 presid\u00eancia Marina Silva (PSB) foi inclu\u00edda na lista &#8220;Women of 2014&#8221; (Mulheres de 2014) do jornal brit\u00e2nico &#8220;Financial Times&#8221;.<\/p>\n<p>&#8220;Da pobreza e do analfabetismo, ela se transformou em uma vision\u00e1ria pol\u00edtica idealista que concorreu por duas vezes \u00e0 lideran\u00e7a do Brasil&#8221;, diz a publica\u00e7\u00e3o brit\u00e2nica.<\/p>\n<p>Marina foi entrevistada em outubro, em S\u00e3o Paulo, uma semana ap\u00f3s deixar a corrida presidencial, em seguida aos resultados do primeiro turno da vota\u00e7\u00e3o. &#8220;Eu sempre digo que era analfabeta at\u00e9 os 16, mas eu j\u00e1 era PhD nos caminhos do mundo&#8221;, disse ela.<\/p>\n<p>O FT continua assim seu texto, cheio de elogios a acriana de 56 anos:<\/p>\n<blockquote><p>&#8220;Franca, convicta e idealista s\u00e3o palavras que v\u00eam \u00e0 mente quando se conhece Marina. O segredo de seu encanto \u00e9 que ela convenceu eleitores de que ela \u00e9 rara entre os pol\u00edticos, algu\u00e9m que honestamente acredita no que diz. Isso \u00e9 particularmente atraente no Brasil, que tem dezenas de partidos pol\u00edticos, mas a maioria com um ideal: poder.&#8221;<\/p><\/blockquote>\n<p>A reportagem cita a vida de pobreza enfrentada com os pais e dez irm\u00e3os no Acre, o trabalho ao lado do ambientalista Chico Mendes, a entrada no PT (Partido dos Trabalhadores) em 1985 e o apoio nas campanhas eleitorais do ex-presidente Luiz In\u00e1cio Lula da Silva, al\u00e9m de ressaltar sua participa\u00e7\u00e3o no governo Lula como ministra do Ambiente, entre 2004 e 2008, e seu desempenho nas pesquisas eleitorais ao assumir o posto de candidata do PSB ap\u00f3s a morte de Eduardo Campos, em agosto de 2014.<\/p>\n<p>&#8220;Mesmo tendo alcan\u00e7ado a democracia, estabilizado a economia e implementado uma distribui\u00e7\u00e3o de renda mais justa, tudo isso foi acompanhado de uma degrada\u00e7\u00e3o da nossa pol\u00edtica e institui\u00e7\u00f5es. Nossos partidos e institui\u00e7\u00f5es p\u00fablicas, hoje, est\u00e3o severamente comprometidas pela corrup\u00e7\u00e3o&#8221;, disse Marina Silva sobre o desenvolvimento do Brasil desde 1984, com o fim da ditadura.<\/p>\n<p>Marina Silva aparece ao lado de nomes influentes, como Laura Poitras, jornalista que divulgou as informa\u00e7\u00f5es da Ag\u00eancia de Seguran\u00e7a Nacional americana (NSA); da ativista pelo clima Naomi Klein; Joanne Liu, l\u00edder da ONG M\u00e9dicos Sem Fronteiras e ativista contra o ebola; e Arundhati Bhattacharya, a primeira mulher a comandar o State Bank of India.<\/p>\n","protected":false},"excerpt":{"rendered":"<p>A ex-candidata \u00e0 presid\u00eancia Marina Silva (PSB) foi inclu\u00edda na lista &#8220;Women of 2014&#8221; (Mulheres de 2014) do jornal brit\u00e2nico &#8220;Financial Times&#8221;. &#8220;Da pobreza e do analfabetismo, ela se transformou em uma vision\u00e1ria pol\u00edtica idealista que concorreu por duas vezes \u00e0 lideran\u00e7a do Brasil&#8221;, diz a publica\u00e7\u00e3o brit\u00e2nica. Marina foi entrevistada em outubro, em S\u00e3o [&hellip;]<\/p>\n","protected":false},"author":2,"featured_media":31075,"comment_status":"open","ping_status":"closed","sticky":false,"template":"","format":"standard","meta":{"_acf_changed":false,"footnotes":""},"categories":[16],"tags":[],"class_list":["post-31074","post","type-post","status-publish","format-standard","has-post-thumbnail","hentry","category-brasil"],"acf":[],"yoast_head":"<!-- This site is optimized with the Yoast SEO plugin v27.2 - https:\/\/yoast.com\/product\/yoast-seo-wordpress\/ -->\n<title>Marina vence analfabetismo e pobreza e vira Top 10 mundial - Notibras<\/title>\n<meta name=\"robots\" content=\"index, follow, max-snippet:-1, max-image-preview:large, max-video-preview:-1\" \/>\n<link rel=\"canonical\" href=\"https:\/\/www.notibras.com\/site\/marina-vence-pobreza-e-analfabetismo-para-ser-top-10-do-financial-times\/\" \/>\n<meta property=\"og:locale\" content=\"pt_BR\" \/>\n<meta property=\"og:type\" content=\"article\" \/>\n<meta property=\"og:title\" content=\"Marina vence analfabetismo e pobreza e vira Top 10 mundial - Notibras\" \/>\n<meta property=\"og:description\" content=\"A ex-candidata \u00e0 presid\u00eancia Marina Silva (PSB) foi inclu\u00edda na lista &#8220;Women of 2014&#8221; (Mulheres de 2014) do jornal brit\u00e2nico &#8220;Financial Times&#8221;. &#8220;Da pobreza e do analfabetismo, ela se transformou em uma vision\u00e1ria pol\u00edtica idealista que concorreu por duas vezes \u00e0 lideran\u00e7a do Brasil&#8221;, diz a publica\u00e7\u00e3o brit\u00e2nica. Marina foi entrevistada em outubro, em S\u00e3o [&hellip;]\" \/>\n<meta property=\"og:url\" content=\"https:\/\/www.notibras.com\/site\/marina-vence-pobreza-e-analfabetismo-para-ser-top-10-do-financial-times\/\" \/>\n<meta property=\"og:site_name\" content=\"Notibras\" \/>\n<meta property=\"article:publisher\" content=\"https:\/\/www.facebook.com\/notibras\/\" \/>\n<meta property=\"article:published_time\" content=\"2014-12-14T01:00:23+00:00\" \/>\n<meta property=\"article:modified_time\" content=\"2014-12-14T15:28:56+00:00\" \/>\n<meta property=\"og:image\" content=\"https:\/\/www.notibras.com\/site\/wp-content\/uploads\/2014\/12\/ms.jpg\" \/>\n\t<meta property=\"og:image:width\" content=\"615\" \/>\n\t<meta property=\"og:image:height\" content=\"300\" \/>\n\t<meta property=\"og:image:type\" content=\"image\/jpeg\" \/>\n<meta name=\"author\" content=\"Reda\u00e7\u00e3o\" \/>\n<meta name=\"twitter:card\" content=\"summary_large_image\" \/>\n<meta name=\"twitter:creator\" content=\"@Notibras\" \/>\n<meta name=\"twitter:site\" content=\"@Notibras\" \/>\n<meta name=\"twitter:label1\" content=\"Escrito por\" \/>\n\t<meta name=\"twitter:data1\" content=\"Reda\u00e7\u00e3o\" \/>\n\t<meta name=\"twitter:label2\" content=\"Est. tempo de leitura\" \/>\n\t<meta name=\"twitter:data2\" content=\"2 minutos\" \/>\n<script type=\"application\/ld+json\" class=\"yoast-schema-graph\">{\"@context\":\"https:\/\/schema.org\",\"@graph\":[{\"@type\":\"Article\",\"@id\":\"https:\/\/www.notibras.com\/site\/marina-vence-pobreza-e-analfabetismo-para-ser-top-10-do-financial-times\/#article\",\"isPartOf\":{\"@id\":\"https:\/\/www.notibras.com\/site\/marina-vence-pobreza-e-analfabetismo-para-ser-top-10-do-financial-times\/\"},\"author\":{\"name\":\"Reda\u00e7\u00e3o\",\"@id\":\"https:\/\/www.notibras.com\/site\/#\/schema\/person\/36ab0979449956132d3e5b517ea76ac8\"},\"headline\":\"Marina vence analfabetismo e pobreza e vira Top 10 mundial\",\"datePublished\":\"2014-12-14T01:00:23+00:00\",\"dateModified\":\"2014-12-14T15:28:56+00:00\",\"mainEntityOfPage\":{\"@id\":\"https:\/\/www.notibras.com\/site\/marina-vence-pobreza-e-analfabetismo-para-ser-top-10-do-financial-times\/\"},\"wordCount\":388,\"commentCount\":0,\"publisher\":{\"@id\":\"https:\/\/www.notibras.com\/site\/#organization\"},\"image\":{\"@id\":\"https:\/\/www.notibras.com\/site\/marina-vence-pobreza-e-analfabetismo-para-ser-top-10-do-financial-times\/#primaryimage\"},\"thumbnailUrl\":\"https:\/\/www.notibras.com\/site\/wp-content\/uploads\/2014\/12\/ms.jpg\",\"articleSection\":[\"Brasil\"],\"inLanguage\":\"pt-BR\",\"potentialAction\":[{\"@type\":\"CommentAction\",\"name\":\"Comment\",\"target\":[\"https:\/\/www.notibras.com\/site\/marina-vence-pobreza-e-analfabetismo-para-ser-top-10-do-financial-times\/#respond\"]}]},{\"@type\":\"WebPage\",\"@id\":\"https:\/\/www.notibras.com\/site\/marina-vence-pobreza-e-analfabetismo-para-ser-top-10-do-financial-times\/\",\"url\":\"https:\/\/www.notibras.com\/site\/marina-vence-pobreza-e-analfabetismo-para-ser-top-10-do-financial-times\/\",\"name\":\"Marina vence analfabetismo e pobreza e vira Top 10 mundial - Notibras\",\"isPartOf\":{\"@id\":\"https:\/\/www.notibras.com\/site\/#website\"},\"primaryImageOfPage\":{\"@id\":\"https:\/\/www.notibras.com\/site\/marina-vence-pobreza-e-analfabetismo-para-ser-top-10-do-financial-times\/#primaryimage\"},\"image\":{\"@id\":\"https:\/\/www.notibras.com\/site\/marina-vence-pobreza-e-analfabetismo-para-ser-top-10-do-financial-times\/#primaryimage\"},\"thumbnailUrl\":\"https:\/\/www.notibras.com\/site\/wp-content\/uploads\/2014\/12\/ms.jpg\",\"datePublished\":\"2014-12-14T01:00:23+00:00\",\"dateModified\":\"2014-12-14T15:28:56+00:00\",\"breadcrumb\":{\"@id\":\"https:\/\/www.notibras.com\/site\/marina-vence-pobreza-e-analfabetismo-para-ser-top-10-do-financial-times\/#breadcrumb\"},\"inLanguage\":\"pt-BR\",\"potentialAction\":[{\"@type\":\"ReadAction\",\"target\":[\"https:\/\/www.notibras.com\/site\/marina-vence-pobreza-e-analfabetismo-para-ser-top-10-do-financial-times\/\"]}]},{\"@type\":\"ImageObject\",\"inLanguage\":\"pt-BR\",\"@id\":\"https:\/\/www.notibras.com\/site\/marina-vence-pobreza-e-analfabetismo-para-ser-top-10-do-financial-times\/#primaryimage\",\"url\":\"https:\/\/www.notibras.com\/site\/wp-content\/uploads\/2014\/12\/ms.jpg\",\"contentUrl\":\"https:\/\/www.notibras.com\/site\/wp-content\/uploads\/2014\/12\/ms.jpg\",\"width\":615,\"height\":300},{\"@type\":\"BreadcrumbList\",\"@id\":\"https:\/\/www.notibras.com\/site\/marina-vence-pobreza-e-analfabetismo-para-ser-top-10-do-financial-times\/#breadcrumb\",\"itemListElement\":[{\"@type\":\"ListItem\",\"position\":1,\"name\":\"In\u00edcio\",\"item\":\"https:\/\/www.notibras.com\/site\/\"},{\"@type\":\"ListItem\",\"position\":2,\"name\":\"Marina vence analfabetismo e pobreza e vira Top 10 mundial\"}]},{\"@type\":\"WebSite\",\"@id\":\"https:\/\/www.notibras.com\/site\/#website\",\"url\":\"https:\/\/www.notibras.com\/site\/\",\"name\":\"Notibras\",\"description\":\"Not\u00edcias de Bras\u00edlia, do Brasil e do Mundo\",\"publisher\":{\"@id\":\"https:\/\/www.notibras.com\/site\/#organization\"},\"potentialAction\":[{\"@type\":\"SearchAction\",\"target\":{\"@type\":\"EntryPoint\",\"urlTemplate\":\"https:\/\/www.notibras.com\/site\/?s={search_term_string}\"},\"query-input\":{\"@type\":\"PropertyValueSpecification\",\"valueRequired\":true,\"valueName\":\"search_term_string\"}}],\"inLanguage\":\"pt-BR\"},{\"@type\":\"Organization\",\"@id\":\"https:\/\/www.notibras.com\/site\/#organization\",\"name\":\"Grupo Notibras de Comunica\u00e7\u00e3o\",\"url\":\"https:\/\/www.notibras.com\/site\/\",\"logo\":{\"@type\":\"ImageObject\",\"inLanguage\":\"pt-BR\",\"@id\":\"https:\/\/www.notibras.com\/site\/#\/schema\/logo\/image\/\",\"url\":\"https:\/\/www.notibras.com\/site\/wp-content\/uploads\/2023\/01\/notibras23.png\",\"contentUrl\":\"https:\/\/www.notibras.com\/site\/wp-content\/uploads\/2023\/01\/notibras23.png\",\"width\":350,\"height\":87,\"caption\":\"Grupo Notibras de Comunica\u00e7\u00e3o\"},\"image\":{\"@id\":\"https:\/\/www.notibras.com\/site\/#\/schema\/logo\/image\/\"},\"sameAs\":[\"https:\/\/www.facebook.com\/notibras\/\",\"https:\/\/x.com\/Notibras\",\"https:\/\/www.instagram.com\/notibras\/\"]},{\"@type\":\"Person\",\"@id\":\"https:\/\/www.notibras.com\/site\/#\/schema\/person\/36ab0979449956132d3e5b517ea76ac8\",\"name\":\"Reda\u00e7\u00e3o\",\"image\":{\"@type\":\"ImageObject\",\"inLanguage\":\"pt-BR\",\"@id\":\"https:\/\/secure.gravatar.com\/avatar\/e0a867bdedb85fd243eadf09663511f96fc81e0720a4a42581f334ad4303aa6b?s=96&d=mm&r=g\",\"url\":\"https:\/\/secure.gravatar.com\/avatar\/e0a867bdedb85fd243eadf09663511f96fc81e0720a4a42581f334ad4303aa6b?s=96&d=mm&r=g\",\"contentUrl\":\"https:\/\/secure.gravatar.com\/avatar\/e0a867bdedb85fd243eadf09663511f96fc81e0720a4a42581f334ad4303aa6b?s=96&d=mm&r=g\",\"caption\":\"Reda\u00e7\u00e3o\"}}]}<\/script>\n<!-- \/ Yoast SEO plugin. -->","yoast_head_json":{"title":"Marina vence analfabetismo e pobreza e vira Top 10 mundial - Notibras","robots":{"index":"index","follow":"follow","max-snippet":"max-snippet:-1","max-image-preview":"max-image-preview:large","max-video-preview":"max-video-preview:-1"},"canonical":"https:\/\/www.notibras.com\/site\/marina-vence-pobreza-e-analfabetismo-para-ser-top-10-do-financial-times\/","og_locale":"pt_BR","og_type":"article","og_title":"Marina vence analfabetismo e pobreza e vira Top 10 mundial - Notibras","og_description":"A ex-candidata \u00e0 presid\u00eancia Marina Silva (PSB) foi inclu\u00edda na lista &#8220;Women of 2014&#8221; (Mulheres de 2014) do jornal brit\u00e2nico &#8220;Financial Times&#8221;. &#8220;Da pobreza e do analfabetismo, ela se transformou em uma vision\u00e1ria pol\u00edtica idealista que concorreu por duas vezes \u00e0 lideran\u00e7a do Brasil&#8221;, diz a publica\u00e7\u00e3o brit\u00e2nica. Marina foi entrevistada em outubro, em S\u00e3o [&hellip;]","og_url":"https:\/\/www.notibras.com\/site\/marina-vence-pobreza-e-analfabetismo-para-ser-top-10-do-financial-times\/","og_site_name":"Notibras","article_publisher":"https:\/\/www.facebook.com\/notibras\/","article_published_time":"2014-12-14T01:00:23+00:00","article_modified_time":"2014-12-14T15:28:56+00:00","og_image":[{"width":615,"height":300,"url":"https:\/\/www.notibras.com\/site\/wp-content\/uploads\/2014\/12\/ms.jpg","type":"image\/jpeg"}],"author":"Reda\u00e7\u00e3o","twitter_card":"summary_large_image","twitter_creator":"@Notibras","twitter_site":"@Notibras","twitter_misc":{"Escrito por":"Reda\u00e7\u00e3o","Est. tempo de leitura":"2 minutos"},"schema":{"@context":"https:\/\/schema.org","@graph":[{"@type":"Article","@id":"https:\/\/www.notibras.com\/site\/marina-vence-pobreza-e-analfabetismo-para-ser-top-10-do-financial-times\/#article","isPartOf":{"@id":"https:\/\/www.notibras.com\/site\/marina-vence-pobreza-e-analfabetismo-para-ser-top-10-do-financial-times\/"},"author":{"name":"Reda\u00e7\u00e3o","@id":"https:\/\/www.notibras.com\/site\/#\/schema\/person\/36ab0979449956132d3e5b517ea76ac8"},"headline":"Marina vence analfabetismo e pobreza e vira Top 10 mundial","datePublished":"2014-12-14T01:00:23+00:00","dateModified":"2014-12-14T15:28:56+00:00","mainEntityOfPage":{"@id":"https:\/\/www.notibras.com\/site\/marina-vence-pobreza-e-analfabetismo-para-ser-top-10-do-financial-times\/"},"wordCount":388,"commentCount":0,"publisher":{"@id":"https:\/\/www.notibras.com\/site\/#organization"},"image":{"@id":"https:\/\/www.notibras.com\/site\/marina-vence-pobreza-e-analfabetismo-para-ser-top-10-do-financial-times\/#primaryimage"},"thumbnailUrl":"https:\/\/www.notibras.com\/site\/wp-content\/uploads\/2014\/12\/ms.jpg","articleSection":["Brasil"],"inLanguage":"pt-BR","potentialAction":[{"@type":"CommentAction","name":"Comment","target":["https:\/\/www.notibras.com\/site\/marina-vence-pobreza-e-analfabetismo-para-ser-top-10-do-financial-times\/#respond"]}]},{"@type":"WebPage","@id":"https:\/\/www.notibras.com\/site\/marina-vence-pobreza-e-analfabetismo-para-ser-top-10-do-financial-times\/","url":"https:\/\/www.notibras.com\/site\/marina-vence-pobreza-e-analfabetismo-para-ser-top-10-do-financial-times\/","name":"Marina vence analfabetismo e pobreza e vira Top 10 mundial - Notibras","isPartOf":{"@id":"https:\/\/www.notibras.com\/site\/#website"},"primaryImageOfPage":{"@id":"https:\/\/www.notibras.com\/site\/marina-vence-pobreza-e-analfabetismo-para-ser-top-10-do-financial-times\/#primaryimage"},"image":{"@id":"https:\/\/www.notibras.com\/site\/marina-vence-pobreza-e-analfabetismo-para-ser-top-10-do-financial-times\/#primaryimage"},"thumbnailUrl":"https:\/\/www.notibras.com\/site\/wp-content\/uploads\/2014\/12\/ms.jpg","datePublished":"2014-12-14T01:00:23+00:00","dateModified":"2014-12-14T15:28:56+00:00","breadcrumb":{"@id":"https:\/\/www.notibras.com\/site\/marina-vence-pobreza-e-analfabetismo-para-ser-top-10-do-financial-times\/#breadcrumb"},"inLanguage":"pt-BR","potentialAction":[{"@type":"ReadAction","target":["https:\/\/www.notibras.com\/site\/marina-vence-pobreza-e-analfabetismo-para-ser-top-10-do-financial-times\/"]}]},{"@type":"ImageObject","inLanguage":"pt-BR","@id":"https:\/\/www.notibras.com\/site\/marina-vence-pobreza-e-analfabetismo-para-ser-top-10-do-financial-times\/#primaryimage","url":"https:\/\/www.notibras.com\/site\/wp-content\/uploads\/2014\/12\/ms.jpg","contentUrl":"https:\/\/www.notibras.com\/site\/wp-content\/uploads\/2014\/12\/ms.jpg","width":615,"height":300},{"@type":"BreadcrumbList","@id":"https:\/\/www.notibras.com\/site\/marina-vence-pobreza-e-analfabetismo-para-ser-top-10-do-financial-times\/#breadcrumb","itemListElement":[{"@type":"ListItem","position":1,"name":"In\u00edcio","item":"https:\/\/www.notibras.com\/site\/"},{"@type":"ListItem","position":2,"name":"Marina vence analfabetismo e pobreza e vira Top 10 mundial"}]},{"@type":"WebSite","@id":"https:\/\/www.notibras.com\/site\/#website","url":"https:\/\/www.notibras.com\/site\/","name":"Notibras","description":"Not\u00edcias de Bras\u00edlia, do Brasil e do Mundo","publisher":{"@id":"https:\/\/www.notibras.com\/site\/#organization"},"potentialAction":[{"@type":"SearchAction","target":{"@type":"EntryPoint","urlTemplate":"https:\/\/www.notibras.com\/site\/?s={search_term_string}"},"query-input":{"@type":"PropertyValueSpecification","valueRequired":true,"valueName":"search_term_string"}}],"inLanguage":"pt-BR"},{"@type":"Organization","@id":"https:\/\/www.notibras.com\/site\/#organization","name":"Grupo Notibras de Comunica\u00e7\u00e3o","url":"https:\/\/www.notibras.com\/site\/","logo":{"@type":"ImageObject","inLanguage":"pt-BR","@id":"https:\/\/www.notibras.com\/site\/#\/schema\/logo\/image\/","url":"https:\/\/www.notibras.com\/site\/wp-content\/uploads\/2023\/01\/notibras23.png","contentUrl":"https:\/\/www.notibras.com\/site\/wp-content\/uploads\/2023\/01\/notibras23.png","width":350,"height":87,"caption":"Grupo Notibras de Comunica\u00e7\u00e3o"},"image":{"@id":"https:\/\/www.notibras.com\/site\/#\/schema\/logo\/image\/"},"sameAs":["https:\/\/www.facebook.com\/notibras\/","https:\/\/x.com\/Notibras","https:\/\/www.instagram.com\/notibras\/"]},{"@type":"Person","@id":"https:\/\/www.notibras.com\/site\/#\/schema\/person\/36ab0979449956132d3e5b517ea76ac8","name":"Reda\u00e7\u00e3o","image":{"@type":"ImageObject","inLanguage":"pt-BR","@id":"https:\/\/secure.gravatar.com\/avatar\/e0a867bdedb85fd243eadf09663511f96fc81e0720a4a42581f334ad4303aa6b?s=96&d=mm&r=g","url":"https:\/\/secure.gravatar.com\/avatar\/e0a867bdedb85fd243eadf09663511f96fc81e0720a4a42581f334ad4303aa6b?s=96&d=mm&r=g","contentUrl":"https:\/\/secure.gravatar.com\/avatar\/e0a867bdedb85fd243eadf09663511f96fc81e0720a4a42581f334ad4303aa6b?s=96&d=mm&r=g","caption":"Reda\u00e7\u00e3o"}}]}},"amp_enabled":true,"_links":{"self":[{"href":"https:\/\/www.notibras.com\/site\/wp-json\/wp\/v2\/posts\/31074","targetHints":{"allow":["GET"]}}],"collection":[{"href":"https:\/\/www.notibras.com\/site\/wp-json\/wp\/v2\/posts"}],"about":[{"href":"https:\/\/www.notibras.com\/site\/wp-json\/wp\/v2\/types\/post"}],"author":[{"embeddable":true,"href":"https:\/\/www.notibras.com\/site\/wp-json\/wp\/v2\/users\/2"}],"replies":[{"embeddable":true,"href":"https:\/\/www.notibras.com\/site\/wp-json\/wp\/v2\/comments?post=31074"}],"version-history":[{"count":0,"href":"https:\/\/www.notibras.com\/site\/wp-json\/wp\/v2\/posts\/31074\/revisions"}],"wp:featuredmedia":[{"embeddable":true,"href":"https:\/\/www.notibras.com\/site\/wp-json\/wp\/v2\/media\/31075"}],"wp:attachment":[{"href":"https:\/\/www.notibras.com\/site\/wp-json\/wp\/v2\/media?parent=31074"}],"wp:term":[{"taxonomy":"category","embeddable":true,"href":"https:\/\/www.notibras.com\/site\/wp-json\/wp\/v2\/categories?post=31074"},{"taxonomy":"post_tag","embeddable":true,"href":"https:\/\/www.notibras.com\/site\/wp-json\/wp\/v2\/tags?post=31074"}],"curies":[{"name":"wp","href":"https:\/\/api.w.org\/{rel}","templated":true}]}}