{"id":310743,"date":"2023-08-11T00:01:54","date_gmt":"2023-08-11T03:01:54","guid":{"rendered":"https:\/\/www.notibras.com\/site\/?p=310743"},"modified":"2023-08-11T04:12:52","modified_gmt":"2023-08-11T07:12:52","slug":"mutirao-para-renegociar-dividas-termina-nesta-sexta-feira","status":"publish","type":"post","link":"https:\/\/www.notibras.com\/site\/mutirao-para-renegociar-dividas-termina-nesta-sexta-feira\/","title":{"rendered":"Mutir\u00e3o para renegociar d\u00edvidas termina nesta sexta-feira"},"content":{"rendered":"<p>Quem est\u00e1 com contas atrasadas, de qualquer natureza ou valor e independentemente da renda, t\u00eam at\u00e9 esta sexta-feira (11) para recorrer a \u00f3rg\u00e3os de defesa do consumidor de estados e munic\u00edpios a fim de negociar suas d\u00edvidas.<\/p>\n<p>Coordenado pela Secretaria Nacional do Consumidor (Senacon) e batizado de Renegocia! o mutir\u00e3o nacional come\u00e7ou em 24 de julho e tem como objetivo auxiliar cidad\u00e3os em dificuldades financeiras antes que as d\u00edvidas superem suas capacidades de pagamento.<\/p>\n<p>Em nota, o Minist\u00e9rio da Justi\u00e7a e Seguran\u00e7a P\u00fablica informou que um dos principais enfoques do mutir\u00e3o \u00e9 a preven\u00e7\u00e3o do superendividamento, com a garantia do m\u00ednimo existencial. Em junho, o presidente Luiz In\u00e1cio Lula da Silva editou decreto que aumenta de R$ 303 para R$ 600 o valor do m\u00ednimo existencial, quantia de renda protegida por lei em casos de superendividamento.<\/p>\n<p>\u201cO Renegocia! \u00e9 uma iniciativa que visa criar um ambiente favor\u00e1vel para que consumidores com d\u00edvidas em excesso possam renegoci\u00e1-las de maneira acess\u00edvel e buscar solu\u00e7\u00f5es para sair dessa situa\u00e7\u00e3o. O mutir\u00e3o n\u00e3o se limita apenas a d\u00edvidas banc\u00e1rias, mas abrange tamb\u00e9m outros tipos de d\u00e9bito, como d\u00edvidas com o varejo. Est\u00e3o exclu\u00eddas das negocia\u00e7\u00f5es d\u00edvidas com pens\u00e3o aliment\u00edcia, cr\u00e9dito rural e imobili\u00e1rio\u201d, destacou a pasta.<\/p>\n<p><strong>Quem pode participar<\/strong><br \/>\nApesar de ter como foco principal a preven\u00e7\u00e3o do superendividamento, qualquer consumidor que tenha d\u00edvidas em atraso pode participar da a\u00e7\u00e3o. N\u00e3o h\u00e1 limites nos valores das d\u00edvidas, nem de renda.<\/p>\n<p><strong>Como participar<\/strong><br \/>\nPara participar do mutir\u00e3o, os consumidores interessados devem procurar os \u00f3rg\u00e3os de defesa do consumidor (Procons, Minist\u00e9rio P\u00fablico, Defensoria P\u00fablica e associa\u00e7\u00f5es de defesa do consumidor) mais pr\u00f3ximos da sua localidade. \u00c9 poss\u00edvel tamb\u00e9m utilizar o portal consumidor.gov.br para a negocia\u00e7\u00e3o das d\u00edvidas.<\/p>\n","protected":false},"excerpt":{"rendered":"<p>Quem est\u00e1 com contas atrasadas, de qualquer natureza ou valor e independentemente da renda, t\u00eam at\u00e9 esta sexta-feira (11) para recorrer a \u00f3rg\u00e3os de defesa do consumidor de estados e munic\u00edpios a fim de negociar suas d\u00edvidas. Coordenado pela Secretaria Nacional do Consumidor (Senacon) e batizado de Renegocia! o mutir\u00e3o nacional come\u00e7ou em 24 de [&hellip;]<\/p>\n","protected":false},"author":2,"featured_media":310744,"comment_status":"closed","ping_status":"closed","sticky":false,"template":"","format":"standard","meta":{"_acf_changed":false,"footnotes":""},"categories":[161],"tags":[],"class_list":["post-310743","post","type-post","status-publish","format-standard","has-post-thumbnail","hentry","category-quadradinho-em-foco"],"acf":[],"yoast_head":"<!-- This site is optimized with the Yoast SEO plugin v27.2 - https:\/\/yoast.com\/product\/yoast-seo-wordpress\/ -->\n<title>Mutir\u00e3o para renegociar d\u00edvidas termina nesta sexta-feira - Notibras<\/title>\n<meta name=\"robots\" content=\"index, follow, max-snippet:-1, max-image-preview:large, max-video-preview:-1\" \/>\n<link rel=\"canonical\" href=\"https:\/\/www.notibras.com\/site\/mutirao-para-renegociar-dividas-termina-nesta-sexta-feira\/\" \/>\n<meta property=\"og:locale\" content=\"pt_BR\" \/>\n<meta property=\"og:type\" content=\"article\" \/>\n<meta property=\"og:title\" content=\"Mutir\u00e3o para renegociar d\u00edvidas termina nesta sexta-feira - Notibras\" \/>\n<meta property=\"og:description\" content=\"Quem est\u00e1 com contas atrasadas, de qualquer natureza ou valor e independentemente da renda, t\u00eam at\u00e9 esta sexta-feira (11) para recorrer a \u00f3rg\u00e3os de defesa do consumidor de estados e munic\u00edpios a fim de negociar suas d\u00edvidas. Coordenado pela Secretaria Nacional do Consumidor (Senacon) e batizado de Renegocia! o mutir\u00e3o nacional come\u00e7ou em 24 de [&hellip;]\" \/>\n<meta property=\"og:url\" content=\"https:\/\/www.notibras.com\/site\/mutirao-para-renegociar-dividas-termina-nesta-sexta-feira\/\" \/>\n<meta property=\"og:site_name\" content=\"Notibras\" \/>\n<meta property=\"article:publisher\" content=\"https:\/\/www.facebook.com\/notibras\/\" \/>\n<meta property=\"article:published_time\" content=\"2023-08-11T03:01:54+00:00\" \/>\n<meta property=\"article:modified_time\" content=\"2023-08-11T07:12:52+00:00\" \/>\n<meta property=\"og:image\" content=\"https:\/\/www.notibras.com\/site\/wp-content\/uploads\/2023\/08\/img_2062.jpeg\" \/>\n\t<meta property=\"og:image:width\" content=\"1170\" \/>\n\t<meta property=\"og:image:height\" content=\"700\" \/>\n\t<meta property=\"og:image:type\" content=\"image\/jpeg\" \/>\n<meta name=\"author\" content=\"Reda\u00e7\u00e3o\" \/>\n<meta name=\"twitter:card\" content=\"summary_large_image\" \/>\n<meta name=\"twitter:creator\" content=\"@Notibras\" \/>\n<meta name=\"twitter:site\" content=\"@Notibras\" \/>\n<meta name=\"twitter:label1\" content=\"Escrito por\" \/>\n\t<meta name=\"twitter:data1\" content=\"Reda\u00e7\u00e3o\" \/>\n\t<meta name=\"twitter:label2\" content=\"Est. tempo de leitura\" \/>\n\t<meta name=\"twitter:data2\" content=\"2 minutos\" \/>\n<script type=\"application\/ld+json\" class=\"yoast-schema-graph\">{\"@context\":\"https:\/\/schema.org\",\"@graph\":[{\"@type\":\"Article\",\"@id\":\"https:\/\/www.notibras.com\/site\/mutirao-para-renegociar-dividas-termina-nesta-sexta-feira\/#article\",\"isPartOf\":{\"@id\":\"https:\/\/www.notibras.com\/site\/mutirao-para-renegociar-dividas-termina-nesta-sexta-feira\/\"},\"author\":{\"name\":\"Reda\u00e7\u00e3o\",\"@id\":\"https:\/\/www.notibras.com\/site\/#\/schema\/person\/36ab0979449956132d3e5b517ea76ac8\"},\"headline\":\"Mutir\u00e3o para renegociar d\u00edvidas termina nesta sexta-feira\",\"datePublished\":\"2023-08-11T03:01:54+00:00\",\"dateModified\":\"2023-08-11T07:12:52+00:00\",\"mainEntityOfPage\":{\"@id\":\"https:\/\/www.notibras.com\/site\/mutirao-para-renegociar-dividas-termina-nesta-sexta-feira\/\"},\"wordCount\":339,\"publisher\":{\"@id\":\"https:\/\/www.notibras.com\/site\/#organization\"},\"image\":{\"@id\":\"https:\/\/www.notibras.com\/site\/mutirao-para-renegociar-dividas-termina-nesta-sexta-feira\/#primaryimage\"},\"thumbnailUrl\":\"https:\/\/www.notibras.com\/site\/wp-content\/uploads\/2023\/08\/img_2062.jpeg\",\"articleSection\":[\"Quadradinho em Foco\"],\"inLanguage\":\"pt-BR\"},{\"@type\":\"WebPage\",\"@id\":\"https:\/\/www.notibras.com\/site\/mutirao-para-renegociar-dividas-termina-nesta-sexta-feira\/\",\"url\":\"https:\/\/www.notibras.com\/site\/mutirao-para-renegociar-dividas-termina-nesta-sexta-feira\/\",\"name\":\"Mutir\u00e3o para renegociar d\u00edvidas termina nesta sexta-feira - Notibras\",\"isPartOf\":{\"@id\":\"https:\/\/www.notibras.com\/site\/#website\"},\"primaryImageOfPage\":{\"@id\":\"https:\/\/www.notibras.com\/site\/mutirao-para-renegociar-dividas-termina-nesta-sexta-feira\/#primaryimage\"},\"image\":{\"@id\":\"https:\/\/www.notibras.com\/site\/mutirao-para-renegociar-dividas-termina-nesta-sexta-feira\/#primaryimage\"},\"thumbnailUrl\":\"https:\/\/www.notibras.com\/site\/wp-content\/uploads\/2023\/08\/img_2062.jpeg\",\"datePublished\":\"2023-08-11T03:01:54+00:00\",\"dateModified\":\"2023-08-11T07:12:52+00:00\",\"breadcrumb\":{\"@id\":\"https:\/\/www.notibras.com\/site\/mutirao-para-renegociar-dividas-termina-nesta-sexta-feira\/#breadcrumb\"},\"inLanguage\":\"pt-BR\",\"potentialAction\":[{\"@type\":\"ReadAction\",\"target\":[\"https:\/\/www.notibras.com\/site\/mutirao-para-renegociar-dividas-termina-nesta-sexta-feira\/\"]}]},{\"@type\":\"ImageObject\",\"inLanguage\":\"pt-BR\",\"@id\":\"https:\/\/www.notibras.com\/site\/mutirao-para-renegociar-dividas-termina-nesta-sexta-feira\/#primaryimage\",\"url\":\"https:\/\/www.notibras.com\/site\/wp-content\/uploads\/2023\/08\/img_2062.jpeg\",\"contentUrl\":\"https:\/\/www.notibras.com\/site\/wp-content\/uploads\/2023\/08\/img_2062.jpeg\",\"width\":1170,\"height\":700},{\"@type\":\"BreadcrumbList\",\"@id\":\"https:\/\/www.notibras.com\/site\/mutirao-para-renegociar-dividas-termina-nesta-sexta-feira\/#breadcrumb\",\"itemListElement\":[{\"@type\":\"ListItem\",\"position\":1,\"name\":\"In\u00edcio\",\"item\":\"https:\/\/www.notibras.com\/site\/\"},{\"@type\":\"ListItem\",\"position\":2,\"name\":\"Mutir\u00e3o para renegociar d\u00edvidas termina nesta sexta-feira\"}]},{\"@type\":\"WebSite\",\"@id\":\"https:\/\/www.notibras.com\/site\/#website\",\"url\":\"https:\/\/www.notibras.com\/site\/\",\"name\":\"Notibras\",\"description\":\"Not\u00edcias de Bras\u00edlia, do Brasil e do Mundo\",\"publisher\":{\"@id\":\"https:\/\/www.notibras.com\/site\/#organization\"},\"potentialAction\":[{\"@type\":\"SearchAction\",\"target\":{\"@type\":\"EntryPoint\",\"urlTemplate\":\"https:\/\/www.notibras.com\/site\/?s={search_term_string}\"},\"query-input\":{\"@type\":\"PropertyValueSpecification\",\"valueRequired\":true,\"valueName\":\"search_term_string\"}}],\"inLanguage\":\"pt-BR\"},{\"@type\":\"Organization\",\"@id\":\"https:\/\/www.notibras.com\/site\/#organization\",\"name\":\"Grupo Notibras de Comunica\u00e7\u00e3o\",\"url\":\"https:\/\/www.notibras.com\/site\/\",\"logo\":{\"@type\":\"ImageObject\",\"inLanguage\":\"pt-BR\",\"@id\":\"https:\/\/www.notibras.com\/site\/#\/schema\/logo\/image\/\",\"url\":\"https:\/\/www.notibras.com\/site\/wp-content\/uploads\/2023\/01\/notibras23.png\",\"contentUrl\":\"https:\/\/www.notibras.com\/site\/wp-content\/uploads\/2023\/01\/notibras23.png\",\"width\":350,\"height\":87,\"caption\":\"Grupo Notibras de Comunica\u00e7\u00e3o\"},\"image\":{\"@id\":\"https:\/\/www.notibras.com\/site\/#\/schema\/logo\/image\/\"},\"sameAs\":[\"https:\/\/www.facebook.com\/notibras\/\",\"https:\/\/x.com\/Notibras\",\"https:\/\/www.instagram.com\/notibras\/\"]},{\"@type\":\"Person\",\"@id\":\"https:\/\/www.notibras.com\/site\/#\/schema\/person\/36ab0979449956132d3e5b517ea76ac8\",\"name\":\"Reda\u00e7\u00e3o\",\"image\":{\"@type\":\"ImageObject\",\"inLanguage\":\"pt-BR\",\"@id\":\"https:\/\/secure.gravatar.com\/avatar\/e0a867bdedb85fd243eadf09663511f96fc81e0720a4a42581f334ad4303aa6b?s=96&d=mm&r=g\",\"url\":\"https:\/\/secure.gravatar.com\/avatar\/e0a867bdedb85fd243eadf09663511f96fc81e0720a4a42581f334ad4303aa6b?s=96&d=mm&r=g\",\"contentUrl\":\"https:\/\/secure.gravatar.com\/avatar\/e0a867bdedb85fd243eadf09663511f96fc81e0720a4a42581f334ad4303aa6b?s=96&d=mm&r=g\",\"caption\":\"Reda\u00e7\u00e3o\"}}]}<\/script>\n<!-- \/ Yoast SEO plugin. -->","yoast_head_json":{"title":"Mutir\u00e3o para renegociar d\u00edvidas termina nesta sexta-feira - Notibras","robots":{"index":"index","follow":"follow","max-snippet":"max-snippet:-1","max-image-preview":"max-image-preview:large","max-video-preview":"max-video-preview:-1"},"canonical":"https:\/\/www.notibras.com\/site\/mutirao-para-renegociar-dividas-termina-nesta-sexta-feira\/","og_locale":"pt_BR","og_type":"article","og_title":"Mutir\u00e3o para renegociar d\u00edvidas termina nesta sexta-feira - Notibras","og_description":"Quem est\u00e1 com contas atrasadas, de qualquer natureza ou valor e independentemente da renda, t\u00eam at\u00e9 esta sexta-feira (11) para recorrer a \u00f3rg\u00e3os de defesa do consumidor de estados e munic\u00edpios a fim de negociar suas d\u00edvidas. Coordenado pela Secretaria Nacional do Consumidor (Senacon) e batizado de Renegocia! o mutir\u00e3o nacional come\u00e7ou em 24 de [&hellip;]","og_url":"https:\/\/www.notibras.com\/site\/mutirao-para-renegociar-dividas-termina-nesta-sexta-feira\/","og_site_name":"Notibras","article_publisher":"https:\/\/www.facebook.com\/notibras\/","article_published_time":"2023-08-11T03:01:54+00:00","article_modified_time":"2023-08-11T07:12:52+00:00","og_image":[{"width":1170,"height":700,"url":"https:\/\/www.notibras.com\/site\/wp-content\/uploads\/2023\/08\/img_2062.jpeg","type":"image\/jpeg"}],"author":"Reda\u00e7\u00e3o","twitter_card":"summary_large_image","twitter_creator":"@Notibras","twitter_site":"@Notibras","twitter_misc":{"Escrito por":"Reda\u00e7\u00e3o","Est. tempo de leitura":"2 minutos"},"schema":{"@context":"https:\/\/schema.org","@graph":[{"@type":"Article","@id":"https:\/\/www.notibras.com\/site\/mutirao-para-renegociar-dividas-termina-nesta-sexta-feira\/#article","isPartOf":{"@id":"https:\/\/www.notibras.com\/site\/mutirao-para-renegociar-dividas-termina-nesta-sexta-feira\/"},"author":{"name":"Reda\u00e7\u00e3o","@id":"https:\/\/www.notibras.com\/site\/#\/schema\/person\/36ab0979449956132d3e5b517ea76ac8"},"headline":"Mutir\u00e3o para renegociar d\u00edvidas termina nesta sexta-feira","datePublished":"2023-08-11T03:01:54+00:00","dateModified":"2023-08-11T07:12:52+00:00","mainEntityOfPage":{"@id":"https:\/\/www.notibras.com\/site\/mutirao-para-renegociar-dividas-termina-nesta-sexta-feira\/"},"wordCount":339,"publisher":{"@id":"https:\/\/www.notibras.com\/site\/#organization"},"image":{"@id":"https:\/\/www.notibras.com\/site\/mutirao-para-renegociar-dividas-termina-nesta-sexta-feira\/#primaryimage"},"thumbnailUrl":"https:\/\/www.notibras.com\/site\/wp-content\/uploads\/2023\/08\/img_2062.jpeg","articleSection":["Quadradinho em Foco"],"inLanguage":"pt-BR"},{"@type":"WebPage","@id":"https:\/\/www.notibras.com\/site\/mutirao-para-renegociar-dividas-termina-nesta-sexta-feira\/","url":"https:\/\/www.notibras.com\/site\/mutirao-para-renegociar-dividas-termina-nesta-sexta-feira\/","name":"Mutir\u00e3o para renegociar d\u00edvidas termina nesta sexta-feira - Notibras","isPartOf":{"@id":"https:\/\/www.notibras.com\/site\/#website"},"primaryImageOfPage":{"@id":"https:\/\/www.notibras.com\/site\/mutirao-para-renegociar-dividas-termina-nesta-sexta-feira\/#primaryimage"},"image":{"@id":"https:\/\/www.notibras.com\/site\/mutirao-para-renegociar-dividas-termina-nesta-sexta-feira\/#primaryimage"},"thumbnailUrl":"https:\/\/www.notibras.com\/site\/wp-content\/uploads\/2023\/08\/img_2062.jpeg","datePublished":"2023-08-11T03:01:54+00:00","dateModified":"2023-08-11T07:12:52+00:00","breadcrumb":{"@id":"https:\/\/www.notibras.com\/site\/mutirao-para-renegociar-dividas-termina-nesta-sexta-feira\/#breadcrumb"},"inLanguage":"pt-BR","potentialAction":[{"@type":"ReadAction","target":["https:\/\/www.notibras.com\/site\/mutirao-para-renegociar-dividas-termina-nesta-sexta-feira\/"]}]},{"@type":"ImageObject","inLanguage":"pt-BR","@id":"https:\/\/www.notibras.com\/site\/mutirao-para-renegociar-dividas-termina-nesta-sexta-feira\/#primaryimage","url":"https:\/\/www.notibras.com\/site\/wp-content\/uploads\/2023\/08\/img_2062.jpeg","contentUrl":"https:\/\/www.notibras.com\/site\/wp-content\/uploads\/2023\/08\/img_2062.jpeg","width":1170,"height":700},{"@type":"BreadcrumbList","@id":"https:\/\/www.notibras.com\/site\/mutirao-para-renegociar-dividas-termina-nesta-sexta-feira\/#breadcrumb","itemListElement":[{"@type":"ListItem","position":1,"name":"In\u00edcio","item":"https:\/\/www.notibras.com\/site\/"},{"@type":"ListItem","position":2,"name":"Mutir\u00e3o para renegociar d\u00edvidas termina nesta sexta-feira"}]},{"@type":"WebSite","@id":"https:\/\/www.notibras.com\/site\/#website","url":"https:\/\/www.notibras.com\/site\/","name":"Notibras","description":"Not\u00edcias de Bras\u00edlia, do Brasil e do Mundo","publisher":{"@id":"https:\/\/www.notibras.com\/site\/#organization"},"potentialAction":[{"@type":"SearchAction","target":{"@type":"EntryPoint","urlTemplate":"https:\/\/www.notibras.com\/site\/?s={search_term_string}"},"query-input":{"@type":"PropertyValueSpecification","valueRequired":true,"valueName":"search_term_string"}}],"inLanguage":"pt-BR"},{"@type":"Organization","@id":"https:\/\/www.notibras.com\/site\/#organization","name":"Grupo Notibras de Comunica\u00e7\u00e3o","url":"https:\/\/www.notibras.com\/site\/","logo":{"@type":"ImageObject","inLanguage":"pt-BR","@id":"https:\/\/www.notibras.com\/site\/#\/schema\/logo\/image\/","url":"https:\/\/www.notibras.com\/site\/wp-content\/uploads\/2023\/01\/notibras23.png","contentUrl":"https:\/\/www.notibras.com\/site\/wp-content\/uploads\/2023\/01\/notibras23.png","width":350,"height":87,"caption":"Grupo Notibras de Comunica\u00e7\u00e3o"},"image":{"@id":"https:\/\/www.notibras.com\/site\/#\/schema\/logo\/image\/"},"sameAs":["https:\/\/www.facebook.com\/notibras\/","https:\/\/x.com\/Notibras","https:\/\/www.instagram.com\/notibras\/"]},{"@type":"Person","@id":"https:\/\/www.notibras.com\/site\/#\/schema\/person\/36ab0979449956132d3e5b517ea76ac8","name":"Reda\u00e7\u00e3o","image":{"@type":"ImageObject","inLanguage":"pt-BR","@id":"https:\/\/secure.gravatar.com\/avatar\/e0a867bdedb85fd243eadf09663511f96fc81e0720a4a42581f334ad4303aa6b?s=96&d=mm&r=g","url":"https:\/\/secure.gravatar.com\/avatar\/e0a867bdedb85fd243eadf09663511f96fc81e0720a4a42581f334ad4303aa6b?s=96&d=mm&r=g","contentUrl":"https:\/\/secure.gravatar.com\/avatar\/e0a867bdedb85fd243eadf09663511f96fc81e0720a4a42581f334ad4303aa6b?s=96&d=mm&r=g","caption":"Reda\u00e7\u00e3o"}}]}},"amp_enabled":true,"_links":{"self":[{"href":"https:\/\/www.notibras.com\/site\/wp-json\/wp\/v2\/posts\/310743","targetHints":{"allow":["GET"]}}],"collection":[{"href":"https:\/\/www.notibras.com\/site\/wp-json\/wp\/v2\/posts"}],"about":[{"href":"https:\/\/www.notibras.com\/site\/wp-json\/wp\/v2\/types\/post"}],"author":[{"embeddable":true,"href":"https:\/\/www.notibras.com\/site\/wp-json\/wp\/v2\/users\/2"}],"replies":[{"embeddable":true,"href":"https:\/\/www.notibras.com\/site\/wp-json\/wp\/v2\/comments?post=310743"}],"version-history":[{"count":1,"href":"https:\/\/www.notibras.com\/site\/wp-json\/wp\/v2\/posts\/310743\/revisions"}],"predecessor-version":[{"id":310745,"href":"https:\/\/www.notibras.com\/site\/wp-json\/wp\/v2\/posts\/310743\/revisions\/310745"}],"wp:featuredmedia":[{"embeddable":true,"href":"https:\/\/www.notibras.com\/site\/wp-json\/wp\/v2\/media\/310744"}],"wp:attachment":[{"href":"https:\/\/www.notibras.com\/site\/wp-json\/wp\/v2\/media?parent=310743"}],"wp:term":[{"taxonomy":"category","embeddable":true,"href":"https:\/\/www.notibras.com\/site\/wp-json\/wp\/v2\/categories?post=310743"},{"taxonomy":"post_tag","embeddable":true,"href":"https:\/\/www.notibras.com\/site\/wp-json\/wp\/v2\/tags?post=310743"}],"curies":[{"name":"wp","href":"https:\/\/api.w.org\/{rel}","templated":true}]}}