{"id":310746,"date":"2023-08-11T04:52:41","date_gmt":"2023-08-11T07:52:41","guid":{"rendered":"https:\/\/www.notibras.com\/site\/?p=310746"},"modified":"2023-08-11T04:52:41","modified_gmt":"2023-08-11T07:52:41","slug":"benjamin-o-sedentario-e-eterno-dorminhoco","status":"publish","type":"post","link":"https:\/\/www.notibras.com\/site\/benjamin-o-sedentario-e-eterno-dorminhoco\/","title":{"rendered":"Benjamin, o sedent\u00e1rio e eterno dorminhoco"},"content":{"rendered":"<p>A gritaria tomava conta do parquinho, repleto de crian\u00e7as correndo de um lado para o outro. Todas animadas por mais uma manh\u00e3 ensolarada. Isto \u00e9, menos o pequeno Benjamin, que n\u00e3o descia do colo da m\u00e3e nem quando lhe ofereciam um algod\u00e3o doce. Preferia o aconchego, pois gostava mesmo era de dormir. E como dormia aquele garoto!<\/p>\n<p>A m\u00e3e, preocupada com o comportamento do menino, at\u00e9 o levou ao m\u00e9dico. Este logo suspeitou de anemia falciforme. Mas que nada! As hem\u00e1cias do pirralho eram mais circulares que um bambol\u00ea. Fizeram outros exames no Benjamin, pensaram at\u00e9 que ele fosse autista ou sofresse de alguma doen\u00e7a rara. Ele era saud\u00e1vel. O doutor, para n\u00e3o ficar com cara de bobo, disse que o garoto sofria de pregui\u00e7a cr\u00f4nica. A m\u00e3e, que precisava de um diagn\u00f3stico, ficou satisfeita com o que ouviu.<\/p>\n<p>Benjamin cresceu um tanto, e a pregui\u00e7a parece que aumentou em progress\u00e3o geom\u00e9trica. Nada parecia fazer com que ele se animasse, nem mesmo quando chegou o tempo da discoteca, quando todos os jovens da rua corriam para a pista de dan\u00e7a. E foi justamente nesse tempo em que o agora adolescente trocou os primeiros olhares com Clarice, uma bela garota de c\u00edlios t\u00e3o negros, que todos os rapazes se esqueciam do resto.<\/p>\n<p>Quase apaixonado, Benjamin at\u00e9 tentou lutar contra a pr\u00f3pria natureza. Todavia, todas as vezes em que se esfor\u00e7ava para se animar a vestir a melhor roupa pro baile, eis que uma for\u00e7a ainda maior o puxava de volta para a cama. Quando muito, passava as tardes na sala, quase sempre esparramado no sof\u00e1. Mesmo assim, essa vontade irresist\u00edvel de se manter deitado n\u00e3o foi o suficiente para impedi-lo de estudar, se formar e arrumar um excelente emprego em uma grande empresa de inform\u00e1tica.<\/p>\n<p>Nem precisava sair de casa, pois resolvia todos os problemas de forma remota. Sentado em uma ampla poltrona toda acolchoada, o pregui\u00e7oso conseguiu triplicar o faturamento da empresa. Isso foi mais que bastante para lhe garantir o cobi\u00e7ado posto de vice-presidente.<\/p>\n<p>L\u00e1 pelos 30, com dinheiro suficiente para uma vida inteira de luxo, Benjamin parecia um homem realizado. Mudara para uma ampla casa, repleta de c\u00f4modos, alguns at\u00e9 onde ele jamais havia colocado os p\u00e9s. Morava com a m\u00e3e, agora uma senhora de quase 70, que gostava de receber as amigas para o ch\u00e1.<\/p>\n<p>Foi justamente num desses eventos que Benjamin voltou a trocar olhares com a agora mulher de c\u00edlios negros. Clarice acompanhou a tia, que era amiga da m\u00e3e de Benjamin. Tomou ch\u00e1 com as velhas na ampla mesa no jardim cheio de flores ex\u00f3ticas, bem em frente \u00e0 piscina em forma de violino.<\/p>\n<p>N\u00e3o se sabe como, mas Benjamin n\u00e3o resistiu ao charme daquela mulher e, ent\u00e3o, foi lhe fazer companhia. Sorrisos daqui, sorrisos de l\u00e1, Clarice se sentiu atra\u00edda pelas olheiras daquele homem. De t\u00e3o encantada, aceitou o convite de ir visit\u00e1-lo na semana seguinte.<\/p>\n<p>Cada vez mais envolvidos, os pombinhos, agora enamorados, oficializaram o romance em uma grande festa. No dia seguinte embarcaram rumo para a maravilhosa Jo\u00e3o Pessoa, onde se hospedaram em um badalado hotel em frente \u00e0 praia. Benjamin, percebendo a alegria da esposa, foi tomado de uma euforia e os dois se amaram at\u00e9 a manh\u00e3 seguinte.<\/p>\n<p>O casal despertou ainda abra\u00e7ado. Tomaram o caf\u00e9 da manh\u00e3 ali mesmo naquela ampla cama. O barulho das ondas chegava aos ouvidos de Clarice e Benjamin. Ela se levantou e abriu a janela, o que fez com que aquele cheiro irresist\u00edvel da maresia tomasse todo o quarto. A mulher desejou ir at\u00e9 a praia, pisar naquela areia branquinha, sentir a \u00e1gua nos p\u00e9s.<\/p>\n<p>&#8211; Amorzinho, vamos dar uma voltinha?<\/p>\n<p>&#8211; Hum&#8230; Prefiro fazer caminhada no travesseiro.<\/p>\n","protected":false},"excerpt":{"rendered":"<p>A gritaria tomava conta do parquinho, repleto de crian\u00e7as correndo de um lado para o outro. Todas animadas por mais uma manh\u00e3 ensolarada. Isto \u00e9, menos o pequeno Benjamin, que n\u00e3o descia do colo da m\u00e3e nem quando lhe ofereciam um algod\u00e3o doce. Preferia o aconchego, pois gostava mesmo era de dormir. E como dormia [&hellip;]<\/p>\n","protected":false},"author":2,"featured_media":310747,"comment_status":"closed","ping_status":"closed","sticky":false,"template":"","format":"standard","meta":{"_acf_changed":false,"footnotes":""},"categories":[161],"tags":[],"class_list":["post-310746","post","type-post","status-publish","format-standard","has-post-thumbnail","hentry","category-quadradinho-em-foco"],"acf":[],"yoast_head":"<!-- This site is optimized with the Yoast SEO plugin v27.2 - https:\/\/yoast.com\/product\/yoast-seo-wordpress\/ -->\n<title>Benjamin, o sedent\u00e1rio e eterno dorminhoco - Notibras<\/title>\n<meta name=\"robots\" content=\"index, follow, max-snippet:-1, max-image-preview:large, max-video-preview:-1\" \/>\n<link rel=\"canonical\" href=\"https:\/\/www.notibras.com\/site\/benjamin-o-sedentario-e-eterno-dorminhoco\/\" \/>\n<meta property=\"og:locale\" content=\"pt_BR\" \/>\n<meta property=\"og:type\" content=\"article\" \/>\n<meta property=\"og:title\" content=\"Benjamin, o sedent\u00e1rio e eterno dorminhoco - Notibras\" \/>\n<meta property=\"og:description\" content=\"A gritaria tomava conta do parquinho, repleto de crian\u00e7as correndo de um lado para o outro. Todas animadas por mais uma manh\u00e3 ensolarada. Isto \u00e9, menos o pequeno Benjamin, que n\u00e3o descia do colo da m\u00e3e nem quando lhe ofereciam um algod\u00e3o doce. Preferia o aconchego, pois gostava mesmo era de dormir. E como dormia [&hellip;]\" \/>\n<meta property=\"og:url\" content=\"https:\/\/www.notibras.com\/site\/benjamin-o-sedentario-e-eterno-dorminhoco\/\" \/>\n<meta property=\"og:site_name\" content=\"Notibras\" \/>\n<meta property=\"article:publisher\" content=\"https:\/\/www.facebook.com\/notibras\/\" \/>\n<meta property=\"article:published_time\" content=\"2023-08-11T07:52:41+00:00\" \/>\n<meta property=\"og:image\" content=\"https:\/\/www.notibras.com\/site\/wp-content\/uploads\/2023\/08\/istockphoto-1366022401-612x612-1.jpg\" \/>\n\t<meta property=\"og:image:width\" content=\"612\" \/>\n\t<meta property=\"og:image:height\" content=\"408\" \/>\n\t<meta property=\"og:image:type\" content=\"image\/jpeg\" \/>\n<meta name=\"author\" content=\"Reda\u00e7\u00e3o\" \/>\n<meta name=\"twitter:card\" content=\"summary_large_image\" \/>\n<meta name=\"twitter:creator\" content=\"@Notibras\" \/>\n<meta name=\"twitter:site\" content=\"@Notibras\" \/>\n<meta name=\"twitter:label1\" content=\"Escrito por\" \/>\n\t<meta name=\"twitter:data1\" content=\"Reda\u00e7\u00e3o\" \/>\n\t<meta name=\"twitter:label2\" content=\"Est. tempo de leitura\" \/>\n\t<meta name=\"twitter:data2\" content=\"4 minutos\" \/>\n<script type=\"application\/ld+json\" class=\"yoast-schema-graph\">{\"@context\":\"https:\/\/schema.org\",\"@graph\":[{\"@type\":\"Article\",\"@id\":\"https:\/\/www.notibras.com\/site\/benjamin-o-sedentario-e-eterno-dorminhoco\/#article\",\"isPartOf\":{\"@id\":\"https:\/\/www.notibras.com\/site\/benjamin-o-sedentario-e-eterno-dorminhoco\/\"},\"author\":{\"name\":\"Reda\u00e7\u00e3o\",\"@id\":\"https:\/\/www.notibras.com\/site\/#\/schema\/person\/36ab0979449956132d3e5b517ea76ac8\"},\"headline\":\"Benjamin, o sedent\u00e1rio e eterno dorminhoco\",\"datePublished\":\"2023-08-11T07:52:41+00:00\",\"mainEntityOfPage\":{\"@id\":\"https:\/\/www.notibras.com\/site\/benjamin-o-sedentario-e-eterno-dorminhoco\/\"},\"wordCount\":661,\"publisher\":{\"@id\":\"https:\/\/www.notibras.com\/site\/#organization\"},\"image\":{\"@id\":\"https:\/\/www.notibras.com\/site\/benjamin-o-sedentario-e-eterno-dorminhoco\/#primaryimage\"},\"thumbnailUrl\":\"https:\/\/www.notibras.com\/site\/wp-content\/uploads\/2023\/08\/istockphoto-1366022401-612x612-1.jpg\",\"articleSection\":[\"Quadradinho em Foco\"],\"inLanguage\":\"pt-BR\"},{\"@type\":\"WebPage\",\"@id\":\"https:\/\/www.notibras.com\/site\/benjamin-o-sedentario-e-eterno-dorminhoco\/\",\"url\":\"https:\/\/www.notibras.com\/site\/benjamin-o-sedentario-e-eterno-dorminhoco\/\",\"name\":\"Benjamin, o sedent\u00e1rio e eterno dorminhoco - Notibras\",\"isPartOf\":{\"@id\":\"https:\/\/www.notibras.com\/site\/#website\"},\"primaryImageOfPage\":{\"@id\":\"https:\/\/www.notibras.com\/site\/benjamin-o-sedentario-e-eterno-dorminhoco\/#primaryimage\"},\"image\":{\"@id\":\"https:\/\/www.notibras.com\/site\/benjamin-o-sedentario-e-eterno-dorminhoco\/#primaryimage\"},\"thumbnailUrl\":\"https:\/\/www.notibras.com\/site\/wp-content\/uploads\/2023\/08\/istockphoto-1366022401-612x612-1.jpg\",\"datePublished\":\"2023-08-11T07:52:41+00:00\",\"breadcrumb\":{\"@id\":\"https:\/\/www.notibras.com\/site\/benjamin-o-sedentario-e-eterno-dorminhoco\/#breadcrumb\"},\"inLanguage\":\"pt-BR\",\"potentialAction\":[{\"@type\":\"ReadAction\",\"target\":[\"https:\/\/www.notibras.com\/site\/benjamin-o-sedentario-e-eterno-dorminhoco\/\"]}]},{\"@type\":\"ImageObject\",\"inLanguage\":\"pt-BR\",\"@id\":\"https:\/\/www.notibras.com\/site\/benjamin-o-sedentario-e-eterno-dorminhoco\/#primaryimage\",\"url\":\"https:\/\/www.notibras.com\/site\/wp-content\/uploads\/2023\/08\/istockphoto-1366022401-612x612-1.jpg\",\"contentUrl\":\"https:\/\/www.notibras.com\/site\/wp-content\/uploads\/2023\/08\/istockphoto-1366022401-612x612-1.jpg\",\"width\":612,\"height\":408,\"caption\":\"Silhouette of woman lying on the bed and sleeping on pillow in bedroom opposite panoramic window with view on palm tree sea beach at sunset. Back view.\"},{\"@type\":\"BreadcrumbList\",\"@id\":\"https:\/\/www.notibras.com\/site\/benjamin-o-sedentario-e-eterno-dorminhoco\/#breadcrumb\",\"itemListElement\":[{\"@type\":\"ListItem\",\"position\":1,\"name\":\"In\u00edcio\",\"item\":\"https:\/\/www.notibras.com\/site\/\"},{\"@type\":\"ListItem\",\"position\":2,\"name\":\"Benjamin, o sedent\u00e1rio e eterno dorminhoco\"}]},{\"@type\":\"WebSite\",\"@id\":\"https:\/\/www.notibras.com\/site\/#website\",\"url\":\"https:\/\/www.notibras.com\/site\/\",\"name\":\"Notibras\",\"description\":\"Not\u00edcias de Bras\u00edlia, do Brasil e do Mundo\",\"publisher\":{\"@id\":\"https:\/\/www.notibras.com\/site\/#organization\"},\"potentialAction\":[{\"@type\":\"SearchAction\",\"target\":{\"@type\":\"EntryPoint\",\"urlTemplate\":\"https:\/\/www.notibras.com\/site\/?s={search_term_string}\"},\"query-input\":{\"@type\":\"PropertyValueSpecification\",\"valueRequired\":true,\"valueName\":\"search_term_string\"}}],\"inLanguage\":\"pt-BR\"},{\"@type\":\"Organization\",\"@id\":\"https:\/\/www.notibras.com\/site\/#organization\",\"name\":\"Grupo Notibras de Comunica\u00e7\u00e3o\",\"url\":\"https:\/\/www.notibras.com\/site\/\",\"logo\":{\"@type\":\"ImageObject\",\"inLanguage\":\"pt-BR\",\"@id\":\"https:\/\/www.notibras.com\/site\/#\/schema\/logo\/image\/\",\"url\":\"https:\/\/www.notibras.com\/site\/wp-content\/uploads\/2023\/01\/notibras23.png\",\"contentUrl\":\"https:\/\/www.notibras.com\/site\/wp-content\/uploads\/2023\/01\/notibras23.png\",\"width\":350,\"height\":87,\"caption\":\"Grupo Notibras de Comunica\u00e7\u00e3o\"},\"image\":{\"@id\":\"https:\/\/www.notibras.com\/site\/#\/schema\/logo\/image\/\"},\"sameAs\":[\"https:\/\/www.facebook.com\/notibras\/\",\"https:\/\/x.com\/Notibras\",\"https:\/\/www.instagram.com\/notibras\/\"]},{\"@type\":\"Person\",\"@id\":\"https:\/\/www.notibras.com\/site\/#\/schema\/person\/36ab0979449956132d3e5b517ea76ac8\",\"name\":\"Reda\u00e7\u00e3o\",\"image\":{\"@type\":\"ImageObject\",\"inLanguage\":\"pt-BR\",\"@id\":\"https:\/\/secure.gravatar.com\/avatar\/e0a867bdedb85fd243eadf09663511f96fc81e0720a4a42581f334ad4303aa6b?s=96&d=mm&r=g\",\"url\":\"https:\/\/secure.gravatar.com\/avatar\/e0a867bdedb85fd243eadf09663511f96fc81e0720a4a42581f334ad4303aa6b?s=96&d=mm&r=g\",\"contentUrl\":\"https:\/\/secure.gravatar.com\/avatar\/e0a867bdedb85fd243eadf09663511f96fc81e0720a4a42581f334ad4303aa6b?s=96&d=mm&r=g\",\"caption\":\"Reda\u00e7\u00e3o\"}}]}<\/script>\n<!-- \/ Yoast SEO plugin. -->","yoast_head_json":{"title":"Benjamin, o sedent\u00e1rio e eterno dorminhoco - Notibras","robots":{"index":"index","follow":"follow","max-snippet":"max-snippet:-1","max-image-preview":"max-image-preview:large","max-video-preview":"max-video-preview:-1"},"canonical":"https:\/\/www.notibras.com\/site\/benjamin-o-sedentario-e-eterno-dorminhoco\/","og_locale":"pt_BR","og_type":"article","og_title":"Benjamin, o sedent\u00e1rio e eterno dorminhoco - Notibras","og_description":"A gritaria tomava conta do parquinho, repleto de crian\u00e7as correndo de um lado para o outro. Todas animadas por mais uma manh\u00e3 ensolarada. Isto \u00e9, menos o pequeno Benjamin, que n\u00e3o descia do colo da m\u00e3e nem quando lhe ofereciam um algod\u00e3o doce. Preferia o aconchego, pois gostava mesmo era de dormir. E como dormia [&hellip;]","og_url":"https:\/\/www.notibras.com\/site\/benjamin-o-sedentario-e-eterno-dorminhoco\/","og_site_name":"Notibras","article_publisher":"https:\/\/www.facebook.com\/notibras\/","article_published_time":"2023-08-11T07:52:41+00:00","og_image":[{"width":612,"height":408,"url":"https:\/\/www.notibras.com\/site\/wp-content\/uploads\/2023\/08\/istockphoto-1366022401-612x612-1.jpg","type":"image\/jpeg"}],"author":"Reda\u00e7\u00e3o","twitter_card":"summary_large_image","twitter_creator":"@Notibras","twitter_site":"@Notibras","twitter_misc":{"Escrito por":"Reda\u00e7\u00e3o","Est. tempo de leitura":"4 minutos"},"schema":{"@context":"https:\/\/schema.org","@graph":[{"@type":"Article","@id":"https:\/\/www.notibras.com\/site\/benjamin-o-sedentario-e-eterno-dorminhoco\/#article","isPartOf":{"@id":"https:\/\/www.notibras.com\/site\/benjamin-o-sedentario-e-eterno-dorminhoco\/"},"author":{"name":"Reda\u00e7\u00e3o","@id":"https:\/\/www.notibras.com\/site\/#\/schema\/person\/36ab0979449956132d3e5b517ea76ac8"},"headline":"Benjamin, o sedent\u00e1rio e eterno dorminhoco","datePublished":"2023-08-11T07:52:41+00:00","mainEntityOfPage":{"@id":"https:\/\/www.notibras.com\/site\/benjamin-o-sedentario-e-eterno-dorminhoco\/"},"wordCount":661,"publisher":{"@id":"https:\/\/www.notibras.com\/site\/#organization"},"image":{"@id":"https:\/\/www.notibras.com\/site\/benjamin-o-sedentario-e-eterno-dorminhoco\/#primaryimage"},"thumbnailUrl":"https:\/\/www.notibras.com\/site\/wp-content\/uploads\/2023\/08\/istockphoto-1366022401-612x612-1.jpg","articleSection":["Quadradinho em Foco"],"inLanguage":"pt-BR"},{"@type":"WebPage","@id":"https:\/\/www.notibras.com\/site\/benjamin-o-sedentario-e-eterno-dorminhoco\/","url":"https:\/\/www.notibras.com\/site\/benjamin-o-sedentario-e-eterno-dorminhoco\/","name":"Benjamin, o sedent\u00e1rio e eterno dorminhoco - Notibras","isPartOf":{"@id":"https:\/\/www.notibras.com\/site\/#website"},"primaryImageOfPage":{"@id":"https:\/\/www.notibras.com\/site\/benjamin-o-sedentario-e-eterno-dorminhoco\/#primaryimage"},"image":{"@id":"https:\/\/www.notibras.com\/site\/benjamin-o-sedentario-e-eterno-dorminhoco\/#primaryimage"},"thumbnailUrl":"https:\/\/www.notibras.com\/site\/wp-content\/uploads\/2023\/08\/istockphoto-1366022401-612x612-1.jpg","datePublished":"2023-08-11T07:52:41+00:00","breadcrumb":{"@id":"https:\/\/www.notibras.com\/site\/benjamin-o-sedentario-e-eterno-dorminhoco\/#breadcrumb"},"inLanguage":"pt-BR","potentialAction":[{"@type":"ReadAction","target":["https:\/\/www.notibras.com\/site\/benjamin-o-sedentario-e-eterno-dorminhoco\/"]}]},{"@type":"ImageObject","inLanguage":"pt-BR","@id":"https:\/\/www.notibras.com\/site\/benjamin-o-sedentario-e-eterno-dorminhoco\/#primaryimage","url":"https:\/\/www.notibras.com\/site\/wp-content\/uploads\/2023\/08\/istockphoto-1366022401-612x612-1.jpg","contentUrl":"https:\/\/www.notibras.com\/site\/wp-content\/uploads\/2023\/08\/istockphoto-1366022401-612x612-1.jpg","width":612,"height":408,"caption":"Silhouette of woman lying on the bed and sleeping on pillow in bedroom opposite panoramic window with view on palm tree sea beach at sunset. Back view."},{"@type":"BreadcrumbList","@id":"https:\/\/www.notibras.com\/site\/benjamin-o-sedentario-e-eterno-dorminhoco\/#breadcrumb","itemListElement":[{"@type":"ListItem","position":1,"name":"In\u00edcio","item":"https:\/\/www.notibras.com\/site\/"},{"@type":"ListItem","position":2,"name":"Benjamin, o sedent\u00e1rio e eterno dorminhoco"}]},{"@type":"WebSite","@id":"https:\/\/www.notibras.com\/site\/#website","url":"https:\/\/www.notibras.com\/site\/","name":"Notibras","description":"Not\u00edcias de Bras\u00edlia, do Brasil e do Mundo","publisher":{"@id":"https:\/\/www.notibras.com\/site\/#organization"},"potentialAction":[{"@type":"SearchAction","target":{"@type":"EntryPoint","urlTemplate":"https:\/\/www.notibras.com\/site\/?s={search_term_string}"},"query-input":{"@type":"PropertyValueSpecification","valueRequired":true,"valueName":"search_term_string"}}],"inLanguage":"pt-BR"},{"@type":"Organization","@id":"https:\/\/www.notibras.com\/site\/#organization","name":"Grupo Notibras de Comunica\u00e7\u00e3o","url":"https:\/\/www.notibras.com\/site\/","logo":{"@type":"ImageObject","inLanguage":"pt-BR","@id":"https:\/\/www.notibras.com\/site\/#\/schema\/logo\/image\/","url":"https:\/\/www.notibras.com\/site\/wp-content\/uploads\/2023\/01\/notibras23.png","contentUrl":"https:\/\/www.notibras.com\/site\/wp-content\/uploads\/2023\/01\/notibras23.png","width":350,"height":87,"caption":"Grupo Notibras de Comunica\u00e7\u00e3o"},"image":{"@id":"https:\/\/www.notibras.com\/site\/#\/schema\/logo\/image\/"},"sameAs":["https:\/\/www.facebook.com\/notibras\/","https:\/\/x.com\/Notibras","https:\/\/www.instagram.com\/notibras\/"]},{"@type":"Person","@id":"https:\/\/www.notibras.com\/site\/#\/schema\/person\/36ab0979449956132d3e5b517ea76ac8","name":"Reda\u00e7\u00e3o","image":{"@type":"ImageObject","inLanguage":"pt-BR","@id":"https:\/\/secure.gravatar.com\/avatar\/e0a867bdedb85fd243eadf09663511f96fc81e0720a4a42581f334ad4303aa6b?s=96&d=mm&r=g","url":"https:\/\/secure.gravatar.com\/avatar\/e0a867bdedb85fd243eadf09663511f96fc81e0720a4a42581f334ad4303aa6b?s=96&d=mm&r=g","contentUrl":"https:\/\/secure.gravatar.com\/avatar\/e0a867bdedb85fd243eadf09663511f96fc81e0720a4a42581f334ad4303aa6b?s=96&d=mm&r=g","caption":"Reda\u00e7\u00e3o"}}]}},"amp_enabled":true,"_links":{"self":[{"href":"https:\/\/www.notibras.com\/site\/wp-json\/wp\/v2\/posts\/310746","targetHints":{"allow":["GET"]}}],"collection":[{"href":"https:\/\/www.notibras.com\/site\/wp-json\/wp\/v2\/posts"}],"about":[{"href":"https:\/\/www.notibras.com\/site\/wp-json\/wp\/v2\/types\/post"}],"author":[{"embeddable":true,"href":"https:\/\/www.notibras.com\/site\/wp-json\/wp\/v2\/users\/2"}],"replies":[{"embeddable":true,"href":"https:\/\/www.notibras.com\/site\/wp-json\/wp\/v2\/comments?post=310746"}],"version-history":[{"count":1,"href":"https:\/\/www.notibras.com\/site\/wp-json\/wp\/v2\/posts\/310746\/revisions"}],"predecessor-version":[{"id":310748,"href":"https:\/\/www.notibras.com\/site\/wp-json\/wp\/v2\/posts\/310746\/revisions\/310748"}],"wp:featuredmedia":[{"embeddable":true,"href":"https:\/\/www.notibras.com\/site\/wp-json\/wp\/v2\/media\/310747"}],"wp:attachment":[{"href":"https:\/\/www.notibras.com\/site\/wp-json\/wp\/v2\/media?parent=310746"}],"wp:term":[{"taxonomy":"category","embeddable":true,"href":"https:\/\/www.notibras.com\/site\/wp-json\/wp\/v2\/categories?post=310746"},{"taxonomy":"post_tag","embeddable":true,"href":"https:\/\/www.notibras.com\/site\/wp-json\/wp\/v2\/tags?post=310746"}],"curies":[{"name":"wp","href":"https:\/\/api.w.org\/{rel}","templated":true}]}}