{"id":310816,"date":"2023-08-12T00:01:36","date_gmt":"2023-08-12T03:01:36","guid":{"rendered":"https:\/\/www.notibras.com\/site\/?p=310816"},"modified":"2023-08-12T05:13:38","modified_gmt":"2023-08-12T08:13:38","slug":"salada-pronta-pode-ter-bacterias-causadoras-de-infeccoes","status":"publish","type":"post","link":"https:\/\/www.notibras.com\/site\/salada-pronta-pode-ter-bacterias-causadoras-de-infeccoes\/","title":{"rendered":"Salada pronta pode ter bact\u00e9rias causadoras de infec\u00e7\u00f5es"},"content":{"rendered":"<p>Os vegetais minimamente processados (VMPs), tamb\u00e9m conhecidos como vegetais frescos higienizados, podem conter bact\u00e9rias. \u00c9 o que mostra artigo publicado na revista Foods que investigou a presen\u00e7a de microrganismos indicadores de falta de higiene ou causadores de doen\u00e7as. Os estudos avaliaram a detec\u00e7\u00e3o das bact\u00e9rias Escherichia coli, principal indicador de contamina\u00e7\u00e3o fecal, Salmonella spp. e Listeria monocytogenes, com taxas de preval\u00eancia variando de 0,7% a 100%, 0,6% a 26,7% e 0,2% a 33,3%, respectivamente.<\/p>\n<p>Cortados, higienizados e vendidos em embalagens fechadas, os VMPs s\u00e3o comercializados prontos para consumo, possibilitando o preparo mais r\u00e1pido das refei\u00e7\u00f5es e a redu\u00e7\u00e3o de desperd\u00edcio. O processamento torna o produto mais caro: costuma custar pelo menos o dobro quando comparado ao produto in natura. Como geralmente s\u00e3o ingeridos crus, a forma de assegurar a elimina\u00e7\u00e3o de microrganismos causadores de doen\u00e7as inclui o uso de sanitizantes como o cloro na \u00e1gua de lavagem.<\/p>\n<p>\u201cAs ind\u00fastrias produtoras t\u00eam a responsabilidade de disponibilizar no mercado produtos com qualidade e seguran\u00e7a microbiol\u00f3gica, implementando medidas de controle ao longo do processamento. Embora lavar novamente o produto em casa possa ser considerado desnecess\u00e1rio, alguns consumidores podem optar por faz\u00ea-lo para refor\u00e7ar a seguran\u00e7a\u201d, observa Daniele Maffei, professora do Departamento de Agroind\u00fastria, Alimentos e Nutri\u00e7\u00e3o da Escola Superior de Agricultura Luiz de Queiroz da Universidade de S\u00e3o Paulo (Esalq-USP) e coautora do artigo Minimally Processed Vegetables in Brazil: An Overview of Marketing, Processing, and Microbiological Aspects.<\/p>\n<p>Os dados evidenciam a necessidade de medidas de controle para garantir produtos com qualidade e seguran\u00e7a aos consumidores, apontam os autores. \u201cAt\u00e9 o presente momento, n\u00e3o existe uma legisla\u00e7\u00e3o espec\u00edfica de abrang\u00eancia nacional direcionada ao setor em quest\u00e3o. Segundo meu conhecimento, apenas os estados de S\u00e3o Paulo e Rio Grande do Sul possuem disposi\u00e7\u00f5es documentadas referentes aos VMP\u201d, explica Daniele.<\/p>\n<p>\u00c9 importante ressaltar que todas as ind\u00fastrias produtoras devem adotar boas pr\u00e1ticas ao longo de seu processo de produ\u00e7\u00e3o, explica a pesquisadora. \u201cEssas pr\u00e1ticas devem estar embasadas nas legisla\u00e7\u00f5es gerais de boas pr\u00e1ticas para ind\u00fastrias aliment\u00edcias em \u00e2mbito nacional e tamb\u00e9m nas esferas estadual e municipal, quando aplic\u00e1veis, as quais englobam importantes orienta\u00e7\u00f5es relacionadas \u00e0 manuten\u00e7\u00e3o de padr\u00f5es de higiene ambiental e pessoal, bem como no tocante ao processamento de alimentos. Tais medidas desempenham um papel crucial na garantia da produ\u00e7\u00e3o de alimentos seguros\u201d.<\/p>\n<p><strong>Infec\u00e7\u00e3o<\/strong><br \/>\n\u201cOs VMPs passam pela etapa de desinfec\u00e7\u00e3o na ind\u00fastria, mas estudos demonstram a possibilidade de falhas que podem colocar em risco a sa\u00fade dos consumidores. \u00c9 preciso um controle rigoroso para evitar falhas no processo e a ocorr\u00eancia de contamina\u00e7\u00e3o cruzada\u201d, acrescenta Maffei, que integra a equipe do Centro de Pesquisa em Alimentos (FoRC), um Centro de Pesquisa, Inova\u00e7\u00e3o e Difus\u00e3o (CEPID) da FAPESP.<\/p>\n<p>Os VMPs podem ter uma vida \u00fatil que varia de alguns dias a duas semanas, dependendo de v\u00e1rios fatores, como tipo e qualidade dos vegetais frescos, m\u00e9todo de processamento, tipo de embalagem, condi\u00e7\u00f5es de armazenamento e presen\u00e7a de microrganismos deteriorantes.<\/p>\n<p>Quando realizado de acordo com as boas pr\u00e1ticas de fabrica\u00e7\u00e3o, o processamento m\u00ednimo retarda a perda de nutrientes e altera\u00e7\u00f5es indesej\u00e1veis na textura, cor, sabor e aroma dos vegetais, al\u00e9m da deteriora\u00e7\u00e3o microbiana. Uma grande variedade de vegetais pode ser processada, incluindo folhas verdes (por exemplo, r\u00facula, alface e espinafre), vegetais cruc\u00edferos (como br\u00f3colis e couve-flor), tub\u00e9rculos (cenoura, beterraba etc.) e pepinos.<\/p>\n<p><strong>Alternativas<\/strong><br \/>\nA pesquisadora completa que os consumidores t\u00eam a possibilidade de adquirir vegetais in natura, higieniz\u00e1-los e armazen\u00e1-los para consumir ao longo da semana. \u201cPara isso, \u00e9 importante a escolha de produtos de qualidade (sem inj\u00farias, como manchas e partes amolecidas). Em casa, estes devem ser lavados em \u00e1gua corrente e colocados de molho por 15 min em recipiente contendo solu\u00e7\u00e3o clorada. Depois, devem ser enxaguados novamente em \u00e1gua corrente, para remover os res\u00edduos do sanitizantes\u201d.<\/p>\n<p>Na sequ\u00eancia, \u00e9 importante retirar o excesso de \u00e1gua, o que ajuda a prolongar a vida \u00fatil do vegetal. \u201cIsso pode ser feito utilizando centr\u00edfugas\/seca salada (para as folhosas) ou papel toalha (para os legumes). E devem ser mantidos em recipientes limpos e fechados na geladeira\u201d, ensina.<\/p>\n<p>A solu\u00e7\u00e3o clorada pode ser preparada utilizando produtos \u00e0 base de cloro, dispon\u00edveis no mercado, geralmente expostos no setor de hortifruti. Nesses casos, \u00e9 s\u00f3 seguir a recomenda\u00e7\u00e3o do fabricante, que consta no r\u00f3tulo. Ou ent\u00e3o, pode-se preparar utilizando \u00e1gua sanit\u00e1ria (hipoclorito de s\u00f3dio). A receita \u00e9 1 colher de sopa (aproximadamente 8 ml) de \u00e1gua sanit\u00e1ria a 2,0, 2,5% para cada 1 litro de \u00e1gua. \u201cPor\u00e9m, \u00e9 importante verificar se no r\u00f3tulo da \u00e1gua sanit\u00e1ria consta a informa\u00e7\u00e3o de que essa pode ser utilizada para higieniza\u00e7\u00e3o de vegetais\u201d, finaliza a pesquisadora, formada em Nutri\u00e7\u00e3o e doutora em Ci\u00eancias dos Alimentos.<\/p>\n","protected":false},"excerpt":{"rendered":"<p>Os vegetais minimamente processados (VMPs), tamb\u00e9m conhecidos como vegetais frescos higienizados, podem conter bact\u00e9rias. \u00c9 o que mostra artigo publicado na revista Foods que investigou a presen\u00e7a de microrganismos indicadores de falta de higiene ou causadores de doen\u00e7as. Os estudos avaliaram a detec\u00e7\u00e3o das bact\u00e9rias Escherichia coli, principal indicador de contamina\u00e7\u00e3o fecal, Salmonella spp. e [&hellip;]<\/p>\n","protected":false},"author":2,"featured_media":310817,"comment_status":"closed","ping_status":"closed","sticky":false,"template":"","format":"standard","meta":{"_acf_changed":false,"footnotes":""},"categories":[161],"tags":[95],"class_list":["post-310816","post","type-post","status-publish","format-standard","has-post-thumbnail","hentry","category-quadradinho-em-foco","tag-capa"],"acf":[],"yoast_head":"<!-- This site is optimized with the Yoast SEO plugin v27.2 - https:\/\/yoast.com\/product\/yoast-seo-wordpress\/ -->\n<title>Salada pronta pode ter bact\u00e9rias causadoras de infec\u00e7\u00f5es - Notibras<\/title>\n<meta name=\"robots\" content=\"index, follow, max-snippet:-1, max-image-preview:large, max-video-preview:-1\" \/>\n<link rel=\"canonical\" href=\"https:\/\/www.notibras.com\/site\/salada-pronta-pode-ter-bacterias-causadoras-de-infeccoes\/\" \/>\n<meta property=\"og:locale\" content=\"pt_BR\" \/>\n<meta property=\"og:type\" content=\"article\" \/>\n<meta property=\"og:title\" content=\"Salada pronta pode ter bact\u00e9rias causadoras de infec\u00e7\u00f5es - Notibras\" \/>\n<meta property=\"og:description\" content=\"Os vegetais minimamente processados (VMPs), tamb\u00e9m conhecidos como vegetais frescos higienizados, podem conter bact\u00e9rias. \u00c9 o que mostra artigo publicado na revista Foods que investigou a presen\u00e7a de microrganismos indicadores de falta de higiene ou causadores de doen\u00e7as. Os estudos avaliaram a detec\u00e7\u00e3o das bact\u00e9rias Escherichia coli, principal indicador de contamina\u00e7\u00e3o fecal, Salmonella spp. e [&hellip;]\" \/>\n<meta property=\"og:url\" content=\"https:\/\/www.notibras.com\/site\/salada-pronta-pode-ter-bacterias-causadoras-de-infeccoes\/\" \/>\n<meta property=\"og:site_name\" content=\"Notibras\" \/>\n<meta property=\"article:publisher\" content=\"https:\/\/www.facebook.com\/notibras\/\" \/>\n<meta property=\"article:published_time\" content=\"2023-08-12T03:01:36+00:00\" \/>\n<meta property=\"article:modified_time\" content=\"2023-08-12T08:13:38+00:00\" \/>\n<meta property=\"og:image\" content=\"https:\/\/www.notibras.com\/site\/wp-content\/uploads\/2023\/08\/churrasco-10.jpg\" \/>\n\t<meta property=\"og:image:width\" content=\"1170\" \/>\n\t<meta property=\"og:image:height\" content=\"700\" \/>\n\t<meta property=\"og:image:type\" content=\"image\/jpeg\" \/>\n<meta name=\"author\" content=\"Reda\u00e7\u00e3o\" \/>\n<meta name=\"twitter:card\" content=\"summary_large_image\" \/>\n<meta name=\"twitter:creator\" content=\"@Notibras\" \/>\n<meta name=\"twitter:site\" content=\"@Notibras\" \/>\n<meta name=\"twitter:label1\" content=\"Escrito por\" \/>\n\t<meta name=\"twitter:data1\" content=\"Reda\u00e7\u00e3o\" \/>\n\t<meta name=\"twitter:label2\" content=\"Est. tempo de leitura\" \/>\n\t<meta name=\"twitter:data2\" content=\"5 minutos\" \/>\n<script type=\"application\/ld+json\" class=\"yoast-schema-graph\">{\"@context\":\"https:\/\/schema.org\",\"@graph\":[{\"@type\":\"Article\",\"@id\":\"https:\/\/www.notibras.com\/site\/salada-pronta-pode-ter-bacterias-causadoras-de-infeccoes\/#article\",\"isPartOf\":{\"@id\":\"https:\/\/www.notibras.com\/site\/salada-pronta-pode-ter-bacterias-causadoras-de-infeccoes\/\"},\"author\":{\"name\":\"Reda\u00e7\u00e3o\",\"@id\":\"https:\/\/www.notibras.com\/site\/#\/schema\/person\/36ab0979449956132d3e5b517ea76ac8\"},\"headline\":\"Salada pronta pode ter bact\u00e9rias causadoras de infec\u00e7\u00f5es\",\"datePublished\":\"2023-08-12T03:01:36+00:00\",\"dateModified\":\"2023-08-12T08:13:38+00:00\",\"mainEntityOfPage\":{\"@id\":\"https:\/\/www.notibras.com\/site\/salada-pronta-pode-ter-bacterias-causadoras-de-infeccoes\/\"},\"wordCount\":853,\"publisher\":{\"@id\":\"https:\/\/www.notibras.com\/site\/#organization\"},\"image\":{\"@id\":\"https:\/\/www.notibras.com\/site\/salada-pronta-pode-ter-bacterias-causadoras-de-infeccoes\/#primaryimage\"},\"thumbnailUrl\":\"https:\/\/www.notibras.com\/site\/wp-content\/uploads\/2023\/08\/churrasco-10.jpg\",\"keywords\":[\"capa\"],\"articleSection\":[\"Quadradinho em Foco\"],\"inLanguage\":\"pt-BR\"},{\"@type\":\"WebPage\",\"@id\":\"https:\/\/www.notibras.com\/site\/salada-pronta-pode-ter-bacterias-causadoras-de-infeccoes\/\",\"url\":\"https:\/\/www.notibras.com\/site\/salada-pronta-pode-ter-bacterias-causadoras-de-infeccoes\/\",\"name\":\"Salada pronta pode ter bact\u00e9rias causadoras de infec\u00e7\u00f5es - Notibras\",\"isPartOf\":{\"@id\":\"https:\/\/www.notibras.com\/site\/#website\"},\"primaryImageOfPage\":{\"@id\":\"https:\/\/www.notibras.com\/site\/salada-pronta-pode-ter-bacterias-causadoras-de-infeccoes\/#primaryimage\"},\"image\":{\"@id\":\"https:\/\/www.notibras.com\/site\/salada-pronta-pode-ter-bacterias-causadoras-de-infeccoes\/#primaryimage\"},\"thumbnailUrl\":\"https:\/\/www.notibras.com\/site\/wp-content\/uploads\/2023\/08\/churrasco-10.jpg\",\"datePublished\":\"2023-08-12T03:01:36+00:00\",\"dateModified\":\"2023-08-12T08:13:38+00:00\",\"breadcrumb\":{\"@id\":\"https:\/\/www.notibras.com\/site\/salada-pronta-pode-ter-bacterias-causadoras-de-infeccoes\/#breadcrumb\"},\"inLanguage\":\"pt-BR\",\"potentialAction\":[{\"@type\":\"ReadAction\",\"target\":[\"https:\/\/www.notibras.com\/site\/salada-pronta-pode-ter-bacterias-causadoras-de-infeccoes\/\"]}]},{\"@type\":\"ImageObject\",\"inLanguage\":\"pt-BR\",\"@id\":\"https:\/\/www.notibras.com\/site\/salada-pronta-pode-ter-bacterias-causadoras-de-infeccoes\/#primaryimage\",\"url\":\"https:\/\/www.notibras.com\/site\/wp-content\/uploads\/2023\/08\/churrasco-10.jpg\",\"contentUrl\":\"https:\/\/www.notibras.com\/site\/wp-content\/uploads\/2023\/08\/churrasco-10.jpg\",\"width\":1170,\"height\":700},{\"@type\":\"BreadcrumbList\",\"@id\":\"https:\/\/www.notibras.com\/site\/salada-pronta-pode-ter-bacterias-causadoras-de-infeccoes\/#breadcrumb\",\"itemListElement\":[{\"@type\":\"ListItem\",\"position\":1,\"name\":\"In\u00edcio\",\"item\":\"https:\/\/www.notibras.com\/site\/\"},{\"@type\":\"ListItem\",\"position\":2,\"name\":\"Salada pronta pode ter bact\u00e9rias causadoras de infec\u00e7\u00f5es\"}]},{\"@type\":\"WebSite\",\"@id\":\"https:\/\/www.notibras.com\/site\/#website\",\"url\":\"https:\/\/www.notibras.com\/site\/\",\"name\":\"Notibras\",\"description\":\"Not\u00edcias de Bras\u00edlia, do Brasil e do Mundo\",\"publisher\":{\"@id\":\"https:\/\/www.notibras.com\/site\/#organization\"},\"potentialAction\":[{\"@type\":\"SearchAction\",\"target\":{\"@type\":\"EntryPoint\",\"urlTemplate\":\"https:\/\/www.notibras.com\/site\/?s={search_term_string}\"},\"query-input\":{\"@type\":\"PropertyValueSpecification\",\"valueRequired\":true,\"valueName\":\"search_term_string\"}}],\"inLanguage\":\"pt-BR\"},{\"@type\":\"Organization\",\"@id\":\"https:\/\/www.notibras.com\/site\/#organization\",\"name\":\"Grupo Notibras de Comunica\u00e7\u00e3o\",\"url\":\"https:\/\/www.notibras.com\/site\/\",\"logo\":{\"@type\":\"ImageObject\",\"inLanguage\":\"pt-BR\",\"@id\":\"https:\/\/www.notibras.com\/site\/#\/schema\/logo\/image\/\",\"url\":\"https:\/\/www.notibras.com\/site\/wp-content\/uploads\/2023\/01\/notibras23.png\",\"contentUrl\":\"https:\/\/www.notibras.com\/site\/wp-content\/uploads\/2023\/01\/notibras23.png\",\"width\":350,\"height\":87,\"caption\":\"Grupo Notibras de Comunica\u00e7\u00e3o\"},\"image\":{\"@id\":\"https:\/\/www.notibras.com\/site\/#\/schema\/logo\/image\/\"},\"sameAs\":[\"https:\/\/www.facebook.com\/notibras\/\",\"https:\/\/x.com\/Notibras\",\"https:\/\/www.instagram.com\/notibras\/\"]},{\"@type\":\"Person\",\"@id\":\"https:\/\/www.notibras.com\/site\/#\/schema\/person\/36ab0979449956132d3e5b517ea76ac8\",\"name\":\"Reda\u00e7\u00e3o\",\"image\":{\"@type\":\"ImageObject\",\"inLanguage\":\"pt-BR\",\"@id\":\"https:\/\/secure.gravatar.com\/avatar\/e0a867bdedb85fd243eadf09663511f96fc81e0720a4a42581f334ad4303aa6b?s=96&d=mm&r=g\",\"url\":\"https:\/\/secure.gravatar.com\/avatar\/e0a867bdedb85fd243eadf09663511f96fc81e0720a4a42581f334ad4303aa6b?s=96&d=mm&r=g\",\"contentUrl\":\"https:\/\/secure.gravatar.com\/avatar\/e0a867bdedb85fd243eadf09663511f96fc81e0720a4a42581f334ad4303aa6b?s=96&d=mm&r=g\",\"caption\":\"Reda\u00e7\u00e3o\"}}]}<\/script>\n<!-- \/ Yoast SEO plugin. -->","yoast_head_json":{"title":"Salada pronta pode ter bact\u00e9rias causadoras de infec\u00e7\u00f5es - Notibras","robots":{"index":"index","follow":"follow","max-snippet":"max-snippet:-1","max-image-preview":"max-image-preview:large","max-video-preview":"max-video-preview:-1"},"canonical":"https:\/\/www.notibras.com\/site\/salada-pronta-pode-ter-bacterias-causadoras-de-infeccoes\/","og_locale":"pt_BR","og_type":"article","og_title":"Salada pronta pode ter bact\u00e9rias causadoras de infec\u00e7\u00f5es - Notibras","og_description":"Os vegetais minimamente processados (VMPs), tamb\u00e9m conhecidos como vegetais frescos higienizados, podem conter bact\u00e9rias. \u00c9 o que mostra artigo publicado na revista Foods que investigou a presen\u00e7a de microrganismos indicadores de falta de higiene ou causadores de doen\u00e7as. Os estudos avaliaram a detec\u00e7\u00e3o das bact\u00e9rias Escherichia coli, principal indicador de contamina\u00e7\u00e3o fecal, Salmonella spp. e [&hellip;]","og_url":"https:\/\/www.notibras.com\/site\/salada-pronta-pode-ter-bacterias-causadoras-de-infeccoes\/","og_site_name":"Notibras","article_publisher":"https:\/\/www.facebook.com\/notibras\/","article_published_time":"2023-08-12T03:01:36+00:00","article_modified_time":"2023-08-12T08:13:38+00:00","og_image":[{"width":1170,"height":700,"url":"https:\/\/www.notibras.com\/site\/wp-content\/uploads\/2023\/08\/churrasco-10.jpg","type":"image\/jpeg"}],"author":"Reda\u00e7\u00e3o","twitter_card":"summary_large_image","twitter_creator":"@Notibras","twitter_site":"@Notibras","twitter_misc":{"Escrito por":"Reda\u00e7\u00e3o","Est. tempo de leitura":"5 minutos"},"schema":{"@context":"https:\/\/schema.org","@graph":[{"@type":"Article","@id":"https:\/\/www.notibras.com\/site\/salada-pronta-pode-ter-bacterias-causadoras-de-infeccoes\/#article","isPartOf":{"@id":"https:\/\/www.notibras.com\/site\/salada-pronta-pode-ter-bacterias-causadoras-de-infeccoes\/"},"author":{"name":"Reda\u00e7\u00e3o","@id":"https:\/\/www.notibras.com\/site\/#\/schema\/person\/36ab0979449956132d3e5b517ea76ac8"},"headline":"Salada pronta pode ter bact\u00e9rias causadoras de infec\u00e7\u00f5es","datePublished":"2023-08-12T03:01:36+00:00","dateModified":"2023-08-12T08:13:38+00:00","mainEntityOfPage":{"@id":"https:\/\/www.notibras.com\/site\/salada-pronta-pode-ter-bacterias-causadoras-de-infeccoes\/"},"wordCount":853,"publisher":{"@id":"https:\/\/www.notibras.com\/site\/#organization"},"image":{"@id":"https:\/\/www.notibras.com\/site\/salada-pronta-pode-ter-bacterias-causadoras-de-infeccoes\/#primaryimage"},"thumbnailUrl":"https:\/\/www.notibras.com\/site\/wp-content\/uploads\/2023\/08\/churrasco-10.jpg","keywords":["capa"],"articleSection":["Quadradinho em Foco"],"inLanguage":"pt-BR"},{"@type":"WebPage","@id":"https:\/\/www.notibras.com\/site\/salada-pronta-pode-ter-bacterias-causadoras-de-infeccoes\/","url":"https:\/\/www.notibras.com\/site\/salada-pronta-pode-ter-bacterias-causadoras-de-infeccoes\/","name":"Salada pronta pode ter bact\u00e9rias causadoras de infec\u00e7\u00f5es - Notibras","isPartOf":{"@id":"https:\/\/www.notibras.com\/site\/#website"},"primaryImageOfPage":{"@id":"https:\/\/www.notibras.com\/site\/salada-pronta-pode-ter-bacterias-causadoras-de-infeccoes\/#primaryimage"},"image":{"@id":"https:\/\/www.notibras.com\/site\/salada-pronta-pode-ter-bacterias-causadoras-de-infeccoes\/#primaryimage"},"thumbnailUrl":"https:\/\/www.notibras.com\/site\/wp-content\/uploads\/2023\/08\/churrasco-10.jpg","datePublished":"2023-08-12T03:01:36+00:00","dateModified":"2023-08-12T08:13:38+00:00","breadcrumb":{"@id":"https:\/\/www.notibras.com\/site\/salada-pronta-pode-ter-bacterias-causadoras-de-infeccoes\/#breadcrumb"},"inLanguage":"pt-BR","potentialAction":[{"@type":"ReadAction","target":["https:\/\/www.notibras.com\/site\/salada-pronta-pode-ter-bacterias-causadoras-de-infeccoes\/"]}]},{"@type":"ImageObject","inLanguage":"pt-BR","@id":"https:\/\/www.notibras.com\/site\/salada-pronta-pode-ter-bacterias-causadoras-de-infeccoes\/#primaryimage","url":"https:\/\/www.notibras.com\/site\/wp-content\/uploads\/2023\/08\/churrasco-10.jpg","contentUrl":"https:\/\/www.notibras.com\/site\/wp-content\/uploads\/2023\/08\/churrasco-10.jpg","width":1170,"height":700},{"@type":"BreadcrumbList","@id":"https:\/\/www.notibras.com\/site\/salada-pronta-pode-ter-bacterias-causadoras-de-infeccoes\/#breadcrumb","itemListElement":[{"@type":"ListItem","position":1,"name":"In\u00edcio","item":"https:\/\/www.notibras.com\/site\/"},{"@type":"ListItem","position":2,"name":"Salada pronta pode ter bact\u00e9rias causadoras de infec\u00e7\u00f5es"}]},{"@type":"WebSite","@id":"https:\/\/www.notibras.com\/site\/#website","url":"https:\/\/www.notibras.com\/site\/","name":"Notibras","description":"Not\u00edcias de Bras\u00edlia, do Brasil e do Mundo","publisher":{"@id":"https:\/\/www.notibras.com\/site\/#organization"},"potentialAction":[{"@type":"SearchAction","target":{"@type":"EntryPoint","urlTemplate":"https:\/\/www.notibras.com\/site\/?s={search_term_string}"},"query-input":{"@type":"PropertyValueSpecification","valueRequired":true,"valueName":"search_term_string"}}],"inLanguage":"pt-BR"},{"@type":"Organization","@id":"https:\/\/www.notibras.com\/site\/#organization","name":"Grupo Notibras de Comunica\u00e7\u00e3o","url":"https:\/\/www.notibras.com\/site\/","logo":{"@type":"ImageObject","inLanguage":"pt-BR","@id":"https:\/\/www.notibras.com\/site\/#\/schema\/logo\/image\/","url":"https:\/\/www.notibras.com\/site\/wp-content\/uploads\/2023\/01\/notibras23.png","contentUrl":"https:\/\/www.notibras.com\/site\/wp-content\/uploads\/2023\/01\/notibras23.png","width":350,"height":87,"caption":"Grupo Notibras de Comunica\u00e7\u00e3o"},"image":{"@id":"https:\/\/www.notibras.com\/site\/#\/schema\/logo\/image\/"},"sameAs":["https:\/\/www.facebook.com\/notibras\/","https:\/\/x.com\/Notibras","https:\/\/www.instagram.com\/notibras\/"]},{"@type":"Person","@id":"https:\/\/www.notibras.com\/site\/#\/schema\/person\/36ab0979449956132d3e5b517ea76ac8","name":"Reda\u00e7\u00e3o","image":{"@type":"ImageObject","inLanguage":"pt-BR","@id":"https:\/\/secure.gravatar.com\/avatar\/e0a867bdedb85fd243eadf09663511f96fc81e0720a4a42581f334ad4303aa6b?s=96&d=mm&r=g","url":"https:\/\/secure.gravatar.com\/avatar\/e0a867bdedb85fd243eadf09663511f96fc81e0720a4a42581f334ad4303aa6b?s=96&d=mm&r=g","contentUrl":"https:\/\/secure.gravatar.com\/avatar\/e0a867bdedb85fd243eadf09663511f96fc81e0720a4a42581f334ad4303aa6b?s=96&d=mm&r=g","caption":"Reda\u00e7\u00e3o"}}]}},"amp_enabled":true,"_links":{"self":[{"href":"https:\/\/www.notibras.com\/site\/wp-json\/wp\/v2\/posts\/310816","targetHints":{"allow":["GET"]}}],"collection":[{"href":"https:\/\/www.notibras.com\/site\/wp-json\/wp\/v2\/posts"}],"about":[{"href":"https:\/\/www.notibras.com\/site\/wp-json\/wp\/v2\/types\/post"}],"author":[{"embeddable":true,"href":"https:\/\/www.notibras.com\/site\/wp-json\/wp\/v2\/users\/2"}],"replies":[{"embeddable":true,"href":"https:\/\/www.notibras.com\/site\/wp-json\/wp\/v2\/comments?post=310816"}],"version-history":[{"count":1,"href":"https:\/\/www.notibras.com\/site\/wp-json\/wp\/v2\/posts\/310816\/revisions"}],"predecessor-version":[{"id":310818,"href":"https:\/\/www.notibras.com\/site\/wp-json\/wp\/v2\/posts\/310816\/revisions\/310818"}],"wp:featuredmedia":[{"embeddable":true,"href":"https:\/\/www.notibras.com\/site\/wp-json\/wp\/v2\/media\/310817"}],"wp:attachment":[{"href":"https:\/\/www.notibras.com\/site\/wp-json\/wp\/v2\/media?parent=310816"}],"wp:term":[{"taxonomy":"category","embeddable":true,"href":"https:\/\/www.notibras.com\/site\/wp-json\/wp\/v2\/categories?post=310816"},{"taxonomy":"post_tag","embeddable":true,"href":"https:\/\/www.notibras.com\/site\/wp-json\/wp\/v2\/tags?post=310816"}],"curies":[{"name":"wp","href":"https:\/\/api.w.org\/{rel}","templated":true}]}}