{"id":310819,"date":"2023-08-12T00:18:10","date_gmt":"2023-08-12T03:18:10","guid":{"rendered":"https:\/\/www.notibras.com\/site\/?p=310819"},"modified":"2023-08-12T05:21:10","modified_gmt":"2023-08-12T08:21:10","slug":"so-11-das-criancas-ate-5-anos-tomaram-duas-doses","status":"publish","type":"post","link":"https:\/\/www.notibras.com\/site\/so-11-das-criancas-ate-5-anos-tomaram-duas-doses\/","title":{"rendered":"S\u00f3 11% das crian\u00e7as at\u00e9 5 anos tomaram duas doses"},"content":{"rendered":"<p>O boletim Observa Inf\u00e2ncia da Funda\u00e7\u00e3o Oswaldo Cruz (Fiocruz) e do Centro Universit\u00e1rio Arthur de S\u00e1 Earp Neto (Unifase), da Faculdade de Medicina de Petr\u00f3polis, mostra que foi reduzido o n\u00famero de crian\u00e7as com at\u00e9 5 anos tomaram pelo menos duas doses da vacina contra a covid-19. Dados do Minist\u00e9rio da Sa\u00fade, usados para an\u00e1lise da pesquisa, indicam que apenas 11,4% das crian\u00e7as com idade entre 6 meses e 5 anos, foram imunizadas com duas doses da vacina.<\/p>\n<p>Segundo o coordenador do Observat\u00f3rio, Cristiano Boccolini, os n\u00fameros s\u00e3o preocupantes e revelam cobertura vacinal de apenas 2,9% entre beb\u00eas de 6 meses a 2 anos. Boccolini disse que v\u00e1rios fatores contribu\u00edram para os baixos \u00edndices de vacina\u00e7\u00e3o: a demora para a compra de vacinas, informa\u00e7\u00f5es falsas de que as crian\u00e7as n\u00e3o sofrem com a forma grave de covid-19, ou que h\u00e1 falta de seguran\u00e7a e efic\u00e1cia da vacina, s\u00e3o alguns desses fatores.<\/p>\n<p>Conforme dados epidemiol\u00f3gicos recentes sobre a covid-19, o Brasil registrou, entre 1\u00ba de janeiro e 11 de julho de 2023, 80 mortes de crian\u00e7as de at\u00e9 4 anos. Desse total, 23 foram de crian\u00e7as entre 1 e 4 anos, o que representa m\u00e9dia de aproximadamente 1 \u00f3bito semanal nesse grupo et\u00e1rio. No mesmo intervalo, houve 2.764 hospitaliza\u00e7\u00f5es em raz\u00e3o da doen\u00e7a, das quais 994 envolveram crian\u00e7as de 1 a 4 anos. &#8220;Isso significa m\u00e9dia semanal de 38 hospitaliza\u00e7\u00f5es para essa faixa et\u00e1ria\u201d, informaram os pesquisadores.<\/p>\n<p>A pesquisadora do Unifase Patr\u00edcia Boccolini lembra que as vacinas est\u00e3o dispon\u00edveis no Sistema \u00danico de Sa\u00fade (SUS), em todo o territ\u00f3rio nacional para toda a popula\u00e7\u00e3o. Ela sugere que, gerencialmente, as unidades de sa\u00fade aproveitem quando as crian\u00e7as aparecem para o esquema vacinal regular e apliquem tamb\u00e9m o imunizante contra a covid-19. Patr\u00edcia prop\u00f5e tamb\u00e9m a amplia\u00e7\u00e3o dos hor\u00e1rios dos postos de sa\u00fade e a instala\u00e7\u00e3o de pontos de vacina\u00e7\u00e3o m\u00f3veis, como em metr\u00f4s e shopping centers, por exemplo.<\/p>\n<p>Como forma de ampliar a vacina\u00e7\u00e3o nessa faixa et\u00e1ria, os coordenadores do Observa Inf\u00e2ncia defendem a realiza\u00e7\u00e3o de campanhas direcionadas para a faixa et\u00e1ria de at\u00e9 5 anos. A finalidade \u00e9 ampliar o acesso \u00e0 informa\u00e7\u00e3o qualificada e facilitar a compreens\u00e3o sobre dados obtidos junto a sistemas de informa\u00e7\u00e3o nacionais.<\/p>\n","protected":false},"excerpt":{"rendered":"<p>O boletim Observa Inf\u00e2ncia da Funda\u00e7\u00e3o Oswaldo Cruz (Fiocruz) e do Centro Universit\u00e1rio Arthur de S\u00e1 Earp Neto (Unifase), da Faculdade de Medicina de Petr\u00f3polis, mostra que foi reduzido o n\u00famero de crian\u00e7as com at\u00e9 5 anos tomaram pelo menos duas doses da vacina contra a covid-19. Dados do Minist\u00e9rio da Sa\u00fade, usados para an\u00e1lise [&hellip;]<\/p>\n","protected":false},"author":2,"featured_media":310820,"comment_status":"closed","ping_status":"closed","sticky":false,"template":"","format":"standard","meta":{"_acf_changed":false,"footnotes":""},"categories":[161],"tags":[],"class_list":["post-310819","post","type-post","status-publish","format-standard","has-post-thumbnail","hentry","category-quadradinho-em-foco"],"acf":[],"yoast_head":"<!-- This site is optimized with the Yoast SEO plugin v27.2 - https:\/\/yoast.com\/product\/yoast-seo-wordpress\/ -->\n<title>S\u00f3 11% das crian\u00e7as at\u00e9 5 anos tomaram duas doses - Notibras<\/title>\n<meta name=\"robots\" content=\"index, follow, max-snippet:-1, max-image-preview:large, max-video-preview:-1\" \/>\n<link rel=\"canonical\" href=\"https:\/\/www.notibras.com\/site\/so-11-das-criancas-ate-5-anos-tomaram-duas-doses\/\" \/>\n<meta property=\"og:locale\" content=\"pt_BR\" \/>\n<meta property=\"og:type\" content=\"article\" \/>\n<meta property=\"og:title\" content=\"S\u00f3 11% das crian\u00e7as at\u00e9 5 anos tomaram duas doses - Notibras\" \/>\n<meta property=\"og:description\" content=\"O boletim Observa Inf\u00e2ncia da Funda\u00e7\u00e3o Oswaldo Cruz (Fiocruz) e do Centro Universit\u00e1rio Arthur de S\u00e1 Earp Neto (Unifase), da Faculdade de Medicina de Petr\u00f3polis, mostra que foi reduzido o n\u00famero de crian\u00e7as com at\u00e9 5 anos tomaram pelo menos duas doses da vacina contra a covid-19. Dados do Minist\u00e9rio da Sa\u00fade, usados para an\u00e1lise [&hellip;]\" \/>\n<meta property=\"og:url\" content=\"https:\/\/www.notibras.com\/site\/so-11-das-criancas-ate-5-anos-tomaram-duas-doses\/\" \/>\n<meta property=\"og:site_name\" content=\"Notibras\" \/>\n<meta property=\"article:publisher\" content=\"https:\/\/www.facebook.com\/notibras\/\" \/>\n<meta property=\"article:published_time\" content=\"2023-08-12T03:18:10+00:00\" \/>\n<meta property=\"article:modified_time\" content=\"2023-08-12T08:21:10+00:00\" \/>\n<meta property=\"og:image\" content=\"https:\/\/www.notibras.com\/site\/wp-content\/uploads\/2023\/08\/vacinacao_de_criancas_covid-19_ubs_5_de_taguatinga_sul_jfcrz_abr_1601220026.jpg\" \/>\n\t<meta property=\"og:image:width\" content=\"1170\" \/>\n\t<meta property=\"og:image:height\" content=\"700\" \/>\n\t<meta property=\"og:image:type\" content=\"image\/jpeg\" \/>\n<meta name=\"author\" content=\"Reda\u00e7\u00e3o\" \/>\n<meta name=\"twitter:card\" content=\"summary_large_image\" \/>\n<meta name=\"twitter:creator\" content=\"@Notibras\" \/>\n<meta name=\"twitter:site\" content=\"@Notibras\" \/>\n<meta name=\"twitter:label1\" content=\"Escrito por\" \/>\n\t<meta name=\"twitter:data1\" content=\"Reda\u00e7\u00e3o\" \/>\n\t<meta name=\"twitter:label2\" content=\"Est. tempo de leitura\" \/>\n\t<meta name=\"twitter:data2\" content=\"3 minutos\" \/>\n<script type=\"application\/ld+json\" class=\"yoast-schema-graph\">{\"@context\":\"https:\/\/schema.org\",\"@graph\":[{\"@type\":\"Article\",\"@id\":\"https:\/\/www.notibras.com\/site\/so-11-das-criancas-ate-5-anos-tomaram-duas-doses\/#article\",\"isPartOf\":{\"@id\":\"https:\/\/www.notibras.com\/site\/so-11-das-criancas-ate-5-anos-tomaram-duas-doses\/\"},\"author\":{\"name\":\"Reda\u00e7\u00e3o\",\"@id\":\"https:\/\/www.notibras.com\/site\/#\/schema\/person\/36ab0979449956132d3e5b517ea76ac8\"},\"headline\":\"S\u00f3 11% das crian\u00e7as at\u00e9 5 anos tomaram duas doses\",\"datePublished\":\"2023-08-12T03:18:10+00:00\",\"dateModified\":\"2023-08-12T08:21:10+00:00\",\"mainEntityOfPage\":{\"@id\":\"https:\/\/www.notibras.com\/site\/so-11-das-criancas-ate-5-anos-tomaram-duas-doses\/\"},\"wordCount\":413,\"publisher\":{\"@id\":\"https:\/\/www.notibras.com\/site\/#organization\"},\"image\":{\"@id\":\"https:\/\/www.notibras.com\/site\/so-11-das-criancas-ate-5-anos-tomaram-duas-doses\/#primaryimage\"},\"thumbnailUrl\":\"https:\/\/www.notibras.com\/site\/wp-content\/uploads\/2023\/08\/vacinacao_de_criancas_covid-19_ubs_5_de_taguatinga_sul_jfcrz_abr_1601220026.jpg\",\"articleSection\":[\"Quadradinho em Foco\"],\"inLanguage\":\"pt-BR\"},{\"@type\":\"WebPage\",\"@id\":\"https:\/\/www.notibras.com\/site\/so-11-das-criancas-ate-5-anos-tomaram-duas-doses\/\",\"url\":\"https:\/\/www.notibras.com\/site\/so-11-das-criancas-ate-5-anos-tomaram-duas-doses\/\",\"name\":\"S\u00f3 11% das crian\u00e7as at\u00e9 5 anos tomaram duas doses - Notibras\",\"isPartOf\":{\"@id\":\"https:\/\/www.notibras.com\/site\/#website\"},\"primaryImageOfPage\":{\"@id\":\"https:\/\/www.notibras.com\/site\/so-11-das-criancas-ate-5-anos-tomaram-duas-doses\/#primaryimage\"},\"image\":{\"@id\":\"https:\/\/www.notibras.com\/site\/so-11-das-criancas-ate-5-anos-tomaram-duas-doses\/#primaryimage\"},\"thumbnailUrl\":\"https:\/\/www.notibras.com\/site\/wp-content\/uploads\/2023\/08\/vacinacao_de_criancas_covid-19_ubs_5_de_taguatinga_sul_jfcrz_abr_1601220026.jpg\",\"datePublished\":\"2023-08-12T03:18:10+00:00\",\"dateModified\":\"2023-08-12T08:21:10+00:00\",\"breadcrumb\":{\"@id\":\"https:\/\/www.notibras.com\/site\/so-11-das-criancas-ate-5-anos-tomaram-duas-doses\/#breadcrumb\"},\"inLanguage\":\"pt-BR\",\"potentialAction\":[{\"@type\":\"ReadAction\",\"target\":[\"https:\/\/www.notibras.com\/site\/so-11-das-criancas-ate-5-anos-tomaram-duas-doses\/\"]}]},{\"@type\":\"ImageObject\",\"inLanguage\":\"pt-BR\",\"@id\":\"https:\/\/www.notibras.com\/site\/so-11-das-criancas-ate-5-anos-tomaram-duas-doses\/#primaryimage\",\"url\":\"https:\/\/www.notibras.com\/site\/wp-content\/uploads\/2023\/08\/vacinacao_de_criancas_covid-19_ubs_5_de_taguatinga_sul_jfcrz_abr_1601220026.jpg\",\"contentUrl\":\"https:\/\/www.notibras.com\/site\/wp-content\/uploads\/2023\/08\/vacinacao_de_criancas_covid-19_ubs_5_de_taguatinga_sul_jfcrz_abr_1601220026.jpg\",\"width\":1170,\"height\":700,\"caption\":\"Vacina\u00e7\u00e3o de crian\u00e7as contra a covid-19 na UBS 5 de Taguatinga Sul\"},{\"@type\":\"BreadcrumbList\",\"@id\":\"https:\/\/www.notibras.com\/site\/so-11-das-criancas-ate-5-anos-tomaram-duas-doses\/#breadcrumb\",\"itemListElement\":[{\"@type\":\"ListItem\",\"position\":1,\"name\":\"In\u00edcio\",\"item\":\"https:\/\/www.notibras.com\/site\/\"},{\"@type\":\"ListItem\",\"position\":2,\"name\":\"S\u00f3 11% das crian\u00e7as at\u00e9 5 anos tomaram duas doses\"}]},{\"@type\":\"WebSite\",\"@id\":\"https:\/\/www.notibras.com\/site\/#website\",\"url\":\"https:\/\/www.notibras.com\/site\/\",\"name\":\"Notibras\",\"description\":\"Not\u00edcias de Bras\u00edlia, do Brasil e do Mundo\",\"publisher\":{\"@id\":\"https:\/\/www.notibras.com\/site\/#organization\"},\"potentialAction\":[{\"@type\":\"SearchAction\",\"target\":{\"@type\":\"EntryPoint\",\"urlTemplate\":\"https:\/\/www.notibras.com\/site\/?s={search_term_string}\"},\"query-input\":{\"@type\":\"PropertyValueSpecification\",\"valueRequired\":true,\"valueName\":\"search_term_string\"}}],\"inLanguage\":\"pt-BR\"},{\"@type\":\"Organization\",\"@id\":\"https:\/\/www.notibras.com\/site\/#organization\",\"name\":\"Grupo Notibras de Comunica\u00e7\u00e3o\",\"url\":\"https:\/\/www.notibras.com\/site\/\",\"logo\":{\"@type\":\"ImageObject\",\"inLanguage\":\"pt-BR\",\"@id\":\"https:\/\/www.notibras.com\/site\/#\/schema\/logo\/image\/\",\"url\":\"https:\/\/www.notibras.com\/site\/wp-content\/uploads\/2023\/01\/notibras23.png\",\"contentUrl\":\"https:\/\/www.notibras.com\/site\/wp-content\/uploads\/2023\/01\/notibras23.png\",\"width\":350,\"height\":87,\"caption\":\"Grupo Notibras de Comunica\u00e7\u00e3o\"},\"image\":{\"@id\":\"https:\/\/www.notibras.com\/site\/#\/schema\/logo\/image\/\"},\"sameAs\":[\"https:\/\/www.facebook.com\/notibras\/\",\"https:\/\/x.com\/Notibras\",\"https:\/\/www.instagram.com\/notibras\/\"]},{\"@type\":\"Person\",\"@id\":\"https:\/\/www.notibras.com\/site\/#\/schema\/person\/36ab0979449956132d3e5b517ea76ac8\",\"name\":\"Reda\u00e7\u00e3o\",\"image\":{\"@type\":\"ImageObject\",\"inLanguage\":\"pt-BR\",\"@id\":\"https:\/\/secure.gravatar.com\/avatar\/e0a867bdedb85fd243eadf09663511f96fc81e0720a4a42581f334ad4303aa6b?s=96&d=mm&r=g\",\"url\":\"https:\/\/secure.gravatar.com\/avatar\/e0a867bdedb85fd243eadf09663511f96fc81e0720a4a42581f334ad4303aa6b?s=96&d=mm&r=g\",\"contentUrl\":\"https:\/\/secure.gravatar.com\/avatar\/e0a867bdedb85fd243eadf09663511f96fc81e0720a4a42581f334ad4303aa6b?s=96&d=mm&r=g\",\"caption\":\"Reda\u00e7\u00e3o\"}}]}<\/script>\n<!-- \/ Yoast SEO plugin. -->","yoast_head_json":{"title":"S\u00f3 11% das crian\u00e7as at\u00e9 5 anos tomaram duas doses - Notibras","robots":{"index":"index","follow":"follow","max-snippet":"max-snippet:-1","max-image-preview":"max-image-preview:large","max-video-preview":"max-video-preview:-1"},"canonical":"https:\/\/www.notibras.com\/site\/so-11-das-criancas-ate-5-anos-tomaram-duas-doses\/","og_locale":"pt_BR","og_type":"article","og_title":"S\u00f3 11% das crian\u00e7as at\u00e9 5 anos tomaram duas doses - Notibras","og_description":"O boletim Observa Inf\u00e2ncia da Funda\u00e7\u00e3o Oswaldo Cruz (Fiocruz) e do Centro Universit\u00e1rio Arthur de S\u00e1 Earp Neto (Unifase), da Faculdade de Medicina de Petr\u00f3polis, mostra que foi reduzido o n\u00famero de crian\u00e7as com at\u00e9 5 anos tomaram pelo menos duas doses da vacina contra a covid-19. Dados do Minist\u00e9rio da Sa\u00fade, usados para an\u00e1lise [&hellip;]","og_url":"https:\/\/www.notibras.com\/site\/so-11-das-criancas-ate-5-anos-tomaram-duas-doses\/","og_site_name":"Notibras","article_publisher":"https:\/\/www.facebook.com\/notibras\/","article_published_time":"2023-08-12T03:18:10+00:00","article_modified_time":"2023-08-12T08:21:10+00:00","og_image":[{"width":1170,"height":700,"url":"https:\/\/www.notibras.com\/site\/wp-content\/uploads\/2023\/08\/vacinacao_de_criancas_covid-19_ubs_5_de_taguatinga_sul_jfcrz_abr_1601220026.jpg","type":"image\/jpeg"}],"author":"Reda\u00e7\u00e3o","twitter_card":"summary_large_image","twitter_creator":"@Notibras","twitter_site":"@Notibras","twitter_misc":{"Escrito por":"Reda\u00e7\u00e3o","Est. tempo de leitura":"3 minutos"},"schema":{"@context":"https:\/\/schema.org","@graph":[{"@type":"Article","@id":"https:\/\/www.notibras.com\/site\/so-11-das-criancas-ate-5-anos-tomaram-duas-doses\/#article","isPartOf":{"@id":"https:\/\/www.notibras.com\/site\/so-11-das-criancas-ate-5-anos-tomaram-duas-doses\/"},"author":{"name":"Reda\u00e7\u00e3o","@id":"https:\/\/www.notibras.com\/site\/#\/schema\/person\/36ab0979449956132d3e5b517ea76ac8"},"headline":"S\u00f3 11% das crian\u00e7as at\u00e9 5 anos tomaram duas doses","datePublished":"2023-08-12T03:18:10+00:00","dateModified":"2023-08-12T08:21:10+00:00","mainEntityOfPage":{"@id":"https:\/\/www.notibras.com\/site\/so-11-das-criancas-ate-5-anos-tomaram-duas-doses\/"},"wordCount":413,"publisher":{"@id":"https:\/\/www.notibras.com\/site\/#organization"},"image":{"@id":"https:\/\/www.notibras.com\/site\/so-11-das-criancas-ate-5-anos-tomaram-duas-doses\/#primaryimage"},"thumbnailUrl":"https:\/\/www.notibras.com\/site\/wp-content\/uploads\/2023\/08\/vacinacao_de_criancas_covid-19_ubs_5_de_taguatinga_sul_jfcrz_abr_1601220026.jpg","articleSection":["Quadradinho em Foco"],"inLanguage":"pt-BR"},{"@type":"WebPage","@id":"https:\/\/www.notibras.com\/site\/so-11-das-criancas-ate-5-anos-tomaram-duas-doses\/","url":"https:\/\/www.notibras.com\/site\/so-11-das-criancas-ate-5-anos-tomaram-duas-doses\/","name":"S\u00f3 11% das crian\u00e7as at\u00e9 5 anos tomaram duas doses - Notibras","isPartOf":{"@id":"https:\/\/www.notibras.com\/site\/#website"},"primaryImageOfPage":{"@id":"https:\/\/www.notibras.com\/site\/so-11-das-criancas-ate-5-anos-tomaram-duas-doses\/#primaryimage"},"image":{"@id":"https:\/\/www.notibras.com\/site\/so-11-das-criancas-ate-5-anos-tomaram-duas-doses\/#primaryimage"},"thumbnailUrl":"https:\/\/www.notibras.com\/site\/wp-content\/uploads\/2023\/08\/vacinacao_de_criancas_covid-19_ubs_5_de_taguatinga_sul_jfcrz_abr_1601220026.jpg","datePublished":"2023-08-12T03:18:10+00:00","dateModified":"2023-08-12T08:21:10+00:00","breadcrumb":{"@id":"https:\/\/www.notibras.com\/site\/so-11-das-criancas-ate-5-anos-tomaram-duas-doses\/#breadcrumb"},"inLanguage":"pt-BR","potentialAction":[{"@type":"ReadAction","target":["https:\/\/www.notibras.com\/site\/so-11-das-criancas-ate-5-anos-tomaram-duas-doses\/"]}]},{"@type":"ImageObject","inLanguage":"pt-BR","@id":"https:\/\/www.notibras.com\/site\/so-11-das-criancas-ate-5-anos-tomaram-duas-doses\/#primaryimage","url":"https:\/\/www.notibras.com\/site\/wp-content\/uploads\/2023\/08\/vacinacao_de_criancas_covid-19_ubs_5_de_taguatinga_sul_jfcrz_abr_1601220026.jpg","contentUrl":"https:\/\/www.notibras.com\/site\/wp-content\/uploads\/2023\/08\/vacinacao_de_criancas_covid-19_ubs_5_de_taguatinga_sul_jfcrz_abr_1601220026.jpg","width":1170,"height":700,"caption":"Vacina\u00e7\u00e3o de crian\u00e7as contra a covid-19 na UBS 5 de Taguatinga Sul"},{"@type":"BreadcrumbList","@id":"https:\/\/www.notibras.com\/site\/so-11-das-criancas-ate-5-anos-tomaram-duas-doses\/#breadcrumb","itemListElement":[{"@type":"ListItem","position":1,"name":"In\u00edcio","item":"https:\/\/www.notibras.com\/site\/"},{"@type":"ListItem","position":2,"name":"S\u00f3 11% das crian\u00e7as at\u00e9 5 anos tomaram duas doses"}]},{"@type":"WebSite","@id":"https:\/\/www.notibras.com\/site\/#website","url":"https:\/\/www.notibras.com\/site\/","name":"Notibras","description":"Not\u00edcias de Bras\u00edlia, do Brasil e do Mundo","publisher":{"@id":"https:\/\/www.notibras.com\/site\/#organization"},"potentialAction":[{"@type":"SearchAction","target":{"@type":"EntryPoint","urlTemplate":"https:\/\/www.notibras.com\/site\/?s={search_term_string}"},"query-input":{"@type":"PropertyValueSpecification","valueRequired":true,"valueName":"search_term_string"}}],"inLanguage":"pt-BR"},{"@type":"Organization","@id":"https:\/\/www.notibras.com\/site\/#organization","name":"Grupo Notibras de Comunica\u00e7\u00e3o","url":"https:\/\/www.notibras.com\/site\/","logo":{"@type":"ImageObject","inLanguage":"pt-BR","@id":"https:\/\/www.notibras.com\/site\/#\/schema\/logo\/image\/","url":"https:\/\/www.notibras.com\/site\/wp-content\/uploads\/2023\/01\/notibras23.png","contentUrl":"https:\/\/www.notibras.com\/site\/wp-content\/uploads\/2023\/01\/notibras23.png","width":350,"height":87,"caption":"Grupo Notibras de Comunica\u00e7\u00e3o"},"image":{"@id":"https:\/\/www.notibras.com\/site\/#\/schema\/logo\/image\/"},"sameAs":["https:\/\/www.facebook.com\/notibras\/","https:\/\/x.com\/Notibras","https:\/\/www.instagram.com\/notibras\/"]},{"@type":"Person","@id":"https:\/\/www.notibras.com\/site\/#\/schema\/person\/36ab0979449956132d3e5b517ea76ac8","name":"Reda\u00e7\u00e3o","image":{"@type":"ImageObject","inLanguage":"pt-BR","@id":"https:\/\/secure.gravatar.com\/avatar\/e0a867bdedb85fd243eadf09663511f96fc81e0720a4a42581f334ad4303aa6b?s=96&d=mm&r=g","url":"https:\/\/secure.gravatar.com\/avatar\/e0a867bdedb85fd243eadf09663511f96fc81e0720a4a42581f334ad4303aa6b?s=96&d=mm&r=g","contentUrl":"https:\/\/secure.gravatar.com\/avatar\/e0a867bdedb85fd243eadf09663511f96fc81e0720a4a42581f334ad4303aa6b?s=96&d=mm&r=g","caption":"Reda\u00e7\u00e3o"}}]}},"amp_enabled":true,"_links":{"self":[{"href":"https:\/\/www.notibras.com\/site\/wp-json\/wp\/v2\/posts\/310819","targetHints":{"allow":["GET"]}}],"collection":[{"href":"https:\/\/www.notibras.com\/site\/wp-json\/wp\/v2\/posts"}],"about":[{"href":"https:\/\/www.notibras.com\/site\/wp-json\/wp\/v2\/types\/post"}],"author":[{"embeddable":true,"href":"https:\/\/www.notibras.com\/site\/wp-json\/wp\/v2\/users\/2"}],"replies":[{"embeddable":true,"href":"https:\/\/www.notibras.com\/site\/wp-json\/wp\/v2\/comments?post=310819"}],"version-history":[{"count":1,"href":"https:\/\/www.notibras.com\/site\/wp-json\/wp\/v2\/posts\/310819\/revisions"}],"predecessor-version":[{"id":310821,"href":"https:\/\/www.notibras.com\/site\/wp-json\/wp\/v2\/posts\/310819\/revisions\/310821"}],"wp:featuredmedia":[{"embeddable":true,"href":"https:\/\/www.notibras.com\/site\/wp-json\/wp\/v2\/media\/310820"}],"wp:attachment":[{"href":"https:\/\/www.notibras.com\/site\/wp-json\/wp\/v2\/media?parent=310819"}],"wp:term":[{"taxonomy":"category","embeddable":true,"href":"https:\/\/www.notibras.com\/site\/wp-json\/wp\/v2\/categories?post=310819"},{"taxonomy":"post_tag","embeddable":true,"href":"https:\/\/www.notibras.com\/site\/wp-json\/wp\/v2\/tags?post=310819"}],"curies":[{"name":"wp","href":"https:\/\/api.w.org\/{rel}","templated":true}]}}