{"id":310825,"date":"2023-08-12T05:00:47","date_gmt":"2023-08-12T08:00:47","guid":{"rendered":"https:\/\/www.notibras.com\/site\/?p=310825"},"modified":"2023-08-12T05:40:28","modified_gmt":"2023-08-12T08:40:28","slug":"mulheres-gastam-o-dobro-de-tempo-no-servico-domestico","status":"publish","type":"post","link":"https:\/\/www.notibras.com\/site\/mulheres-gastam-o-dobro-de-tempo-no-servico-domestico\/","title":{"rendered":"Mulheres gastam o dobro de tempo no servi\u00e7o dom\u00e9stico"},"content":{"rendered":"<p>As mulheres dedicam aos afazeres dom\u00e9sticos e cuidados de pessoas quase o dobro do tempo gasto pelos homens. A Pesquisa Nacional por Amostra de Domic\u00edlio (Pnad) Cont\u00ednua 2022, elaborada pelo Instituto Brasileiro de Geografia e Estat\u00edstica (IBGE), revela que as mulheres passam, em m\u00e9dia, 21,3 horas semanais nessas atividades, enquanto os homens utilizam 11,7 horas.<\/p>\n<p>A Pnad avaliou a participa\u00e7\u00e3o de pessoas com 14 anos ou mais de idade em atividades como cuidar da casa, da roupa, fazer comida e compras, por exemplo. Al\u00e9m disso, os agentes do IBGE coletaram informa\u00e7\u00f5es sobre o cuidado dispensado a crian\u00e7as, idosos, enfermos e pessoas com defici\u00eancia.<\/p>\n<p>O levantamento apontou que as 9,6 horas que as mulheres trabalham a mais que os homens representam uma diminui\u00e7\u00e3o em rela\u00e7\u00e3o \u00e0 pesquisa de 2019, quando a diferen\u00e7a era de 10,6 horas. Por causa da pandemia da covid-19, essa pesquisa n\u00e3o foi feita nos anos 2020 e 2021.<\/p>\n<p>Em 2022, 148,1 milh\u00f5es de pessoas se dedicaram a cuidados da casa ou de pessoas. Isso representa 85,4% da popula\u00e7\u00e3o de 14 anos ou mais de idade. A Pnad detalha que enquanto 91,3% das mulheres realizaram alguma atividade relacionada a afazeres dom\u00e9sticos, esse percentual foi de 79,2% entre os homens.<\/p>\n<p>Entre 2019 e 2022, a propor\u00e7\u00e3o de mulheres que exerceram essas atividades caiu 1,1 ponto percentual. \u201cMas n\u00e3o d\u00e1 para afirmar que a divis\u00e3o de tarefas ficou mais equilibrada porque, entre os homens, a taxa ficou est\u00e1vel, passando de 79% para 79,2% no per\u00edodo\u201d, diz a analista da pesquisa, Alessandra Brito.<\/p>\n<p>Um detalhe identificado \u00e9 que o homem gasta mais horas (14,3 horas semanais) em cuidados da casa quando ele mora sozinho. J\u00e1 entre as mulheres, \u00e9 o inverso. Elas precisam dedicar mais tempo nos afazeres dom\u00e9sticos quando dividem o lar (at\u00e9 24,1 horas semanais). \u201cSeja por ter uma crian\u00e7a ali para ser cuidada ou por ter mais tarefas dom\u00e9sticas, por ter mais moradores no domic\u00edlio\u201d, diz a analista do IBGE.<\/p>\n<p><strong>Mulheres pretas<\/strong><br \/>\nAo detalhar a propor\u00e7\u00e3o do trabalho dom\u00e9stico entre as mulheres, a pesquisa verificou que as pretas t\u00eam o maior \u00edndice de realiza\u00e7\u00e3o das tarefas (92,7%), superando as pardas (91,9%) e brancas (90,5%).<\/p>\n<p>O levantamento do IBGE aponta tamb\u00e9m que quanto maior a escolaridade dos homens, maior a propor\u00e7\u00e3o dos que cuidam da casa ou de pessoas. Enquanto o \u00edndice entre os sem instru\u00e7\u00e3o ou ensino fundamental incompleto \u00e9 de 74,4%, o dos que t\u00eam o ensino superior completo \u00e9 de 86,2%.<\/p>\n<p>A pesquisa apresenta diferen\u00e7as na divis\u00e3o do trabalho dom\u00e9stico de acordo com a regi\u00e3o do pa\u00eds. Entre as mulheres nordestinas, 89,7% fazem atividades em casa, contra 71,6% entre os homens. Essa diferen\u00e7a de 18,1 pontos percentuais (p.p.) \u00e9 a maior do pa\u00eds. A menor diferen\u00e7a \u00e9 no Sul (9,3 p.p.).<\/p>\n<p><strong>Cuidado de pessoas<\/strong><br \/>\nHouve uma diminui\u00e7\u00e3o no n\u00famero de pessoas que dedicaram algum cuidado para moradores da casa ou parentes. No ano passado foram 50,8 milh\u00f5es de pessoas. Isso representa 5,3 milh\u00f5es a menos que em 2019.<\/p>\n<p>\u201cEssa redu\u00e7\u00e3o pode estar relacionada \u00e0 diminui\u00e7\u00e3o da necessidade do cuidado com crian\u00e7as, devido \u00e0 menor fecundidade na pandemia. Ou pode estar ligada ao aumento da ocupa\u00e7\u00e3o no mercado de trabalho em 2022, reduzindo a disponibilidade das pessoas para o cuidado\u201d, analisa Alessandra Brito.<\/p>\n<p>Mais uma vez, a taxa de realiza\u00e7\u00e3o desses cuidados se diferencia conforme o sexo: 34,9% das mulheres e 23,3% dos homens.<\/p>\n<p><strong>Trabalho volunt\u00e1rio<\/strong><br \/>\nO IBGE tamb\u00e9m se debru\u00e7ou em cima de informa\u00e7\u00f5es sobre realiza\u00e7\u00e3o de trabalho volunt\u00e1rio. Em 2022, 7,3 milh\u00f5es de pessoas (4,2%) exerceram algum voluntariado. Um aumento de 603 mil pessoas em rela\u00e7\u00e3o a 2019. A taxa de realiza\u00e7\u00e3o \u00e9 maior entre as mulheres, 4,9% contra 3,5% dos homens.<\/p>\n<p>Com o aumento da escolaridade, aumenta a propor\u00e7\u00e3o de realiza\u00e7\u00e3o do trabalho volunt\u00e1rio. Entre os sem instru\u00e7\u00e3o ou ensino fundamental incompleto, a taxa \u00e9 de 2,7%. Entre os com superior completo \u00e9 6,9%.<\/p>\n<p>Outro fator que leva ao aumento do voluntariado \u00e9 a idade. Entre as pessoas de 14 a 24 anos, a taxa \u00e9 de 2,5%. Entre os que t\u00eam 50 anos ou mais, 4,8%.<\/p>\n<p>Apesar do aumento no n\u00famero de pessoas que fizeram trabalho volunt\u00e1rio, a m\u00e9dia de 6,6 horas semanais ficou est\u00e1vel em rela\u00e7\u00e3o \u00e0 pesquisa de 2019.<\/p>\n<p>A frequ\u00eancia do trabalho volunt\u00e1rio se alterou. A maior parte das pessoas (42,3%) faz essas atividades quatro ou mais vezes por m\u00eas. Eram 46% em 2019. J\u00e1 os que fazem eventualmente ou pelo menos uma vez por m\u00eas eram 39,4% em 2022, contra 37,5% em 2019.<\/p>\n","protected":false},"excerpt":{"rendered":"<p>As mulheres dedicam aos afazeres dom\u00e9sticos e cuidados de pessoas quase o dobro do tempo gasto pelos homens. A Pesquisa Nacional por Amostra de Domic\u00edlio (Pnad) Cont\u00ednua 2022, elaborada pelo Instituto Brasileiro de Geografia e Estat\u00edstica (IBGE), revela que as mulheres passam, em m\u00e9dia, 21,3 horas semanais nessas atividades, enquanto os homens utilizam 11,7 horas. [&hellip;]<\/p>\n","protected":false},"author":2,"featured_media":310826,"comment_status":"closed","ping_status":"closed","sticky":false,"template":"","format":"standard","meta":{"_acf_changed":false,"footnotes":""},"categories":[161],"tags":[],"class_list":["post-310825","post","type-post","status-publish","format-standard","has-post-thumbnail","hentry","category-quadradinho-em-foco"],"acf":[],"yoast_head":"<!-- This site is optimized with the Yoast SEO plugin v27.2 - https:\/\/yoast.com\/product\/yoast-seo-wordpress\/ -->\n<title>Mulheres gastam o dobro de tempo no servi\u00e7o dom\u00e9stico - Notibras<\/title>\n<meta name=\"robots\" content=\"index, follow, max-snippet:-1, max-image-preview:large, max-video-preview:-1\" \/>\n<link rel=\"canonical\" href=\"https:\/\/www.notibras.com\/site\/mulheres-gastam-o-dobro-de-tempo-no-servico-domestico\/\" \/>\n<meta property=\"og:locale\" content=\"pt_BR\" \/>\n<meta property=\"og:type\" content=\"article\" \/>\n<meta property=\"og:title\" content=\"Mulheres gastam o dobro de tempo no servi\u00e7o dom\u00e9stico - Notibras\" \/>\n<meta property=\"og:description\" content=\"As mulheres dedicam aos afazeres dom\u00e9sticos e cuidados de pessoas quase o dobro do tempo gasto pelos homens. A Pesquisa Nacional por Amostra de Domic\u00edlio (Pnad) Cont\u00ednua 2022, elaborada pelo Instituto Brasileiro de Geografia e Estat\u00edstica (IBGE), revela que as mulheres passam, em m\u00e9dia, 21,3 horas semanais nessas atividades, enquanto os homens utilizam 11,7 horas. [&hellip;]\" \/>\n<meta property=\"og:url\" content=\"https:\/\/www.notibras.com\/site\/mulheres-gastam-o-dobro-de-tempo-no-servico-domestico\/\" \/>\n<meta property=\"og:site_name\" content=\"Notibras\" \/>\n<meta property=\"article:publisher\" content=\"https:\/\/www.facebook.com\/notibras\/\" \/>\n<meta property=\"article:published_time\" content=\"2023-08-12T08:00:47+00:00\" \/>\n<meta property=\"article:modified_time\" content=\"2023-08-12T08:40:28+00:00\" \/>\n<meta property=\"og:image\" content=\"https:\/\/www.notibras.com\/site\/wp-content\/uploads\/2023\/08\/anguillara-1692931.jpg\" \/>\n\t<meta property=\"og:image:width\" content=\"1170\" \/>\n\t<meta property=\"og:image:height\" content=\"700\" \/>\n\t<meta property=\"og:image:type\" content=\"image\/jpeg\" \/>\n<meta name=\"author\" content=\"Reda\u00e7\u00e3o\" \/>\n<meta name=\"twitter:card\" content=\"summary_large_image\" \/>\n<meta name=\"twitter:creator\" content=\"@Notibras\" \/>\n<meta name=\"twitter:site\" content=\"@Notibras\" \/>\n<meta name=\"twitter:label1\" content=\"Escrito por\" \/>\n\t<meta name=\"twitter:data1\" content=\"Reda\u00e7\u00e3o\" \/>\n\t<meta name=\"twitter:label2\" content=\"Est. tempo de leitura\" \/>\n\t<meta name=\"twitter:data2\" content=\"5 minutos\" \/>\n<script type=\"application\/ld+json\" class=\"yoast-schema-graph\">{\"@context\":\"https:\/\/schema.org\",\"@graph\":[{\"@type\":\"Article\",\"@id\":\"https:\/\/www.notibras.com\/site\/mulheres-gastam-o-dobro-de-tempo-no-servico-domestico\/#article\",\"isPartOf\":{\"@id\":\"https:\/\/www.notibras.com\/site\/mulheres-gastam-o-dobro-de-tempo-no-servico-domestico\/\"},\"author\":{\"name\":\"Reda\u00e7\u00e3o\",\"@id\":\"https:\/\/www.notibras.com\/site\/#\/schema\/person\/36ab0979449956132d3e5b517ea76ac8\"},\"headline\":\"Mulheres gastam o dobro de tempo no servi\u00e7o dom\u00e9stico\",\"datePublished\":\"2023-08-12T08:00:47+00:00\",\"dateModified\":\"2023-08-12T08:40:28+00:00\",\"mainEntityOfPage\":{\"@id\":\"https:\/\/www.notibras.com\/site\/mulheres-gastam-o-dobro-de-tempo-no-servico-domestico\/\"},\"wordCount\":756,\"publisher\":{\"@id\":\"https:\/\/www.notibras.com\/site\/#organization\"},\"image\":{\"@id\":\"https:\/\/www.notibras.com\/site\/mulheres-gastam-o-dobro-de-tempo-no-servico-domestico\/#primaryimage\"},\"thumbnailUrl\":\"https:\/\/www.notibras.com\/site\/wp-content\/uploads\/2023\/08\/anguillara-1692931.jpg\",\"articleSection\":[\"Quadradinho em Foco\"],\"inLanguage\":\"pt-BR\"},{\"@type\":\"WebPage\",\"@id\":\"https:\/\/www.notibras.com\/site\/mulheres-gastam-o-dobro-de-tempo-no-servico-domestico\/\",\"url\":\"https:\/\/www.notibras.com\/site\/mulheres-gastam-o-dobro-de-tempo-no-servico-domestico\/\",\"name\":\"Mulheres gastam o dobro de tempo no servi\u00e7o dom\u00e9stico - Notibras\",\"isPartOf\":{\"@id\":\"https:\/\/www.notibras.com\/site\/#website\"},\"primaryImageOfPage\":{\"@id\":\"https:\/\/www.notibras.com\/site\/mulheres-gastam-o-dobro-de-tempo-no-servico-domestico\/#primaryimage\"},\"image\":{\"@id\":\"https:\/\/www.notibras.com\/site\/mulheres-gastam-o-dobro-de-tempo-no-servico-domestico\/#primaryimage\"},\"thumbnailUrl\":\"https:\/\/www.notibras.com\/site\/wp-content\/uploads\/2023\/08\/anguillara-1692931.jpg\",\"datePublished\":\"2023-08-12T08:00:47+00:00\",\"dateModified\":\"2023-08-12T08:40:28+00:00\",\"breadcrumb\":{\"@id\":\"https:\/\/www.notibras.com\/site\/mulheres-gastam-o-dobro-de-tempo-no-servico-domestico\/#breadcrumb\"},\"inLanguage\":\"pt-BR\",\"potentialAction\":[{\"@type\":\"ReadAction\",\"target\":[\"https:\/\/www.notibras.com\/site\/mulheres-gastam-o-dobro-de-tempo-no-servico-domestico\/\"]}]},{\"@type\":\"ImageObject\",\"inLanguage\":\"pt-BR\",\"@id\":\"https:\/\/www.notibras.com\/site\/mulheres-gastam-o-dobro-de-tempo-no-servico-domestico\/#primaryimage\",\"url\":\"https:\/\/www.notibras.com\/site\/wp-content\/uploads\/2023\/08\/anguillara-1692931.jpg\",\"contentUrl\":\"https:\/\/www.notibras.com\/site\/wp-content\/uploads\/2023\/08\/anguillara-1692931.jpg\",\"width\":1170,\"height\":700,\"caption\":\"PNAD: mulheres gastam quase o dobro de tempo no servi\u00e7o dom\u00e9stico. Foto: valtercirillo\/Pixabay\"},{\"@type\":\"BreadcrumbList\",\"@id\":\"https:\/\/www.notibras.com\/site\/mulheres-gastam-o-dobro-de-tempo-no-servico-domestico\/#breadcrumb\",\"itemListElement\":[{\"@type\":\"ListItem\",\"position\":1,\"name\":\"In\u00edcio\",\"item\":\"https:\/\/www.notibras.com\/site\/\"},{\"@type\":\"ListItem\",\"position\":2,\"name\":\"Mulheres gastam o dobro de tempo no servi\u00e7o dom\u00e9stico\"}]},{\"@type\":\"WebSite\",\"@id\":\"https:\/\/www.notibras.com\/site\/#website\",\"url\":\"https:\/\/www.notibras.com\/site\/\",\"name\":\"Notibras\",\"description\":\"Not\u00edcias de Bras\u00edlia, do Brasil e do Mundo\",\"publisher\":{\"@id\":\"https:\/\/www.notibras.com\/site\/#organization\"},\"potentialAction\":[{\"@type\":\"SearchAction\",\"target\":{\"@type\":\"EntryPoint\",\"urlTemplate\":\"https:\/\/www.notibras.com\/site\/?s={search_term_string}\"},\"query-input\":{\"@type\":\"PropertyValueSpecification\",\"valueRequired\":true,\"valueName\":\"search_term_string\"}}],\"inLanguage\":\"pt-BR\"},{\"@type\":\"Organization\",\"@id\":\"https:\/\/www.notibras.com\/site\/#organization\",\"name\":\"Grupo Notibras de Comunica\u00e7\u00e3o\",\"url\":\"https:\/\/www.notibras.com\/site\/\",\"logo\":{\"@type\":\"ImageObject\",\"inLanguage\":\"pt-BR\",\"@id\":\"https:\/\/www.notibras.com\/site\/#\/schema\/logo\/image\/\",\"url\":\"https:\/\/www.notibras.com\/site\/wp-content\/uploads\/2023\/01\/notibras23.png\",\"contentUrl\":\"https:\/\/www.notibras.com\/site\/wp-content\/uploads\/2023\/01\/notibras23.png\",\"width\":350,\"height\":87,\"caption\":\"Grupo Notibras de Comunica\u00e7\u00e3o\"},\"image\":{\"@id\":\"https:\/\/www.notibras.com\/site\/#\/schema\/logo\/image\/\"},\"sameAs\":[\"https:\/\/www.facebook.com\/notibras\/\",\"https:\/\/x.com\/Notibras\",\"https:\/\/www.instagram.com\/notibras\/\"]},{\"@type\":\"Person\",\"@id\":\"https:\/\/www.notibras.com\/site\/#\/schema\/person\/36ab0979449956132d3e5b517ea76ac8\",\"name\":\"Reda\u00e7\u00e3o\",\"image\":{\"@type\":\"ImageObject\",\"inLanguage\":\"pt-BR\",\"@id\":\"https:\/\/secure.gravatar.com\/avatar\/e0a867bdedb85fd243eadf09663511f96fc81e0720a4a42581f334ad4303aa6b?s=96&d=mm&r=g\",\"url\":\"https:\/\/secure.gravatar.com\/avatar\/e0a867bdedb85fd243eadf09663511f96fc81e0720a4a42581f334ad4303aa6b?s=96&d=mm&r=g\",\"contentUrl\":\"https:\/\/secure.gravatar.com\/avatar\/e0a867bdedb85fd243eadf09663511f96fc81e0720a4a42581f334ad4303aa6b?s=96&d=mm&r=g\",\"caption\":\"Reda\u00e7\u00e3o\"}}]}<\/script>\n<!-- \/ Yoast SEO plugin. -->","yoast_head_json":{"title":"Mulheres gastam o dobro de tempo no servi\u00e7o dom\u00e9stico - Notibras","robots":{"index":"index","follow":"follow","max-snippet":"max-snippet:-1","max-image-preview":"max-image-preview:large","max-video-preview":"max-video-preview:-1"},"canonical":"https:\/\/www.notibras.com\/site\/mulheres-gastam-o-dobro-de-tempo-no-servico-domestico\/","og_locale":"pt_BR","og_type":"article","og_title":"Mulheres gastam o dobro de tempo no servi\u00e7o dom\u00e9stico - Notibras","og_description":"As mulheres dedicam aos afazeres dom\u00e9sticos e cuidados de pessoas quase o dobro do tempo gasto pelos homens. A Pesquisa Nacional por Amostra de Domic\u00edlio (Pnad) Cont\u00ednua 2022, elaborada pelo Instituto Brasileiro de Geografia e Estat\u00edstica (IBGE), revela que as mulheres passam, em m\u00e9dia, 21,3 horas semanais nessas atividades, enquanto os homens utilizam 11,7 horas. [&hellip;]","og_url":"https:\/\/www.notibras.com\/site\/mulheres-gastam-o-dobro-de-tempo-no-servico-domestico\/","og_site_name":"Notibras","article_publisher":"https:\/\/www.facebook.com\/notibras\/","article_published_time":"2023-08-12T08:00:47+00:00","article_modified_time":"2023-08-12T08:40:28+00:00","og_image":[{"width":1170,"height":700,"url":"https:\/\/www.notibras.com\/site\/wp-content\/uploads\/2023\/08\/anguillara-1692931.jpg","type":"image\/jpeg"}],"author":"Reda\u00e7\u00e3o","twitter_card":"summary_large_image","twitter_creator":"@Notibras","twitter_site":"@Notibras","twitter_misc":{"Escrito por":"Reda\u00e7\u00e3o","Est. tempo de leitura":"5 minutos"},"schema":{"@context":"https:\/\/schema.org","@graph":[{"@type":"Article","@id":"https:\/\/www.notibras.com\/site\/mulheres-gastam-o-dobro-de-tempo-no-servico-domestico\/#article","isPartOf":{"@id":"https:\/\/www.notibras.com\/site\/mulheres-gastam-o-dobro-de-tempo-no-servico-domestico\/"},"author":{"name":"Reda\u00e7\u00e3o","@id":"https:\/\/www.notibras.com\/site\/#\/schema\/person\/36ab0979449956132d3e5b517ea76ac8"},"headline":"Mulheres gastam o dobro de tempo no servi\u00e7o dom\u00e9stico","datePublished":"2023-08-12T08:00:47+00:00","dateModified":"2023-08-12T08:40:28+00:00","mainEntityOfPage":{"@id":"https:\/\/www.notibras.com\/site\/mulheres-gastam-o-dobro-de-tempo-no-servico-domestico\/"},"wordCount":756,"publisher":{"@id":"https:\/\/www.notibras.com\/site\/#organization"},"image":{"@id":"https:\/\/www.notibras.com\/site\/mulheres-gastam-o-dobro-de-tempo-no-servico-domestico\/#primaryimage"},"thumbnailUrl":"https:\/\/www.notibras.com\/site\/wp-content\/uploads\/2023\/08\/anguillara-1692931.jpg","articleSection":["Quadradinho em Foco"],"inLanguage":"pt-BR"},{"@type":"WebPage","@id":"https:\/\/www.notibras.com\/site\/mulheres-gastam-o-dobro-de-tempo-no-servico-domestico\/","url":"https:\/\/www.notibras.com\/site\/mulheres-gastam-o-dobro-de-tempo-no-servico-domestico\/","name":"Mulheres gastam o dobro de tempo no servi\u00e7o dom\u00e9stico - Notibras","isPartOf":{"@id":"https:\/\/www.notibras.com\/site\/#website"},"primaryImageOfPage":{"@id":"https:\/\/www.notibras.com\/site\/mulheres-gastam-o-dobro-de-tempo-no-servico-domestico\/#primaryimage"},"image":{"@id":"https:\/\/www.notibras.com\/site\/mulheres-gastam-o-dobro-de-tempo-no-servico-domestico\/#primaryimage"},"thumbnailUrl":"https:\/\/www.notibras.com\/site\/wp-content\/uploads\/2023\/08\/anguillara-1692931.jpg","datePublished":"2023-08-12T08:00:47+00:00","dateModified":"2023-08-12T08:40:28+00:00","breadcrumb":{"@id":"https:\/\/www.notibras.com\/site\/mulheres-gastam-o-dobro-de-tempo-no-servico-domestico\/#breadcrumb"},"inLanguage":"pt-BR","potentialAction":[{"@type":"ReadAction","target":["https:\/\/www.notibras.com\/site\/mulheres-gastam-o-dobro-de-tempo-no-servico-domestico\/"]}]},{"@type":"ImageObject","inLanguage":"pt-BR","@id":"https:\/\/www.notibras.com\/site\/mulheres-gastam-o-dobro-de-tempo-no-servico-domestico\/#primaryimage","url":"https:\/\/www.notibras.com\/site\/wp-content\/uploads\/2023\/08\/anguillara-1692931.jpg","contentUrl":"https:\/\/www.notibras.com\/site\/wp-content\/uploads\/2023\/08\/anguillara-1692931.jpg","width":1170,"height":700,"caption":"PNAD: mulheres gastam quase o dobro de tempo no servi\u00e7o dom\u00e9stico. Foto: valtercirillo\/Pixabay"},{"@type":"BreadcrumbList","@id":"https:\/\/www.notibras.com\/site\/mulheres-gastam-o-dobro-de-tempo-no-servico-domestico\/#breadcrumb","itemListElement":[{"@type":"ListItem","position":1,"name":"In\u00edcio","item":"https:\/\/www.notibras.com\/site\/"},{"@type":"ListItem","position":2,"name":"Mulheres gastam o dobro de tempo no servi\u00e7o dom\u00e9stico"}]},{"@type":"WebSite","@id":"https:\/\/www.notibras.com\/site\/#website","url":"https:\/\/www.notibras.com\/site\/","name":"Notibras","description":"Not\u00edcias de Bras\u00edlia, do Brasil e do Mundo","publisher":{"@id":"https:\/\/www.notibras.com\/site\/#organization"},"potentialAction":[{"@type":"SearchAction","target":{"@type":"EntryPoint","urlTemplate":"https:\/\/www.notibras.com\/site\/?s={search_term_string}"},"query-input":{"@type":"PropertyValueSpecification","valueRequired":true,"valueName":"search_term_string"}}],"inLanguage":"pt-BR"},{"@type":"Organization","@id":"https:\/\/www.notibras.com\/site\/#organization","name":"Grupo Notibras de Comunica\u00e7\u00e3o","url":"https:\/\/www.notibras.com\/site\/","logo":{"@type":"ImageObject","inLanguage":"pt-BR","@id":"https:\/\/www.notibras.com\/site\/#\/schema\/logo\/image\/","url":"https:\/\/www.notibras.com\/site\/wp-content\/uploads\/2023\/01\/notibras23.png","contentUrl":"https:\/\/www.notibras.com\/site\/wp-content\/uploads\/2023\/01\/notibras23.png","width":350,"height":87,"caption":"Grupo Notibras de Comunica\u00e7\u00e3o"},"image":{"@id":"https:\/\/www.notibras.com\/site\/#\/schema\/logo\/image\/"},"sameAs":["https:\/\/www.facebook.com\/notibras\/","https:\/\/x.com\/Notibras","https:\/\/www.instagram.com\/notibras\/"]},{"@type":"Person","@id":"https:\/\/www.notibras.com\/site\/#\/schema\/person\/36ab0979449956132d3e5b517ea76ac8","name":"Reda\u00e7\u00e3o","image":{"@type":"ImageObject","inLanguage":"pt-BR","@id":"https:\/\/secure.gravatar.com\/avatar\/e0a867bdedb85fd243eadf09663511f96fc81e0720a4a42581f334ad4303aa6b?s=96&d=mm&r=g","url":"https:\/\/secure.gravatar.com\/avatar\/e0a867bdedb85fd243eadf09663511f96fc81e0720a4a42581f334ad4303aa6b?s=96&d=mm&r=g","contentUrl":"https:\/\/secure.gravatar.com\/avatar\/e0a867bdedb85fd243eadf09663511f96fc81e0720a4a42581f334ad4303aa6b?s=96&d=mm&r=g","caption":"Reda\u00e7\u00e3o"}}]}},"amp_enabled":true,"_links":{"self":[{"href":"https:\/\/www.notibras.com\/site\/wp-json\/wp\/v2\/posts\/310825","targetHints":{"allow":["GET"]}}],"collection":[{"href":"https:\/\/www.notibras.com\/site\/wp-json\/wp\/v2\/posts"}],"about":[{"href":"https:\/\/www.notibras.com\/site\/wp-json\/wp\/v2\/types\/post"}],"author":[{"embeddable":true,"href":"https:\/\/www.notibras.com\/site\/wp-json\/wp\/v2\/users\/2"}],"replies":[{"embeddable":true,"href":"https:\/\/www.notibras.com\/site\/wp-json\/wp\/v2\/comments?post=310825"}],"version-history":[{"count":1,"href":"https:\/\/www.notibras.com\/site\/wp-json\/wp\/v2\/posts\/310825\/revisions"}],"predecessor-version":[{"id":310827,"href":"https:\/\/www.notibras.com\/site\/wp-json\/wp\/v2\/posts\/310825\/revisions\/310827"}],"wp:featuredmedia":[{"embeddable":true,"href":"https:\/\/www.notibras.com\/site\/wp-json\/wp\/v2\/media\/310826"}],"wp:attachment":[{"href":"https:\/\/www.notibras.com\/site\/wp-json\/wp\/v2\/media?parent=310825"}],"wp:term":[{"taxonomy":"category","embeddable":true,"href":"https:\/\/www.notibras.com\/site\/wp-json\/wp\/v2\/categories?post=310825"},{"taxonomy":"post_tag","embeddable":true,"href":"https:\/\/www.notibras.com\/site\/wp-json\/wp\/v2\/tags?post=310825"}],"curies":[{"name":"wp","href":"https:\/\/api.w.org\/{rel}","templated":true}]}}