{"id":310828,"date":"2023-08-12T00:00:23","date_gmt":"2023-08-12T03:00:23","guid":{"rendered":"https:\/\/www.notibras.com\/site\/?p=310828"},"modified":"2023-08-12T05:47:34","modified_gmt":"2023-08-12T08:47:34","slug":"estudantes-se-mobilizam-por-melhores-condicoes-na-educacao","status":"publish","type":"post","link":"https:\/\/www.notibras.com\/site\/estudantes-se-mobilizam-por-melhores-condicoes-na-educacao\/","title":{"rendered":"Estudantes se mobilizam por melhores condi\u00e7\u00f5es na educa\u00e7\u00e3o"},"content":{"rendered":"<p>Estudantes se mobilizaram nesta sexta-feira em favor de melhorias na educa\u00e7\u00e3o, reivindicando, entre outros, a revoga\u00e7\u00e3o do novo ensino m\u00e9dio e a recomposi\u00e7\u00e3o do or\u00e7amento do Minist\u00e9rio da Educa\u00e7\u00e3o (MEC). A concentra\u00e7\u00e3o aconteceu no Museu da Rep\u00fablica e os estudantes marcharam at\u00e9 a sede do MEC, na Esplanada dos Minist\u00e9rios.<\/p>\n<p>Luis Alves, que \u00e9 diretor de Extens\u00e3o e Pesquisa da Uni\u00e3o Nacional dos Estudantes (UNE), explica que a mobiliza\u00e7\u00e3o acontece em v\u00e1rios estados do pa\u00eds e que as entidades estudantis est\u00e3o em negocia\u00e7\u00f5es com o MEC e com parlamentares sobre a retomada dos investimentos.<\/p>\n<p>\u201c\u00c9 um ato simb\u00f3lico, que n\u00e3o s\u00f3 comemora o Dia do Estudante, mas a gente tamb\u00e9m apresenta um projeto e uma reivindica\u00e7\u00e3o ao governo que \u00e9 a recomposi\u00e7\u00e3o imediata do or\u00e7amento da educa\u00e7\u00e3o\u201d, explica Luis Alves.<\/p>\n<p>\u201cAcreditamos que, atrav\u00e9s do or\u00e7amento da educa\u00e7\u00e3o, atrav\u00e9s do investimento na educa\u00e7\u00e3o, \u00e9 que a gente consegue ter uma reconstru\u00e7\u00e3o do Brasil de fato. Mais uma vez os estudantes se somam \u00e0 luta para poder ter esse protagonismo e mostrar para o governo que os estudantes s\u00e3o a linha de frente, seja em defesa da educa\u00e7\u00e3o, seja em defesa da democracia. E n\u00f3s estamos aqui mais uma vez nas ruas\u201d, destacou.<\/p>\n<p>No lan\u00e7amento da terceira edi\u00e7\u00e3o do Programa de Acelera\u00e7\u00e3o do Crescimento (PAC), o governo federal anunciou um total de R$ 45 bilh\u00f5es para a educa\u00e7\u00e3o. O objetivo \u00e9 expandir a rede p\u00fablica educacional e retomar obras, fomentando a educa\u00e7\u00e3o b\u00e1sica, tecnol\u00f3gica e superior.<\/p>\n<p><strong>Novo ensino m\u00e9dio<\/strong><br \/>\nNo in\u00edcio desta semana, o MEC apresentou o resultado da consulta p\u00fablica para avalia\u00e7\u00e3o e reestrutura\u00e7\u00e3o da pol\u00edtica do ensino m\u00e9dio aprovada em 2017. De acordo com o \u00f3rg\u00e3o, as mudan\u00e7as sugeridas ser\u00e3o avaliadas e v\u00e3o compor uma proposta de reestrutura\u00e7\u00e3o a ser enviada ao Congresso Nacional.<\/p>\n<p>A reivindica\u00e7\u00e3o das entidades, entretanto, \u00e9 pela revoga\u00e7\u00e3o integral da pol\u00edtica e constru\u00e7\u00e3o de uma nova lei em di\u00e1logo com a comunidade escolar, estudantes e professores, com base em pol\u00edticas p\u00fablicas voltadas para a juventude. Segundo Beatriz Nobre, diretora de Mulheres da Uni\u00e3o Brasileira dos Estudantes Secundaristas (Ubes), o novo ensino m\u00e9dio incentiva a evas\u00e3o escolar ao n\u00e3o dar garantias aos jovens que precisam trabalhar e estudar, por exemplo.<\/p>\n<p>\u201cO minist\u00e9rio apresenta apenas basicamente uma reforma da reforma e n\u00e3o \u00e9 isso que a gente quer. \u00c9 muito importante garantir que os nossos estudantes continuem nas salas de aula, a evas\u00e3o escolar que a gente tem no Brasil \u00e9 gritante, se iniciou por conta da pandemia, mas se intensificou muito com a implementa\u00e7\u00e3o do novo ensino m\u00e9dio nas escolas\u201d, disse.<\/p>\n<p>\u201cN\u00e3o tem como a gente falar de manter os alunos na sala de aula sem fazer um modelo interessante, sem um modelo que passe pela constru\u00e7\u00e3o dos estudantes\u201d, acrescentou.<\/p>\n<p>Com o modelo em vigor, parte das aulas dever\u00e1 ser comum a todos os estudantes do pa\u00eds, direcionada pela Base Nacional Comum Curricular (BNCC). Na outra parte da forma\u00e7\u00e3o, os pr\u00f3prios alunos poder\u00e3o escolher um itiner\u00e1rio para aprofundar o aprendizado. Entre as op\u00e7\u00f5es, est\u00e1 dar \u00eanfase \u00e0s \u00e1reas de linguagens, matem\u00e1tica, ci\u00eancias da natureza, ci\u00eancias humanas ou ao ensino t\u00e9cnico. A oferta de itiner\u00e1rios, entretanto, depende da capacidade das redes de ensino e das escolas.<\/p>\n<p>A implementa\u00e7\u00e3o ocorre de forma escalonada at\u00e9 2024. Em 2022, ela come\u00e7ou pelo 1\u00ba ano do ensino m\u00e9dio com a amplia\u00e7\u00e3o da carga hor\u00e1ria para, pelo menos, cinco horas di\u00e1rias. Pela lei, para que o novo modelo seja poss\u00edvel, as escolas devem ampliar a carga hor\u00e1ria para 1,4 mil horas anuais, o que equivale a sete horas di\u00e1rias.<\/p>\n<p>Em 2023, a implementa\u00e7\u00e3o segue com o 1\u00ba e 2\u00ba anos e os itiner\u00e1rios devem come\u00e7ar a ser implementados na maior parte das escolas. Em 2024, o ciclo termina, com os tr\u00eas anos do ensino m\u00e9dio.<\/p>\n","protected":false},"excerpt":{"rendered":"<p>Estudantes se mobilizaram nesta sexta-feira em favor de melhorias na educa\u00e7\u00e3o, reivindicando, entre outros, a revoga\u00e7\u00e3o do novo ensino m\u00e9dio e a recomposi\u00e7\u00e3o do or\u00e7amento do Minist\u00e9rio da Educa\u00e7\u00e3o (MEC). A concentra\u00e7\u00e3o aconteceu no Museu da Rep\u00fablica e os estudantes marcharam at\u00e9 a sede do MEC, na Esplanada dos Minist\u00e9rios. Luis Alves, que \u00e9 diretor [&hellip;]<\/p>\n","protected":false},"author":2,"featured_media":310829,"comment_status":"closed","ping_status":"closed","sticky":false,"template":"","format":"standard","meta":{"_acf_changed":false,"footnotes":""},"categories":[161],"tags":[],"class_list":["post-310828","post","type-post","status-publish","format-standard","has-post-thumbnail","hentry","category-quadradinho-em-foco"],"acf":[],"yoast_head":"<!-- This site is optimized with the Yoast SEO plugin v27.2 - https:\/\/yoast.com\/product\/yoast-seo-wordpress\/ -->\n<title>Estudantes se mobilizam por melhores condi\u00e7\u00f5es na educa\u00e7\u00e3o - Notibras<\/title>\n<meta name=\"robots\" content=\"index, follow, max-snippet:-1, max-image-preview:large, max-video-preview:-1\" \/>\n<link rel=\"canonical\" href=\"https:\/\/www.notibras.com\/site\/estudantes-se-mobilizam-por-melhores-condicoes-na-educacao\/\" \/>\n<meta property=\"og:locale\" content=\"pt_BR\" \/>\n<meta property=\"og:type\" content=\"article\" \/>\n<meta property=\"og:title\" content=\"Estudantes se mobilizam por melhores condi\u00e7\u00f5es na educa\u00e7\u00e3o - Notibras\" \/>\n<meta property=\"og:description\" content=\"Estudantes se mobilizaram nesta sexta-feira em favor de melhorias na educa\u00e7\u00e3o, reivindicando, entre outros, a revoga\u00e7\u00e3o do novo ensino m\u00e9dio e a recomposi\u00e7\u00e3o do or\u00e7amento do Minist\u00e9rio da Educa\u00e7\u00e3o (MEC). A concentra\u00e7\u00e3o aconteceu no Museu da Rep\u00fablica e os estudantes marcharam at\u00e9 a sede do MEC, na Esplanada dos Minist\u00e9rios. Luis Alves, que \u00e9 diretor [&hellip;]\" \/>\n<meta property=\"og:url\" content=\"https:\/\/www.notibras.com\/site\/estudantes-se-mobilizam-por-melhores-condicoes-na-educacao\/\" \/>\n<meta property=\"og:site_name\" content=\"Notibras\" \/>\n<meta property=\"article:publisher\" content=\"https:\/\/www.facebook.com\/notibras\/\" \/>\n<meta property=\"article:published_time\" content=\"2023-08-12T03:00:23+00:00\" \/>\n<meta property=\"article:modified_time\" content=\"2023-08-12T08:47:34+00:00\" \/>\n<meta property=\"og:image\" content=\"https:\/\/www.notibras.com\/site\/wp-content\/uploads\/2023\/08\/pzzb4715.jpg\" \/>\n\t<meta property=\"og:image:width\" content=\"1170\" \/>\n\t<meta property=\"og:image:height\" content=\"700\" \/>\n\t<meta property=\"og:image:type\" content=\"image\/jpeg\" \/>\n<meta name=\"author\" content=\"Reda\u00e7\u00e3o\" \/>\n<meta name=\"twitter:card\" content=\"summary_large_image\" \/>\n<meta name=\"twitter:creator\" content=\"@Notibras\" \/>\n<meta name=\"twitter:site\" content=\"@Notibras\" \/>\n<meta name=\"twitter:label1\" content=\"Escrito por\" \/>\n\t<meta name=\"twitter:data1\" content=\"Reda\u00e7\u00e3o\" \/>\n\t<meta name=\"twitter:label2\" content=\"Est. tempo de leitura\" \/>\n\t<meta name=\"twitter:data2\" content=\"4 minutos\" \/>\n<script type=\"application\/ld+json\" class=\"yoast-schema-graph\">{\"@context\":\"https:\/\/schema.org\",\"@graph\":[{\"@type\":\"Article\",\"@id\":\"https:\/\/www.notibras.com\/site\/estudantes-se-mobilizam-por-melhores-condicoes-na-educacao\/#article\",\"isPartOf\":{\"@id\":\"https:\/\/www.notibras.com\/site\/estudantes-se-mobilizam-por-melhores-condicoes-na-educacao\/\"},\"author\":{\"name\":\"Reda\u00e7\u00e3o\",\"@id\":\"https:\/\/www.notibras.com\/site\/#\/schema\/person\/36ab0979449956132d3e5b517ea76ac8\"},\"headline\":\"Estudantes se mobilizam por melhores condi\u00e7\u00f5es na educa\u00e7\u00e3o\",\"datePublished\":\"2023-08-12T03:00:23+00:00\",\"dateModified\":\"2023-08-12T08:47:34+00:00\",\"mainEntityOfPage\":{\"@id\":\"https:\/\/www.notibras.com\/site\/estudantes-se-mobilizam-por-melhores-condicoes-na-educacao\/\"},\"wordCount\":709,\"publisher\":{\"@id\":\"https:\/\/www.notibras.com\/site\/#organization\"},\"image\":{\"@id\":\"https:\/\/www.notibras.com\/site\/estudantes-se-mobilizam-por-melhores-condicoes-na-educacao\/#primaryimage\"},\"thumbnailUrl\":\"https:\/\/www.notibras.com\/site\/wp-content\/uploads\/2023\/08\/pzzb4715.jpg\",\"articleSection\":[\"Quadradinho em Foco\"],\"inLanguage\":\"pt-BR\"},{\"@type\":\"WebPage\",\"@id\":\"https:\/\/www.notibras.com\/site\/estudantes-se-mobilizam-por-melhores-condicoes-na-educacao\/\",\"url\":\"https:\/\/www.notibras.com\/site\/estudantes-se-mobilizam-por-melhores-condicoes-na-educacao\/\",\"name\":\"Estudantes se mobilizam por melhores condi\u00e7\u00f5es na educa\u00e7\u00e3o - Notibras\",\"isPartOf\":{\"@id\":\"https:\/\/www.notibras.com\/site\/#website\"},\"primaryImageOfPage\":{\"@id\":\"https:\/\/www.notibras.com\/site\/estudantes-se-mobilizam-por-melhores-condicoes-na-educacao\/#primaryimage\"},\"image\":{\"@id\":\"https:\/\/www.notibras.com\/site\/estudantes-se-mobilizam-por-melhores-condicoes-na-educacao\/#primaryimage\"},\"thumbnailUrl\":\"https:\/\/www.notibras.com\/site\/wp-content\/uploads\/2023\/08\/pzzb4715.jpg\",\"datePublished\":\"2023-08-12T03:00:23+00:00\",\"dateModified\":\"2023-08-12T08:47:34+00:00\",\"breadcrumb\":{\"@id\":\"https:\/\/www.notibras.com\/site\/estudantes-se-mobilizam-por-melhores-condicoes-na-educacao\/#breadcrumb\"},\"inLanguage\":\"pt-BR\",\"potentialAction\":[{\"@type\":\"ReadAction\",\"target\":[\"https:\/\/www.notibras.com\/site\/estudantes-se-mobilizam-por-melhores-condicoes-na-educacao\/\"]}]},{\"@type\":\"ImageObject\",\"inLanguage\":\"pt-BR\",\"@id\":\"https:\/\/www.notibras.com\/site\/estudantes-se-mobilizam-por-melhores-condicoes-na-educacao\/#primaryimage\",\"url\":\"https:\/\/www.notibras.com\/site\/wp-content\/uploads\/2023\/08\/pzzb4715.jpg\",\"contentUrl\":\"https:\/\/www.notibras.com\/site\/wp-content\/uploads\/2023\/08\/pzzb4715.jpg\",\"width\":1170,\"height\":700,\"caption\":\"Bras\u00edlia,DF 11\/08\/2023 A Uni\u00e3o Nacional dos Estudantes (UNE), a Uni\u00e3o Brasileira dos Estudantes Secundaristas (Ubes) e a Associa\u00e7\u00e3o Nacional de P\u00f3s-Graduandos (ANPG) realiza atos p\u00fablicos reivindicando revoga\u00e7\u00e3o do Novo Ensino M\u00e9dio, reposi\u00e7\u00e3o do or\u00e7amento da educa\u00e7\u00e3o e direitos aos p\u00f3s-graduandos. Foto: Fabio Rodrigues-Pozzebom\/ Ag\u00eancia Brasil\"},{\"@type\":\"BreadcrumbList\",\"@id\":\"https:\/\/www.notibras.com\/site\/estudantes-se-mobilizam-por-melhores-condicoes-na-educacao\/#breadcrumb\",\"itemListElement\":[{\"@type\":\"ListItem\",\"position\":1,\"name\":\"In\u00edcio\",\"item\":\"https:\/\/www.notibras.com\/site\/\"},{\"@type\":\"ListItem\",\"position\":2,\"name\":\"Estudantes se mobilizam por melhores condi\u00e7\u00f5es na educa\u00e7\u00e3o\"}]},{\"@type\":\"WebSite\",\"@id\":\"https:\/\/www.notibras.com\/site\/#website\",\"url\":\"https:\/\/www.notibras.com\/site\/\",\"name\":\"Notibras\",\"description\":\"Not\u00edcias de Bras\u00edlia, do Brasil e do Mundo\",\"publisher\":{\"@id\":\"https:\/\/www.notibras.com\/site\/#organization\"},\"potentialAction\":[{\"@type\":\"SearchAction\",\"target\":{\"@type\":\"EntryPoint\",\"urlTemplate\":\"https:\/\/www.notibras.com\/site\/?s={search_term_string}\"},\"query-input\":{\"@type\":\"PropertyValueSpecification\",\"valueRequired\":true,\"valueName\":\"search_term_string\"}}],\"inLanguage\":\"pt-BR\"},{\"@type\":\"Organization\",\"@id\":\"https:\/\/www.notibras.com\/site\/#organization\",\"name\":\"Grupo Notibras de Comunica\u00e7\u00e3o\",\"url\":\"https:\/\/www.notibras.com\/site\/\",\"logo\":{\"@type\":\"ImageObject\",\"inLanguage\":\"pt-BR\",\"@id\":\"https:\/\/www.notibras.com\/site\/#\/schema\/logo\/image\/\",\"url\":\"https:\/\/www.notibras.com\/site\/wp-content\/uploads\/2023\/01\/notibras23.png\",\"contentUrl\":\"https:\/\/www.notibras.com\/site\/wp-content\/uploads\/2023\/01\/notibras23.png\",\"width\":350,\"height\":87,\"caption\":\"Grupo Notibras de Comunica\u00e7\u00e3o\"},\"image\":{\"@id\":\"https:\/\/www.notibras.com\/site\/#\/schema\/logo\/image\/\"},\"sameAs\":[\"https:\/\/www.facebook.com\/notibras\/\",\"https:\/\/x.com\/Notibras\",\"https:\/\/www.instagram.com\/notibras\/\"]},{\"@type\":\"Person\",\"@id\":\"https:\/\/www.notibras.com\/site\/#\/schema\/person\/36ab0979449956132d3e5b517ea76ac8\",\"name\":\"Reda\u00e7\u00e3o\",\"image\":{\"@type\":\"ImageObject\",\"inLanguage\":\"pt-BR\",\"@id\":\"https:\/\/secure.gravatar.com\/avatar\/e0a867bdedb85fd243eadf09663511f96fc81e0720a4a42581f334ad4303aa6b?s=96&d=mm&r=g\",\"url\":\"https:\/\/secure.gravatar.com\/avatar\/e0a867bdedb85fd243eadf09663511f96fc81e0720a4a42581f334ad4303aa6b?s=96&d=mm&r=g\",\"contentUrl\":\"https:\/\/secure.gravatar.com\/avatar\/e0a867bdedb85fd243eadf09663511f96fc81e0720a4a42581f334ad4303aa6b?s=96&d=mm&r=g\",\"caption\":\"Reda\u00e7\u00e3o\"}}]}<\/script>\n<!-- \/ Yoast SEO plugin. -->","yoast_head_json":{"title":"Estudantes se mobilizam por melhores condi\u00e7\u00f5es na educa\u00e7\u00e3o - Notibras","robots":{"index":"index","follow":"follow","max-snippet":"max-snippet:-1","max-image-preview":"max-image-preview:large","max-video-preview":"max-video-preview:-1"},"canonical":"https:\/\/www.notibras.com\/site\/estudantes-se-mobilizam-por-melhores-condicoes-na-educacao\/","og_locale":"pt_BR","og_type":"article","og_title":"Estudantes se mobilizam por melhores condi\u00e7\u00f5es na educa\u00e7\u00e3o - Notibras","og_description":"Estudantes se mobilizaram nesta sexta-feira em favor de melhorias na educa\u00e7\u00e3o, reivindicando, entre outros, a revoga\u00e7\u00e3o do novo ensino m\u00e9dio e a recomposi\u00e7\u00e3o do or\u00e7amento do Minist\u00e9rio da Educa\u00e7\u00e3o (MEC). A concentra\u00e7\u00e3o aconteceu no Museu da Rep\u00fablica e os estudantes marcharam at\u00e9 a sede do MEC, na Esplanada dos Minist\u00e9rios. Luis Alves, que \u00e9 diretor [&hellip;]","og_url":"https:\/\/www.notibras.com\/site\/estudantes-se-mobilizam-por-melhores-condicoes-na-educacao\/","og_site_name":"Notibras","article_publisher":"https:\/\/www.facebook.com\/notibras\/","article_published_time":"2023-08-12T03:00:23+00:00","article_modified_time":"2023-08-12T08:47:34+00:00","og_image":[{"width":1170,"height":700,"url":"https:\/\/www.notibras.com\/site\/wp-content\/uploads\/2023\/08\/pzzb4715.jpg","type":"image\/jpeg"}],"author":"Reda\u00e7\u00e3o","twitter_card":"summary_large_image","twitter_creator":"@Notibras","twitter_site":"@Notibras","twitter_misc":{"Escrito por":"Reda\u00e7\u00e3o","Est. tempo de leitura":"4 minutos"},"schema":{"@context":"https:\/\/schema.org","@graph":[{"@type":"Article","@id":"https:\/\/www.notibras.com\/site\/estudantes-se-mobilizam-por-melhores-condicoes-na-educacao\/#article","isPartOf":{"@id":"https:\/\/www.notibras.com\/site\/estudantes-se-mobilizam-por-melhores-condicoes-na-educacao\/"},"author":{"name":"Reda\u00e7\u00e3o","@id":"https:\/\/www.notibras.com\/site\/#\/schema\/person\/36ab0979449956132d3e5b517ea76ac8"},"headline":"Estudantes se mobilizam por melhores condi\u00e7\u00f5es na educa\u00e7\u00e3o","datePublished":"2023-08-12T03:00:23+00:00","dateModified":"2023-08-12T08:47:34+00:00","mainEntityOfPage":{"@id":"https:\/\/www.notibras.com\/site\/estudantes-se-mobilizam-por-melhores-condicoes-na-educacao\/"},"wordCount":709,"publisher":{"@id":"https:\/\/www.notibras.com\/site\/#organization"},"image":{"@id":"https:\/\/www.notibras.com\/site\/estudantes-se-mobilizam-por-melhores-condicoes-na-educacao\/#primaryimage"},"thumbnailUrl":"https:\/\/www.notibras.com\/site\/wp-content\/uploads\/2023\/08\/pzzb4715.jpg","articleSection":["Quadradinho em Foco"],"inLanguage":"pt-BR"},{"@type":"WebPage","@id":"https:\/\/www.notibras.com\/site\/estudantes-se-mobilizam-por-melhores-condicoes-na-educacao\/","url":"https:\/\/www.notibras.com\/site\/estudantes-se-mobilizam-por-melhores-condicoes-na-educacao\/","name":"Estudantes se mobilizam por melhores condi\u00e7\u00f5es na educa\u00e7\u00e3o - Notibras","isPartOf":{"@id":"https:\/\/www.notibras.com\/site\/#website"},"primaryImageOfPage":{"@id":"https:\/\/www.notibras.com\/site\/estudantes-se-mobilizam-por-melhores-condicoes-na-educacao\/#primaryimage"},"image":{"@id":"https:\/\/www.notibras.com\/site\/estudantes-se-mobilizam-por-melhores-condicoes-na-educacao\/#primaryimage"},"thumbnailUrl":"https:\/\/www.notibras.com\/site\/wp-content\/uploads\/2023\/08\/pzzb4715.jpg","datePublished":"2023-08-12T03:00:23+00:00","dateModified":"2023-08-12T08:47:34+00:00","breadcrumb":{"@id":"https:\/\/www.notibras.com\/site\/estudantes-se-mobilizam-por-melhores-condicoes-na-educacao\/#breadcrumb"},"inLanguage":"pt-BR","potentialAction":[{"@type":"ReadAction","target":["https:\/\/www.notibras.com\/site\/estudantes-se-mobilizam-por-melhores-condicoes-na-educacao\/"]}]},{"@type":"ImageObject","inLanguage":"pt-BR","@id":"https:\/\/www.notibras.com\/site\/estudantes-se-mobilizam-por-melhores-condicoes-na-educacao\/#primaryimage","url":"https:\/\/www.notibras.com\/site\/wp-content\/uploads\/2023\/08\/pzzb4715.jpg","contentUrl":"https:\/\/www.notibras.com\/site\/wp-content\/uploads\/2023\/08\/pzzb4715.jpg","width":1170,"height":700,"caption":"Bras\u00edlia,DF 11\/08\/2023 A Uni\u00e3o Nacional dos Estudantes (UNE), a Uni\u00e3o Brasileira dos Estudantes Secundaristas (Ubes) e a Associa\u00e7\u00e3o Nacional de P\u00f3s-Graduandos (ANPG) realiza atos p\u00fablicos reivindicando revoga\u00e7\u00e3o do Novo Ensino M\u00e9dio, reposi\u00e7\u00e3o do or\u00e7amento da educa\u00e7\u00e3o e direitos aos p\u00f3s-graduandos. Foto: Fabio Rodrigues-Pozzebom\/ Ag\u00eancia Brasil"},{"@type":"BreadcrumbList","@id":"https:\/\/www.notibras.com\/site\/estudantes-se-mobilizam-por-melhores-condicoes-na-educacao\/#breadcrumb","itemListElement":[{"@type":"ListItem","position":1,"name":"In\u00edcio","item":"https:\/\/www.notibras.com\/site\/"},{"@type":"ListItem","position":2,"name":"Estudantes se mobilizam por melhores condi\u00e7\u00f5es na educa\u00e7\u00e3o"}]},{"@type":"WebSite","@id":"https:\/\/www.notibras.com\/site\/#website","url":"https:\/\/www.notibras.com\/site\/","name":"Notibras","description":"Not\u00edcias de Bras\u00edlia, do Brasil e do Mundo","publisher":{"@id":"https:\/\/www.notibras.com\/site\/#organization"},"potentialAction":[{"@type":"SearchAction","target":{"@type":"EntryPoint","urlTemplate":"https:\/\/www.notibras.com\/site\/?s={search_term_string}"},"query-input":{"@type":"PropertyValueSpecification","valueRequired":true,"valueName":"search_term_string"}}],"inLanguage":"pt-BR"},{"@type":"Organization","@id":"https:\/\/www.notibras.com\/site\/#organization","name":"Grupo Notibras de Comunica\u00e7\u00e3o","url":"https:\/\/www.notibras.com\/site\/","logo":{"@type":"ImageObject","inLanguage":"pt-BR","@id":"https:\/\/www.notibras.com\/site\/#\/schema\/logo\/image\/","url":"https:\/\/www.notibras.com\/site\/wp-content\/uploads\/2023\/01\/notibras23.png","contentUrl":"https:\/\/www.notibras.com\/site\/wp-content\/uploads\/2023\/01\/notibras23.png","width":350,"height":87,"caption":"Grupo Notibras de Comunica\u00e7\u00e3o"},"image":{"@id":"https:\/\/www.notibras.com\/site\/#\/schema\/logo\/image\/"},"sameAs":["https:\/\/www.facebook.com\/notibras\/","https:\/\/x.com\/Notibras","https:\/\/www.instagram.com\/notibras\/"]},{"@type":"Person","@id":"https:\/\/www.notibras.com\/site\/#\/schema\/person\/36ab0979449956132d3e5b517ea76ac8","name":"Reda\u00e7\u00e3o","image":{"@type":"ImageObject","inLanguage":"pt-BR","@id":"https:\/\/secure.gravatar.com\/avatar\/e0a867bdedb85fd243eadf09663511f96fc81e0720a4a42581f334ad4303aa6b?s=96&d=mm&r=g","url":"https:\/\/secure.gravatar.com\/avatar\/e0a867bdedb85fd243eadf09663511f96fc81e0720a4a42581f334ad4303aa6b?s=96&d=mm&r=g","contentUrl":"https:\/\/secure.gravatar.com\/avatar\/e0a867bdedb85fd243eadf09663511f96fc81e0720a4a42581f334ad4303aa6b?s=96&d=mm&r=g","caption":"Reda\u00e7\u00e3o"}}]}},"amp_enabled":true,"_links":{"self":[{"href":"https:\/\/www.notibras.com\/site\/wp-json\/wp\/v2\/posts\/310828","targetHints":{"allow":["GET"]}}],"collection":[{"href":"https:\/\/www.notibras.com\/site\/wp-json\/wp\/v2\/posts"}],"about":[{"href":"https:\/\/www.notibras.com\/site\/wp-json\/wp\/v2\/types\/post"}],"author":[{"embeddable":true,"href":"https:\/\/www.notibras.com\/site\/wp-json\/wp\/v2\/users\/2"}],"replies":[{"embeddable":true,"href":"https:\/\/www.notibras.com\/site\/wp-json\/wp\/v2\/comments?post=310828"}],"version-history":[{"count":1,"href":"https:\/\/www.notibras.com\/site\/wp-json\/wp\/v2\/posts\/310828\/revisions"}],"predecessor-version":[{"id":310830,"href":"https:\/\/www.notibras.com\/site\/wp-json\/wp\/v2\/posts\/310828\/revisions\/310830"}],"wp:featuredmedia":[{"embeddable":true,"href":"https:\/\/www.notibras.com\/site\/wp-json\/wp\/v2\/media\/310829"}],"wp:attachment":[{"href":"https:\/\/www.notibras.com\/site\/wp-json\/wp\/v2\/media?parent=310828"}],"wp:term":[{"taxonomy":"category","embeddable":true,"href":"https:\/\/www.notibras.com\/site\/wp-json\/wp\/v2\/categories?post=310828"},{"taxonomy":"post_tag","embeddable":true,"href":"https:\/\/www.notibras.com\/site\/wp-json\/wp\/v2\/tags?post=310828"}],"curies":[{"name":"wp","href":"https:\/\/api.w.org\/{rel}","templated":true}]}}