{"id":31087,"date":"2014-12-13T22:27:01","date_gmt":"2014-12-14T01:27:01","guid":{"rendered":"http:\/\/www.notibras.com\/site\/?p=31087"},"modified":"2014-12-14T15:35:09","modified_gmt":"2014-12-14T18:35:09","slug":"depressao-nao-e-tristeza-e-mal-precoce-que-chega-e-vai-ficando","status":"publish","type":"post","link":"https:\/\/www.notibras.com\/site\/depressao-nao-e-tristeza-e-mal-precoce-que-chega-e-vai-ficando\/","title":{"rendered":"Depress\u00e3o n\u00e3o \u00e9 pura tristeza. \u00c9 mal precoce que chega com qualquer idade e vai ficando"},"content":{"rendered":"<p>A publicit\u00e1ria B\u00e1rbara Lopes* apresentou os primeiros sinais de depress\u00e3o aos 19 anos. Na \u00e9poca, come\u00e7ou a se isolar, faltava \u00e0s aulas na faculdade e dormia durante grande parte do tempo. \u201cTinha dia em que eu n\u00e3o queria sequer tomar banho. Minhas amigas me chamavam para sair, mas eu n\u00e3o queria. Eu dizia que estava triste, mas para mim n\u00e3o era depress\u00e3o. Era s\u00f3 tristeza\u201d, lembra. Especialista diz que \u00e9 uma doen\u00e7a que pode come\u00e7ar em pessoas jovens e nem sempre recebe tratamento m\u00e9dico.<\/p>\n<p>Mais de 15 anos depois e uma lista extensa de psiquiatras e psic\u00f3logos visitados, a publicit\u00e1ria atualmente \u00e9 casada, tem um beb\u00ea e atua na \u00e1rea em que se formou, mas ainda luta contra a doen\u00e7a. \u201cAs pessoas ficam sempre perguntando o que a gente tem. Aqueles que se julgam normais perguntam por que eu estou triste se tenho tudo que preciso, se tudo est\u00e1 certo, se sou bonita e inteligente\u201d.<\/p>\n<p>B\u00e1rbara toma o mesmo medicamento h\u00e1 sete anos. Mesmo sendo acompanhada por profissionais, a depress\u00e3o precisa ser combatida diariamente. \u201cOutro dia, deixei meu beb\u00ea cair da cama. Al\u00e9m de me sentir culpada, comecei a pensar que nada para mim funcionava, que tudo para mim dava errado, que eu era a pior m\u00e3e do mundo\u201d.<\/p>\n<p>Para a publicit\u00e1ria, a combina\u00e7\u00e3o entre medicamento e terapia traz qualidade de vida para quem sofre com a doen\u00e7a. \u201cO rem\u00e9dio libera aquilo que est\u00e1 faltando no seu organismo. \u00c9 como se fosse uma orquestra que precisa do maestro. Quando ele est\u00e1 ali, a m\u00fasica sai direito. Quando n\u00e3o tem o maestro, n\u00e3o tem m\u00fasica\u201d, resume.<\/p>\n<p>Dados do IBGE indicam que mais de 11 milh\u00f5es de brasileiros t\u00eam depress\u00e3o. O n\u00famero corresponde a 7,6% das pessoas com 18 anos ou mais. Ainda segundo o instituto, desse total, apenas 46,6% dos pacientes tiveram assist\u00eancia m\u00e9dica nos 12 meses anteriores \u00e0 pesquisa.<\/p>\n<p>De acordo com a psiquiatra e psicoterapeuta F\u00e1tima Vasconcelos, o Brasil \u00e9 um dos pa\u00edses latino-americanos com \u00edndices mais altos quando o assunto \u00e9 depress\u00e3o. Apesar de ser tida por muitos como uma doen\u00e7a que atinge os mais velhos, a depress\u00e3o, segundo ela, come\u00e7a cedo \u2013 9% dos casos ocorrem entre 18 e 25 anos; 7,5% entre 26 e 49 anos; e 5,5% acima dos 50 anos.<\/p>\n<blockquote><p>\u201cQuanto mais precoce \u00e9 a doen\u00e7a, mais grave pode vir a ser no futuro e mais danos ela vai provocar na vida do indiv\u00edduo. A depress\u00e3o \u00e9 uma doen\u00e7a cr\u00f4nica e o mais comum n\u00e3o \u00e9 ter s\u00f3 uma \u00fanica crise na vida. O risco de ter uma segunda crise \u00e9 50% maior ap\u00f3s a primeira. E, para quem tem dois epis\u00f3dios, a chance \u00e9 70% maior.\u201d<\/p><\/blockquote>\n<p>Ainda de acordo com a especialista, a estimativa \u00e9 a de que seis em cada dez pacientes n\u00e3o procuram ou n\u00e3o encontram tratamento para a doen\u00e7a \u2013 sobretudo em raz\u00e3o do preconceito. Ela destaca que uma pessoa com depress\u00e3o sofre com altera\u00e7\u00f5es do humor e, por mais que queria estar bem, v\u00ea o mundo de forma negativa e precisa de ajuda para enfrentar isso.<\/p>\n<p>\u201cUma pessoa que est\u00e1 deprimida, \u00e0s vezes, nem percebe que est\u00e1 triste. Mas, quando vai para o trabalho, rende menos do que rendia. Tem dificuldade de mem\u00f3ria, concentra\u00e7\u00e3o e sente uma inseguran\u00e7a muito grande. Ela passa a desconfiar de sua pr\u00f3pria capacidade. Por isso, \u00e9 muito importante que as pessoas saibam que a depress\u00e3o \u00e9 uma doen\u00e7a do c\u00e9rebro que tem que ser reconhecida e tratada.\u201d<\/p>\n<p><strong>Paula Laboissi\u00e8re, ABr<br \/>\n<\/strong><\/p>\n<p><em>*Nome fict\u00edcio a pedido do entrevistado.<\/em><\/p>\n","protected":false},"excerpt":{"rendered":"<p>A publicit\u00e1ria B\u00e1rbara Lopes* apresentou os primeiros sinais de depress\u00e3o aos 19 anos. Na \u00e9poca, come\u00e7ou a se isolar, faltava \u00e0s aulas na faculdade e dormia durante grande parte do tempo. \u201cTinha dia em que eu n\u00e3o queria sequer tomar banho. Minhas amigas me chamavam para sair, mas eu n\u00e3o queria. Eu dizia que estava [&hellip;]<\/p>\n","protected":false},"author":2,"featured_media":31088,"comment_status":"open","ping_status":"closed","sticky":false,"template":"","format":"standard","meta":{"_acf_changed":false,"footnotes":""},"categories":[16],"tags":[],"class_list":["post-31087","post","type-post","status-publish","format-standard","has-post-thumbnail","hentry","category-brasil"],"acf":[],"yoast_head":"<!-- This site is optimized with the Yoast SEO plugin v27.2 - https:\/\/yoast.com\/product\/yoast-seo-wordpress\/ -->\n<title>Depress\u00e3o n\u00e3o \u00e9 pura tristeza. \u00c9 mal precoce que chega com qualquer idade e vai ficando - Notibras<\/title>\n<meta name=\"robots\" content=\"index, follow, max-snippet:-1, max-image-preview:large, max-video-preview:-1\" \/>\n<link rel=\"canonical\" href=\"https:\/\/www.notibras.com\/site\/depressao-nao-e-tristeza-e-mal-precoce-que-chega-e-vai-ficando\/\" \/>\n<meta property=\"og:locale\" content=\"pt_BR\" \/>\n<meta property=\"og:type\" content=\"article\" \/>\n<meta property=\"og:title\" content=\"Depress\u00e3o n\u00e3o \u00e9 pura tristeza. \u00c9 mal precoce que chega com qualquer idade e vai ficando - Notibras\" \/>\n<meta property=\"og:description\" content=\"A publicit\u00e1ria B\u00e1rbara Lopes* apresentou os primeiros sinais de depress\u00e3o aos 19 anos. Na \u00e9poca, come\u00e7ou a se isolar, faltava \u00e0s aulas na faculdade e dormia durante grande parte do tempo. \u201cTinha dia em que eu n\u00e3o queria sequer tomar banho. Minhas amigas me chamavam para sair, mas eu n\u00e3o queria. Eu dizia que estava [&hellip;]\" \/>\n<meta property=\"og:url\" content=\"https:\/\/www.notibras.com\/site\/depressao-nao-e-tristeza-e-mal-precoce-que-chega-e-vai-ficando\/\" \/>\n<meta property=\"og:site_name\" content=\"Notibras\" \/>\n<meta property=\"article:publisher\" content=\"https:\/\/www.facebook.com\/notibras\/\" \/>\n<meta property=\"article:published_time\" content=\"2014-12-14T01:27:01+00:00\" \/>\n<meta property=\"article:modified_time\" content=\"2014-12-14T18:35:09+00:00\" \/>\n<meta property=\"og:image\" content=\"https:\/\/www.notibras.com\/site\/wp-content\/uploads\/2014\/12\/depressao_tristezaprofunda.jpg\" \/>\n\t<meta property=\"og:image:width\" content=\"500\" \/>\n\t<meta property=\"og:image:height\" content=\"333\" \/>\n\t<meta property=\"og:image:type\" content=\"image\/jpeg\" \/>\n<meta name=\"author\" content=\"Reda\u00e7\u00e3o\" \/>\n<meta name=\"twitter:card\" content=\"summary_large_image\" \/>\n<meta name=\"twitter:creator\" content=\"@Notibras\" \/>\n<meta name=\"twitter:site\" content=\"@Notibras\" \/>\n<meta name=\"twitter:label1\" content=\"Escrito por\" \/>\n\t<meta name=\"twitter:data1\" content=\"Reda\u00e7\u00e3o\" \/>\n\t<meta name=\"twitter:label2\" content=\"Est. tempo de leitura\" \/>\n\t<meta name=\"twitter:data2\" content=\"3 minutos\" \/>\n<script type=\"application\/ld+json\" class=\"yoast-schema-graph\">{\"@context\":\"https:\/\/schema.org\",\"@graph\":[{\"@type\":\"Article\",\"@id\":\"https:\/\/www.notibras.com\/site\/depressao-nao-e-tristeza-e-mal-precoce-que-chega-e-vai-ficando\/#article\",\"isPartOf\":{\"@id\":\"https:\/\/www.notibras.com\/site\/depressao-nao-e-tristeza-e-mal-precoce-que-chega-e-vai-ficando\/\"},\"author\":{\"name\":\"Reda\u00e7\u00e3o\",\"@id\":\"https:\/\/www.notibras.com\/site\/#\/schema\/person\/36ab0979449956132d3e5b517ea76ac8\"},\"headline\":\"Depress\u00e3o n\u00e3o \u00e9 pura tristeza. \u00c9 mal precoce que chega com qualquer idade e vai ficando\",\"datePublished\":\"2014-12-14T01:27:01+00:00\",\"dateModified\":\"2014-12-14T18:35:09+00:00\",\"mainEntityOfPage\":{\"@id\":\"https:\/\/www.notibras.com\/site\/depressao-nao-e-tristeza-e-mal-precoce-que-chega-e-vai-ficando\/\"},\"wordCount\":626,\"commentCount\":0,\"publisher\":{\"@id\":\"https:\/\/www.notibras.com\/site\/#organization\"},\"image\":{\"@id\":\"https:\/\/www.notibras.com\/site\/depressao-nao-e-tristeza-e-mal-precoce-que-chega-e-vai-ficando\/#primaryimage\"},\"thumbnailUrl\":\"https:\/\/www.notibras.com\/site\/wp-content\/uploads\/2014\/12\/depressao_tristezaprofunda.jpg\",\"articleSection\":[\"Brasil\"],\"inLanguage\":\"pt-BR\",\"potentialAction\":[{\"@type\":\"CommentAction\",\"name\":\"Comment\",\"target\":[\"https:\/\/www.notibras.com\/site\/depressao-nao-e-tristeza-e-mal-precoce-que-chega-e-vai-ficando\/#respond\"]}]},{\"@type\":\"WebPage\",\"@id\":\"https:\/\/www.notibras.com\/site\/depressao-nao-e-tristeza-e-mal-precoce-que-chega-e-vai-ficando\/\",\"url\":\"https:\/\/www.notibras.com\/site\/depressao-nao-e-tristeza-e-mal-precoce-que-chega-e-vai-ficando\/\",\"name\":\"Depress\u00e3o n\u00e3o \u00e9 pura tristeza. \u00c9 mal precoce que chega com qualquer idade e vai ficando - Notibras\",\"isPartOf\":{\"@id\":\"https:\/\/www.notibras.com\/site\/#website\"},\"primaryImageOfPage\":{\"@id\":\"https:\/\/www.notibras.com\/site\/depressao-nao-e-tristeza-e-mal-precoce-que-chega-e-vai-ficando\/#primaryimage\"},\"image\":{\"@id\":\"https:\/\/www.notibras.com\/site\/depressao-nao-e-tristeza-e-mal-precoce-que-chega-e-vai-ficando\/#primaryimage\"},\"thumbnailUrl\":\"https:\/\/www.notibras.com\/site\/wp-content\/uploads\/2014\/12\/depressao_tristezaprofunda.jpg\",\"datePublished\":\"2014-12-14T01:27:01+00:00\",\"dateModified\":\"2014-12-14T18:35:09+00:00\",\"breadcrumb\":{\"@id\":\"https:\/\/www.notibras.com\/site\/depressao-nao-e-tristeza-e-mal-precoce-que-chega-e-vai-ficando\/#breadcrumb\"},\"inLanguage\":\"pt-BR\",\"potentialAction\":[{\"@type\":\"ReadAction\",\"target\":[\"https:\/\/www.notibras.com\/site\/depressao-nao-e-tristeza-e-mal-precoce-que-chega-e-vai-ficando\/\"]}]},{\"@type\":\"ImageObject\",\"inLanguage\":\"pt-BR\",\"@id\":\"https:\/\/www.notibras.com\/site\/depressao-nao-e-tristeza-e-mal-precoce-que-chega-e-vai-ficando\/#primaryimage\",\"url\":\"https:\/\/www.notibras.com\/site\/wp-content\/uploads\/2014\/12\/depressao_tristezaprofunda.jpg\",\"contentUrl\":\"https:\/\/www.notibras.com\/site\/wp-content\/uploads\/2014\/12\/depressao_tristezaprofunda.jpg\",\"width\":500,\"height\":333},{\"@type\":\"BreadcrumbList\",\"@id\":\"https:\/\/www.notibras.com\/site\/depressao-nao-e-tristeza-e-mal-precoce-que-chega-e-vai-ficando\/#breadcrumb\",\"itemListElement\":[{\"@type\":\"ListItem\",\"position\":1,\"name\":\"In\u00edcio\",\"item\":\"https:\/\/www.notibras.com\/site\/\"},{\"@type\":\"ListItem\",\"position\":2,\"name\":\"Depress\u00e3o n\u00e3o \u00e9 pura tristeza. \u00c9 mal precoce que chega com qualquer idade e vai ficando\"}]},{\"@type\":\"WebSite\",\"@id\":\"https:\/\/www.notibras.com\/site\/#website\",\"url\":\"https:\/\/www.notibras.com\/site\/\",\"name\":\"Notibras\",\"description\":\"Not\u00edcias de Bras\u00edlia, do Brasil e do Mundo\",\"publisher\":{\"@id\":\"https:\/\/www.notibras.com\/site\/#organization\"},\"potentialAction\":[{\"@type\":\"SearchAction\",\"target\":{\"@type\":\"EntryPoint\",\"urlTemplate\":\"https:\/\/www.notibras.com\/site\/?s={search_term_string}\"},\"query-input\":{\"@type\":\"PropertyValueSpecification\",\"valueRequired\":true,\"valueName\":\"search_term_string\"}}],\"inLanguage\":\"pt-BR\"},{\"@type\":\"Organization\",\"@id\":\"https:\/\/www.notibras.com\/site\/#organization\",\"name\":\"Grupo Notibras de Comunica\u00e7\u00e3o\",\"url\":\"https:\/\/www.notibras.com\/site\/\",\"logo\":{\"@type\":\"ImageObject\",\"inLanguage\":\"pt-BR\",\"@id\":\"https:\/\/www.notibras.com\/site\/#\/schema\/logo\/image\/\",\"url\":\"https:\/\/www.notibras.com\/site\/wp-content\/uploads\/2023\/01\/notibras23.png\",\"contentUrl\":\"https:\/\/www.notibras.com\/site\/wp-content\/uploads\/2023\/01\/notibras23.png\",\"width\":350,\"height\":87,\"caption\":\"Grupo Notibras de Comunica\u00e7\u00e3o\"},\"image\":{\"@id\":\"https:\/\/www.notibras.com\/site\/#\/schema\/logo\/image\/\"},\"sameAs\":[\"https:\/\/www.facebook.com\/notibras\/\",\"https:\/\/x.com\/Notibras\",\"https:\/\/www.instagram.com\/notibras\/\"]},{\"@type\":\"Person\",\"@id\":\"https:\/\/www.notibras.com\/site\/#\/schema\/person\/36ab0979449956132d3e5b517ea76ac8\",\"name\":\"Reda\u00e7\u00e3o\",\"image\":{\"@type\":\"ImageObject\",\"inLanguage\":\"pt-BR\",\"@id\":\"https:\/\/secure.gravatar.com\/avatar\/e0a867bdedb85fd243eadf09663511f96fc81e0720a4a42581f334ad4303aa6b?s=96&d=mm&r=g\",\"url\":\"https:\/\/secure.gravatar.com\/avatar\/e0a867bdedb85fd243eadf09663511f96fc81e0720a4a42581f334ad4303aa6b?s=96&d=mm&r=g\",\"contentUrl\":\"https:\/\/secure.gravatar.com\/avatar\/e0a867bdedb85fd243eadf09663511f96fc81e0720a4a42581f334ad4303aa6b?s=96&d=mm&r=g\",\"caption\":\"Reda\u00e7\u00e3o\"}}]}<\/script>\n<!-- \/ Yoast SEO plugin. -->","yoast_head_json":{"title":"Depress\u00e3o n\u00e3o \u00e9 pura tristeza. \u00c9 mal precoce que chega com qualquer idade e vai ficando - Notibras","robots":{"index":"index","follow":"follow","max-snippet":"max-snippet:-1","max-image-preview":"max-image-preview:large","max-video-preview":"max-video-preview:-1"},"canonical":"https:\/\/www.notibras.com\/site\/depressao-nao-e-tristeza-e-mal-precoce-que-chega-e-vai-ficando\/","og_locale":"pt_BR","og_type":"article","og_title":"Depress\u00e3o n\u00e3o \u00e9 pura tristeza. \u00c9 mal precoce que chega com qualquer idade e vai ficando - Notibras","og_description":"A publicit\u00e1ria B\u00e1rbara Lopes* apresentou os primeiros sinais de depress\u00e3o aos 19 anos. Na \u00e9poca, come\u00e7ou a se isolar, faltava \u00e0s aulas na faculdade e dormia durante grande parte do tempo. \u201cTinha dia em que eu n\u00e3o queria sequer tomar banho. Minhas amigas me chamavam para sair, mas eu n\u00e3o queria. Eu dizia que estava [&hellip;]","og_url":"https:\/\/www.notibras.com\/site\/depressao-nao-e-tristeza-e-mal-precoce-que-chega-e-vai-ficando\/","og_site_name":"Notibras","article_publisher":"https:\/\/www.facebook.com\/notibras\/","article_published_time":"2014-12-14T01:27:01+00:00","article_modified_time":"2014-12-14T18:35:09+00:00","og_image":[{"width":500,"height":333,"url":"https:\/\/www.notibras.com\/site\/wp-content\/uploads\/2014\/12\/depressao_tristezaprofunda.jpg","type":"image\/jpeg"}],"author":"Reda\u00e7\u00e3o","twitter_card":"summary_large_image","twitter_creator":"@Notibras","twitter_site":"@Notibras","twitter_misc":{"Escrito por":"Reda\u00e7\u00e3o","Est. tempo de leitura":"3 minutos"},"schema":{"@context":"https:\/\/schema.org","@graph":[{"@type":"Article","@id":"https:\/\/www.notibras.com\/site\/depressao-nao-e-tristeza-e-mal-precoce-que-chega-e-vai-ficando\/#article","isPartOf":{"@id":"https:\/\/www.notibras.com\/site\/depressao-nao-e-tristeza-e-mal-precoce-que-chega-e-vai-ficando\/"},"author":{"name":"Reda\u00e7\u00e3o","@id":"https:\/\/www.notibras.com\/site\/#\/schema\/person\/36ab0979449956132d3e5b517ea76ac8"},"headline":"Depress\u00e3o n\u00e3o \u00e9 pura tristeza. \u00c9 mal precoce que chega com qualquer idade e vai ficando","datePublished":"2014-12-14T01:27:01+00:00","dateModified":"2014-12-14T18:35:09+00:00","mainEntityOfPage":{"@id":"https:\/\/www.notibras.com\/site\/depressao-nao-e-tristeza-e-mal-precoce-que-chega-e-vai-ficando\/"},"wordCount":626,"commentCount":0,"publisher":{"@id":"https:\/\/www.notibras.com\/site\/#organization"},"image":{"@id":"https:\/\/www.notibras.com\/site\/depressao-nao-e-tristeza-e-mal-precoce-que-chega-e-vai-ficando\/#primaryimage"},"thumbnailUrl":"https:\/\/www.notibras.com\/site\/wp-content\/uploads\/2014\/12\/depressao_tristezaprofunda.jpg","articleSection":["Brasil"],"inLanguage":"pt-BR","potentialAction":[{"@type":"CommentAction","name":"Comment","target":["https:\/\/www.notibras.com\/site\/depressao-nao-e-tristeza-e-mal-precoce-que-chega-e-vai-ficando\/#respond"]}]},{"@type":"WebPage","@id":"https:\/\/www.notibras.com\/site\/depressao-nao-e-tristeza-e-mal-precoce-que-chega-e-vai-ficando\/","url":"https:\/\/www.notibras.com\/site\/depressao-nao-e-tristeza-e-mal-precoce-que-chega-e-vai-ficando\/","name":"Depress\u00e3o n\u00e3o \u00e9 pura tristeza. \u00c9 mal precoce que chega com qualquer idade e vai ficando - Notibras","isPartOf":{"@id":"https:\/\/www.notibras.com\/site\/#website"},"primaryImageOfPage":{"@id":"https:\/\/www.notibras.com\/site\/depressao-nao-e-tristeza-e-mal-precoce-que-chega-e-vai-ficando\/#primaryimage"},"image":{"@id":"https:\/\/www.notibras.com\/site\/depressao-nao-e-tristeza-e-mal-precoce-que-chega-e-vai-ficando\/#primaryimage"},"thumbnailUrl":"https:\/\/www.notibras.com\/site\/wp-content\/uploads\/2014\/12\/depressao_tristezaprofunda.jpg","datePublished":"2014-12-14T01:27:01+00:00","dateModified":"2014-12-14T18:35:09+00:00","breadcrumb":{"@id":"https:\/\/www.notibras.com\/site\/depressao-nao-e-tristeza-e-mal-precoce-que-chega-e-vai-ficando\/#breadcrumb"},"inLanguage":"pt-BR","potentialAction":[{"@type":"ReadAction","target":["https:\/\/www.notibras.com\/site\/depressao-nao-e-tristeza-e-mal-precoce-que-chega-e-vai-ficando\/"]}]},{"@type":"ImageObject","inLanguage":"pt-BR","@id":"https:\/\/www.notibras.com\/site\/depressao-nao-e-tristeza-e-mal-precoce-que-chega-e-vai-ficando\/#primaryimage","url":"https:\/\/www.notibras.com\/site\/wp-content\/uploads\/2014\/12\/depressao_tristezaprofunda.jpg","contentUrl":"https:\/\/www.notibras.com\/site\/wp-content\/uploads\/2014\/12\/depressao_tristezaprofunda.jpg","width":500,"height":333},{"@type":"BreadcrumbList","@id":"https:\/\/www.notibras.com\/site\/depressao-nao-e-tristeza-e-mal-precoce-que-chega-e-vai-ficando\/#breadcrumb","itemListElement":[{"@type":"ListItem","position":1,"name":"In\u00edcio","item":"https:\/\/www.notibras.com\/site\/"},{"@type":"ListItem","position":2,"name":"Depress\u00e3o n\u00e3o \u00e9 pura tristeza. \u00c9 mal precoce que chega com qualquer idade e vai ficando"}]},{"@type":"WebSite","@id":"https:\/\/www.notibras.com\/site\/#website","url":"https:\/\/www.notibras.com\/site\/","name":"Notibras","description":"Not\u00edcias de Bras\u00edlia, do Brasil e do Mundo","publisher":{"@id":"https:\/\/www.notibras.com\/site\/#organization"},"potentialAction":[{"@type":"SearchAction","target":{"@type":"EntryPoint","urlTemplate":"https:\/\/www.notibras.com\/site\/?s={search_term_string}"},"query-input":{"@type":"PropertyValueSpecification","valueRequired":true,"valueName":"search_term_string"}}],"inLanguage":"pt-BR"},{"@type":"Organization","@id":"https:\/\/www.notibras.com\/site\/#organization","name":"Grupo Notibras de Comunica\u00e7\u00e3o","url":"https:\/\/www.notibras.com\/site\/","logo":{"@type":"ImageObject","inLanguage":"pt-BR","@id":"https:\/\/www.notibras.com\/site\/#\/schema\/logo\/image\/","url":"https:\/\/www.notibras.com\/site\/wp-content\/uploads\/2023\/01\/notibras23.png","contentUrl":"https:\/\/www.notibras.com\/site\/wp-content\/uploads\/2023\/01\/notibras23.png","width":350,"height":87,"caption":"Grupo Notibras de Comunica\u00e7\u00e3o"},"image":{"@id":"https:\/\/www.notibras.com\/site\/#\/schema\/logo\/image\/"},"sameAs":["https:\/\/www.facebook.com\/notibras\/","https:\/\/x.com\/Notibras","https:\/\/www.instagram.com\/notibras\/"]},{"@type":"Person","@id":"https:\/\/www.notibras.com\/site\/#\/schema\/person\/36ab0979449956132d3e5b517ea76ac8","name":"Reda\u00e7\u00e3o","image":{"@type":"ImageObject","inLanguage":"pt-BR","@id":"https:\/\/secure.gravatar.com\/avatar\/e0a867bdedb85fd243eadf09663511f96fc81e0720a4a42581f334ad4303aa6b?s=96&d=mm&r=g","url":"https:\/\/secure.gravatar.com\/avatar\/e0a867bdedb85fd243eadf09663511f96fc81e0720a4a42581f334ad4303aa6b?s=96&d=mm&r=g","contentUrl":"https:\/\/secure.gravatar.com\/avatar\/e0a867bdedb85fd243eadf09663511f96fc81e0720a4a42581f334ad4303aa6b?s=96&d=mm&r=g","caption":"Reda\u00e7\u00e3o"}}]}},"amp_enabled":true,"_links":{"self":[{"href":"https:\/\/www.notibras.com\/site\/wp-json\/wp\/v2\/posts\/31087","targetHints":{"allow":["GET"]}}],"collection":[{"href":"https:\/\/www.notibras.com\/site\/wp-json\/wp\/v2\/posts"}],"about":[{"href":"https:\/\/www.notibras.com\/site\/wp-json\/wp\/v2\/types\/post"}],"author":[{"embeddable":true,"href":"https:\/\/www.notibras.com\/site\/wp-json\/wp\/v2\/users\/2"}],"replies":[{"embeddable":true,"href":"https:\/\/www.notibras.com\/site\/wp-json\/wp\/v2\/comments?post=31087"}],"version-history":[{"count":0,"href":"https:\/\/www.notibras.com\/site\/wp-json\/wp\/v2\/posts\/31087\/revisions"}],"wp:featuredmedia":[{"embeddable":true,"href":"https:\/\/www.notibras.com\/site\/wp-json\/wp\/v2\/media\/31088"}],"wp:attachment":[{"href":"https:\/\/www.notibras.com\/site\/wp-json\/wp\/v2\/media?parent=31087"}],"wp:term":[{"taxonomy":"category","embeddable":true,"href":"https:\/\/www.notibras.com\/site\/wp-json\/wp\/v2\/categories?post=31087"},{"taxonomy":"post_tag","embeddable":true,"href":"https:\/\/www.notibras.com\/site\/wp-json\/wp\/v2\/tags?post=31087"}],"curies":[{"name":"wp","href":"https:\/\/api.w.org\/{rel}","templated":true}]}}